{"id":430127,"date":"2026-04-02T06:47:06","date_gmt":"2026-04-02T09:47:06","guid":{"rendered":"https:\/\/portaltela.pt\/noticias\/2026\/04\/02\/feira-nacional-do-fumeiro-vinho-e-pao-regressa-a-sardoal\/"},"modified":"2026-04-02T06:47:06","modified_gmt":"2026-04-02T09:47:06","slug":"feira-nacional-do-fumeiro-vinho-e-pao-regressa-a-sardoal","status":"publish","type":"post","link":"https:\/\/portaltela.pt\/lazer\/2026\/04\/02\/feira-nacional-do-fumeiro-vinho-e-pao-regressa-a-sardoal\/","title":{"rendered":"Feira Nacional do Fumeiro, Vinho e P\u00e3o regressa a Sardoal"},"content":{"rendered":"<p>A Feira Nacional do Fumeiro, Vinho e P\u00e3o regressa a Sardoal nos dias 17, 18 e 19 de abril. O evento acontece no pavilh\u00e3o dos Bombeiros Municipais e re\u00fane enchidos, fumeiro, p\u00e3o e vinho, com provas e a\u00e7\u00f5es promocionais a decorrer nos restaurantes locais durante todo o m\u00eas de abril.<\/p>\n<p>Organizada pela TAGUS e pelo Munic\u00edpio de Sardoal, a mostra retoma a antiga Feira do Fumeiro, ap\u00f3s 12 anos de interrup\u00e7\u00e3o. Est\u00e3o previstas iguarias de Tr\u00e1s-os-Montes, Sert\u00e3, Ma\u00e7\u00e3o, Abrantes, Serra da Estrela e Alto Alentejo, com p\u00e3o representado pela Artelinho e Grupo Pereira. Vinhos locais tamb\u00e9m estar\u00e3o \u00e0 venda.<\/p>\n<p>No eixo da promo\u00e7\u00e3o, o programa inclui m\u00fasica tradicional, etnografia, atividades para crian\u00e7as, oficinas culin\u00e1rias e provas de vinho. A iniciativa complementa a mostra com a a\u00e7\u00e3o Provar Sardoal, em restaurantes de cinco espa\u00e7os do concelho.<\/p>\n<h3>Programa e atividades<\/h3>\n<p>Durante o certame, o recinto dos Bombeiros Municipais acolhe as atividades, com excep\u00e7\u00e3o de desportos e da oficina de p\u00e3o em forno de lenha em locais espec\u00edficos do concelho. H\u00e1 ainda espa\u00e7o para almo\u00e7os e jantares preparados pelo Centro Social dos Funcion\u00e1rios do Munic\u00edpio de Sardoal.<\/p>\n<p>A anima\u00e7\u00e3o envolve ranchos folcl\u00f3ricos, concertinas e apresenta\u00e7\u00f5es que celebram a cultura local. O Mestre Gil conduz visitas \u00e0 exposi\u00e7\u00e3o de trabalhos de alunos do pr\u00e9-escolar e do 1\u00ba ciclo, numa sess\u00e3o l\u00fadica de criatividade.<\/p>\n<p>Provas de vinho orientadas por produtores locais destacam o car\u00e1cter regional e a dedica\u00e7\u00e3o \u00e0 produ\u00e7\u00e3o. Al\u00e9m disso, o quiz da Alimenta\u00e7\u00e3o Saud\u00e1vel, dinamizado pela Biblioteca Municipal, incentiva escolhas alimentares equilibradas entre as crian\u00e7as.<\/p>\n","protected":false},"excerpt":{"rendered":"<ul>\n<li>Feira Nacional do Fumeiro, Vinho e P\u00e3o realiza-se de 17 a 19 de abril no pavilh\u00e3o dos Bombeiros Municipais de Sardoal, regressando ap\u00f3s 12 anos.<\/li>\n<li>Enchidos e fumeiro de v\u00e1rias regi\u00f5es, p\u00e3o pela Artelinho e Grupo Pereira; vinhos de produtores locais como Sardoal, Agrowine, Quinta do C\u00f4ro e Quinta Vale do Armo, com venda a copo e garrafa.<\/li>\n<li>Programa inclui provas de vinho, anima\u00e7\u00e3o musical e infantil, etnografia, oficinas culin\u00e1rias, atividades desportivas, exposi\u00e7\u00e3o e provas.<\/li>\n<li>Promo\u00e7\u00e3o &#8220;Provar Sardoal&#8221; nos restaurantes As Tr\u00eas Naus, C\u00e1cris, Dom Vinho, Quatro Talhas e Zito, com seis vinhos locais a 10 euros a garrafa.<\/li>\n<li>Atividades adicionais: visita com o Mestre Gil, ranchos folcl\u00f3ricos, atividades para crian\u00e7as, passeios de BTT e percursos pedestres; espa\u00e7o para almo\u00e7os\/jantares e bar no recinto.<\/li>\n<\/ul>\n","protected":false},"author":2,"featured_media":430129,"comment_status":"closed","ping_status":"closed","sticky":false,"template":"","format":"standard","meta":{"footnotes":""},"categories":[7375,7381],"tags":[883,2900,6472,219,122,5586],"class_list":["post-430127","post","type-post","status-publish","format-standard","has-post-thumbnail","hentry","category-cultura","category-lazer","tag-alentejo","tag-enchidos","tag-feiras","tag-gastronomia","tag-musica","tag-vinho"],"yoast_head":"<!-- This site is optimized with the Yoast SEO plugin v27.2 - https:\/\/yoast.com\/product\/yoast-seo-wordpress\/ -->\n<title>Feira Nacional do Fumeiro, Vinho e P\u00e3o regressa a Sardoal - Portal Tela Portugal<\/title>\n<meta name=\"robots\" content=\"index, follow, max-snippet:-1, max-image-preview:large, max-video-preview:-1\" \/>\n<meta property=\"og:locale\" content=\"pt_PT\" \/>\n<meta property=\"og:type\" content=\"article\" \/>\n<meta property=\"og:title\" content=\"Feira Nacional do Fumeiro, Vinho e P\u00e3o regressa a Sardoal - Portal Tela Portugal\" \/>\n<meta property=\"og:description\" content=\"Feira Nacional do Fumeiro, Vinho e P\u00e3o realiza-se de 17 a 19 de abril no pavilh\u00e3o dos Bombeiros Municipais de Sardoal, regressando ap\u00f3s 12 anos. Enchidos e fumeiro de v\u00e1rias regi\u00f5es, p\u00e3o pela Artelinho e Grupo Pereira; vinhos de produtores locais como Sardoal, Agrowine, Quinta do C\u00f4ro e Quinta Vale do Armo, com venda a copo e garrafa. Programa inclui provas de vinho, anima\u00e7\u00e3o musical e infantil, etnografia, oficinas culin\u00e1rias, atividades desportivas, exposi\u00e7\u00e3o e provas. Promo\u00e7\u00e3o &quot;Provar Sardoal&quot; nos restaurantes As Tr\u00eas Naus, C\u00e1cris, Dom Vinho, Quatro Talhas e Zito, com seis vinhos locais a 10 euros a garrafa. Atividades adicionais: visita com o Mestre Gil, ranchos folcl\u00f3ricos, atividades para crian\u00e7as, passeios de BTT e percursos pedestres; espa\u00e7o para almo\u00e7os\/jantares e bar no recinto.\" \/>\n<meta property=\"og:url\" content=\"https:\/\/portaltela.pt\/noticias\/2026\/04\/02\/feira-nacional-do-fumeiro-vinho-e-pao-regressa-a-sardoal\/\" \/>\n<meta property=\"og:site_name\" content=\"Portal Tela Portugal\" \/>\n<meta property=\"article:published_time\" content=\"2026-04-02T09:47:06+00:00\" \/>\n<meta name=\"author\" content=\"Telinha\" \/>\n<meta name=\"twitter:card\" content=\"summary_large_image\" \/>\n<meta name=\"twitter:label1\" content=\"Escrito por\" \/>\n\t<meta name=\"twitter:data1\" content=\"Telinha\" \/>\n\t<meta name=\"twitter:label2\" content=\"Tempo estimado de leitura\" \/>\n\t<meta name=\"twitter:data2\" content=\"1 minuto\" \/>\n<script type=\"application\/ld+json\" class=\"yoast-schema-graph\">{\"@context\":\"https:\/\/schema.org\",\"@graph\":[{\"@type\":\"Article\",\"@id\":\"https:\/\/portaltela.pt\/noticias\/2026\/04\/02\/feira-nacional-do-fumeiro-vinho-e-pao-regressa-a-sardoal\/#article\",\"isPartOf\":{\"@id\":\"https:\/\/portaltela.pt\/noticias\/2026\/04\/02\/feira-nacional-do-fumeiro-vinho-e-pao-regressa-a-sardoal\/\"},\"author\":{\"name\":\"Telinha\",\"@id\":\"https:\/\/portaltela.pt\/#\/schema\/person\/c4278d4a6028830caff9ee44b42d32ed\"},\"headline\":\"Feira Nacional do Fumeiro, Vinho e P\u00e3o regressa a Sardoal\",\"datePublished\":\"2026-04-02T09:47:06+00:00\",\"mainEntityOfPage\":{\"@id\":\"https:\/\/portaltela.pt\/noticias\/2026\/04\/02\/feira-nacional-do-fumeiro-vinho-e-pao-regressa-a-sardoal\/\"},\"wordCount\":298,\"image\":{\"@id\":\"https:\/\/portaltela.pt\/noticias\/2026\/04\/02\/feira-nacional-do-fumeiro-vinho-e-pao-regressa-a-sardoal\/#primaryimage\"},\"thumbnailUrl\":\"https:\/\/portaltela.pt\/s.01k8rhncp4jt1\/2026\/04\/img_1500x1000uu2026-04-02-10-44-37-2276175.jpg\",\"keywords\":[\"Alentejo\",\"enchidos\",\"feiras\",\"gastronomia\",\"m\u00fasica\",\"vinho\"],\"articleSection\":[\"Cultura\",\"Lazer\"],\"inLanguage\":\"pt-PT\"},{\"@type\":\"WebPage\",\"@id\":\"https:\/\/portaltela.pt\/noticias\/2026\/04\/02\/feira-nacional-do-fumeiro-vinho-e-pao-regressa-a-sardoal\/\",\"url\":\"https:\/\/portaltela.pt\/noticias\/2026\/04\/02\/feira-nacional-do-fumeiro-vinho-e-pao-regressa-a-sardoal\/\",\"name\":\"Feira Nacional do Fumeiro, Vinho e P\u00e3o regressa a Sardoal - Portal Tela Portugal\",\"isPartOf\":{\"@id\":\"https:\/\/portaltela.pt\/#website\"},\"primaryImageOfPage\":{\"@id\":\"https:\/\/portaltela.pt\/noticias\/2026\/04\/02\/feira-nacional-do-fumeiro-vinho-e-pao-regressa-a-sardoal\/#primaryimage\"},\"image\":{\"@id\":\"https:\/\/portaltela.pt\/noticias\/2026\/04\/02\/feira-nacional-do-fumeiro-vinho-e-pao-regressa-a-sardoal\/#primaryimage\"},\"thumbnailUrl\":\"https:\/\/portaltela.pt\/s.01k8rhncp4jt1\/2026\/04\/img_1500x1000uu2026-04-02-10-44-37-2276175.jpg\",\"datePublished\":\"2026-04-02T09:47:06+00:00\",\"author\":{\"@id\":\"https:\/\/portaltela.pt\/#\/schema\/person\/c4278d4a6028830caff9ee44b42d32ed\"},\"breadcrumb\":{\"@id\":\"https:\/\/portaltela.pt\/noticias\/2026\/04\/02\/feira-nacional-do-fumeiro-vinho-e-pao-regressa-a-sardoal\/#breadcrumb\"},\"inLanguage\":\"pt-PT\",\"potentialAction\":[{\"@type\":\"ReadAction\",\"target\":[\"https:\/\/portaltela.pt\/noticias\/2026\/04\/02\/feira-nacional-do-fumeiro-vinho-e-pao-regressa-a-sardoal\/\"]}]},{\"@type\":\"ImageObject\",\"inLanguage\":\"pt-PT\",\"@id\":\"https:\/\/portaltela.pt\/noticias\/2026\/04\/02\/feira-nacional-do-fumeiro-vinho-e-pao-regressa-a-sardoal\/#primaryimage\",\"url\":\"https:\/\/portaltela.pt\/s.01k8rhncp4jt1\/2026\/04\/img_1500x1000uu2026-04-02-10-44-37-2276175.jpg\",\"contentUrl\":\"https:\/\/portaltela.pt\/s.01k8rhncp4jt1\/2026\/04\/img_1500x1000uu2026-04-02-10-44-37-2276175.jpg\",\"width\":796,\"height\":448,\"caption\":\"Feira do Fumeiro, Vinho e P\u00e3o volta a Sardoal entre 17 e 19 de abril\"},{\"@type\":\"BreadcrumbList\",\"@id\":\"https:\/\/portaltela.pt\/noticias\/2026\/04\/02\/feira-nacional-do-fumeiro-vinho-e-pao-regressa-a-sardoal\/#breadcrumb\",\"itemListElement\":[{\"@type\":\"ListItem\",\"position\":1,\"name\":\"In\u00edcio\",\"item\":\"https:\/\/portaltela.pt\/\"},{\"@type\":\"ListItem\",\"position\":2,\"name\":\"Feira Nacional do Fumeiro, Vinho e P\u00e3o regressa a Sardoal\"}]},{\"@type\":\"WebSite\",\"@id\":\"https:\/\/portaltela.pt\/#website\",\"url\":\"https:\/\/portaltela.pt\/\",\"name\":\"Portal Tela Portugal\",\"description\":\"\",\"potentialAction\":[{\"@type\":\"SearchAction\",\"target\":{\"@type\":\"EntryPoint\",\"urlTemplate\":\"https:\/\/portaltela.pt\/?s={search_term_string}\"},\"query-input\":{\"@type\":\"PropertyValueSpecification\",\"valueRequired\":true,\"valueName\":\"search_term_string\"}}],\"inLanguage\":\"pt-PT\"},{\"@type\":\"Person\",\"@id\":\"https:\/\/portaltela.pt\/#\/schema\/person\/c4278d4a6028830caff9ee44b42d32ed\",\"name\":\"Telinha\",\"image\":{\"@type\":\"ImageObject\",\"inLanguage\":\"pt-PT\",\"@id\":\"https:\/\/portaltela.pt\/s.01k8rhncp4jt1\/2025\/11\/talking-bot-125x125.png\",\"url\":\"https:\/\/portaltela.pt\/s.01k8rhncp4jt1\/2025\/11\/talking-bot-125x125.png\",\"contentUrl\":\"https:\/\/portaltela.pt\/s.01k8rhncp4jt1\/2025\/11\/talking-bot-125x125.png\",\"caption\":\"Telinha\"},\"sameAs\":[\"https:\/\/portaltela.pt\/\"],\"url\":\"https:\/\/portaltela.pt\/por\/367410592786\/\"}]}<\/script>\n<!-- \/ Yoast SEO plugin. -->","yoast_head_json":{"title":"Feira Nacional do Fumeiro, Vinho e P\u00e3o regressa a Sardoal - Portal Tela Portugal","robots":{"index":"index","follow":"follow","max-snippet":"max-snippet:-1","max-image-preview":"max-image-preview:large","max-video-preview":"max-video-preview:-1"},"og_locale":"pt_PT","og_type":"article","og_title":"Feira Nacional do Fumeiro, Vinho e P\u00e3o regressa a Sardoal - Portal Tela Portugal","og_description":"Feira Nacional do Fumeiro, Vinho e P\u00e3o realiza-se de 17 a 19 de abril no pavilh\u00e3o dos Bombeiros Municipais de Sardoal, regressando ap\u00f3s 12 anos. Enchidos e fumeiro de v\u00e1rias regi\u00f5es, p\u00e3o pela Artelinho e Grupo Pereira; vinhos de produtores locais como Sardoal, Agrowine, Quinta do C\u00f4ro e Quinta Vale do Armo, com venda a copo e garrafa. Programa inclui provas de vinho, anima\u00e7\u00e3o musical e infantil, etnografia, oficinas culin\u00e1rias, atividades desportivas, exposi\u00e7\u00e3o e provas. Promo\u00e7\u00e3o \"Provar Sardoal\" nos restaurantes As Tr\u00eas Naus, C\u00e1cris, Dom Vinho, Quatro Talhas e Zito, com seis vinhos locais a 10 euros a garrafa. Atividades adicionais: visita com o Mestre Gil, ranchos folcl\u00f3ricos, atividades para crian\u00e7as, passeios de BTT e percursos pedestres; espa\u00e7o para almo\u00e7os\/jantares e bar no recinto.","og_url":"https:\/\/portaltela.pt\/noticias\/2026\/04\/02\/feira-nacional-do-fumeiro-vinho-e-pao-regressa-a-sardoal\/","og_site_name":"Portal Tela Portugal","article_published_time":"2026-04-02T09:47:06+00:00","author":"Telinha","twitter_card":"summary_large_image","twitter_misc":{"Escrito por":"Telinha","Tempo estimado de leitura":"1 minuto"},"schema":{"@context":"https:\/\/schema.org","@graph":[{"@type":"Article","@id":"https:\/\/portaltela.pt\/noticias\/2026\/04\/02\/feira-nacional-do-fumeiro-vinho-e-pao-regressa-a-sardoal\/#article","isPartOf":{"@id":"https:\/\/portaltela.pt\/noticias\/2026\/04\/02\/feira-nacional-do-fumeiro-vinho-e-pao-regressa-a-sardoal\/"},"author":{"name":"Telinha","@id":"https:\/\/portaltela.pt\/#\/schema\/person\/c4278d4a6028830caff9ee44b42d32ed"},"headline":"Feira Nacional do Fumeiro, Vinho e P\u00e3o regressa a Sardoal","datePublished":"2026-04-02T09:47:06+00:00","mainEntityOfPage":{"@id":"https:\/\/portaltela.pt\/noticias\/2026\/04\/02\/feira-nacional-do-fumeiro-vinho-e-pao-regressa-a-sardoal\/"},"wordCount":298,"image":{"@id":"https:\/\/portaltela.pt\/noticias\/2026\/04\/02\/feira-nacional-do-fumeiro-vinho-e-pao-regressa-a-sardoal\/#primaryimage"},"thumbnailUrl":"https:\/\/portaltela.pt\/s.01k8rhncp4jt1\/2026\/04\/img_1500x1000uu2026-04-02-10-44-37-2276175.jpg","keywords":["Alentejo","enchidos","feiras","gastronomia","m\u00fasica","vinho"],"articleSection":["Cultura","Lazer"],"inLanguage":"pt-PT"},{"@type":"WebPage","@id":"https:\/\/portaltela.pt\/noticias\/2026\/04\/02\/feira-nacional-do-fumeiro-vinho-e-pao-regressa-a-sardoal\/","url":"https:\/\/portaltela.pt\/noticias\/2026\/04\/02\/feira-nacional-do-fumeiro-vinho-e-pao-regressa-a-sardoal\/","name":"Feira Nacional do Fumeiro, Vinho e P\u00e3o regressa a Sardoal - Portal Tela Portugal","isPartOf":{"@id":"https:\/\/portaltela.pt\/#website"},"primaryImageOfPage":{"@id":"https:\/\/portaltela.pt\/noticias\/2026\/04\/02\/feira-nacional-do-fumeiro-vinho-e-pao-regressa-a-sardoal\/#primaryimage"},"image":{"@id":"https:\/\/portaltela.pt\/noticias\/2026\/04\/02\/feira-nacional-do-fumeiro-vinho-e-pao-regressa-a-sardoal\/#primaryimage"},"thumbnailUrl":"https:\/\/portaltela.pt\/s.01k8rhncp4jt1\/2026\/04\/img_1500x1000uu2026-04-02-10-44-37-2276175.jpg","datePublished":"2026-04-02T09:47:06+00:00","author":{"@id":"https:\/\/portaltela.pt\/#\/schema\/person\/c4278d4a6028830caff9ee44b42d32ed"},"breadcrumb":{"@id":"https:\/\/portaltela.pt\/noticias\/2026\/04\/02\/feira-nacional-do-fumeiro-vinho-e-pao-regressa-a-sardoal\/#breadcrumb"},"inLanguage":"pt-PT","potentialAction":[{"@type":"ReadAction","target":["https:\/\/portaltela.pt\/noticias\/2026\/04\/02\/feira-nacional-do-fumeiro-vinho-e-pao-regressa-a-sardoal\/"]}]},{"@type":"ImageObject","inLanguage":"pt-PT","@id":"https:\/\/portaltela.pt\/noticias\/2026\/04\/02\/feira-nacional-do-fumeiro-vinho-e-pao-regressa-a-sardoal\/#primaryimage","url":"https:\/\/portaltela.pt\/s.01k8rhncp4jt1\/2026\/04\/img_1500x1000uu2026-04-02-10-44-37-2276175.jpg","contentUrl":"https:\/\/portaltela.pt\/s.01k8rhncp4jt1\/2026\/04\/img_1500x1000uu2026-04-02-10-44-37-2276175.jpg","width":796,"height":448,"caption":"Feira do Fumeiro, Vinho e P\u00e3o volta a Sardoal entre 17 e 19 de abril"},{"@type":"BreadcrumbList","@id":"https:\/\/portaltela.pt\/noticias\/2026\/04\/02\/feira-nacional-do-fumeiro-vinho-e-pao-regressa-a-sardoal\/#breadcrumb","itemListElement":[{"@type":"ListItem","position":1,"name":"In\u00edcio","item":"https:\/\/portaltela.pt\/"},{"@type":"ListItem","position":2,"name":"Feira Nacional do Fumeiro, Vinho e P\u00e3o regressa a Sardoal"}]},{"@type":"WebSite","@id":"https:\/\/portaltela.pt\/#website","url":"https:\/\/portaltela.pt\/","name":"Portal Tela Portugal","description":"","potentialAction":[{"@type":"SearchAction","target":{"@type":"EntryPoint","urlTemplate":"https:\/\/portaltela.pt\/?s={search_term_string}"},"query-input":{"@type":"PropertyValueSpecification","valueRequired":true,"valueName":"search_term_string"}}],"inLanguage":"pt-PT"},{"@type":"Person","@id":"https:\/\/portaltela.pt\/#\/schema\/person\/c4278d4a6028830caff9ee44b42d32ed","name":"Telinha","image":{"@type":"ImageObject","inLanguage":"pt-PT","@id":"https:\/\/portaltela.pt\/s.01k8rhncp4jt1\/2025\/11\/talking-bot-125x125.png","url":"https:\/\/portaltela.pt\/s.01k8rhncp4jt1\/2025\/11\/talking-bot-125x125.png","contentUrl":"https:\/\/portaltela.pt\/s.01k8rhncp4jt1\/2025\/11\/talking-bot-125x125.png","caption":"Telinha"},"sameAs":["https:\/\/portaltela.pt\/"],"url":"https:\/\/portaltela.pt\/por\/367410592786\/"}]}},"_links":{"self":[{"href":"https:\/\/portaltela.pt\/api\/wp\/v2\/posts\/430127","targetHints":{"allow":["GET"]}}],"collection":[{"href":"https:\/\/portaltela.pt\/api\/wp\/v2\/posts"}],"about":[{"href":"https:\/\/portaltela.pt\/api\/wp\/v2\/types\/post"}],"author":[{"embeddable":true,"href":"https:\/\/portaltela.pt\/api\/wp\/v2\/users\/2"}],"replies":[{"embeddable":true,"href":"https:\/\/portaltela.pt\/api\/wp\/v2\/comments?post=430127"}],"version-history":[{"count":0,"href":"https:\/\/portaltela.pt\/api\/wp\/v2\/posts\/430127\/revisions"}],"wp:featuredmedia":[{"embeddable":true,"href":"https:\/\/portaltela.pt\/api\/wp\/v2\/media\/430129"}],"wp:attachment":[{"href":"https:\/\/portaltela.pt\/api\/wp\/v2\/media?parent=430127"}],"wp:term":[{"taxonomy":"category","embeddable":true,"href":"https:\/\/portaltela.pt\/api\/wp\/v2\/categories?post=430127"},{"taxonomy":"post_tag","embeddable":true,"href":"https:\/\/portaltela.pt\/api\/wp\/v2\/tags?post=430127"}],"curies":[{"name":"wp","href":"https:\/\/api.w.org\/{rel}","templated":true}]}}