{"id":430120,"date":"2026-04-02T06:46:57","date_gmt":"2026-04-02T09:46:57","guid":{"rendered":"https:\/\/portaltela.pt\/noticias\/2026\/04\/02\/ja-me-viste-hoje-pergunta-que-aponta-para-o-tema-da-presenca-no-cotidiano\/"},"modified":"2026-04-02T06:46:57","modified_gmt":"2026-04-02T09:46:57","slug":"ja-me-viste-hoje-pergunta-que-aponta-para-o-tema-da-presenca-no-cotidiano","status":"publish","type":"post","link":"https:\/\/portaltela.pt\/sociedade\/2026\/04\/02\/ja-me-viste-hoje-pergunta-que-aponta-para-o-tema-da-presenca-no-cotidiano\/","title":{"rendered":"J\u00e1 me viste hoje? Pergunta que aponta para o tema da presen\u00e7a no cotidiano"},"content":{"rendered":"<p>A PAIS 21 \u2013 Down Portugal lan\u00e7ou a campanha \u201cJ\u00e1 me viste hoje?\u201d, criada para despertar a diferen\u00e7a entre olhar e ver de forma consciente. A iniciativa coincide com o Dia Mundial da Trissomia 21 e pretende chamar a aten\u00e7\u00e3o para a invisibilidade social que ainda afeta muitas pessoas com trissomia 21 no quotidiano.<\/p>\n<p>A campanha, com retratos em primeiro plano, coloca a pessoa no centro da imagem e da mensagem. O objetivo \u00e9 incentivar o p\u00fablico a reconhecer, em cada rosto, uma identidade, voz e sonhos, para al\u00e9m do diagn\u00f3stico. A ideia central \u00e9: olhar n\u00e3o \u00e9 o mesmo que ver, e estar presente n\u00e3o basta.<\/p>\n<p>Este ano, a PAIS 21 associa-se ainda \u00e0 campanha internacional das meias desemparelhadas, um s\u00edmbolo de celebra\u00e7\u00e3o da diversidade e de inclus\u00e3o. No dia 21 de mar\u00e7o, o gesto de usar meias diferentes pretende sensibilizar para a igualdade de direitos e para o reconhecimento das pessoas com trissomia 21.<\/p>\n<h3>Meias desemparelhadas<\/h3>\n<p>A iniciativa convida a vestir meias diferentes como forma simples de promover a diversidade, o respeito e a igualdade de direitos. A campanha ser\u00e1 divulgada nas redes sociais e em suportes digitais ao longo de mar\u00e7o, com foco em incentivar o p\u00fablico a partilhar a mensagem.<\/p>\n<h3>Objetivos e alcance<\/h3>\n<p>A PAIS 21 pretende manter a dialoga\u00e7\u00e3o sobre inclus\u00e3o, destacando a presen\u00e7a di\u00e1ria de pessoas com trissomia 21 em casa, no trabalho, na escola e no transporte p\u00fablico. A organiza\u00e7\u00e3o refor\u00e7a a import\u00e2ncia de reconhecer cada pessoa como sujeito com identidade e lugar na sociedade.<\/p>\n","protected":false},"excerpt":{"rendered":"<ul>\n<li>No Dia Mundial da Trissomia 21, a PAIS 21 \u2013 Down Portugal lan\u00e7a a campanha \u201cJ\u00e1 me viste hoje?\u201d para promover reconhecimento real, al\u00e9m de apenas olhar.<\/li>\n<li>A iniciativa destaca a invisibilidade social de pessoas com trissomia 21 no dia a dia, envolvendo situa\u00e7\u00f5es como caf\u00e9, autocarro, escola e trabalho.<\/li>\n<li>A campanha usa retratos em primeiro plano e um olhar direto para colocar a pessoa no centro da imagem e da mensagem.<\/li>\n<li>A mensagem central \u00e9 \u201cOlhar n\u00e3o \u00e9 o mesmo que ver\u201d; estar presente n\u00e3o chega, \u00e9 preciso ser verdadeiramente visto.<\/li>\n<li>Este ano associa-se \u00e0 campanha internacional das meias desemparelhadas, incentivando o uso de meias diferentes no dia 21 de mar\u00e7o para promover inclus\u00e3o, com divulga\u00e7\u00e3o nas redes sociais ao longo de mar\u00e7o.<\/li>\n<\/ul>\n","protected":false},"author":2,"featured_media":430122,"comment_status":"closed","ping_status":"closed","sticky":false,"template":"","format":"standard","meta":{"footnotes":""},"categories":[6745,6871],"tags":[370,4088,4074,40,2737],"class_list":["post-430120","post","type-post","status-publish","format-standard","has-post-thumbnail","hentry","category-saude","category-sociedade","tag-cidadania","tag-diversidade-acesso-e-inclusao","tag-inclusao-social","tag-pessoas","tag-pessoas-com-deficiencia"],"yoast_head":"<!-- This site is optimized with the Yoast SEO plugin v27.2 - https:\/\/yoast.com\/product\/yoast-seo-wordpress\/ -->\n<title>J\u00e1 me viste hoje? Pergunta que aponta para o tema da presen\u00e7a no cotidiano - Portal Tela Portugal<\/title>\n<meta name=\"robots\" content=\"index, follow, max-snippet:-1, max-image-preview:large, max-video-preview:-1\" \/>\n<meta property=\"og:locale\" content=\"pt_PT\" \/>\n<meta property=\"og:type\" content=\"article\" \/>\n<meta property=\"og:title\" content=\"J\u00e1 me viste hoje? Pergunta que aponta para o tema da presen\u00e7a no cotidiano - Portal Tela Portugal\" \/>\n<meta property=\"og:description\" content=\"No Dia Mundial da Trissomia 21, a PAIS 21 \u2013 Down Portugal lan\u00e7a a campanha \u201cJ\u00e1 me viste hoje?\u201d para promover reconhecimento real, al\u00e9m de apenas olhar. A iniciativa destaca a invisibilidade social de pessoas com trissomia 21 no dia a dia, envolvendo situa\u00e7\u00f5es como caf\u00e9, autocarro, escola e trabalho. A campanha usa retratos em primeiro plano e um olhar direto para colocar a pessoa no centro da imagem e da mensagem. A mensagem central \u00e9 \u201cOlhar n\u00e3o \u00e9 o mesmo que ver\u201d; estar presente n\u00e3o chega, \u00e9 preciso ser verdadeiramente visto. Este ano associa-se \u00e0 campanha internacional das meias desemparelhadas, incentivando o uso de meias diferentes no dia 21 de mar\u00e7o para promover inclus\u00e3o, com divulga\u00e7\u00e3o nas redes sociais ao longo de mar\u00e7o.\" \/>\n<meta property=\"og:url\" content=\"https:\/\/portaltela.pt\/noticias\/2026\/04\/02\/ja-me-viste-hoje-pergunta-que-aponta-para-o-tema-da-presenca-no-cotidiano\/\" \/>\n<meta property=\"og:site_name\" content=\"Portal Tela Portugal\" \/>\n<meta property=\"article:published_time\" content=\"2026-04-02T09:46:57+00:00\" \/>\n<meta name=\"author\" content=\"Telinha\" \/>\n<meta name=\"twitter:card\" content=\"summary_large_image\" \/>\n<meta name=\"twitter:label1\" content=\"Escrito por\" \/>\n\t<meta name=\"twitter:data1\" content=\"Telinha\" \/>\n\t<meta name=\"twitter:label2\" content=\"Tempo estimado de leitura\" \/>\n\t<meta name=\"twitter:data2\" content=\"1 minuto\" \/>\n<script type=\"application\/ld+json\" class=\"yoast-schema-graph\">{\"@context\":\"https:\/\/schema.org\",\"@graph\":[{\"@type\":\"Article\",\"@id\":\"https:\/\/portaltela.pt\/noticias\/2026\/04\/02\/ja-me-viste-hoje-pergunta-que-aponta-para-o-tema-da-presenca-no-cotidiano\/#article\",\"isPartOf\":{\"@id\":\"https:\/\/portaltela.pt\/noticias\/2026\/04\/02\/ja-me-viste-hoje-pergunta-que-aponta-para-o-tema-da-presenca-no-cotidiano\/\"},\"author\":{\"name\":\"Telinha\",\"@id\":\"https:\/\/portaltela.pt\/#\/schema\/person\/c4278d4a6028830caff9ee44b42d32ed\"},\"headline\":\"J\u00e1 me viste hoje? Pergunta que aponta para o tema da presen\u00e7a no cotidiano\",\"datePublished\":\"2026-04-02T09:46:57+00:00\",\"mainEntityOfPage\":{\"@id\":\"https:\/\/portaltela.pt\/noticias\/2026\/04\/02\/ja-me-viste-hoje-pergunta-que-aponta-para-o-tema-da-presenca-no-cotidiano\/\"},\"wordCount\":276,\"image\":{\"@id\":\"https:\/\/portaltela.pt\/noticias\/2026\/04\/02\/ja-me-viste-hoje-pergunta-que-aponta-para-o-tema-da-presenca-no-cotidiano\/#primaryimage\"},\"thumbnailUrl\":\"https:\/\/portaltela.pt\/s.01k8rhncp4jt1\/2026\/04\/img_1500x1000uu2026-04-02-10-38-15-2276170.jpg\",\"keywords\":[\"cidadania\",\"Diversidade, Acesso e Inclus\u00e3o\",\"inclus\u00e3o social\",\"pessoas\",\"pessoas com defici\u00eancia\"],\"articleSection\":[\"Sa\u00fade\",\"Sociedade\"],\"inLanguage\":\"pt-PT\"},{\"@type\":\"WebPage\",\"@id\":\"https:\/\/portaltela.pt\/noticias\/2026\/04\/02\/ja-me-viste-hoje-pergunta-que-aponta-para-o-tema-da-presenca-no-cotidiano\/\",\"url\":\"https:\/\/portaltela.pt\/noticias\/2026\/04\/02\/ja-me-viste-hoje-pergunta-que-aponta-para-o-tema-da-presenca-no-cotidiano\/\",\"name\":\"J\u00e1 me viste hoje? Pergunta que aponta para o tema da presen\u00e7a no cotidiano - Portal Tela Portugal\",\"isPartOf\":{\"@id\":\"https:\/\/portaltela.pt\/#website\"},\"primaryImageOfPage\":{\"@id\":\"https:\/\/portaltela.pt\/noticias\/2026\/04\/02\/ja-me-viste-hoje-pergunta-que-aponta-para-o-tema-da-presenca-no-cotidiano\/#primaryimage\"},\"image\":{\"@id\":\"https:\/\/portaltela.pt\/noticias\/2026\/04\/02\/ja-me-viste-hoje-pergunta-que-aponta-para-o-tema-da-presenca-no-cotidiano\/#primaryimage\"},\"thumbnailUrl\":\"https:\/\/portaltela.pt\/s.01k8rhncp4jt1\/2026\/04\/img_1500x1000uu2026-04-02-10-38-15-2276170.jpg\",\"datePublished\":\"2026-04-02T09:46:57+00:00\",\"author\":{\"@id\":\"https:\/\/portaltela.pt\/#\/schema\/person\/c4278d4a6028830caff9ee44b42d32ed\"},\"breadcrumb\":{\"@id\":\"https:\/\/portaltela.pt\/noticias\/2026\/04\/02\/ja-me-viste-hoje-pergunta-que-aponta-para-o-tema-da-presenca-no-cotidiano\/#breadcrumb\"},\"inLanguage\":\"pt-PT\",\"potentialAction\":[{\"@type\":\"ReadAction\",\"target\":[\"https:\/\/portaltela.pt\/noticias\/2026\/04\/02\/ja-me-viste-hoje-pergunta-que-aponta-para-o-tema-da-presenca-no-cotidiano\/\"]}]},{\"@type\":\"ImageObject\",\"inLanguage\":\"pt-PT\",\"@id\":\"https:\/\/portaltela.pt\/noticias\/2026\/04\/02\/ja-me-viste-hoje-pergunta-que-aponta-para-o-tema-da-presenca-no-cotidiano\/#primaryimage\",\"url\":\"https:\/\/portaltela.pt\/s.01k8rhncp4jt1\/2026\/04\/img_1500x1000uu2026-04-02-10-38-15-2276170.jpg\",\"contentUrl\":\"https:\/\/portaltela.pt\/s.01k8rhncp4jt1\/2026\/04\/img_1500x1000uu2026-04-02-10-38-15-2276170.jpg\",\"width\":796,\"height\":448,\"caption\":\"Inclua pessoas com Trissomia 21 no IRS\"},{\"@type\":\"BreadcrumbList\",\"@id\":\"https:\/\/portaltela.pt\/noticias\/2026\/04\/02\/ja-me-viste-hoje-pergunta-que-aponta-para-o-tema-da-presenca-no-cotidiano\/#breadcrumb\",\"itemListElement\":[{\"@type\":\"ListItem\",\"position\":1,\"name\":\"In\u00edcio\",\"item\":\"https:\/\/portaltela.pt\/\"},{\"@type\":\"ListItem\",\"position\":2,\"name\":\"J\u00e1 me viste hoje? Pergunta que aponta para o tema da presen\u00e7a no cotidiano\"}]},{\"@type\":\"WebSite\",\"@id\":\"https:\/\/portaltela.pt\/#website\",\"url\":\"https:\/\/portaltela.pt\/\",\"name\":\"Portal Tela Portugal\",\"description\":\"\",\"potentialAction\":[{\"@type\":\"SearchAction\",\"target\":{\"@type\":\"EntryPoint\",\"urlTemplate\":\"https:\/\/portaltela.pt\/?s={search_term_string}\"},\"query-input\":{\"@type\":\"PropertyValueSpecification\",\"valueRequired\":true,\"valueName\":\"search_term_string\"}}],\"inLanguage\":\"pt-PT\"},{\"@type\":\"Person\",\"@id\":\"https:\/\/portaltela.pt\/#\/schema\/person\/c4278d4a6028830caff9ee44b42d32ed\",\"name\":\"Telinha\",\"image\":{\"@type\":\"ImageObject\",\"inLanguage\":\"pt-PT\",\"@id\":\"https:\/\/portaltela.pt\/s.01k8rhncp4jt1\/2025\/11\/talking-bot-125x125.png\",\"url\":\"https:\/\/portaltela.pt\/s.01k8rhncp4jt1\/2025\/11\/talking-bot-125x125.png\",\"contentUrl\":\"https:\/\/portaltela.pt\/s.01k8rhncp4jt1\/2025\/11\/talking-bot-125x125.png\",\"caption\":\"Telinha\"},\"sameAs\":[\"https:\/\/portaltela.pt\/\"],\"url\":\"https:\/\/portaltela.pt\/por\/367410592786\/\"}]}<\/script>\n<!-- \/ Yoast SEO plugin. -->","yoast_head_json":{"title":"J\u00e1 me viste hoje? Pergunta que aponta para o tema da presen\u00e7a no cotidiano - Portal Tela Portugal","robots":{"index":"index","follow":"follow","max-snippet":"max-snippet:-1","max-image-preview":"max-image-preview:large","max-video-preview":"max-video-preview:-1"},"og_locale":"pt_PT","og_type":"article","og_title":"J\u00e1 me viste hoje? Pergunta que aponta para o tema da presen\u00e7a no cotidiano - Portal Tela Portugal","og_description":"No Dia Mundial da Trissomia 21, a PAIS 21 \u2013 Down Portugal lan\u00e7a a campanha \u201cJ\u00e1 me viste hoje?\u201d para promover reconhecimento real, al\u00e9m de apenas olhar. A iniciativa destaca a invisibilidade social de pessoas com trissomia 21 no dia a dia, envolvendo situa\u00e7\u00f5es como caf\u00e9, autocarro, escola e trabalho. A campanha usa retratos em primeiro plano e um olhar direto para colocar a pessoa no centro da imagem e da mensagem. A mensagem central \u00e9 \u201cOlhar n\u00e3o \u00e9 o mesmo que ver\u201d; estar presente n\u00e3o chega, \u00e9 preciso ser verdadeiramente visto. Este ano associa-se \u00e0 campanha internacional das meias desemparelhadas, incentivando o uso de meias diferentes no dia 21 de mar\u00e7o para promover inclus\u00e3o, com divulga\u00e7\u00e3o nas redes sociais ao longo de mar\u00e7o.","og_url":"https:\/\/portaltela.pt\/noticias\/2026\/04\/02\/ja-me-viste-hoje-pergunta-que-aponta-para-o-tema-da-presenca-no-cotidiano\/","og_site_name":"Portal Tela Portugal","article_published_time":"2026-04-02T09:46:57+00:00","author":"Telinha","twitter_card":"summary_large_image","twitter_misc":{"Escrito por":"Telinha","Tempo estimado de leitura":"1 minuto"},"schema":{"@context":"https:\/\/schema.org","@graph":[{"@type":"Article","@id":"https:\/\/portaltela.pt\/noticias\/2026\/04\/02\/ja-me-viste-hoje-pergunta-que-aponta-para-o-tema-da-presenca-no-cotidiano\/#article","isPartOf":{"@id":"https:\/\/portaltela.pt\/noticias\/2026\/04\/02\/ja-me-viste-hoje-pergunta-que-aponta-para-o-tema-da-presenca-no-cotidiano\/"},"author":{"name":"Telinha","@id":"https:\/\/portaltela.pt\/#\/schema\/person\/c4278d4a6028830caff9ee44b42d32ed"},"headline":"J\u00e1 me viste hoje? Pergunta que aponta para o tema da presen\u00e7a no cotidiano","datePublished":"2026-04-02T09:46:57+00:00","mainEntityOfPage":{"@id":"https:\/\/portaltela.pt\/noticias\/2026\/04\/02\/ja-me-viste-hoje-pergunta-que-aponta-para-o-tema-da-presenca-no-cotidiano\/"},"wordCount":276,"image":{"@id":"https:\/\/portaltela.pt\/noticias\/2026\/04\/02\/ja-me-viste-hoje-pergunta-que-aponta-para-o-tema-da-presenca-no-cotidiano\/#primaryimage"},"thumbnailUrl":"https:\/\/portaltela.pt\/s.01k8rhncp4jt1\/2026\/04\/img_1500x1000uu2026-04-02-10-38-15-2276170.jpg","keywords":["cidadania","Diversidade, Acesso e Inclus\u00e3o","inclus\u00e3o social","pessoas","pessoas com defici\u00eancia"],"articleSection":["Sa\u00fade","Sociedade"],"inLanguage":"pt-PT"},{"@type":"WebPage","@id":"https:\/\/portaltela.pt\/noticias\/2026\/04\/02\/ja-me-viste-hoje-pergunta-que-aponta-para-o-tema-da-presenca-no-cotidiano\/","url":"https:\/\/portaltela.pt\/noticias\/2026\/04\/02\/ja-me-viste-hoje-pergunta-que-aponta-para-o-tema-da-presenca-no-cotidiano\/","name":"J\u00e1 me viste hoje? Pergunta que aponta para o tema da presen\u00e7a no cotidiano - Portal Tela Portugal","isPartOf":{"@id":"https:\/\/portaltela.pt\/#website"},"primaryImageOfPage":{"@id":"https:\/\/portaltela.pt\/noticias\/2026\/04\/02\/ja-me-viste-hoje-pergunta-que-aponta-para-o-tema-da-presenca-no-cotidiano\/#primaryimage"},"image":{"@id":"https:\/\/portaltela.pt\/noticias\/2026\/04\/02\/ja-me-viste-hoje-pergunta-que-aponta-para-o-tema-da-presenca-no-cotidiano\/#primaryimage"},"thumbnailUrl":"https:\/\/portaltela.pt\/s.01k8rhncp4jt1\/2026\/04\/img_1500x1000uu2026-04-02-10-38-15-2276170.jpg","datePublished":"2026-04-02T09:46:57+00:00","author":{"@id":"https:\/\/portaltela.pt\/#\/schema\/person\/c4278d4a6028830caff9ee44b42d32ed"},"breadcrumb":{"@id":"https:\/\/portaltela.pt\/noticias\/2026\/04\/02\/ja-me-viste-hoje-pergunta-que-aponta-para-o-tema-da-presenca-no-cotidiano\/#breadcrumb"},"inLanguage":"pt-PT","potentialAction":[{"@type":"ReadAction","target":["https:\/\/portaltela.pt\/noticias\/2026\/04\/02\/ja-me-viste-hoje-pergunta-que-aponta-para-o-tema-da-presenca-no-cotidiano\/"]}]},{"@type":"ImageObject","inLanguage":"pt-PT","@id":"https:\/\/portaltela.pt\/noticias\/2026\/04\/02\/ja-me-viste-hoje-pergunta-que-aponta-para-o-tema-da-presenca-no-cotidiano\/#primaryimage","url":"https:\/\/portaltela.pt\/s.01k8rhncp4jt1\/2026\/04\/img_1500x1000uu2026-04-02-10-38-15-2276170.jpg","contentUrl":"https:\/\/portaltela.pt\/s.01k8rhncp4jt1\/2026\/04\/img_1500x1000uu2026-04-02-10-38-15-2276170.jpg","width":796,"height":448,"caption":"Inclua pessoas com Trissomia 21 no IRS"},{"@type":"BreadcrumbList","@id":"https:\/\/portaltela.pt\/noticias\/2026\/04\/02\/ja-me-viste-hoje-pergunta-que-aponta-para-o-tema-da-presenca-no-cotidiano\/#breadcrumb","itemListElement":[{"@type":"ListItem","position":1,"name":"In\u00edcio","item":"https:\/\/portaltela.pt\/"},{"@type":"ListItem","position":2,"name":"J\u00e1 me viste hoje? Pergunta que aponta para o tema da presen\u00e7a no cotidiano"}]},{"@type":"WebSite","@id":"https:\/\/portaltela.pt\/#website","url":"https:\/\/portaltela.pt\/","name":"Portal Tela Portugal","description":"","potentialAction":[{"@type":"SearchAction","target":{"@type":"EntryPoint","urlTemplate":"https:\/\/portaltela.pt\/?s={search_term_string}"},"query-input":{"@type":"PropertyValueSpecification","valueRequired":true,"valueName":"search_term_string"}}],"inLanguage":"pt-PT"},{"@type":"Person","@id":"https:\/\/portaltela.pt\/#\/schema\/person\/c4278d4a6028830caff9ee44b42d32ed","name":"Telinha","image":{"@type":"ImageObject","inLanguage":"pt-PT","@id":"https:\/\/portaltela.pt\/s.01k8rhncp4jt1\/2025\/11\/talking-bot-125x125.png","url":"https:\/\/portaltela.pt\/s.01k8rhncp4jt1\/2025\/11\/talking-bot-125x125.png","contentUrl":"https:\/\/portaltela.pt\/s.01k8rhncp4jt1\/2025\/11\/talking-bot-125x125.png","caption":"Telinha"},"sameAs":["https:\/\/portaltela.pt\/"],"url":"https:\/\/portaltela.pt\/por\/367410592786\/"}]}},"_links":{"self":[{"href":"https:\/\/portaltela.pt\/api\/wp\/v2\/posts\/430120","targetHints":{"allow":["GET"]}}],"collection":[{"href":"https:\/\/portaltela.pt\/api\/wp\/v2\/posts"}],"about":[{"href":"https:\/\/portaltela.pt\/api\/wp\/v2\/types\/post"}],"author":[{"embeddable":true,"href":"https:\/\/portaltela.pt\/api\/wp\/v2\/users\/2"}],"replies":[{"embeddable":true,"href":"https:\/\/portaltela.pt\/api\/wp\/v2\/comments?post=430120"}],"version-history":[{"count":0,"href":"https:\/\/portaltela.pt\/api\/wp\/v2\/posts\/430120\/revisions"}],"wp:featuredmedia":[{"embeddable":true,"href":"https:\/\/portaltela.pt\/api\/wp\/v2\/media\/430122"}],"wp:attachment":[{"href":"https:\/\/portaltela.pt\/api\/wp\/v2\/media?parent=430120"}],"wp:term":[{"taxonomy":"category","embeddable":true,"href":"https:\/\/portaltela.pt\/api\/wp\/v2\/categories?post=430120"},{"taxonomy":"post_tag","embeddable":true,"href":"https:\/\/portaltela.pt\/api\/wp\/v2\/tags?post=430120"}],"curies":[{"name":"wp","href":"https:\/\/api.w.org\/{rel}","templated":true}]}}