{"id":430116,"date":"2026-04-02T05:34:00","date_gmt":"2026-04-02T08:34:00","guid":{"rendered":"https:\/\/portaltela.pt\/noticias\/2026\/04\/02\/parlamento-assinala-50-anos-da-constituicao-com-aprovacao-da-lei-fundamental\/"},"modified":"2026-04-02T05:34:00","modified_gmt":"2026-04-02T08:34:00","slug":"parlamento-assinala-50-anos-da-constituicao-com-aprovacao-da-lei-fundamental","status":"publish","type":"post","link":"https:\/\/portaltela.pt\/noticias\/politica\/2026\/04\/02\/parlamento-assinala-50-anos-da-constituicao-com-aprovacao-da-lei-fundamental\/","title":{"rendered":"Parlamento assinala 50 anos da Constitui\u00e7\u00e3o com aprova\u00e7\u00e3o da Lei Fundamental"},"content":{"rendered":"<p>O Parlamento assinala hoje os 50 anos da Constitui\u00e7\u00e3o com uma sess\u00e3o solene dedicada \u00e0 aprova\u00e7\u00e3o da Lei Fundamental. A cerim\u00f3nia re\u00fane deputados de v\u00e1rias bancadas, o Presidente da Assembleia e convidados oficiais, no \u00e2mbito do edif\u00edcio do Parlamento.<\/p>\n<p>Na agenda da sess\u00e3o est\u00e1 prevista a leitura de mensagens oficiais, depoimentos de representantes de partidos e uma s\u00edntese hist\u00f3rica sobre o processo de elabora\u00e7\u00e3o e aprova\u00e7\u00e3o da norma constitucional.<\/p>\n<p>Este marco institucional \u00e9 apresentado como refer\u00eancia para o funcionamento do Estado, com foco nos poderes do Parlamento e nos direitos fundamentais dos cidad\u00e3os. Detalhes adicionais sobre a cerim\u00f3nia ser\u00e3o tornados p\u00fablicos pela pr\u00f3pria institui\u00e7\u00e3o.<\/p>\n","protected":false},"excerpt":{"rendered":"<ul>\n<li>O Parlamento assinala hoje os 50 anos da aprova\u00e7\u00e3o da Lei Fundamental, numa sess\u00e3o solene.<\/li>\n<li>A cerim\u00f3nia celebra o marco hist\u00f3rico da Lei Fundamental.<\/li>\n<li>O conte\u00fado completo da not\u00edcia est\u00e1 dispon\u00edvel apenas para subscritores.<\/li>\n<\/ul>\n","protected":false},"author":2,"featured_media":430117,"comment_status":"closed","ping_status":"closed","sticky":false,"template":"","format":"standard","meta":{"footnotes":""},"categories":[1,5],"tags":[4211,4057,6373,2633,5539,5108],"class_list":["post-430116","post","type-post","status-publish","format-standard","has-post-thumbnail","hentry","category-noticias","category-politica","tag-assembleia-nacional","tag-constituicao","tag-direitos","tag-direitos-humanos","tag-lei","tag-poder-publico"],"yoast_head":"<!-- This site is optimized with the Yoast SEO plugin v27.2 - https:\/\/yoast.com\/product\/yoast-seo-wordpress\/ -->\n<title>Parlamento assinala 50 anos da Constitui\u00e7\u00e3o com aprova\u00e7\u00e3o da Lei Fundamental - Portal Tela Portugal<\/title>\n<meta name=\"robots\" content=\"index, follow, max-snippet:-1, max-image-preview:large, max-video-preview:-1\" \/>\n<meta property=\"og:locale\" content=\"pt_PT\" \/>\n<meta property=\"og:type\" content=\"article\" \/>\n<meta property=\"og:title\" content=\"Parlamento assinala 50 anos da Constitui\u00e7\u00e3o com aprova\u00e7\u00e3o da Lei Fundamental - Portal Tela Portugal\" \/>\n<meta property=\"og:description\" content=\"O Parlamento assinala hoje os 50 anos da aprova\u00e7\u00e3o da Lei Fundamental, numa sess\u00e3o solene. A cerim\u00f3nia celebra o marco hist\u00f3rico da Lei Fundamental. O conte\u00fado completo da not\u00edcia est\u00e1 dispon\u00edvel apenas para subscritores.\" \/>\n<meta property=\"og:url\" content=\"https:\/\/portaltela.pt\/noticias\/2026\/04\/02\/parlamento-assinala-50-anos-da-constituicao-com-aprovacao-da-lei-fundamental\/\" \/>\n<meta property=\"og:site_name\" content=\"Portal Tela Portugal\" \/>\n<meta property=\"article:published_time\" content=\"2026-04-02T08:34:00+00:00\" \/>\n<meta name=\"author\" content=\"Telinha\" \/>\n<meta name=\"twitter:card\" content=\"summary_large_image\" \/>\n<meta name=\"twitter:label1\" content=\"Escrito por\" \/>\n\t<meta name=\"twitter:data1\" content=\"Telinha\" \/>\n\t<meta name=\"twitter:label2\" content=\"Tempo estimado de leitura\" \/>\n\t<meta name=\"twitter:data2\" content=\"1 minuto\" \/>\n<script type=\"application\/ld+json\" class=\"yoast-schema-graph\">{\"@context\":\"https:\/\/schema.org\",\"@graph\":[{\"@type\":\"Article\",\"@id\":\"https:\/\/portaltela.pt\/noticias\/2026\/04\/02\/parlamento-assinala-50-anos-da-constituicao-com-aprovacao-da-lei-fundamental\/#article\",\"isPartOf\":{\"@id\":\"https:\/\/portaltela.pt\/noticias\/2026\/04\/02\/parlamento-assinala-50-anos-da-constituicao-com-aprovacao-da-lei-fundamental\/\"},\"author\":{\"name\":\"Telinha\",\"@id\":\"https:\/\/portaltela.pt\/#\/schema\/person\/c4278d4a6028830caff9ee44b42d32ed\"},\"headline\":\"Parlamento assinala 50 anos da Constitui\u00e7\u00e3o com aprova\u00e7\u00e3o da Lei Fundamental\",\"datePublished\":\"2026-04-02T08:34:00+00:00\",\"mainEntityOfPage\":{\"@id\":\"https:\/\/portaltela.pt\/noticias\/2026\/04\/02\/parlamento-assinala-50-anos-da-constituicao-com-aprovacao-da-lei-fundamental\/\"},\"wordCount\":132,\"image\":{\"@id\":\"https:\/\/portaltela.pt\/noticias\/2026\/04\/02\/parlamento-assinala-50-anos-da-constituicao-com-aprovacao-da-lei-fundamental\/#primaryimage\"},\"thumbnailUrl\":\"https:\/\/portaltela.pt\/s.01k8rhncp4jt1\/2026\/04\/CACHE_780X1200_ANALOG_WATERMARKED_46849530_5617212_31032026110736.jpg\",\"keywords\":[\"Assembleia Nacional\",\"constitui\u00e7\u00e3o\",\"direitos\",\"direitos humanos\",\"lei\",\"poder p\u00fablico\"],\"articleSection\":[\"Not\u00edcias\",\"Pol\u00edtica\"],\"inLanguage\":\"pt-PT\"},{\"@type\":\"WebPage\",\"@id\":\"https:\/\/portaltela.pt\/noticias\/2026\/04\/02\/parlamento-assinala-50-anos-da-constituicao-com-aprovacao-da-lei-fundamental\/\",\"url\":\"https:\/\/portaltela.pt\/noticias\/2026\/04\/02\/parlamento-assinala-50-anos-da-constituicao-com-aprovacao-da-lei-fundamental\/\",\"name\":\"Parlamento assinala 50 anos da Constitui\u00e7\u00e3o com aprova\u00e7\u00e3o da Lei Fundamental - Portal Tela Portugal\",\"isPartOf\":{\"@id\":\"https:\/\/portaltela.pt\/#website\"},\"primaryImageOfPage\":{\"@id\":\"https:\/\/portaltela.pt\/noticias\/2026\/04\/02\/parlamento-assinala-50-anos-da-constituicao-com-aprovacao-da-lei-fundamental\/#primaryimage\"},\"image\":{\"@id\":\"https:\/\/portaltela.pt\/noticias\/2026\/04\/02\/parlamento-assinala-50-anos-da-constituicao-com-aprovacao-da-lei-fundamental\/#primaryimage\"},\"thumbnailUrl\":\"https:\/\/portaltela.pt\/s.01k8rhncp4jt1\/2026\/04\/CACHE_780X1200_ANALOG_WATERMARKED_46849530_5617212_31032026110736.jpg\",\"datePublished\":\"2026-04-02T08:34:00+00:00\",\"author\":{\"@id\":\"https:\/\/portaltela.pt\/#\/schema\/person\/c4278d4a6028830caff9ee44b42d32ed\"},\"breadcrumb\":{\"@id\":\"https:\/\/portaltela.pt\/noticias\/2026\/04\/02\/parlamento-assinala-50-anos-da-constituicao-com-aprovacao-da-lei-fundamental\/#breadcrumb\"},\"inLanguage\":\"pt-PT\",\"potentialAction\":[{\"@type\":\"ReadAction\",\"target\":[\"https:\/\/portaltela.pt\/noticias\/2026\/04\/02\/parlamento-assinala-50-anos-da-constituicao-com-aprovacao-da-lei-fundamental\/\"]}]},{\"@type\":\"ImageObject\",\"inLanguage\":\"pt-PT\",\"@id\":\"https:\/\/portaltela.pt\/noticias\/2026\/04\/02\/parlamento-assinala-50-anos-da-constituicao-com-aprovacao-da-lei-fundamental\/#primaryimage\",\"url\":\"https:\/\/portaltela.pt\/s.01k8rhncp4jt1\/2026\/04\/CACHE_780X1200_ANALOG_WATERMARKED_46849530_5617212_31032026110736.jpg\",\"contentUrl\":\"https:\/\/portaltela.pt\/s.01k8rhncp4jt1\/2026\/04\/CACHE_780X1200_ANALOG_WATERMARKED_46849530_5617212_31032026110736.jpg\",\"width\":796,\"height\":448,\"caption\":\"Constitui\u00e7\u00e3o\/50 anos: Parlamento assinala hoje aprova\u00e7\u00e3o da Lei Fundamental em sess\u00e3o solene\"},{\"@type\":\"BreadcrumbList\",\"@id\":\"https:\/\/portaltela.pt\/noticias\/2026\/04\/02\/parlamento-assinala-50-anos-da-constituicao-com-aprovacao-da-lei-fundamental\/#breadcrumb\",\"itemListElement\":[{\"@type\":\"ListItem\",\"position\":1,\"name\":\"In\u00edcio\",\"item\":\"https:\/\/portaltela.pt\/\"},{\"@type\":\"ListItem\",\"position\":2,\"name\":\"Parlamento assinala 50 anos da Constitui\u00e7\u00e3o com aprova\u00e7\u00e3o da Lei Fundamental\"}]},{\"@type\":\"WebSite\",\"@id\":\"https:\/\/portaltela.pt\/#website\",\"url\":\"https:\/\/portaltela.pt\/\",\"name\":\"Portal Tela Portugal\",\"description\":\"\",\"potentialAction\":[{\"@type\":\"SearchAction\",\"target\":{\"@type\":\"EntryPoint\",\"urlTemplate\":\"https:\/\/portaltela.pt\/?s={search_term_string}\"},\"query-input\":{\"@type\":\"PropertyValueSpecification\",\"valueRequired\":true,\"valueName\":\"search_term_string\"}}],\"inLanguage\":\"pt-PT\"},{\"@type\":\"Person\",\"@id\":\"https:\/\/portaltela.pt\/#\/schema\/person\/c4278d4a6028830caff9ee44b42d32ed\",\"name\":\"Telinha\",\"image\":{\"@type\":\"ImageObject\",\"inLanguage\":\"pt-PT\",\"@id\":\"https:\/\/portaltela.pt\/s.01k8rhncp4jt1\/2025\/11\/talking-bot-125x125.png\",\"url\":\"https:\/\/portaltela.pt\/s.01k8rhncp4jt1\/2025\/11\/talking-bot-125x125.png\",\"contentUrl\":\"https:\/\/portaltela.pt\/s.01k8rhncp4jt1\/2025\/11\/talking-bot-125x125.png\",\"caption\":\"Telinha\"},\"sameAs\":[\"https:\/\/portaltela.pt\/\"],\"url\":\"https:\/\/portaltela.pt\/por\/367410592786\/\"}]}<\/script>\n<!-- \/ Yoast SEO plugin. -->","yoast_head_json":{"title":"Parlamento assinala 50 anos da Constitui\u00e7\u00e3o com aprova\u00e7\u00e3o da Lei Fundamental - Portal Tela Portugal","robots":{"index":"index","follow":"follow","max-snippet":"max-snippet:-1","max-image-preview":"max-image-preview:large","max-video-preview":"max-video-preview:-1"},"og_locale":"pt_PT","og_type":"article","og_title":"Parlamento assinala 50 anos da Constitui\u00e7\u00e3o com aprova\u00e7\u00e3o da Lei Fundamental - Portal Tela Portugal","og_description":"O Parlamento assinala hoje os 50 anos da aprova\u00e7\u00e3o da Lei Fundamental, numa sess\u00e3o solene. A cerim\u00f3nia celebra o marco hist\u00f3rico da Lei Fundamental. O conte\u00fado completo da not\u00edcia est\u00e1 dispon\u00edvel apenas para subscritores.","og_url":"https:\/\/portaltela.pt\/noticias\/2026\/04\/02\/parlamento-assinala-50-anos-da-constituicao-com-aprovacao-da-lei-fundamental\/","og_site_name":"Portal Tela Portugal","article_published_time":"2026-04-02T08:34:00+00:00","author":"Telinha","twitter_card":"summary_large_image","twitter_misc":{"Escrito por":"Telinha","Tempo estimado de leitura":"1 minuto"},"schema":{"@context":"https:\/\/schema.org","@graph":[{"@type":"Article","@id":"https:\/\/portaltela.pt\/noticias\/2026\/04\/02\/parlamento-assinala-50-anos-da-constituicao-com-aprovacao-da-lei-fundamental\/#article","isPartOf":{"@id":"https:\/\/portaltela.pt\/noticias\/2026\/04\/02\/parlamento-assinala-50-anos-da-constituicao-com-aprovacao-da-lei-fundamental\/"},"author":{"name":"Telinha","@id":"https:\/\/portaltela.pt\/#\/schema\/person\/c4278d4a6028830caff9ee44b42d32ed"},"headline":"Parlamento assinala 50 anos da Constitui\u00e7\u00e3o com aprova\u00e7\u00e3o da Lei Fundamental","datePublished":"2026-04-02T08:34:00+00:00","mainEntityOfPage":{"@id":"https:\/\/portaltela.pt\/noticias\/2026\/04\/02\/parlamento-assinala-50-anos-da-constituicao-com-aprovacao-da-lei-fundamental\/"},"wordCount":132,"image":{"@id":"https:\/\/portaltela.pt\/noticias\/2026\/04\/02\/parlamento-assinala-50-anos-da-constituicao-com-aprovacao-da-lei-fundamental\/#primaryimage"},"thumbnailUrl":"https:\/\/portaltela.pt\/s.01k8rhncp4jt1\/2026\/04\/CACHE_780X1200_ANALOG_WATERMARKED_46849530_5617212_31032026110736.jpg","keywords":["Assembleia Nacional","constitui\u00e7\u00e3o","direitos","direitos humanos","lei","poder p\u00fablico"],"articleSection":["Not\u00edcias","Pol\u00edtica"],"inLanguage":"pt-PT"},{"@type":"WebPage","@id":"https:\/\/portaltela.pt\/noticias\/2026\/04\/02\/parlamento-assinala-50-anos-da-constituicao-com-aprovacao-da-lei-fundamental\/","url":"https:\/\/portaltela.pt\/noticias\/2026\/04\/02\/parlamento-assinala-50-anos-da-constituicao-com-aprovacao-da-lei-fundamental\/","name":"Parlamento assinala 50 anos da Constitui\u00e7\u00e3o com aprova\u00e7\u00e3o da Lei Fundamental - Portal Tela Portugal","isPartOf":{"@id":"https:\/\/portaltela.pt\/#website"},"primaryImageOfPage":{"@id":"https:\/\/portaltela.pt\/noticias\/2026\/04\/02\/parlamento-assinala-50-anos-da-constituicao-com-aprovacao-da-lei-fundamental\/#primaryimage"},"image":{"@id":"https:\/\/portaltela.pt\/noticias\/2026\/04\/02\/parlamento-assinala-50-anos-da-constituicao-com-aprovacao-da-lei-fundamental\/#primaryimage"},"thumbnailUrl":"https:\/\/portaltela.pt\/s.01k8rhncp4jt1\/2026\/04\/CACHE_780X1200_ANALOG_WATERMARKED_46849530_5617212_31032026110736.jpg","datePublished":"2026-04-02T08:34:00+00:00","author":{"@id":"https:\/\/portaltela.pt\/#\/schema\/person\/c4278d4a6028830caff9ee44b42d32ed"},"breadcrumb":{"@id":"https:\/\/portaltela.pt\/noticias\/2026\/04\/02\/parlamento-assinala-50-anos-da-constituicao-com-aprovacao-da-lei-fundamental\/#breadcrumb"},"inLanguage":"pt-PT","potentialAction":[{"@type":"ReadAction","target":["https:\/\/portaltela.pt\/noticias\/2026\/04\/02\/parlamento-assinala-50-anos-da-constituicao-com-aprovacao-da-lei-fundamental\/"]}]},{"@type":"ImageObject","inLanguage":"pt-PT","@id":"https:\/\/portaltela.pt\/noticias\/2026\/04\/02\/parlamento-assinala-50-anos-da-constituicao-com-aprovacao-da-lei-fundamental\/#primaryimage","url":"https:\/\/portaltela.pt\/s.01k8rhncp4jt1\/2026\/04\/CACHE_780X1200_ANALOG_WATERMARKED_46849530_5617212_31032026110736.jpg","contentUrl":"https:\/\/portaltela.pt\/s.01k8rhncp4jt1\/2026\/04\/CACHE_780X1200_ANALOG_WATERMARKED_46849530_5617212_31032026110736.jpg","width":796,"height":448,"caption":"Constitui\u00e7\u00e3o\/50 anos: Parlamento assinala hoje aprova\u00e7\u00e3o da Lei Fundamental em sess\u00e3o solene"},{"@type":"BreadcrumbList","@id":"https:\/\/portaltela.pt\/noticias\/2026\/04\/02\/parlamento-assinala-50-anos-da-constituicao-com-aprovacao-da-lei-fundamental\/#breadcrumb","itemListElement":[{"@type":"ListItem","position":1,"name":"In\u00edcio","item":"https:\/\/portaltela.pt\/"},{"@type":"ListItem","position":2,"name":"Parlamento assinala 50 anos da Constitui\u00e7\u00e3o com aprova\u00e7\u00e3o da Lei Fundamental"}]},{"@type":"WebSite","@id":"https:\/\/portaltela.pt\/#website","url":"https:\/\/portaltela.pt\/","name":"Portal Tela Portugal","description":"","potentialAction":[{"@type":"SearchAction","target":{"@type":"EntryPoint","urlTemplate":"https:\/\/portaltela.pt\/?s={search_term_string}"},"query-input":{"@type":"PropertyValueSpecification","valueRequired":true,"valueName":"search_term_string"}}],"inLanguage":"pt-PT"},{"@type":"Person","@id":"https:\/\/portaltela.pt\/#\/schema\/person\/c4278d4a6028830caff9ee44b42d32ed","name":"Telinha","image":{"@type":"ImageObject","inLanguage":"pt-PT","@id":"https:\/\/portaltela.pt\/s.01k8rhncp4jt1\/2025\/11\/talking-bot-125x125.png","url":"https:\/\/portaltela.pt\/s.01k8rhncp4jt1\/2025\/11\/talking-bot-125x125.png","contentUrl":"https:\/\/portaltela.pt\/s.01k8rhncp4jt1\/2025\/11\/talking-bot-125x125.png","caption":"Telinha"},"sameAs":["https:\/\/portaltela.pt\/"],"url":"https:\/\/portaltela.pt\/por\/367410592786\/"}]}},"_links":{"self":[{"href":"https:\/\/portaltela.pt\/api\/wp\/v2\/posts\/430116","targetHints":{"allow":["GET"]}}],"collection":[{"href":"https:\/\/portaltela.pt\/api\/wp\/v2\/posts"}],"about":[{"href":"https:\/\/portaltela.pt\/api\/wp\/v2\/types\/post"}],"author":[{"embeddable":true,"href":"https:\/\/portaltela.pt\/api\/wp\/v2\/users\/2"}],"replies":[{"embeddable":true,"href":"https:\/\/portaltela.pt\/api\/wp\/v2\/comments?post=430116"}],"version-history":[{"count":0,"href":"https:\/\/portaltela.pt\/api\/wp\/v2\/posts\/430116\/revisions"}],"wp:featuredmedia":[{"embeddable":true,"href":"https:\/\/portaltela.pt\/api\/wp\/v2\/media\/430117"}],"wp:attachment":[{"href":"https:\/\/portaltela.pt\/api\/wp\/v2\/media?parent=430116"}],"wp:term":[{"taxonomy":"category","embeddable":true,"href":"https:\/\/portaltela.pt\/api\/wp\/v2\/categories?post=430116"},{"taxonomy":"post_tag","embeddable":true,"href":"https:\/\/portaltela.pt\/api\/wp\/v2\/tags?post=430116"}],"curies":[{"name":"wp","href":"https:\/\/api.w.org\/{rel}","templated":true}]}}