{"id":430108,"date":"2026-04-02T06:32:16","date_gmt":"2026-04-02T09:32:16","guid":{"rendered":"https:\/\/portaltela.pt\/noticias\/2026\/04\/02\/defensores-dos-animais-colidem-com-navio-de-pesca-junto-a-costa-da-antartida\/"},"modified":"2026-04-02T06:32:16","modified_gmt":"2026-04-02T09:32:16","slug":"defensores-dos-animais-colidem-com-navio-de-pesca-junto-a-costa-da-antartida","status":"publish","type":"post","link":"https:\/\/portaltela.pt\/noticias\/2026\/04\/02\/defensores-dos-animais-colidem-com-navio-de-pesca-junto-a-costa-da-antartida\/","title":{"rendered":"Defensores dos animais colidem com navio de pesca junto \u00e0 costa da Ant\u00e1rtida"},"content":{"rendered":"<p>Um confronto entre ambientalistas e a ind\u00fastria pesqueira ocorreu no Atl\u00e2ntico Sul, perto da Ant\u00e1rtida, quando uma embarca\u00e7\u00e3o associada a um grupo fundado pelo ativista Paul Watson colidiu com um barco de pesca de krill. A colis\u00e3o ocorreu junto a uma \u00e1rea de \u00e1guas geladas ao largo das costas ant\u00e1rticas, j\u00e1 sob investiga\u00e7\u00e3o.<\/p>\n<p>A embarca\u00e7\u00e3o envolvida \u00e9 o Bandero, operada pela Captain Paul Watson Foundation, que se op\u00f5e \u00e0 ca\u00e7a \u00e0 baleia. O navio de pesca, o Antarctic Sea, tem bandeira norueguesa e foi o alvo da colis\u00e3o descrita pela operadora Aker como um incidente grave.<\/p>\n<p>A Aker afirmou que a colis\u00e3o ocorreu a poucos cent\u00edmetros de atingir um tanque de gas\u00f3leo, o que poderia ter provocado derramamento e danos ao habitat marinho que alberga baleias, focas e aves. A tripula\u00e7\u00e3o foi colocada em estado de choque, mas permaneceu ilesa, e a empresa promete acionar vias legais.<\/p>\n<p>Autarquias da regi\u00e3o, incluindo autoridades do Chile e da Argentina, foram notificadas do acontecimento. Um dos pa\u00edses ordenou o envio de uma embarca\u00e7\u00e3o para a \u00e1rea, para apoiar a avalia\u00e7\u00e3o inicial e a monitoriza\u00e7\u00e3o do incidente.<\/p>\n<p>Segundo a AP, uma investiga\u00e7\u00e3o dever\u00e1 come\u00e7ar assim que o Bandero atracar num novo local. O caso marca o regresso de um epis\u00f3dio de colis\u00f5es na zona ant\u00e1rtica, o que reacende o debate sobre a gest\u00e3o do krill, base de alimenta\u00e7\u00e3o de muitas esp\u00e9cies e um recurso-chave para a ind\u00fastria de suplementos e alimenta\u00e7\u00e3o animal.<\/p>\n<p>O krill ant\u00e1rtico \u00e9 um crust\u00e1ceo essencial na dieta de baleias e desempenha papel importante na regula\u00e7\u00e3o do clima global. A procura por este recurso tem aumentado, com impactos econ\u00f3micos para empresas que dependem da captura, processament o e comercializa\u00e7\u00e3o. A \u00faltima temporada registou recorde de captura.<\/p>\n<h3>Investiga\u00e7\u00e3o em curso<\/h3>\n<p>As autoridades de fiscaliza\u00e7\u00e3o devem averiguar as circunst\u00e2ncias da colis\u00e3o, incluindo eventuais manobras de ambas as partes, sinais de provoca\u00e7\u00e3o ou falhas de controlo de tr\u00e1fego mar\u00edtimo.<\/p>\n<h3>Contexto econ\u00f3mico<\/h3>\n<p>A posi\u00e7\u00e3o da Aker como l\u00edder mundial na captura de krill refor\u00e7a a import\u00e2ncia do epis\u00f3dio para o setor, que j\u00e1 enfrenta press\u00e3o regulat\u00f3ria e debates sobre sustentabilidade.<\/p>\n","protected":false},"excerpt":{"rendered":"<ul>\n<li>Um grupo ambientalista liderado por Paul Watson colidiu com um navio de pesca de krill perto da Ant\u00e1rtida.<\/li>\n<li>A embarca\u00e7\u00e3o Bandero, da Captain Paul Watson Foundation, quase atingiu um tanque de gas\u00f3leo do navio Antarctic Sea, de bandeira norueguesa.<\/li>\n<li>A operadora Aker afirmou que a colis\u00e3o colocou em risco o habitat de v\u00e1rias baleias, focas e aves marinhas, devido \u00e0 poss\u00edvel liberta\u00e7\u00e3o de combust\u00edvel, e disse que a tripula\u00e7\u00e3o ficou ilesa, anunciando medidas legais.<\/li>\n<li>Autoridades do Chile e da Argentina foram informadas, com uma embarca\u00e7\u00e3o a ser enviada para a \u00e1rea, e prev\u00ea-se uma investiga\u00e7\u00e3o ap\u00f3s a Bandero atracar.<\/li>\n<li>O incidente ocorre numa altura de crescente batalha pelo krill ant\u00e1rtico, crust\u00e1ceo central \u00e0 alimenta\u00e7\u00e3o de baleias e ao registo de impactos clim\u00e1ticos; a pesca de krill tem vindo a subir, com a \u00faltima temporada a registar recorde.<\/li>\n<\/ul>\n","protected":false},"author":2,"featured_media":430109,"comment_status":"closed","ping_status":"closed","sticky":false,"template":"","format":"standard","meta":{"footnotes":""},"categories":[6725,1],"tags":[167,4787,28,215,5093,4185],"class_list":["post-430108","post","type-post","status-publish","format-standard","has-post-thumbnail","hentry","category-meio-ambiente","category-noticias","tag-ambiente","tag-colaboracao-internacional","tag-economia","tag-investigacao","tag-pesca","tag-pescas"],"yoast_head":"<!-- This site is optimized with the Yoast SEO plugin v27.2 - https:\/\/yoast.com\/product\/yoast-seo-wordpress\/ -->\n<title>Defensores dos animais colidem com navio de pesca junto \u00e0 costa da Ant\u00e1rtida - Portal Tela Portugal<\/title>\n<meta name=\"robots\" content=\"index, follow, max-snippet:-1, max-image-preview:large, max-video-preview:-1\" \/>\n<meta property=\"og:locale\" content=\"pt_PT\" \/>\n<meta property=\"og:type\" content=\"article\" \/>\n<meta property=\"og:title\" content=\"Defensores dos animais colidem com navio de pesca junto \u00e0 costa da Ant\u00e1rtida - Portal Tela Portugal\" \/>\n<meta property=\"og:description\" content=\"Um grupo ambientalista liderado por Paul Watson colidiu com um navio de pesca de krill perto da Ant\u00e1rtida. A embarca\u00e7\u00e3o Bandero, da Captain Paul Watson Foundation, quase atingiu um tanque de gas\u00f3leo do navio Antarctic Sea, de bandeira norueguesa. A operadora Aker afirmou que a colis\u00e3o colocou em risco o habitat de v\u00e1rias baleias, focas e aves marinhas, devido \u00e0 poss\u00edvel liberta\u00e7\u00e3o de combust\u00edvel, e disse que a tripula\u00e7\u00e3o ficou ilesa, anunciando medidas legais. Autoridades do Chile e da Argentina foram informadas, com uma embarca\u00e7\u00e3o a ser enviada para a \u00e1rea, e prev\u00ea-se uma investiga\u00e7\u00e3o ap\u00f3s a Bandero atracar. O incidente ocorre numa altura de crescente batalha pelo krill ant\u00e1rtico, crust\u00e1ceo central \u00e0 alimenta\u00e7\u00e3o de baleias e ao registo de impactos clim\u00e1ticos; a pesca de krill tem vindo a subir, com a \u00faltima temporada a registar recorde.\" \/>\n<meta property=\"og:url\" content=\"https:\/\/portaltela.pt\/noticias\/2026\/04\/02\/defensores-dos-animais-colidem-com-navio-de-pesca-junto-a-costa-da-antartida\/\" \/>\n<meta property=\"og:site_name\" content=\"Portal Tela Portugal\" \/>\n<meta property=\"article:published_time\" content=\"2026-04-02T09:32:16+00:00\" \/>\n<meta name=\"author\" content=\"Telinha\" \/>\n<meta name=\"twitter:card\" content=\"summary_large_image\" \/>\n<meta name=\"twitter:label1\" content=\"Escrito por\" \/>\n\t<meta name=\"twitter:data1\" content=\"Telinha\" \/>\n\t<meta name=\"twitter:label2\" content=\"Tempo estimado de leitura\" \/>\n\t<meta name=\"twitter:data2\" content=\"2 minutos\" \/>\n<script type=\"application\/ld+json\" class=\"yoast-schema-graph\">{\"@context\":\"https:\/\/schema.org\",\"@graph\":[{\"@type\":\"Article\",\"@id\":\"https:\/\/portaltela.pt\/noticias\/2026\/04\/02\/defensores-dos-animais-colidem-com-navio-de-pesca-junto-a-costa-da-antartida\/#article\",\"isPartOf\":{\"@id\":\"https:\/\/portaltela.pt\/noticias\/2026\/04\/02\/defensores-dos-animais-colidem-com-navio-de-pesca-junto-a-costa-da-antartida\/\"},\"author\":{\"name\":\"Telinha\",\"@id\":\"https:\/\/portaltela.pt\/#\/schema\/person\/c4278d4a6028830caff9ee44b42d32ed\"},\"headline\":\"Defensores dos animais colidem com navio de pesca junto \u00e0 costa da Ant\u00e1rtida\",\"datePublished\":\"2026-04-02T09:32:16+00:00\",\"mainEntityOfPage\":{\"@id\":\"https:\/\/portaltela.pt\/noticias\/2026\/04\/02\/defensores-dos-animais-colidem-com-navio-de-pesca-junto-a-costa-da-antartida\/\"},\"wordCount\":404,\"image\":{\"@id\":\"https:\/\/portaltela.pt\/noticias\/2026\/04\/02\/defensores-dos-animais-colidem-com-navio-de-pesca-junto-a-costa-da-antartida\/#primaryimage\"},\"thumbnailUrl\":\"https:\/\/portaltela.pt\/s.01k8rhncp4jt1\/2026\/04\/1536x864_cmsv2_ea2fbf52-2034-57fa-a783-039830daddb3-9707670.jpg\",\"keywords\":[\"ambiente\",\"colabora\u00e7\u00e3o internacional\",\"economia\",\"investiga\u00e7\u00e3o\",\"pesca\",\"pescas\"],\"articleSection\":[\"Meio Ambiente\",\"Not\u00edcias\"],\"inLanguage\":\"pt-PT\"},{\"@type\":\"WebPage\",\"@id\":\"https:\/\/portaltela.pt\/noticias\/2026\/04\/02\/defensores-dos-animais-colidem-com-navio-de-pesca-junto-a-costa-da-antartida\/\",\"url\":\"https:\/\/portaltela.pt\/noticias\/2026\/04\/02\/defensores-dos-animais-colidem-com-navio-de-pesca-junto-a-costa-da-antartida\/\",\"name\":\"Defensores dos animais colidem com navio de pesca junto \u00e0 costa da Ant\u00e1rtida - Portal Tela Portugal\",\"isPartOf\":{\"@id\":\"https:\/\/portaltela.pt\/#website\"},\"primaryImageOfPage\":{\"@id\":\"https:\/\/portaltela.pt\/noticias\/2026\/04\/02\/defensores-dos-animais-colidem-com-navio-de-pesca-junto-a-costa-da-antartida\/#primaryimage\"},\"image\":{\"@id\":\"https:\/\/portaltela.pt\/noticias\/2026\/04\/02\/defensores-dos-animais-colidem-com-navio-de-pesca-junto-a-costa-da-antartida\/#primaryimage\"},\"thumbnailUrl\":\"https:\/\/portaltela.pt\/s.01k8rhncp4jt1\/2026\/04\/1536x864_cmsv2_ea2fbf52-2034-57fa-a783-039830daddb3-9707670.jpg\",\"datePublished\":\"2026-04-02T09:32:16+00:00\",\"author\":{\"@id\":\"https:\/\/portaltela.pt\/#\/schema\/person\/c4278d4a6028830caff9ee44b42d32ed\"},\"breadcrumb\":{\"@id\":\"https:\/\/portaltela.pt\/noticias\/2026\/04\/02\/defensores-dos-animais-colidem-com-navio-de-pesca-junto-a-costa-da-antartida\/#breadcrumb\"},\"inLanguage\":\"pt-PT\",\"potentialAction\":[{\"@type\":\"ReadAction\",\"target\":[\"https:\/\/portaltela.pt\/noticias\/2026\/04\/02\/defensores-dos-animais-colidem-com-navio-de-pesca-junto-a-costa-da-antartida\/\"]}]},{\"@type\":\"ImageObject\",\"inLanguage\":\"pt-PT\",\"@id\":\"https:\/\/portaltela.pt\/noticias\/2026\/04\/02\/defensores-dos-animais-colidem-com-navio-de-pesca-junto-a-costa-da-antartida\/#primaryimage\",\"url\":\"https:\/\/portaltela.pt\/s.01k8rhncp4jt1\/2026\/04\/1536x864_cmsv2_ea2fbf52-2034-57fa-a783-039830daddb3-9707670.jpg\",\"contentUrl\":\"https:\/\/portaltela.pt\/s.01k8rhncp4jt1\/2026\/04\/1536x864_cmsv2_ea2fbf52-2034-57fa-a783-039830daddb3-9707670.jpg\",\"width\":1536,\"height\":864,\"caption\":\"Defensores dos animais colidem com barco de pesca ao largo da costa da Ant\u00e1rtida\"},{\"@type\":\"BreadcrumbList\",\"@id\":\"https:\/\/portaltela.pt\/noticias\/2026\/04\/02\/defensores-dos-animais-colidem-com-navio-de-pesca-junto-a-costa-da-antartida\/#breadcrumb\",\"itemListElement\":[{\"@type\":\"ListItem\",\"position\":1,\"name\":\"In\u00edcio\",\"item\":\"https:\/\/portaltela.pt\/\"},{\"@type\":\"ListItem\",\"position\":2,\"name\":\"Defensores dos animais colidem com navio de pesca junto \u00e0 costa da Ant\u00e1rtida\"}]},{\"@type\":\"WebSite\",\"@id\":\"https:\/\/portaltela.pt\/#website\",\"url\":\"https:\/\/portaltela.pt\/\",\"name\":\"Portal Tela Portugal\",\"description\":\"\",\"potentialAction\":[{\"@type\":\"SearchAction\",\"target\":{\"@type\":\"EntryPoint\",\"urlTemplate\":\"https:\/\/portaltela.pt\/?s={search_term_string}\"},\"query-input\":{\"@type\":\"PropertyValueSpecification\",\"valueRequired\":true,\"valueName\":\"search_term_string\"}}],\"inLanguage\":\"pt-PT\"},{\"@type\":\"Person\",\"@id\":\"https:\/\/portaltela.pt\/#\/schema\/person\/c4278d4a6028830caff9ee44b42d32ed\",\"name\":\"Telinha\",\"image\":{\"@type\":\"ImageObject\",\"inLanguage\":\"pt-PT\",\"@id\":\"https:\/\/portaltela.pt\/s.01k8rhncp4jt1\/2025\/11\/talking-bot-125x125.png\",\"url\":\"https:\/\/portaltela.pt\/s.01k8rhncp4jt1\/2025\/11\/talking-bot-125x125.png\",\"contentUrl\":\"https:\/\/portaltela.pt\/s.01k8rhncp4jt1\/2025\/11\/talking-bot-125x125.png\",\"caption\":\"Telinha\"},\"sameAs\":[\"https:\/\/portaltela.pt\/\"],\"url\":\"https:\/\/portaltela.pt\/por\/367410592786\/\"}]}<\/script>\n<!-- \/ Yoast SEO plugin. -->","yoast_head_json":{"title":"Defensores dos animais colidem com navio de pesca junto \u00e0 costa da Ant\u00e1rtida - Portal Tela Portugal","robots":{"index":"index","follow":"follow","max-snippet":"max-snippet:-1","max-image-preview":"max-image-preview:large","max-video-preview":"max-video-preview:-1"},"og_locale":"pt_PT","og_type":"article","og_title":"Defensores dos animais colidem com navio de pesca junto \u00e0 costa da Ant\u00e1rtida - Portal Tela Portugal","og_description":"Um grupo ambientalista liderado por Paul Watson colidiu com um navio de pesca de krill perto da Ant\u00e1rtida. A embarca\u00e7\u00e3o Bandero, da Captain Paul Watson Foundation, quase atingiu um tanque de gas\u00f3leo do navio Antarctic Sea, de bandeira norueguesa. A operadora Aker afirmou que a colis\u00e3o colocou em risco o habitat de v\u00e1rias baleias, focas e aves marinhas, devido \u00e0 poss\u00edvel liberta\u00e7\u00e3o de combust\u00edvel, e disse que a tripula\u00e7\u00e3o ficou ilesa, anunciando medidas legais. Autoridades do Chile e da Argentina foram informadas, com uma embarca\u00e7\u00e3o a ser enviada para a \u00e1rea, e prev\u00ea-se uma investiga\u00e7\u00e3o ap\u00f3s a Bandero atracar. O incidente ocorre numa altura de crescente batalha pelo krill ant\u00e1rtico, crust\u00e1ceo central \u00e0 alimenta\u00e7\u00e3o de baleias e ao registo de impactos clim\u00e1ticos; a pesca de krill tem vindo a subir, com a \u00faltima temporada a registar recorde.","og_url":"https:\/\/portaltela.pt\/noticias\/2026\/04\/02\/defensores-dos-animais-colidem-com-navio-de-pesca-junto-a-costa-da-antartida\/","og_site_name":"Portal Tela Portugal","article_published_time":"2026-04-02T09:32:16+00:00","author":"Telinha","twitter_card":"summary_large_image","twitter_misc":{"Escrito por":"Telinha","Tempo estimado de leitura":"2 minutos"},"schema":{"@context":"https:\/\/schema.org","@graph":[{"@type":"Article","@id":"https:\/\/portaltela.pt\/noticias\/2026\/04\/02\/defensores-dos-animais-colidem-com-navio-de-pesca-junto-a-costa-da-antartida\/#article","isPartOf":{"@id":"https:\/\/portaltela.pt\/noticias\/2026\/04\/02\/defensores-dos-animais-colidem-com-navio-de-pesca-junto-a-costa-da-antartida\/"},"author":{"name":"Telinha","@id":"https:\/\/portaltela.pt\/#\/schema\/person\/c4278d4a6028830caff9ee44b42d32ed"},"headline":"Defensores dos animais colidem com navio de pesca junto \u00e0 costa da Ant\u00e1rtida","datePublished":"2026-04-02T09:32:16+00:00","mainEntityOfPage":{"@id":"https:\/\/portaltela.pt\/noticias\/2026\/04\/02\/defensores-dos-animais-colidem-com-navio-de-pesca-junto-a-costa-da-antartida\/"},"wordCount":404,"image":{"@id":"https:\/\/portaltela.pt\/noticias\/2026\/04\/02\/defensores-dos-animais-colidem-com-navio-de-pesca-junto-a-costa-da-antartida\/#primaryimage"},"thumbnailUrl":"https:\/\/portaltela.pt\/s.01k8rhncp4jt1\/2026\/04\/1536x864_cmsv2_ea2fbf52-2034-57fa-a783-039830daddb3-9707670.jpg","keywords":["ambiente","colabora\u00e7\u00e3o internacional","economia","investiga\u00e7\u00e3o","pesca","pescas"],"articleSection":["Meio Ambiente","Not\u00edcias"],"inLanguage":"pt-PT"},{"@type":"WebPage","@id":"https:\/\/portaltela.pt\/noticias\/2026\/04\/02\/defensores-dos-animais-colidem-com-navio-de-pesca-junto-a-costa-da-antartida\/","url":"https:\/\/portaltela.pt\/noticias\/2026\/04\/02\/defensores-dos-animais-colidem-com-navio-de-pesca-junto-a-costa-da-antartida\/","name":"Defensores dos animais colidem com navio de pesca junto \u00e0 costa da Ant\u00e1rtida - Portal Tela Portugal","isPartOf":{"@id":"https:\/\/portaltela.pt\/#website"},"primaryImageOfPage":{"@id":"https:\/\/portaltela.pt\/noticias\/2026\/04\/02\/defensores-dos-animais-colidem-com-navio-de-pesca-junto-a-costa-da-antartida\/#primaryimage"},"image":{"@id":"https:\/\/portaltela.pt\/noticias\/2026\/04\/02\/defensores-dos-animais-colidem-com-navio-de-pesca-junto-a-costa-da-antartida\/#primaryimage"},"thumbnailUrl":"https:\/\/portaltela.pt\/s.01k8rhncp4jt1\/2026\/04\/1536x864_cmsv2_ea2fbf52-2034-57fa-a783-039830daddb3-9707670.jpg","datePublished":"2026-04-02T09:32:16+00:00","author":{"@id":"https:\/\/portaltela.pt\/#\/schema\/person\/c4278d4a6028830caff9ee44b42d32ed"},"breadcrumb":{"@id":"https:\/\/portaltela.pt\/noticias\/2026\/04\/02\/defensores-dos-animais-colidem-com-navio-de-pesca-junto-a-costa-da-antartida\/#breadcrumb"},"inLanguage":"pt-PT","potentialAction":[{"@type":"ReadAction","target":["https:\/\/portaltela.pt\/noticias\/2026\/04\/02\/defensores-dos-animais-colidem-com-navio-de-pesca-junto-a-costa-da-antartida\/"]}]},{"@type":"ImageObject","inLanguage":"pt-PT","@id":"https:\/\/portaltela.pt\/noticias\/2026\/04\/02\/defensores-dos-animais-colidem-com-navio-de-pesca-junto-a-costa-da-antartida\/#primaryimage","url":"https:\/\/portaltela.pt\/s.01k8rhncp4jt1\/2026\/04\/1536x864_cmsv2_ea2fbf52-2034-57fa-a783-039830daddb3-9707670.jpg","contentUrl":"https:\/\/portaltela.pt\/s.01k8rhncp4jt1\/2026\/04\/1536x864_cmsv2_ea2fbf52-2034-57fa-a783-039830daddb3-9707670.jpg","width":1536,"height":864,"caption":"Defensores dos animais colidem com barco de pesca ao largo da costa da Ant\u00e1rtida"},{"@type":"BreadcrumbList","@id":"https:\/\/portaltela.pt\/noticias\/2026\/04\/02\/defensores-dos-animais-colidem-com-navio-de-pesca-junto-a-costa-da-antartida\/#breadcrumb","itemListElement":[{"@type":"ListItem","position":1,"name":"In\u00edcio","item":"https:\/\/portaltela.pt\/"},{"@type":"ListItem","position":2,"name":"Defensores dos animais colidem com navio de pesca junto \u00e0 costa da Ant\u00e1rtida"}]},{"@type":"WebSite","@id":"https:\/\/portaltela.pt\/#website","url":"https:\/\/portaltela.pt\/","name":"Portal Tela Portugal","description":"","potentialAction":[{"@type":"SearchAction","target":{"@type":"EntryPoint","urlTemplate":"https:\/\/portaltela.pt\/?s={search_term_string}"},"query-input":{"@type":"PropertyValueSpecification","valueRequired":true,"valueName":"search_term_string"}}],"inLanguage":"pt-PT"},{"@type":"Person","@id":"https:\/\/portaltela.pt\/#\/schema\/person\/c4278d4a6028830caff9ee44b42d32ed","name":"Telinha","image":{"@type":"ImageObject","inLanguage":"pt-PT","@id":"https:\/\/portaltela.pt\/s.01k8rhncp4jt1\/2025\/11\/talking-bot-125x125.png","url":"https:\/\/portaltela.pt\/s.01k8rhncp4jt1\/2025\/11\/talking-bot-125x125.png","contentUrl":"https:\/\/portaltela.pt\/s.01k8rhncp4jt1\/2025\/11\/talking-bot-125x125.png","caption":"Telinha"},"sameAs":["https:\/\/portaltela.pt\/"],"url":"https:\/\/portaltela.pt\/por\/367410592786\/"}]}},"_links":{"self":[{"href":"https:\/\/portaltela.pt\/api\/wp\/v2\/posts\/430108","targetHints":{"allow":["GET"]}}],"collection":[{"href":"https:\/\/portaltela.pt\/api\/wp\/v2\/posts"}],"about":[{"href":"https:\/\/portaltela.pt\/api\/wp\/v2\/types\/post"}],"author":[{"embeddable":true,"href":"https:\/\/portaltela.pt\/api\/wp\/v2\/users\/2"}],"replies":[{"embeddable":true,"href":"https:\/\/portaltela.pt\/api\/wp\/v2\/comments?post=430108"}],"version-history":[{"count":0,"href":"https:\/\/portaltela.pt\/api\/wp\/v2\/posts\/430108\/revisions"}],"wp:featuredmedia":[{"embeddable":true,"href":"https:\/\/portaltela.pt\/api\/wp\/v2\/media\/430109"}],"wp:attachment":[{"href":"https:\/\/portaltela.pt\/api\/wp\/v2\/media?parent=430108"}],"wp:term":[{"taxonomy":"category","embeddable":true,"href":"https:\/\/portaltela.pt\/api\/wp\/v2\/categories?post=430108"},{"taxonomy":"post_tag","embeddable":true,"href":"https:\/\/portaltela.pt\/api\/wp\/v2\/tags?post=430108"}],"curies":[{"name":"wp","href":"https:\/\/api.w.org\/{rel}","templated":true}]}}