{"id":430102,"date":"2026-04-02T06:17:04","date_gmt":"2026-04-02T09:17:04","guid":{"rendered":"https:\/\/portaltela.pt\/noticias\/2026\/04\/02\/fotografias-mostram-a-noite-em-que-o-mundo-viu-humanos-partir-a-lua\/"},"modified":"2026-04-02T06:17:04","modified_gmt":"2026-04-02T09:17:04","slug":"fotografias-mostram-a-noite-em-que-o-mundo-viu-humanos-partir-a-lua","status":"publish","type":"post","link":"https:\/\/portaltela.pt\/tecnologia\/2026\/04\/02\/fotografias-mostram-a-noite-em-que-o-mundo-viu-humanos-partir-a-lua\/","title":{"rendered":"Fotografias mostram a noite em que o mundo viu humanos partir \u00e0 Lua"},"content":{"rendered":"<p>A miss\u00e3o Artemis II arrancou nesta quarta-feira, com quatro astronautas a bordo, rumo \u00e0 orbita da Lua. A descolagem ocorreu \u00e0s 23h35 de Portugal continental, a partir do Centro Espacial Kennedy, na Fl\u00f3rida, EUA. O objetivo \u00e9 testar sistemas cr\u00edticos para futuras miss\u00f5es lunares, ainda sem pouso.<\/p>\n<p>O programa envolve apoio europeu, canadiano e japon\u00eas. Durante dez dias, a c\u00e1psula \u00d3rion circundar\u00e1 a Lua, verificando oxig\u00e9nio, \u00e1gua e climatiza\u00e7\u00e3o \u2014 m\u00f3dulos desenvolvidos pela Ag\u00eancia Espacial Europeia e empresas europeias. A tripula\u00e7\u00e3o dever\u00e1 ver a Lua pela primeira vez em mais de meio s\u00e9culo.<\/p>\n<p>Ao n\u00edvel da opera\u00e7\u00e3o, registaram-se dois contratempos: uma falha de comunica\u00e7\u00e3o na descolagem e um problema com a casa de banho da c\u00e1psula. Os astronautas esperam resolver as quest\u00f5es rapidamente para continuar o voo, considerado um ensaio-chave para miss\u00f5es futuras.<\/p>\n<h3>O que vem a seguir<\/h3>\n<p>A Artemis II prepara o terreno para a Artemis III, que poder\u00e1 testar o transporte entre a c\u00e1psula e o solo lunar. A Artemis IV, prevista para 2028, est\u00e1 planeada para levar dois astronautas a pisar novamente a superf\u00edcie lunar.<\/p>\n<p>A nave \u00d3rion dever\u00e1 completar a trajet\u00f3ria de circunavega\u00e7\u00e3o ao redor da Lua no dia 5 de Abril, domingo. O programa tem como objetivo estabelecer bases permanentes na regi\u00e3o do p\u00f3lo sul lunar, com a meta de ampliar o conhecimento e a presen\u00e7a humana no espa\u00e7o.<\/p>\n","protected":false},"excerpt":{"rendered":"<ul>\n<li>A miss\u00e3o Artemis II arrancou nesta quarta-feira, com quatro astronautas a bordo, rumo \u00e0 \u00f3rbita da Lua.<\/li>\n<li>O descolagem ocorreu \u00e0s 23h35 de Portugal continental, no Centro Espacial Kennedy, na Florida, com apoio europeu, canadiano e japon\u00eas.<\/li>\n<li>O objetivo \u00e9 preparar o caminho para Artemis III, com testes de m\u00f3dulos lunares, e Artemis IV, prevista para 2028, que dever\u00e1 levar dois astronautas \u00e0 superf\u00edcie lunar.<\/li>\n<li>Durante dez dias de miss\u00e3o, a tripula\u00e7\u00e3o testa sistemas de oxig\u00e9nio, \u00e1gua e climatiza\u00e7\u00e3o, com componentes desenvolvidos pela Ag\u00eancia Espacial Europeia e empresas europeias; a tripula\u00e7\u00e3o ver\u00e1 a Lua pela primeira vez em mais de cinquenta anos.<\/li>\n<li>Houve falha de comunica\u00e7\u00e3o no lan\u00e7amento e um problema com a casa de banho da c\u00e1psula \u00d3rion, que aguardam resolver em breve.<\/li>\n<\/ul>\n","protected":false},"author":2,"featured_media":430104,"comment_status":"closed","ping_status":"closed","sticky":false,"template":"","format":"standard","meta":{"footnotes":""},"categories":[6716],"tags":[4558,7087,1992,7410,5528],"class_list":["post-430102","post","type-post","status-publish","format-standard","has-post-thumbnail","hentry","category-tecnologia","tag-a-aeronautica","tag-a-astronomia","tag-ciencia","tag-esa","tag-exploracao"],"yoast_head":"<!-- This site is optimized with the Yoast SEO plugin v27.2 - https:\/\/yoast.com\/product\/yoast-seo-wordpress\/ -->\n<title>Fotografias mostram a noite em que o mundo viu humanos partir \u00e0 Lua - Portal Tela Portugal<\/title>\n<meta name=\"robots\" content=\"index, follow, max-snippet:-1, max-image-preview:large, max-video-preview:-1\" \/>\n<meta property=\"og:locale\" content=\"pt_PT\" \/>\n<meta property=\"og:type\" content=\"article\" \/>\n<meta property=\"og:title\" content=\"Fotografias mostram a noite em que o mundo viu humanos partir \u00e0 Lua - Portal Tela Portugal\" \/>\n<meta property=\"og:description\" content=\"A miss\u00e3o Artemis II arrancou nesta quarta-feira, com quatro astronautas a bordo, rumo \u00e0 \u00f3rbita da Lua. O descolagem ocorreu \u00e0s 23h35 de Portugal continental, no Centro Espacial Kennedy, na Florida, com apoio europeu, canadiano e japon\u00eas. O objetivo \u00e9 preparar o caminho para Artemis III, com testes de m\u00f3dulos lunares, e Artemis IV, prevista para 2028, que dever\u00e1 levar dois astronautas \u00e0 superf\u00edcie lunar. Durante dez dias de miss\u00e3o, a tripula\u00e7\u00e3o testa sistemas de oxig\u00e9nio, \u00e1gua e climatiza\u00e7\u00e3o, com componentes desenvolvidos pela Ag\u00eancia Espacial Europeia e empresas europeias; a tripula\u00e7\u00e3o ver\u00e1 a Lua pela primeira vez em mais de cinquenta anos. Houve falha de comunica\u00e7\u00e3o no lan\u00e7amento e um problema com a casa de banho da c\u00e1psula \u00d3rion, que aguardam resolver em breve.\" \/>\n<meta property=\"og:url\" content=\"https:\/\/portaltela.pt\/noticias\/2026\/04\/02\/fotografias-mostram-a-noite-em-que-o-mundo-viu-humanos-partir-a-lua\/\" \/>\n<meta property=\"og:site_name\" content=\"Portal Tela Portugal\" \/>\n<meta property=\"article:published_time\" content=\"2026-04-02T09:17:04+00:00\" \/>\n<meta name=\"author\" content=\"Telinha\" \/>\n<meta name=\"twitter:card\" content=\"summary_large_image\" \/>\n<meta name=\"twitter:label1\" content=\"Escrito por\" \/>\n\t<meta name=\"twitter:data1\" content=\"Telinha\" \/>\n\t<meta name=\"twitter:label2\" content=\"Tempo estimado de leitura\" \/>\n\t<meta name=\"twitter:data2\" content=\"1 minuto\" \/>\n<script type=\"application\/ld+json\" class=\"yoast-schema-graph\">{\"@context\":\"https:\/\/schema.org\",\"@graph\":[{\"@type\":\"Article\",\"@id\":\"https:\/\/portaltela.pt\/noticias\/2026\/04\/02\/fotografias-mostram-a-noite-em-que-o-mundo-viu-humanos-partir-a-lua\/#article\",\"isPartOf\":{\"@id\":\"https:\/\/portaltela.pt\/noticias\/2026\/04\/02\/fotografias-mostram-a-noite-em-que-o-mundo-viu-humanos-partir-a-lua\/\"},\"author\":{\"name\":\"Telinha\",\"@id\":\"https:\/\/portaltela.pt\/#\/schema\/person\/c4278d4a6028830caff9ee44b42d32ed\"},\"headline\":\"Fotografias mostram a noite em que o mundo viu humanos partir \u00e0 Lua\",\"datePublished\":\"2026-04-02T09:17:04+00:00\",\"mainEntityOfPage\":{\"@id\":\"https:\/\/portaltela.pt\/noticias\/2026\/04\/02\/fotografias-mostram-a-noite-em-que-o-mundo-viu-humanos-partir-a-lua\/\"},\"wordCount\":257,\"image\":{\"@id\":\"https:\/\/portaltela.pt\/noticias\/2026\/04\/02\/fotografias-mostram-a-noite-em-que-o-mundo-viu-humanos-partir-a-lua\/#primaryimage\"},\"thumbnailUrl\":\"https:\/\/portaltela.pt\/s.01k8rhncp4jt1\/2026\/04\/2078789.jpg\",\"keywords\":[\"a aeron\u00e1utica\",\"a astronomia\",\"ci\u00eancia\",\"ESA\",\"explora\u00e7\u00e3o\"],\"articleSection\":[\"Tecnologia\"],\"inLanguage\":\"pt-PT\"},{\"@type\":\"WebPage\",\"@id\":\"https:\/\/portaltela.pt\/noticias\/2026\/04\/02\/fotografias-mostram-a-noite-em-que-o-mundo-viu-humanos-partir-a-lua\/\",\"url\":\"https:\/\/portaltela.pt\/noticias\/2026\/04\/02\/fotografias-mostram-a-noite-em-que-o-mundo-viu-humanos-partir-a-lua\/\",\"name\":\"Fotografias mostram a noite em que o mundo viu humanos partir \u00e0 Lua - Portal Tela Portugal\",\"isPartOf\":{\"@id\":\"https:\/\/portaltela.pt\/#website\"},\"primaryImageOfPage\":{\"@id\":\"https:\/\/portaltela.pt\/noticias\/2026\/04\/02\/fotografias-mostram-a-noite-em-que-o-mundo-viu-humanos-partir-a-lua\/#primaryimage\"},\"image\":{\"@id\":\"https:\/\/portaltela.pt\/noticias\/2026\/04\/02\/fotografias-mostram-a-noite-em-que-o-mundo-viu-humanos-partir-a-lua\/#primaryimage\"},\"thumbnailUrl\":\"https:\/\/portaltela.pt\/s.01k8rhncp4jt1\/2026\/04\/2078789.jpg\",\"datePublished\":\"2026-04-02T09:17:04+00:00\",\"author\":{\"@id\":\"https:\/\/portaltela.pt\/#\/schema\/person\/c4278d4a6028830caff9ee44b42d32ed\"},\"breadcrumb\":{\"@id\":\"https:\/\/portaltela.pt\/noticias\/2026\/04\/02\/fotografias-mostram-a-noite-em-que-o-mundo-viu-humanos-partir-a-lua\/#breadcrumb\"},\"inLanguage\":\"pt-PT\",\"potentialAction\":[{\"@type\":\"ReadAction\",\"target\":[\"https:\/\/portaltela.pt\/noticias\/2026\/04\/02\/fotografias-mostram-a-noite-em-que-o-mundo-viu-humanos-partir-a-lua\/\"]}]},{\"@type\":\"ImageObject\",\"inLanguage\":\"pt-PT\",\"@id\":\"https:\/\/portaltela.pt\/noticias\/2026\/04\/02\/fotografias-mostram-a-noite-em-que-o-mundo-viu-humanos-partir-a-lua\/#primaryimage\",\"url\":\"https:\/\/portaltela.pt\/s.01k8rhncp4jt1\/2026\/04\/2078789.jpg\",\"contentUrl\":\"https:\/\/portaltela.pt\/s.01k8rhncp4jt1\/2026\/04\/2078789.jpg\",\"width\":796,\"height\":448,\"caption\":\"O comandante Reid Wiseman antes da descolagem, e impedido de contactar durante tr\u00eas semanas com familiares, a assinalar a despedida com um cora\u00e7\u00e3o para as duas filhas que estavam a assistir\"},{\"@type\":\"BreadcrumbList\",\"@id\":\"https:\/\/portaltela.pt\/noticias\/2026\/04\/02\/fotografias-mostram-a-noite-em-que-o-mundo-viu-humanos-partir-a-lua\/#breadcrumb\",\"itemListElement\":[{\"@type\":\"ListItem\",\"position\":1,\"name\":\"In\u00edcio\",\"item\":\"https:\/\/portaltela.pt\/\"},{\"@type\":\"ListItem\",\"position\":2,\"name\":\"Fotografias mostram a noite em que o mundo viu humanos partir \u00e0 Lua\"}]},{\"@type\":\"WebSite\",\"@id\":\"https:\/\/portaltela.pt\/#website\",\"url\":\"https:\/\/portaltela.pt\/\",\"name\":\"Portal Tela Portugal\",\"description\":\"\",\"potentialAction\":[{\"@type\":\"SearchAction\",\"target\":{\"@type\":\"EntryPoint\",\"urlTemplate\":\"https:\/\/portaltela.pt\/?s={search_term_string}\"},\"query-input\":{\"@type\":\"PropertyValueSpecification\",\"valueRequired\":true,\"valueName\":\"search_term_string\"}}],\"inLanguage\":\"pt-PT\"},{\"@type\":\"Person\",\"@id\":\"https:\/\/portaltela.pt\/#\/schema\/person\/c4278d4a6028830caff9ee44b42d32ed\",\"name\":\"Telinha\",\"image\":{\"@type\":\"ImageObject\",\"inLanguage\":\"pt-PT\",\"@id\":\"https:\/\/portaltela.pt\/s.01k8rhncp4jt1\/2025\/11\/talking-bot-125x125.png\",\"url\":\"https:\/\/portaltela.pt\/s.01k8rhncp4jt1\/2025\/11\/talking-bot-125x125.png\",\"contentUrl\":\"https:\/\/portaltela.pt\/s.01k8rhncp4jt1\/2025\/11\/talking-bot-125x125.png\",\"caption\":\"Telinha\"},\"sameAs\":[\"https:\/\/portaltela.pt\/\"],\"url\":\"https:\/\/portaltela.pt\/por\/367410592786\/\"}]}<\/script>\n<!-- \/ Yoast SEO plugin. -->","yoast_head_json":{"title":"Fotografias mostram a noite em que o mundo viu humanos partir \u00e0 Lua - Portal Tela Portugal","robots":{"index":"index","follow":"follow","max-snippet":"max-snippet:-1","max-image-preview":"max-image-preview:large","max-video-preview":"max-video-preview:-1"},"og_locale":"pt_PT","og_type":"article","og_title":"Fotografias mostram a noite em que o mundo viu humanos partir \u00e0 Lua - Portal Tela Portugal","og_description":"A miss\u00e3o Artemis II arrancou nesta quarta-feira, com quatro astronautas a bordo, rumo \u00e0 \u00f3rbita da Lua. O descolagem ocorreu \u00e0s 23h35 de Portugal continental, no Centro Espacial Kennedy, na Florida, com apoio europeu, canadiano e japon\u00eas. O objetivo \u00e9 preparar o caminho para Artemis III, com testes de m\u00f3dulos lunares, e Artemis IV, prevista para 2028, que dever\u00e1 levar dois astronautas \u00e0 superf\u00edcie lunar. Durante dez dias de miss\u00e3o, a tripula\u00e7\u00e3o testa sistemas de oxig\u00e9nio, \u00e1gua e climatiza\u00e7\u00e3o, com componentes desenvolvidos pela Ag\u00eancia Espacial Europeia e empresas europeias; a tripula\u00e7\u00e3o ver\u00e1 a Lua pela primeira vez em mais de cinquenta anos. Houve falha de comunica\u00e7\u00e3o no lan\u00e7amento e um problema com a casa de banho da c\u00e1psula \u00d3rion, que aguardam resolver em breve.","og_url":"https:\/\/portaltela.pt\/noticias\/2026\/04\/02\/fotografias-mostram-a-noite-em-que-o-mundo-viu-humanos-partir-a-lua\/","og_site_name":"Portal Tela Portugal","article_published_time":"2026-04-02T09:17:04+00:00","author":"Telinha","twitter_card":"summary_large_image","twitter_misc":{"Escrito por":"Telinha","Tempo estimado de leitura":"1 minuto"},"schema":{"@context":"https:\/\/schema.org","@graph":[{"@type":"Article","@id":"https:\/\/portaltela.pt\/noticias\/2026\/04\/02\/fotografias-mostram-a-noite-em-que-o-mundo-viu-humanos-partir-a-lua\/#article","isPartOf":{"@id":"https:\/\/portaltela.pt\/noticias\/2026\/04\/02\/fotografias-mostram-a-noite-em-que-o-mundo-viu-humanos-partir-a-lua\/"},"author":{"name":"Telinha","@id":"https:\/\/portaltela.pt\/#\/schema\/person\/c4278d4a6028830caff9ee44b42d32ed"},"headline":"Fotografias mostram a noite em que o mundo viu humanos partir \u00e0 Lua","datePublished":"2026-04-02T09:17:04+00:00","mainEntityOfPage":{"@id":"https:\/\/portaltela.pt\/noticias\/2026\/04\/02\/fotografias-mostram-a-noite-em-que-o-mundo-viu-humanos-partir-a-lua\/"},"wordCount":257,"image":{"@id":"https:\/\/portaltela.pt\/noticias\/2026\/04\/02\/fotografias-mostram-a-noite-em-que-o-mundo-viu-humanos-partir-a-lua\/#primaryimage"},"thumbnailUrl":"https:\/\/portaltela.pt\/s.01k8rhncp4jt1\/2026\/04\/2078789.jpg","keywords":["a aeron\u00e1utica","a astronomia","ci\u00eancia","ESA","explora\u00e7\u00e3o"],"articleSection":["Tecnologia"],"inLanguage":"pt-PT"},{"@type":"WebPage","@id":"https:\/\/portaltela.pt\/noticias\/2026\/04\/02\/fotografias-mostram-a-noite-em-que-o-mundo-viu-humanos-partir-a-lua\/","url":"https:\/\/portaltela.pt\/noticias\/2026\/04\/02\/fotografias-mostram-a-noite-em-que-o-mundo-viu-humanos-partir-a-lua\/","name":"Fotografias mostram a noite em que o mundo viu humanos partir \u00e0 Lua - Portal Tela Portugal","isPartOf":{"@id":"https:\/\/portaltela.pt\/#website"},"primaryImageOfPage":{"@id":"https:\/\/portaltela.pt\/noticias\/2026\/04\/02\/fotografias-mostram-a-noite-em-que-o-mundo-viu-humanos-partir-a-lua\/#primaryimage"},"image":{"@id":"https:\/\/portaltela.pt\/noticias\/2026\/04\/02\/fotografias-mostram-a-noite-em-que-o-mundo-viu-humanos-partir-a-lua\/#primaryimage"},"thumbnailUrl":"https:\/\/portaltela.pt\/s.01k8rhncp4jt1\/2026\/04\/2078789.jpg","datePublished":"2026-04-02T09:17:04+00:00","author":{"@id":"https:\/\/portaltela.pt\/#\/schema\/person\/c4278d4a6028830caff9ee44b42d32ed"},"breadcrumb":{"@id":"https:\/\/portaltela.pt\/noticias\/2026\/04\/02\/fotografias-mostram-a-noite-em-que-o-mundo-viu-humanos-partir-a-lua\/#breadcrumb"},"inLanguage":"pt-PT","potentialAction":[{"@type":"ReadAction","target":["https:\/\/portaltela.pt\/noticias\/2026\/04\/02\/fotografias-mostram-a-noite-em-que-o-mundo-viu-humanos-partir-a-lua\/"]}]},{"@type":"ImageObject","inLanguage":"pt-PT","@id":"https:\/\/portaltela.pt\/noticias\/2026\/04\/02\/fotografias-mostram-a-noite-em-que-o-mundo-viu-humanos-partir-a-lua\/#primaryimage","url":"https:\/\/portaltela.pt\/s.01k8rhncp4jt1\/2026\/04\/2078789.jpg","contentUrl":"https:\/\/portaltela.pt\/s.01k8rhncp4jt1\/2026\/04\/2078789.jpg","width":796,"height":448,"caption":"O comandante Reid Wiseman antes da descolagem, e impedido de contactar durante tr\u00eas semanas com familiares, a assinalar a despedida com um cora\u00e7\u00e3o para as duas filhas que estavam a assistir"},{"@type":"BreadcrumbList","@id":"https:\/\/portaltela.pt\/noticias\/2026\/04\/02\/fotografias-mostram-a-noite-em-que-o-mundo-viu-humanos-partir-a-lua\/#breadcrumb","itemListElement":[{"@type":"ListItem","position":1,"name":"In\u00edcio","item":"https:\/\/portaltela.pt\/"},{"@type":"ListItem","position":2,"name":"Fotografias mostram a noite em que o mundo viu humanos partir \u00e0 Lua"}]},{"@type":"WebSite","@id":"https:\/\/portaltela.pt\/#website","url":"https:\/\/portaltela.pt\/","name":"Portal Tela Portugal","description":"","potentialAction":[{"@type":"SearchAction","target":{"@type":"EntryPoint","urlTemplate":"https:\/\/portaltela.pt\/?s={search_term_string}"},"query-input":{"@type":"PropertyValueSpecification","valueRequired":true,"valueName":"search_term_string"}}],"inLanguage":"pt-PT"},{"@type":"Person","@id":"https:\/\/portaltela.pt\/#\/schema\/person\/c4278d4a6028830caff9ee44b42d32ed","name":"Telinha","image":{"@type":"ImageObject","inLanguage":"pt-PT","@id":"https:\/\/portaltela.pt\/s.01k8rhncp4jt1\/2025\/11\/talking-bot-125x125.png","url":"https:\/\/portaltela.pt\/s.01k8rhncp4jt1\/2025\/11\/talking-bot-125x125.png","contentUrl":"https:\/\/portaltela.pt\/s.01k8rhncp4jt1\/2025\/11\/talking-bot-125x125.png","caption":"Telinha"},"sameAs":["https:\/\/portaltela.pt\/"],"url":"https:\/\/portaltela.pt\/por\/367410592786\/"}]}},"_links":{"self":[{"href":"https:\/\/portaltela.pt\/api\/wp\/v2\/posts\/430102","targetHints":{"allow":["GET"]}}],"collection":[{"href":"https:\/\/portaltela.pt\/api\/wp\/v2\/posts"}],"about":[{"href":"https:\/\/portaltela.pt\/api\/wp\/v2\/types\/post"}],"author":[{"embeddable":true,"href":"https:\/\/portaltela.pt\/api\/wp\/v2\/users\/2"}],"replies":[{"embeddable":true,"href":"https:\/\/portaltela.pt\/api\/wp\/v2\/comments?post=430102"}],"version-history":[{"count":0,"href":"https:\/\/portaltela.pt\/api\/wp\/v2\/posts\/430102\/revisions"}],"wp:featuredmedia":[{"embeddable":true,"href":"https:\/\/portaltela.pt\/api\/wp\/v2\/media\/430104"}],"wp:attachment":[{"href":"https:\/\/portaltela.pt\/api\/wp\/v2\/media?parent=430102"}],"wp:term":[{"taxonomy":"category","embeddable":true,"href":"https:\/\/portaltela.pt\/api\/wp\/v2\/categories?post=430102"},{"taxonomy":"post_tag","embeddable":true,"href":"https:\/\/portaltela.pt\/api\/wp\/v2\/tags?post=430102"}],"curies":[{"name":"wp","href":"https:\/\/api.w.org\/{rel}","templated":true}]}}