{"id":430099,"date":"2026-04-02T06:17:02","date_gmt":"2026-04-02T09:17:02","guid":{"rendered":"https:\/\/portaltela.pt\/noticias\/2026\/04\/02\/primeiro-ministro-sueco-planeia-incluir-extrema-direita-no-futuro-governo\/"},"modified":"2026-04-02T06:17:02","modified_gmt":"2026-04-02T09:17:02","slug":"primeiro-ministro-sueco-planeia-incluir-extrema-direita-no-futuro-governo","status":"publish","type":"post","link":"https:\/\/portaltela.pt\/noticias\/2026\/04\/02\/primeiro-ministro-sueco-planeia-incluir-extrema-direita-no-futuro-governo\/","title":{"rendered":"Primeiro-ministro sueco planeia incluir extrema-direita no futuro governo"},"content":{"rendered":"<p>Um an\u00fancio do primeiro-ministro sueco, Ulf Kristersson, promete maior influ\u00eancia da direita radical num eventual segundo mandato da coliga\u00e7\u00e3o de centro-direita. A promessa surge caso os Democratas Suecos obtenham maior apoio nas legislativas de setembro. A medida visa assegurar uma maioria est\u00e1vel no governo.<\/p>\n<p>Kristersson revelou a inten\u00e7\u00e3o numa confer\u00eancia de imprensa comum com Jimmie Akesson, l\u00edder dos Democratas Suecos. O objetivo \u00e9 garantir apoio parlamentar suficiente para um governo s\u00f3lido, caso o seu bloco seja o mais votado.<\/p>\n<p>Os Democratas Suecos s\u00e3o centrados na agenda anti-imigra\u00e7\u00e3o e j\u00e1 t\u00eam coopera\u00e7\u00e3o com a coliga\u00e7\u00e3o governamental atual. A entrada formal da extrema-direita no executivo permanece in\u00e9dita na hist\u00f3ria pol\u00edtica da Su\u00e9cia.<\/p>\n<h3>Contexto eleitoral e crescimento da extrema-direita<\/h3>\n<p>Nas \u00faltimas elei\u00e7\u00f5es, os Democratas Suecos ficaram em segundo, para os Social-Democratas. O apoio parlamentar tem sido decisivo para manter o governo de Kristersson, mesmo sem a maioria absoluta.<\/p>\n<p>O discurso de Kristersson destacou a imigra\u00e7\u00e3o como tema priorit\u00e1rio. Apesar de n\u00e3o integrarem o governo, as propostas da extrema-direita influenciam pol\u00edticas restritivas j\u00e1 em vigor.<\/p>\n<p>O Governo aprovou recentemente leis para deporta\u00e7\u00e3o de imigrantes sem meios para uma vida honesta e alargou condi\u00e7\u00f5es para recusa de resid\u00eancia. Akesson saudou a possibilidade de participa\u00e7\u00e3o governamental, enfatizando o peso eleitoral do seu partido.<\/p>\n<h3>Rea\u00e7\u00f5es e leitura do cen\u00e1rio<\/h3>\n<p>Cr\u00edticos \u00e0 esquerda consideram a alian\u00e7a uma ced\u00eancia significativa. Magdalena Andersson, ex-primeira-ministra, receia instabilidade e sublinha que Akesson ter\u00e1 maior poder de decis\u00e3o.<\/p>\n<p>Outros atores pol\u00edticos manifestaram reservas, com chamados para evitar ministros de direita radical no governo. A Esquerda qualificou a perspetiva como repugnante e pediu unidade da oposi\u00e7\u00e3o.<\/p>\n<p>Os social-democratas enfrentam dificuldades para apresentar uma alternativa govern\u00e1vel. A corrida eleitoral mant\u00e9m-se altamente competitiva, com os cen\u00e1rios a dependerem do desempenho dos partidos menores.<\/p>\n","protected":false},"excerpt":{"rendered":"<ul>\n<li>O primeiro-ministro Ulf Kristersson prometeu dar maior influ\u00eancia \u00e0 direita radical caso a sua coliga\u00e7\u00e3o de centro-direita seja a mais votada nas elei\u00e7\u00f5es legislativas de setembro.<\/li>\n<li>Os Democratas Suecos, que t\u00eam lutado contra a imigra\u00e7\u00e3o, j\u00e1 cooperam com a coliga\u00e7\u00e3o governamental atual, mas a promessa indica que entrar\u00e3o no pr\u00f3ximo executivo.<\/li>\n<li>As sondagens apontam para o favoritismo dos sociais-democratas, com os Democratas Suecos em segundo, enquanto os Moderados ocupam o terceiro lugar.<\/li>\n<li>A influ\u00eancia dos Democratas Suecos no governo pode ser decisiva, especialmente face ao apoio parlamentar que o partido tem prestado \u00e0 coliga\u00e7\u00e3o.<\/li>\n<li>A estrat\u00e9gia gerou cr\u00edticas da esquerda, com acusa\u00e7\u00f5es de ced\u00eancia ao extremismo e receios de instabilidade institucional caso a extrema-direita integre governo.<\/li>\n<\/ul>\n","protected":false},"author":2,"featured_media":430101,"comment_status":"closed","ping_status":"closed","sticky":false,"template":"","format":"standard","meta":{"footnotes":""},"categories":[6814,1],"tags":[2795,2487,3446,712,2832,5698],"class_list":["post-430099","post","type-post","status-publish","format-standard","has-post-thumbnail","hentry","category-geopolitica","category-noticias","tag-democracia","tag-europa","tag-extremismo","tag-imigracao","tag-politica","tag-politica-internacional"],"yoast_head":"<!-- This site is optimized with the Yoast SEO plugin v27.2 - https:\/\/yoast.com\/product\/yoast-seo-wordpress\/ -->\n<title>Primeiro-ministro sueco planeia incluir extrema-direita no futuro governo - Portal Tela Portugal<\/title>\n<meta name=\"robots\" content=\"index, follow, max-snippet:-1, max-image-preview:large, max-video-preview:-1\" \/>\n<meta property=\"og:locale\" content=\"pt_PT\" \/>\n<meta property=\"og:type\" content=\"article\" \/>\n<meta property=\"og:title\" content=\"Primeiro-ministro sueco planeia incluir extrema-direita no futuro governo - Portal Tela Portugal\" \/>\n<meta property=\"og:description\" content=\"O primeiro-ministro Ulf Kristersson prometeu dar maior influ\u00eancia \u00e0 direita radical caso a sua coliga\u00e7\u00e3o de centro-direita seja a mais votada nas elei\u00e7\u00f5es legislativas de setembro. Os Democratas Suecos, que t\u00eam lutado contra a imigra\u00e7\u00e3o, j\u00e1 cooperam com a coliga\u00e7\u00e3o governamental atual, mas a promessa indica que entrar\u00e3o no pr\u00f3ximo executivo. As sondagens apontam para o favoritismo dos sociais-democratas, com os Democratas Suecos em segundo, enquanto os Moderados ocupam o terceiro lugar. A influ\u00eancia dos Democratas Suecos no governo pode ser decisiva, especialmente face ao apoio parlamentar que o partido tem prestado \u00e0 coliga\u00e7\u00e3o. A estrat\u00e9gia gerou cr\u00edticas da esquerda, com acusa\u00e7\u00f5es de ced\u00eancia ao extremismo e receios de instabilidade institucional caso a extrema-direita integre governo.\" \/>\n<meta property=\"og:url\" content=\"https:\/\/portaltela.pt\/noticias\/2026\/04\/02\/primeiro-ministro-sueco-planeia-incluir-extrema-direita-no-futuro-governo\/\" \/>\n<meta property=\"og:site_name\" content=\"Portal Tela Portugal\" \/>\n<meta property=\"article:published_time\" content=\"2026-04-02T09:17:02+00:00\" \/>\n<meta name=\"author\" content=\"Telinha\" \/>\n<meta name=\"twitter:card\" content=\"summary_large_image\" \/>\n<meta name=\"twitter:label1\" content=\"Escrito por\" \/>\n\t<meta name=\"twitter:data1\" content=\"Telinha\" \/>\n\t<meta name=\"twitter:label2\" content=\"Tempo estimado de leitura\" \/>\n\t<meta name=\"twitter:data2\" content=\"2 minutos\" \/>\n<script type=\"application\/ld+json\" class=\"yoast-schema-graph\">{\"@context\":\"https:\/\/schema.org\",\"@graph\":[{\"@type\":\"Article\",\"@id\":\"https:\/\/portaltela.pt\/noticias\/2026\/04\/02\/primeiro-ministro-sueco-planeia-incluir-extrema-direita-no-futuro-governo\/#article\",\"isPartOf\":{\"@id\":\"https:\/\/portaltela.pt\/noticias\/2026\/04\/02\/primeiro-ministro-sueco-planeia-incluir-extrema-direita-no-futuro-governo\/\"},\"author\":{\"name\":\"Telinha\",\"@id\":\"https:\/\/portaltela.pt\/#\/schema\/person\/c4278d4a6028830caff9ee44b42d32ed\"},\"headline\":\"Primeiro-ministro sueco planeia incluir extrema-direita no futuro governo\",\"datePublished\":\"2026-04-02T09:17:02+00:00\",\"mainEntityOfPage\":{\"@id\":\"https:\/\/portaltela.pt\/noticias\/2026\/04\/02\/primeiro-ministro-sueco-planeia-incluir-extrema-direita-no-futuro-governo\/\"},\"wordCount\":330,\"image\":{\"@id\":\"https:\/\/portaltela.pt\/noticias\/2026\/04\/02\/primeiro-ministro-sueco-planeia-incluir-extrema-direita-no-futuro-governo\/#primaryimage\"},\"thumbnailUrl\":\"https:\/\/portaltela.pt\/s.01k8rhncp4jt1\/2026\/04\/2078805.jpg\",\"keywords\":[\"democracia\",\"Europa\",\"extremismo\",\"imigra\u00e7\u00e3o\",\"pol\u00edtica\",\"pol\u00edtica internacional\"],\"articleSection\":[\"Geopol\u00edtica\",\"Not\u00edcias\"],\"inLanguage\":\"pt-PT\"},{\"@type\":\"WebPage\",\"@id\":\"https:\/\/portaltela.pt\/noticias\/2026\/04\/02\/primeiro-ministro-sueco-planeia-incluir-extrema-direita-no-futuro-governo\/\",\"url\":\"https:\/\/portaltela.pt\/noticias\/2026\/04\/02\/primeiro-ministro-sueco-planeia-incluir-extrema-direita-no-futuro-governo\/\",\"name\":\"Primeiro-ministro sueco planeia incluir extrema-direita no futuro governo - Portal Tela Portugal\",\"isPartOf\":{\"@id\":\"https:\/\/portaltela.pt\/#website\"},\"primaryImageOfPage\":{\"@id\":\"https:\/\/portaltela.pt\/noticias\/2026\/04\/02\/primeiro-ministro-sueco-planeia-incluir-extrema-direita-no-futuro-governo\/#primaryimage\"},\"image\":{\"@id\":\"https:\/\/portaltela.pt\/noticias\/2026\/04\/02\/primeiro-ministro-sueco-planeia-incluir-extrema-direita-no-futuro-governo\/#primaryimage\"},\"thumbnailUrl\":\"https:\/\/portaltela.pt\/s.01k8rhncp4jt1\/2026\/04\/2078805.jpg\",\"datePublished\":\"2026-04-02T09:17:02+00:00\",\"author\":{\"@id\":\"https:\/\/portaltela.pt\/#\/schema\/person\/c4278d4a6028830caff9ee44b42d32ed\"},\"breadcrumb\":{\"@id\":\"https:\/\/portaltela.pt\/noticias\/2026\/04\/02\/primeiro-ministro-sueco-planeia-incluir-extrema-direita-no-futuro-governo\/#breadcrumb\"},\"inLanguage\":\"pt-PT\",\"potentialAction\":[{\"@type\":\"ReadAction\",\"target\":[\"https:\/\/portaltela.pt\/noticias\/2026\/04\/02\/primeiro-ministro-sueco-planeia-incluir-extrema-direita-no-futuro-governo\/\"]}]},{\"@type\":\"ImageObject\",\"inLanguage\":\"pt-PT\",\"@id\":\"https:\/\/portaltela.pt\/noticias\/2026\/04\/02\/primeiro-ministro-sueco-planeia-incluir-extrema-direita-no-futuro-governo\/#primaryimage\",\"url\":\"https:\/\/portaltela.pt\/s.01k8rhncp4jt1\/2026\/04\/2078805.jpg\",\"contentUrl\":\"https:\/\/portaltela.pt\/s.01k8rhncp4jt1\/2026\/04\/2078805.jpg\",\"width\":796,\"height\":448,\"caption\":\"O Governo de Ulf Kristersson tem tido o apoio parlamentar da extrema-direita\"},{\"@type\":\"BreadcrumbList\",\"@id\":\"https:\/\/portaltela.pt\/noticias\/2026\/04\/02\/primeiro-ministro-sueco-planeia-incluir-extrema-direita-no-futuro-governo\/#breadcrumb\",\"itemListElement\":[{\"@type\":\"ListItem\",\"position\":1,\"name\":\"In\u00edcio\",\"item\":\"https:\/\/portaltela.pt\/\"},{\"@type\":\"ListItem\",\"position\":2,\"name\":\"Primeiro-ministro sueco planeia incluir extrema-direita no futuro governo\"}]},{\"@type\":\"WebSite\",\"@id\":\"https:\/\/portaltela.pt\/#website\",\"url\":\"https:\/\/portaltela.pt\/\",\"name\":\"Portal Tela Portugal\",\"description\":\"\",\"potentialAction\":[{\"@type\":\"SearchAction\",\"target\":{\"@type\":\"EntryPoint\",\"urlTemplate\":\"https:\/\/portaltela.pt\/?s={search_term_string}\"},\"query-input\":{\"@type\":\"PropertyValueSpecification\",\"valueRequired\":true,\"valueName\":\"search_term_string\"}}],\"inLanguage\":\"pt-PT\"},{\"@type\":\"Person\",\"@id\":\"https:\/\/portaltela.pt\/#\/schema\/person\/c4278d4a6028830caff9ee44b42d32ed\",\"name\":\"Telinha\",\"image\":{\"@type\":\"ImageObject\",\"inLanguage\":\"pt-PT\",\"@id\":\"https:\/\/portaltela.pt\/s.01k8rhncp4jt1\/2025\/11\/talking-bot-125x125.png\",\"url\":\"https:\/\/portaltela.pt\/s.01k8rhncp4jt1\/2025\/11\/talking-bot-125x125.png\",\"contentUrl\":\"https:\/\/portaltela.pt\/s.01k8rhncp4jt1\/2025\/11\/talking-bot-125x125.png\",\"caption\":\"Telinha\"},\"sameAs\":[\"https:\/\/portaltela.pt\/\"],\"url\":\"https:\/\/portaltela.pt\/por\/367410592786\/\"}]}<\/script>\n<!-- \/ Yoast SEO plugin. -->","yoast_head_json":{"title":"Primeiro-ministro sueco planeia incluir extrema-direita no futuro governo - Portal Tela Portugal","robots":{"index":"index","follow":"follow","max-snippet":"max-snippet:-1","max-image-preview":"max-image-preview:large","max-video-preview":"max-video-preview:-1"},"og_locale":"pt_PT","og_type":"article","og_title":"Primeiro-ministro sueco planeia incluir extrema-direita no futuro governo - Portal Tela Portugal","og_description":"O primeiro-ministro Ulf Kristersson prometeu dar maior influ\u00eancia \u00e0 direita radical caso a sua coliga\u00e7\u00e3o de centro-direita seja a mais votada nas elei\u00e7\u00f5es legislativas de setembro. Os Democratas Suecos, que t\u00eam lutado contra a imigra\u00e7\u00e3o, j\u00e1 cooperam com a coliga\u00e7\u00e3o governamental atual, mas a promessa indica que entrar\u00e3o no pr\u00f3ximo executivo. As sondagens apontam para o favoritismo dos sociais-democratas, com os Democratas Suecos em segundo, enquanto os Moderados ocupam o terceiro lugar. A influ\u00eancia dos Democratas Suecos no governo pode ser decisiva, especialmente face ao apoio parlamentar que o partido tem prestado \u00e0 coliga\u00e7\u00e3o. A estrat\u00e9gia gerou cr\u00edticas da esquerda, com acusa\u00e7\u00f5es de ced\u00eancia ao extremismo e receios de instabilidade institucional caso a extrema-direita integre governo.","og_url":"https:\/\/portaltela.pt\/noticias\/2026\/04\/02\/primeiro-ministro-sueco-planeia-incluir-extrema-direita-no-futuro-governo\/","og_site_name":"Portal Tela Portugal","article_published_time":"2026-04-02T09:17:02+00:00","author":"Telinha","twitter_card":"summary_large_image","twitter_misc":{"Escrito por":"Telinha","Tempo estimado de leitura":"2 minutos"},"schema":{"@context":"https:\/\/schema.org","@graph":[{"@type":"Article","@id":"https:\/\/portaltela.pt\/noticias\/2026\/04\/02\/primeiro-ministro-sueco-planeia-incluir-extrema-direita-no-futuro-governo\/#article","isPartOf":{"@id":"https:\/\/portaltela.pt\/noticias\/2026\/04\/02\/primeiro-ministro-sueco-planeia-incluir-extrema-direita-no-futuro-governo\/"},"author":{"name":"Telinha","@id":"https:\/\/portaltela.pt\/#\/schema\/person\/c4278d4a6028830caff9ee44b42d32ed"},"headline":"Primeiro-ministro sueco planeia incluir extrema-direita no futuro governo","datePublished":"2026-04-02T09:17:02+00:00","mainEntityOfPage":{"@id":"https:\/\/portaltela.pt\/noticias\/2026\/04\/02\/primeiro-ministro-sueco-planeia-incluir-extrema-direita-no-futuro-governo\/"},"wordCount":330,"image":{"@id":"https:\/\/portaltela.pt\/noticias\/2026\/04\/02\/primeiro-ministro-sueco-planeia-incluir-extrema-direita-no-futuro-governo\/#primaryimage"},"thumbnailUrl":"https:\/\/portaltela.pt\/s.01k8rhncp4jt1\/2026\/04\/2078805.jpg","keywords":["democracia","Europa","extremismo","imigra\u00e7\u00e3o","pol\u00edtica","pol\u00edtica internacional"],"articleSection":["Geopol\u00edtica","Not\u00edcias"],"inLanguage":"pt-PT"},{"@type":"WebPage","@id":"https:\/\/portaltela.pt\/noticias\/2026\/04\/02\/primeiro-ministro-sueco-planeia-incluir-extrema-direita-no-futuro-governo\/","url":"https:\/\/portaltela.pt\/noticias\/2026\/04\/02\/primeiro-ministro-sueco-planeia-incluir-extrema-direita-no-futuro-governo\/","name":"Primeiro-ministro sueco planeia incluir extrema-direita no futuro governo - Portal Tela Portugal","isPartOf":{"@id":"https:\/\/portaltela.pt\/#website"},"primaryImageOfPage":{"@id":"https:\/\/portaltela.pt\/noticias\/2026\/04\/02\/primeiro-ministro-sueco-planeia-incluir-extrema-direita-no-futuro-governo\/#primaryimage"},"image":{"@id":"https:\/\/portaltela.pt\/noticias\/2026\/04\/02\/primeiro-ministro-sueco-planeia-incluir-extrema-direita-no-futuro-governo\/#primaryimage"},"thumbnailUrl":"https:\/\/portaltela.pt\/s.01k8rhncp4jt1\/2026\/04\/2078805.jpg","datePublished":"2026-04-02T09:17:02+00:00","author":{"@id":"https:\/\/portaltela.pt\/#\/schema\/person\/c4278d4a6028830caff9ee44b42d32ed"},"breadcrumb":{"@id":"https:\/\/portaltela.pt\/noticias\/2026\/04\/02\/primeiro-ministro-sueco-planeia-incluir-extrema-direita-no-futuro-governo\/#breadcrumb"},"inLanguage":"pt-PT","potentialAction":[{"@type":"ReadAction","target":["https:\/\/portaltela.pt\/noticias\/2026\/04\/02\/primeiro-ministro-sueco-planeia-incluir-extrema-direita-no-futuro-governo\/"]}]},{"@type":"ImageObject","inLanguage":"pt-PT","@id":"https:\/\/portaltela.pt\/noticias\/2026\/04\/02\/primeiro-ministro-sueco-planeia-incluir-extrema-direita-no-futuro-governo\/#primaryimage","url":"https:\/\/portaltela.pt\/s.01k8rhncp4jt1\/2026\/04\/2078805.jpg","contentUrl":"https:\/\/portaltela.pt\/s.01k8rhncp4jt1\/2026\/04\/2078805.jpg","width":796,"height":448,"caption":"O Governo de Ulf Kristersson tem tido o apoio parlamentar da extrema-direita"},{"@type":"BreadcrumbList","@id":"https:\/\/portaltela.pt\/noticias\/2026\/04\/02\/primeiro-ministro-sueco-planeia-incluir-extrema-direita-no-futuro-governo\/#breadcrumb","itemListElement":[{"@type":"ListItem","position":1,"name":"In\u00edcio","item":"https:\/\/portaltela.pt\/"},{"@type":"ListItem","position":2,"name":"Primeiro-ministro sueco planeia incluir extrema-direita no futuro governo"}]},{"@type":"WebSite","@id":"https:\/\/portaltela.pt\/#website","url":"https:\/\/portaltela.pt\/","name":"Portal Tela Portugal","description":"","potentialAction":[{"@type":"SearchAction","target":{"@type":"EntryPoint","urlTemplate":"https:\/\/portaltela.pt\/?s={search_term_string}"},"query-input":{"@type":"PropertyValueSpecification","valueRequired":true,"valueName":"search_term_string"}}],"inLanguage":"pt-PT"},{"@type":"Person","@id":"https:\/\/portaltela.pt\/#\/schema\/person\/c4278d4a6028830caff9ee44b42d32ed","name":"Telinha","image":{"@type":"ImageObject","inLanguage":"pt-PT","@id":"https:\/\/portaltela.pt\/s.01k8rhncp4jt1\/2025\/11\/talking-bot-125x125.png","url":"https:\/\/portaltela.pt\/s.01k8rhncp4jt1\/2025\/11\/talking-bot-125x125.png","contentUrl":"https:\/\/portaltela.pt\/s.01k8rhncp4jt1\/2025\/11\/talking-bot-125x125.png","caption":"Telinha"},"sameAs":["https:\/\/portaltela.pt\/"],"url":"https:\/\/portaltela.pt\/por\/367410592786\/"}]}},"_links":{"self":[{"href":"https:\/\/portaltela.pt\/api\/wp\/v2\/posts\/430099","targetHints":{"allow":["GET"]}}],"collection":[{"href":"https:\/\/portaltela.pt\/api\/wp\/v2\/posts"}],"about":[{"href":"https:\/\/portaltela.pt\/api\/wp\/v2\/types\/post"}],"author":[{"embeddable":true,"href":"https:\/\/portaltela.pt\/api\/wp\/v2\/users\/2"}],"replies":[{"embeddable":true,"href":"https:\/\/portaltela.pt\/api\/wp\/v2\/comments?post=430099"}],"version-history":[{"count":0,"href":"https:\/\/portaltela.pt\/api\/wp\/v2\/posts\/430099\/revisions"}],"wp:featuredmedia":[{"embeddable":true,"href":"https:\/\/portaltela.pt\/api\/wp\/v2\/media\/430101"}],"wp:attachment":[{"href":"https:\/\/portaltela.pt\/api\/wp\/v2\/media?parent=430099"}],"wp:term":[{"taxonomy":"category","embeddable":true,"href":"https:\/\/portaltela.pt\/api\/wp\/v2\/categories?post=430099"},{"taxonomy":"post_tag","embeddable":true,"href":"https:\/\/portaltela.pt\/api\/wp\/v2\/tags?post=430099"}],"curies":[{"name":"wp","href":"https:\/\/api.w.org\/{rel}","templated":true}]}}