{"id":430096,"date":"2026-04-02T06:16:49","date_gmt":"2026-04-02T09:16:49","guid":{"rendered":"https:\/\/portaltela.pt\/noticias\/2026\/04\/02\/pedido-de-barco-exclusivo-no-tejo-para-o-por-do-sol\/"},"modified":"2026-04-02T06:16:49","modified_gmt":"2026-04-02T09:16:49","slug":"pedido-de-barco-exclusivo-no-tejo-para-o-por-do-sol","status":"publish","type":"post","link":"https:\/\/portaltela.pt\/lazer\/2026\/04\/02\/pedido-de-barco-exclusivo-no-tejo-para-o-por-do-sol\/","title":{"rendered":"Pedido de barco exclusivo no Tejo para o p\u00f4r do sol"},"content":{"rendered":"<p>Foi apresentado o Yacht &amp; Sunset, um projecto de exclusividade a navegar pelo Tejo, com o objetivo de oferecer uma experi\u00eancia elegante ao p\u00f4r do sol. O Windless foi o barco utilizado para as primeiras sess\u00f5es de demonstra\u00e7\u00e3o, numa tarde de primavera com cheiro a ver\u00e3o.<\/p>\n<p>A iniciativa \u00e9 criada por S\u00e9bastien Pradon, empres\u00e1rio franc\u00eas que escolheu Portugal para respirar e desanuviar ap\u00f3s o ano de 2020. O conceito associa luxo, tranquilidade e uma vis\u00e3o de postal de Lisboa em tons dourados, voltada a quem procura uma experi\u00eancia diferente no rio.<\/p>\n<p>O passeio, cortesia da Yacht &amp; Sunset, envolve uma volta pelo Tejo com foco no relaxamento e na recupera\u00e7\u00e3o de energias. O objetivo \u00e9 oferecer uma maneira distinta de desfrutar da cidade e da regi\u00e3o, associando exclusividade a momentos de calma.<\/p>\n<h3>Sobre a Yacht &amp; Sunset<\/h3>\n<p>A proposta centra-se na exclusividade da experi\u00eancia, na eleg\u00e2ncia do trajecto pelo Tejo e na est\u00e9tica do p\u00f4r do sol. O projecto visa atrair clientes que valorizam um momento reservado com qualidade de servi\u00e7o. O Windless serve de refer\u00eancia para as futuras viagens.<\/p>\n","protected":false},"excerpt":{"rendered":"<ul>\n<li>A Yacht &amp; Sunset oferece um itiner\u00e1rio exclusivo no Tejo, a bordo do barco Windless, para um p\u00f4r-do-sol em Lisboa.<\/li>\n<li>O projeto destaca exclusividade, eleg\u00e2ncia e um postal da cidade em tons dourados.<\/li>\n<li>O passeio acontece num final de tarde primaveril, com cheiro a Ver\u00e3o, a bordo do Windless.<\/li>\n<li>A empresa foi criada por S\u00e9bastien Pradon, franc\u00eas de Marselha que mudou-se para Portugal para descontrair da turbul\u00eancia de 2020.<\/li>\n<li>O objetivo \u00e9 permitir aos clientes desligar, respirar e recuperar energias.<\/li>\n<\/ul>\n","protected":false},"author":2,"featured_media":430097,"comment_status":"closed","ping_status":"closed","sticky":false,"template":"","format":"standard","meta":{"footnotes":""},"categories":[7381],"tags":[981,1014,5022,2408,169,71],"class_list":["post-430096","post","type-post","status-publish","format-standard","has-post-thumbnail","hentry","category-lazer","tag-lisboa","tag-portugal","tag-portugal-continental","tag-tejo","tag-turismo","tag-viagens"],"yoast_head":"<!-- This site is optimized with the Yoast SEO plugin v27.2 - https:\/\/yoast.com\/product\/yoast-seo-wordpress\/ -->\n<title>Pedido de barco exclusivo no Tejo para o p\u00f4r do sol - Portal Tela Portugal<\/title>\n<meta name=\"robots\" content=\"index, follow, max-snippet:-1, max-image-preview:large, max-video-preview:-1\" \/>\n<meta property=\"og:locale\" content=\"pt_PT\" \/>\n<meta property=\"og:type\" content=\"article\" \/>\n<meta property=\"og:title\" content=\"Pedido de barco exclusivo no Tejo para o p\u00f4r do sol - Portal Tela Portugal\" \/>\n<meta property=\"og:description\" content=\"A Yacht &amp; Sunset oferece um itiner\u00e1rio exclusivo no Tejo, a bordo do barco Windless, para um p\u00f4r-do-sol em Lisboa. O projeto destaca exclusividade, eleg\u00e2ncia e um postal da cidade em tons dourados. O passeio acontece num final de tarde primaveril, com cheiro a Ver\u00e3o, a bordo do Windless. A empresa foi criada por S\u00e9bastien Pradon, franc\u00eas de Marselha que mudou-se para Portugal para descontrair da turbul\u00eancia de 2020. O objetivo \u00e9 permitir aos clientes desligar, respirar e recuperar energias.\" \/>\n<meta property=\"og:url\" content=\"https:\/\/portaltela.pt\/noticias\/2026\/04\/02\/pedido-de-barco-exclusivo-no-tejo-para-o-por-do-sol\/\" \/>\n<meta property=\"og:site_name\" content=\"Portal Tela Portugal\" \/>\n<meta property=\"article:published_time\" content=\"2026-04-02T09:16:49+00:00\" \/>\n<meta name=\"author\" content=\"Telinha\" \/>\n<meta name=\"twitter:card\" content=\"summary_large_image\" \/>\n<meta name=\"twitter:label1\" content=\"Escrito por\" \/>\n\t<meta name=\"twitter:data1\" content=\"Telinha\" \/>\n\t<meta name=\"twitter:label2\" content=\"Tempo estimado de leitura\" \/>\n\t<meta name=\"twitter:data2\" content=\"1 minuto\" \/>\n<script type=\"application\/ld+json\" class=\"yoast-schema-graph\">{\"@context\":\"https:\/\/schema.org\",\"@graph\":[{\"@type\":\"Article\",\"@id\":\"https:\/\/portaltela.pt\/noticias\/2026\/04\/02\/pedido-de-barco-exclusivo-no-tejo-para-o-por-do-sol\/#article\",\"isPartOf\":{\"@id\":\"https:\/\/portaltela.pt\/noticias\/2026\/04\/02\/pedido-de-barco-exclusivo-no-tejo-para-o-por-do-sol\/\"},\"author\":{\"name\":\"Telinha\",\"@id\":\"https:\/\/portaltela.pt\/#\/schema\/person\/c4278d4a6028830caff9ee44b42d32ed\"},\"headline\":\"Pedido de barco exclusivo no Tejo para o p\u00f4r do sol\",\"datePublished\":\"2026-04-02T09:16:49+00:00\",\"mainEntityOfPage\":{\"@id\":\"https:\/\/portaltela.pt\/noticias\/2026\/04\/02\/pedido-de-barco-exclusivo-no-tejo-para-o-por-do-sol\/\"},\"wordCount\":208,\"image\":{\"@id\":\"https:\/\/portaltela.pt\/noticias\/2026\/04\/02\/pedido-de-barco-exclusivo-no-tejo-para-o-por-do-sol\/#primaryimage\"},\"thumbnailUrl\":\"https:\/\/portaltela.pt\/s.01k8rhncp4jt1\/2026\/04\/2078472.jpg\",\"keywords\":[\"Lisboa\",\"Portugal\",\"Portugal Continental\",\"Tejo\",\"turismo\",\"viagens\"],\"articleSection\":[\"Lazer\"],\"inLanguage\":\"pt-PT\"},{\"@type\":\"WebPage\",\"@id\":\"https:\/\/portaltela.pt\/noticias\/2026\/04\/02\/pedido-de-barco-exclusivo-no-tejo-para-o-por-do-sol\/\",\"url\":\"https:\/\/portaltela.pt\/noticias\/2026\/04\/02\/pedido-de-barco-exclusivo-no-tejo-para-o-por-do-sol\/\",\"name\":\"Pedido de barco exclusivo no Tejo para o p\u00f4r do sol - Portal Tela Portugal\",\"isPartOf\":{\"@id\":\"https:\/\/portaltela.pt\/#website\"},\"primaryImageOfPage\":{\"@id\":\"https:\/\/portaltela.pt\/noticias\/2026\/04\/02\/pedido-de-barco-exclusivo-no-tejo-para-o-por-do-sol\/#primaryimage\"},\"image\":{\"@id\":\"https:\/\/portaltela.pt\/noticias\/2026\/04\/02\/pedido-de-barco-exclusivo-no-tejo-para-o-por-do-sol\/#primaryimage\"},\"thumbnailUrl\":\"https:\/\/portaltela.pt\/s.01k8rhncp4jt1\/2026\/04\/2078472.jpg\",\"datePublished\":\"2026-04-02T09:16:49+00:00\",\"author\":{\"@id\":\"https:\/\/portaltela.pt\/#\/schema\/person\/c4278d4a6028830caff9ee44b42d32ed\"},\"breadcrumb\":{\"@id\":\"https:\/\/portaltela.pt\/noticias\/2026\/04\/02\/pedido-de-barco-exclusivo-no-tejo-para-o-por-do-sol\/#breadcrumb\"},\"inLanguage\":\"pt-PT\",\"potentialAction\":[{\"@type\":\"ReadAction\",\"target\":[\"https:\/\/portaltela.pt\/noticias\/2026\/04\/02\/pedido-de-barco-exclusivo-no-tejo-para-o-por-do-sol\/\"]}]},{\"@type\":\"ImageObject\",\"inLanguage\":\"pt-PT\",\"@id\":\"https:\/\/portaltela.pt\/noticias\/2026\/04\/02\/pedido-de-barco-exclusivo-no-tejo-para-o-por-do-sol\/#primaryimage\",\"url\":\"https:\/\/portaltela.pt\/s.01k8rhncp4jt1\/2026\/04\/2078472.jpg\",\"contentUrl\":\"https:\/\/portaltela.pt\/s.01k8rhncp4jt1\/2026\/04\/2078472.jpg\",\"width\":796,\"height\":448,\"caption\":\"Yacht & Sunset: um passeio de barco no rio Tejo\"},{\"@type\":\"BreadcrumbList\",\"@id\":\"https:\/\/portaltela.pt\/noticias\/2026\/04\/02\/pedido-de-barco-exclusivo-no-tejo-para-o-por-do-sol\/#breadcrumb\",\"itemListElement\":[{\"@type\":\"ListItem\",\"position\":1,\"name\":\"In\u00edcio\",\"item\":\"https:\/\/portaltela.pt\/\"},{\"@type\":\"ListItem\",\"position\":2,\"name\":\"Pedido de barco exclusivo no Tejo para o p\u00f4r do sol\"}]},{\"@type\":\"WebSite\",\"@id\":\"https:\/\/portaltela.pt\/#website\",\"url\":\"https:\/\/portaltela.pt\/\",\"name\":\"Portal Tela Portugal\",\"description\":\"\",\"potentialAction\":[{\"@type\":\"SearchAction\",\"target\":{\"@type\":\"EntryPoint\",\"urlTemplate\":\"https:\/\/portaltela.pt\/?s={search_term_string}\"},\"query-input\":{\"@type\":\"PropertyValueSpecification\",\"valueRequired\":true,\"valueName\":\"search_term_string\"}}],\"inLanguage\":\"pt-PT\"},{\"@type\":\"Person\",\"@id\":\"https:\/\/portaltela.pt\/#\/schema\/person\/c4278d4a6028830caff9ee44b42d32ed\",\"name\":\"Telinha\",\"image\":{\"@type\":\"ImageObject\",\"inLanguage\":\"pt-PT\",\"@id\":\"https:\/\/portaltela.pt\/s.01k8rhncp4jt1\/2025\/11\/talking-bot-125x125.png\",\"url\":\"https:\/\/portaltela.pt\/s.01k8rhncp4jt1\/2025\/11\/talking-bot-125x125.png\",\"contentUrl\":\"https:\/\/portaltela.pt\/s.01k8rhncp4jt1\/2025\/11\/talking-bot-125x125.png\",\"caption\":\"Telinha\"},\"sameAs\":[\"https:\/\/portaltela.pt\/\"],\"url\":\"https:\/\/portaltela.pt\/por\/367410592786\/\"}]}<\/script>\n<!-- \/ Yoast SEO plugin. -->","yoast_head_json":{"title":"Pedido de barco exclusivo no Tejo para o p\u00f4r do sol - Portal Tela Portugal","robots":{"index":"index","follow":"follow","max-snippet":"max-snippet:-1","max-image-preview":"max-image-preview:large","max-video-preview":"max-video-preview:-1"},"og_locale":"pt_PT","og_type":"article","og_title":"Pedido de barco exclusivo no Tejo para o p\u00f4r do sol - Portal Tela Portugal","og_description":"A Yacht &amp; Sunset oferece um itiner\u00e1rio exclusivo no Tejo, a bordo do barco Windless, para um p\u00f4r-do-sol em Lisboa. O projeto destaca exclusividade, eleg\u00e2ncia e um postal da cidade em tons dourados. O passeio acontece num final de tarde primaveril, com cheiro a Ver\u00e3o, a bordo do Windless. A empresa foi criada por S\u00e9bastien Pradon, franc\u00eas de Marselha que mudou-se para Portugal para descontrair da turbul\u00eancia de 2020. O objetivo \u00e9 permitir aos clientes desligar, respirar e recuperar energias.","og_url":"https:\/\/portaltela.pt\/noticias\/2026\/04\/02\/pedido-de-barco-exclusivo-no-tejo-para-o-por-do-sol\/","og_site_name":"Portal Tela Portugal","article_published_time":"2026-04-02T09:16:49+00:00","author":"Telinha","twitter_card":"summary_large_image","twitter_misc":{"Escrito por":"Telinha","Tempo estimado de leitura":"1 minuto"},"schema":{"@context":"https:\/\/schema.org","@graph":[{"@type":"Article","@id":"https:\/\/portaltela.pt\/noticias\/2026\/04\/02\/pedido-de-barco-exclusivo-no-tejo-para-o-por-do-sol\/#article","isPartOf":{"@id":"https:\/\/portaltela.pt\/noticias\/2026\/04\/02\/pedido-de-barco-exclusivo-no-tejo-para-o-por-do-sol\/"},"author":{"name":"Telinha","@id":"https:\/\/portaltela.pt\/#\/schema\/person\/c4278d4a6028830caff9ee44b42d32ed"},"headline":"Pedido de barco exclusivo no Tejo para o p\u00f4r do sol","datePublished":"2026-04-02T09:16:49+00:00","mainEntityOfPage":{"@id":"https:\/\/portaltela.pt\/noticias\/2026\/04\/02\/pedido-de-barco-exclusivo-no-tejo-para-o-por-do-sol\/"},"wordCount":208,"image":{"@id":"https:\/\/portaltela.pt\/noticias\/2026\/04\/02\/pedido-de-barco-exclusivo-no-tejo-para-o-por-do-sol\/#primaryimage"},"thumbnailUrl":"https:\/\/portaltela.pt\/s.01k8rhncp4jt1\/2026\/04\/2078472.jpg","keywords":["Lisboa","Portugal","Portugal Continental","Tejo","turismo","viagens"],"articleSection":["Lazer"],"inLanguage":"pt-PT"},{"@type":"WebPage","@id":"https:\/\/portaltela.pt\/noticias\/2026\/04\/02\/pedido-de-barco-exclusivo-no-tejo-para-o-por-do-sol\/","url":"https:\/\/portaltela.pt\/noticias\/2026\/04\/02\/pedido-de-barco-exclusivo-no-tejo-para-o-por-do-sol\/","name":"Pedido de barco exclusivo no Tejo para o p\u00f4r do sol - Portal Tela Portugal","isPartOf":{"@id":"https:\/\/portaltela.pt\/#website"},"primaryImageOfPage":{"@id":"https:\/\/portaltela.pt\/noticias\/2026\/04\/02\/pedido-de-barco-exclusivo-no-tejo-para-o-por-do-sol\/#primaryimage"},"image":{"@id":"https:\/\/portaltela.pt\/noticias\/2026\/04\/02\/pedido-de-barco-exclusivo-no-tejo-para-o-por-do-sol\/#primaryimage"},"thumbnailUrl":"https:\/\/portaltela.pt\/s.01k8rhncp4jt1\/2026\/04\/2078472.jpg","datePublished":"2026-04-02T09:16:49+00:00","author":{"@id":"https:\/\/portaltela.pt\/#\/schema\/person\/c4278d4a6028830caff9ee44b42d32ed"},"breadcrumb":{"@id":"https:\/\/portaltela.pt\/noticias\/2026\/04\/02\/pedido-de-barco-exclusivo-no-tejo-para-o-por-do-sol\/#breadcrumb"},"inLanguage":"pt-PT","potentialAction":[{"@type":"ReadAction","target":["https:\/\/portaltela.pt\/noticias\/2026\/04\/02\/pedido-de-barco-exclusivo-no-tejo-para-o-por-do-sol\/"]}]},{"@type":"ImageObject","inLanguage":"pt-PT","@id":"https:\/\/portaltela.pt\/noticias\/2026\/04\/02\/pedido-de-barco-exclusivo-no-tejo-para-o-por-do-sol\/#primaryimage","url":"https:\/\/portaltela.pt\/s.01k8rhncp4jt1\/2026\/04\/2078472.jpg","contentUrl":"https:\/\/portaltela.pt\/s.01k8rhncp4jt1\/2026\/04\/2078472.jpg","width":796,"height":448,"caption":"Yacht & Sunset: um passeio de barco no rio Tejo"},{"@type":"BreadcrumbList","@id":"https:\/\/portaltela.pt\/noticias\/2026\/04\/02\/pedido-de-barco-exclusivo-no-tejo-para-o-por-do-sol\/#breadcrumb","itemListElement":[{"@type":"ListItem","position":1,"name":"In\u00edcio","item":"https:\/\/portaltela.pt\/"},{"@type":"ListItem","position":2,"name":"Pedido de barco exclusivo no Tejo para o p\u00f4r do sol"}]},{"@type":"WebSite","@id":"https:\/\/portaltela.pt\/#website","url":"https:\/\/portaltela.pt\/","name":"Portal Tela Portugal","description":"","potentialAction":[{"@type":"SearchAction","target":{"@type":"EntryPoint","urlTemplate":"https:\/\/portaltela.pt\/?s={search_term_string}"},"query-input":{"@type":"PropertyValueSpecification","valueRequired":true,"valueName":"search_term_string"}}],"inLanguage":"pt-PT"},{"@type":"Person","@id":"https:\/\/portaltela.pt\/#\/schema\/person\/c4278d4a6028830caff9ee44b42d32ed","name":"Telinha","image":{"@type":"ImageObject","inLanguage":"pt-PT","@id":"https:\/\/portaltela.pt\/s.01k8rhncp4jt1\/2025\/11\/talking-bot-125x125.png","url":"https:\/\/portaltela.pt\/s.01k8rhncp4jt1\/2025\/11\/talking-bot-125x125.png","contentUrl":"https:\/\/portaltela.pt\/s.01k8rhncp4jt1\/2025\/11\/talking-bot-125x125.png","caption":"Telinha"},"sameAs":["https:\/\/portaltela.pt\/"],"url":"https:\/\/portaltela.pt\/por\/367410592786\/"}]}},"_links":{"self":[{"href":"https:\/\/portaltela.pt\/api\/wp\/v2\/posts\/430096","targetHints":{"allow":["GET"]}}],"collection":[{"href":"https:\/\/portaltela.pt\/api\/wp\/v2\/posts"}],"about":[{"href":"https:\/\/portaltela.pt\/api\/wp\/v2\/types\/post"}],"author":[{"embeddable":true,"href":"https:\/\/portaltela.pt\/api\/wp\/v2\/users\/2"}],"replies":[{"embeddable":true,"href":"https:\/\/portaltela.pt\/api\/wp\/v2\/comments?post=430096"}],"version-history":[{"count":0,"href":"https:\/\/portaltela.pt\/api\/wp\/v2\/posts\/430096\/revisions"}],"wp:featuredmedia":[{"embeddable":true,"href":"https:\/\/portaltela.pt\/api\/wp\/v2\/media\/430097"}],"wp:attachment":[{"href":"https:\/\/portaltela.pt\/api\/wp\/v2\/media?parent=430096"}],"wp:term":[{"taxonomy":"category","embeddable":true,"href":"https:\/\/portaltela.pt\/api\/wp\/v2\/categories?post=430096"},{"taxonomy":"post_tag","embeddable":true,"href":"https:\/\/portaltela.pt\/api\/wp\/v2\/tags?post=430096"}],"curies":[{"name":"wp","href":"https:\/\/api.w.org\/{rel}","templated":true}]}}