{"id":430094,"date":"2026-04-02T06:16:34","date_gmt":"2026-04-02T09:16:34","guid":{"rendered":"https:\/\/portaltela.pt\/noticias\/2026\/04\/02\/air-france-klm-entra-na-corrida-pela-tap-com-proposta-de-participacao-minoritaria\/"},"modified":"2026-04-02T06:16:34","modified_gmt":"2026-04-02T09:16:34","slug":"air-france-klm-entra-na-corrida-pela-tap-com-proposta-de-participacao-minoritaria","status":"publish","type":"post","link":"https:\/\/portaltela.pt\/noticias\/economia\/2026\/04\/02\/air-france-klm-entra-na-corrida-pela-tap-com-proposta-de-participacao-minoritaria\/","title":{"rendered":"Air France-KLM entra na corrida pela TAP com proposta de participa\u00e7\u00e3o minorit\u00e1ria"},"content":{"rendered":"<p>O prazo para a apresenta\u00e7\u00e3o de propostas para a privatiza\u00e7\u00e3o da TAP encerra esta quinta-feira e o Governo portugu\u00eas aguarda tr\u00eas propostas para ficar com uma participa\u00e7\u00e3o minorit\u00e1ria da companhia. A Air France-KLM foi a primeira a confirmar uma apresenta\u00e7\u00e3o n\u00e3o vinculativa.<\/p>\n<p>A Air France-KLM informou ter entregado a proposta n\u00e3o vinculativa no dia 2 de abril. A empresa ressalta ter experi\u00eancia com acionistas estatais e que a parceria pode fortalecer a opera\u00e7\u00e3o em Lisboa e expandir a conectividade para outras cidades portuguesas, incluindo o Porto.<\/p>\n<p>A nota afirma que Lisboa poderia tornar-se o \u00fanico hub do grupo no sul da Europa, com liga\u00e7\u00f5es para as Am\u00e9ricas (incluindo o Brasil) e \u00c1frica. O documento destaca sinergias econ\u00f3micas, integra\u00e7\u00e3o suave no grupo maior e foco na descarboniza\u00e7\u00e3o.<\/p>\n<h3>O que se segue<\/h3>\n<p>O Governo portugu\u00eas espera receber ainda propostas da Lufthansa e da IAG (dona da Iberia e da British Airways). A Lufthansa j\u00e1 garantiu que n\u00e3o desiste da TAP e apresentar\u00e1 uma proposta n\u00e3o vinculativa.<\/p>\n<p>Persistem d\u00favidas sobre o interesse da IAG, associadas a relatos recentes que sugerem incerteza do grupo em avan\u00e7ar com uma proposta. As propostas ser\u00e3o avaliadas pelo Governo com base na estrat\u00e9gia de regresso ao capital da TAP.<\/p>\n<p>A Air France-KLM aponta manter marcas hist\u00f3ricas e refor\u00e7ar a identidade portuguesa da TAP, buscando crescimento sustent\u00e1vel e conectividade regional. A empresa enfatiza uma coopera\u00e7\u00e3o que preserve a heran\u00e7a da TAP enquanto amplia o alcance global.<\/p>\n","protected":false},"excerpt":{"rendered":"<ul>\n<li>O prazo para propostas para a privatiza\u00e7\u00e3o da TAP termina nesta quinta-feira, com o Governo a esperar tr\u00eas propostas.<\/li>\n<li>A Air France-KLM foi a primeira a apresentar uma proposta n\u00e3o vinculativa para adquirir uma participa\u00e7\u00e3o minorit\u00e1ria na TAP.<\/li>\n<li>A companhia afirma manter o centro operacional de Lisboa e refor\u00e7ar a conectividade com outras cidades do pa\u00eds, incluindo o Porto.<\/li>\n<li>A Air France-KLM prop\u00f5e que Lisboa se torne o \u00fanico hub do grupo no sul da Europa, com liga\u00e7\u00f5es para as Am\u00e9ricas e \u00c1frica, e ressalta coopera\u00e7\u00e3o para maximizar sinergias e descarboniza\u00e7\u00e3o.<\/li>\n<li>O Governo espera tamb\u00e9m propostas da Lufthansa e da IAG, mas h\u00e1 d\u00favidas sobre o interesse da IAG.<\/li>\n<\/ul>\n","protected":false},"author":2,"featured_media":430095,"comment_status":"closed","ping_status":"closed","sticky":false,"template":"","format":"standard","meta":{"footnotes":""},"categories":[2,6735],"tags":[6115,4845,316,981,982,6571],"class_list":["post-430094","post","type-post","status-publish","format-standard","has-post-thumbnail","hentry","category-economia","category-negocios","tag-_economia","tag-conectividade-internacional","tag-investimento","tag-lisboa","tag-porto","tag-privatizacoes"],"yoast_head":"<!-- This site is optimized with the Yoast SEO plugin v27.2 - https:\/\/yoast.com\/product\/yoast-seo-wordpress\/ -->\n<title>Air France-KLM entra na corrida pela TAP com proposta de participa\u00e7\u00e3o minorit\u00e1ria - Portal Tela Portugal<\/title>\n<meta name=\"robots\" content=\"index, follow, max-snippet:-1, max-image-preview:large, max-video-preview:-1\" \/>\n<meta property=\"og:locale\" content=\"pt_PT\" \/>\n<meta property=\"og:type\" content=\"article\" \/>\n<meta property=\"og:title\" content=\"Air France-KLM entra na corrida pela TAP com proposta de participa\u00e7\u00e3o minorit\u00e1ria - Portal Tela Portugal\" \/>\n<meta property=\"og:description\" content=\"O prazo para propostas para a privatiza\u00e7\u00e3o da TAP termina nesta quinta-feira, com o Governo a esperar tr\u00eas propostas. A Air France-KLM foi a primeira a apresentar uma proposta n\u00e3o vinculativa para adquirir uma participa\u00e7\u00e3o minorit\u00e1ria na TAP. A companhia afirma manter o centro operacional de Lisboa e refor\u00e7ar a conectividade com outras cidades do pa\u00eds, incluindo o Porto. A Air France-KLM prop\u00f5e que Lisboa se torne o \u00fanico hub do grupo no sul da Europa, com liga\u00e7\u00f5es para as Am\u00e9ricas e \u00c1frica, e ressalta coopera\u00e7\u00e3o para maximizar sinergias e descarboniza\u00e7\u00e3o. O Governo espera tamb\u00e9m propostas da Lufthansa e da IAG, mas h\u00e1 d\u00favidas sobre o interesse da IAG.\" \/>\n<meta property=\"og:url\" content=\"https:\/\/portaltela.pt\/noticias\/2026\/04\/02\/air-france-klm-entra-na-corrida-pela-tap-com-proposta-de-participacao-minoritaria\/\" \/>\n<meta property=\"og:site_name\" content=\"Portal Tela Portugal\" \/>\n<meta property=\"article:published_time\" content=\"2026-04-02T09:16:34+00:00\" \/>\n<meta name=\"author\" content=\"Telinha\" \/>\n<meta name=\"twitter:card\" content=\"summary_large_image\" \/>\n<meta name=\"twitter:label1\" content=\"Escrito por\" \/>\n\t<meta name=\"twitter:data1\" content=\"Telinha\" \/>\n\t<meta name=\"twitter:label2\" content=\"Tempo estimado de leitura\" \/>\n\t<meta name=\"twitter:data2\" content=\"1 minuto\" \/>\n<script type=\"application\/ld+json\" class=\"yoast-schema-graph\">{\"@context\":\"https:\/\/schema.org\",\"@graph\":[{\"@type\":\"Article\",\"@id\":\"https:\/\/portaltela.pt\/noticias\/2026\/04\/02\/air-france-klm-entra-na-corrida-pela-tap-com-proposta-de-participacao-minoritaria\/#article\",\"isPartOf\":{\"@id\":\"https:\/\/portaltela.pt\/noticias\/2026\/04\/02\/air-france-klm-entra-na-corrida-pela-tap-com-proposta-de-participacao-minoritaria\/\"},\"author\":{\"name\":\"Telinha\",\"@id\":\"https:\/\/portaltela.pt\/#\/schema\/person\/c4278d4a6028830caff9ee44b42d32ed\"},\"headline\":\"Air France-KLM entra na corrida pela TAP com proposta de participa\u00e7\u00e3o minorit\u00e1ria\",\"datePublished\":\"2026-04-02T09:16:34+00:00\",\"mainEntityOfPage\":{\"@id\":\"https:\/\/portaltela.pt\/noticias\/2026\/04\/02\/air-france-klm-entra-na-corrida-pela-tap-com-proposta-de-participacao-minoritaria\/\"},\"wordCount\":278,\"image\":{\"@id\":\"https:\/\/portaltela.pt\/noticias\/2026\/04\/02\/air-france-klm-entra-na-corrida-pela-tap-com-proposta-de-participacao-minoritaria\/#primaryimage\"},\"thumbnailUrl\":\"https:\/\/portaltela.pt\/s.01k8rhncp4jt1\/2026\/04\/1536x864_cmsv2_971264b0-31e5-5fe6-b2d2-fad10f05a400-9707892.jpg\",\"keywords\":[\"_economia\",\"conectividade internacional\",\"investimento\",\"Lisboa\",\"Porto\",\"privatiza\u00e7\u00f5es\"],\"articleSection\":[\"Economia\",\"Neg\u00f3cios\"],\"inLanguage\":\"pt-PT\"},{\"@type\":\"WebPage\",\"@id\":\"https:\/\/portaltela.pt\/noticias\/2026\/04\/02\/air-france-klm-entra-na-corrida-pela-tap-com-proposta-de-participacao-minoritaria\/\",\"url\":\"https:\/\/portaltela.pt\/noticias\/2026\/04\/02\/air-france-klm-entra-na-corrida-pela-tap-com-proposta-de-participacao-minoritaria\/\",\"name\":\"Air France-KLM entra na corrida pela TAP com proposta de participa\u00e7\u00e3o minorit\u00e1ria - Portal Tela Portugal\",\"isPartOf\":{\"@id\":\"https:\/\/portaltela.pt\/#website\"},\"primaryImageOfPage\":{\"@id\":\"https:\/\/portaltela.pt\/noticias\/2026\/04\/02\/air-france-klm-entra-na-corrida-pela-tap-com-proposta-de-participacao-minoritaria\/#primaryimage\"},\"image\":{\"@id\":\"https:\/\/portaltela.pt\/noticias\/2026\/04\/02\/air-france-klm-entra-na-corrida-pela-tap-com-proposta-de-participacao-minoritaria\/#primaryimage\"},\"thumbnailUrl\":\"https:\/\/portaltela.pt\/s.01k8rhncp4jt1\/2026\/04\/1536x864_cmsv2_971264b0-31e5-5fe6-b2d2-fad10f05a400-9707892.jpg\",\"datePublished\":\"2026-04-02T09:16:34+00:00\",\"author\":{\"@id\":\"https:\/\/portaltela.pt\/#\/schema\/person\/c4278d4a6028830caff9ee44b42d32ed\"},\"breadcrumb\":{\"@id\":\"https:\/\/portaltela.pt\/noticias\/2026\/04\/02\/air-france-klm-entra-na-corrida-pela-tap-com-proposta-de-participacao-minoritaria\/#breadcrumb\"},\"inLanguage\":\"pt-PT\",\"potentialAction\":[{\"@type\":\"ReadAction\",\"target\":[\"https:\/\/portaltela.pt\/noticias\/2026\/04\/02\/air-france-klm-entra-na-corrida-pela-tap-com-proposta-de-participacao-minoritaria\/\"]}]},{\"@type\":\"ImageObject\",\"inLanguage\":\"pt-PT\",\"@id\":\"https:\/\/portaltela.pt\/noticias\/2026\/04\/02\/air-france-klm-entra-na-corrida-pela-tap-com-proposta-de-participacao-minoritaria\/#primaryimage\",\"url\":\"https:\/\/portaltela.pt\/s.01k8rhncp4jt1\/2026\/04\/1536x864_cmsv2_971264b0-31e5-5fe6-b2d2-fad10f05a400-9707892.jpg\",\"contentUrl\":\"https:\/\/portaltela.pt\/s.01k8rhncp4jt1\/2026\/04\/1536x864_cmsv2_971264b0-31e5-5fe6-b2d2-fad10f05a400-9707892.jpg\",\"width\":1536,\"height\":864,\"caption\":\"Tr\u00eas empresas demonstraram interesse em adquirir uma participa\u00e7\u00e3o na companhia a\u00e9rea portuguesa\"},{\"@type\":\"BreadcrumbList\",\"@id\":\"https:\/\/portaltela.pt\/noticias\/2026\/04\/02\/air-france-klm-entra-na-corrida-pela-tap-com-proposta-de-participacao-minoritaria\/#breadcrumb\",\"itemListElement\":[{\"@type\":\"ListItem\",\"position\":1,\"name\":\"In\u00edcio\",\"item\":\"https:\/\/portaltela.pt\/\"},{\"@type\":\"ListItem\",\"position\":2,\"name\":\"Air France-KLM entra na corrida pela TAP com proposta de participa\u00e7\u00e3o minorit\u00e1ria\"}]},{\"@type\":\"WebSite\",\"@id\":\"https:\/\/portaltela.pt\/#website\",\"url\":\"https:\/\/portaltela.pt\/\",\"name\":\"Portal Tela Portugal\",\"description\":\"\",\"potentialAction\":[{\"@type\":\"SearchAction\",\"target\":{\"@type\":\"EntryPoint\",\"urlTemplate\":\"https:\/\/portaltela.pt\/?s={search_term_string}\"},\"query-input\":{\"@type\":\"PropertyValueSpecification\",\"valueRequired\":true,\"valueName\":\"search_term_string\"}}],\"inLanguage\":\"pt-PT\"},{\"@type\":\"Person\",\"@id\":\"https:\/\/portaltela.pt\/#\/schema\/person\/c4278d4a6028830caff9ee44b42d32ed\",\"name\":\"Telinha\",\"image\":{\"@type\":\"ImageObject\",\"inLanguage\":\"pt-PT\",\"@id\":\"https:\/\/portaltela.pt\/s.01k8rhncp4jt1\/2025\/11\/talking-bot-125x125.png\",\"url\":\"https:\/\/portaltela.pt\/s.01k8rhncp4jt1\/2025\/11\/talking-bot-125x125.png\",\"contentUrl\":\"https:\/\/portaltela.pt\/s.01k8rhncp4jt1\/2025\/11\/talking-bot-125x125.png\",\"caption\":\"Telinha\"},\"sameAs\":[\"https:\/\/portaltela.pt\/\"],\"url\":\"https:\/\/portaltela.pt\/por\/367410592786\/\"}]}<\/script>\n<!-- \/ Yoast SEO plugin. -->","yoast_head_json":{"title":"Air France-KLM entra na corrida pela TAP com proposta de participa\u00e7\u00e3o minorit\u00e1ria - Portal Tela Portugal","robots":{"index":"index","follow":"follow","max-snippet":"max-snippet:-1","max-image-preview":"max-image-preview:large","max-video-preview":"max-video-preview:-1"},"og_locale":"pt_PT","og_type":"article","og_title":"Air France-KLM entra na corrida pela TAP com proposta de participa\u00e7\u00e3o minorit\u00e1ria - Portal Tela Portugal","og_description":"O prazo para propostas para a privatiza\u00e7\u00e3o da TAP termina nesta quinta-feira, com o Governo a esperar tr\u00eas propostas. A Air France-KLM foi a primeira a apresentar uma proposta n\u00e3o vinculativa para adquirir uma participa\u00e7\u00e3o minorit\u00e1ria na TAP. A companhia afirma manter o centro operacional de Lisboa e refor\u00e7ar a conectividade com outras cidades do pa\u00eds, incluindo o Porto. A Air France-KLM prop\u00f5e que Lisboa se torne o \u00fanico hub do grupo no sul da Europa, com liga\u00e7\u00f5es para as Am\u00e9ricas e \u00c1frica, e ressalta coopera\u00e7\u00e3o para maximizar sinergias e descarboniza\u00e7\u00e3o. O Governo espera tamb\u00e9m propostas da Lufthansa e da IAG, mas h\u00e1 d\u00favidas sobre o interesse da IAG.","og_url":"https:\/\/portaltela.pt\/noticias\/2026\/04\/02\/air-france-klm-entra-na-corrida-pela-tap-com-proposta-de-participacao-minoritaria\/","og_site_name":"Portal Tela Portugal","article_published_time":"2026-04-02T09:16:34+00:00","author":"Telinha","twitter_card":"summary_large_image","twitter_misc":{"Escrito por":"Telinha","Tempo estimado de leitura":"1 minuto"},"schema":{"@context":"https:\/\/schema.org","@graph":[{"@type":"Article","@id":"https:\/\/portaltela.pt\/noticias\/2026\/04\/02\/air-france-klm-entra-na-corrida-pela-tap-com-proposta-de-participacao-minoritaria\/#article","isPartOf":{"@id":"https:\/\/portaltela.pt\/noticias\/2026\/04\/02\/air-france-klm-entra-na-corrida-pela-tap-com-proposta-de-participacao-minoritaria\/"},"author":{"name":"Telinha","@id":"https:\/\/portaltela.pt\/#\/schema\/person\/c4278d4a6028830caff9ee44b42d32ed"},"headline":"Air France-KLM entra na corrida pela TAP com proposta de participa\u00e7\u00e3o minorit\u00e1ria","datePublished":"2026-04-02T09:16:34+00:00","mainEntityOfPage":{"@id":"https:\/\/portaltela.pt\/noticias\/2026\/04\/02\/air-france-klm-entra-na-corrida-pela-tap-com-proposta-de-participacao-minoritaria\/"},"wordCount":278,"image":{"@id":"https:\/\/portaltela.pt\/noticias\/2026\/04\/02\/air-france-klm-entra-na-corrida-pela-tap-com-proposta-de-participacao-minoritaria\/#primaryimage"},"thumbnailUrl":"https:\/\/portaltela.pt\/s.01k8rhncp4jt1\/2026\/04\/1536x864_cmsv2_971264b0-31e5-5fe6-b2d2-fad10f05a400-9707892.jpg","keywords":["_economia","conectividade internacional","investimento","Lisboa","Porto","privatiza\u00e7\u00f5es"],"articleSection":["Economia","Neg\u00f3cios"],"inLanguage":"pt-PT"},{"@type":"WebPage","@id":"https:\/\/portaltela.pt\/noticias\/2026\/04\/02\/air-france-klm-entra-na-corrida-pela-tap-com-proposta-de-participacao-minoritaria\/","url":"https:\/\/portaltela.pt\/noticias\/2026\/04\/02\/air-france-klm-entra-na-corrida-pela-tap-com-proposta-de-participacao-minoritaria\/","name":"Air France-KLM entra na corrida pela TAP com proposta de participa\u00e7\u00e3o minorit\u00e1ria - Portal Tela Portugal","isPartOf":{"@id":"https:\/\/portaltela.pt\/#website"},"primaryImageOfPage":{"@id":"https:\/\/portaltela.pt\/noticias\/2026\/04\/02\/air-france-klm-entra-na-corrida-pela-tap-com-proposta-de-participacao-minoritaria\/#primaryimage"},"image":{"@id":"https:\/\/portaltela.pt\/noticias\/2026\/04\/02\/air-france-klm-entra-na-corrida-pela-tap-com-proposta-de-participacao-minoritaria\/#primaryimage"},"thumbnailUrl":"https:\/\/portaltela.pt\/s.01k8rhncp4jt1\/2026\/04\/1536x864_cmsv2_971264b0-31e5-5fe6-b2d2-fad10f05a400-9707892.jpg","datePublished":"2026-04-02T09:16:34+00:00","author":{"@id":"https:\/\/portaltela.pt\/#\/schema\/person\/c4278d4a6028830caff9ee44b42d32ed"},"breadcrumb":{"@id":"https:\/\/portaltela.pt\/noticias\/2026\/04\/02\/air-france-klm-entra-na-corrida-pela-tap-com-proposta-de-participacao-minoritaria\/#breadcrumb"},"inLanguage":"pt-PT","potentialAction":[{"@type":"ReadAction","target":["https:\/\/portaltela.pt\/noticias\/2026\/04\/02\/air-france-klm-entra-na-corrida-pela-tap-com-proposta-de-participacao-minoritaria\/"]}]},{"@type":"ImageObject","inLanguage":"pt-PT","@id":"https:\/\/portaltela.pt\/noticias\/2026\/04\/02\/air-france-klm-entra-na-corrida-pela-tap-com-proposta-de-participacao-minoritaria\/#primaryimage","url":"https:\/\/portaltela.pt\/s.01k8rhncp4jt1\/2026\/04\/1536x864_cmsv2_971264b0-31e5-5fe6-b2d2-fad10f05a400-9707892.jpg","contentUrl":"https:\/\/portaltela.pt\/s.01k8rhncp4jt1\/2026\/04\/1536x864_cmsv2_971264b0-31e5-5fe6-b2d2-fad10f05a400-9707892.jpg","width":1536,"height":864,"caption":"Tr\u00eas empresas demonstraram interesse em adquirir uma participa\u00e7\u00e3o na companhia a\u00e9rea portuguesa"},{"@type":"BreadcrumbList","@id":"https:\/\/portaltela.pt\/noticias\/2026\/04\/02\/air-france-klm-entra-na-corrida-pela-tap-com-proposta-de-participacao-minoritaria\/#breadcrumb","itemListElement":[{"@type":"ListItem","position":1,"name":"In\u00edcio","item":"https:\/\/portaltela.pt\/"},{"@type":"ListItem","position":2,"name":"Air France-KLM entra na corrida pela TAP com proposta de participa\u00e7\u00e3o minorit\u00e1ria"}]},{"@type":"WebSite","@id":"https:\/\/portaltela.pt\/#website","url":"https:\/\/portaltela.pt\/","name":"Portal Tela Portugal","description":"","potentialAction":[{"@type":"SearchAction","target":{"@type":"EntryPoint","urlTemplate":"https:\/\/portaltela.pt\/?s={search_term_string}"},"query-input":{"@type":"PropertyValueSpecification","valueRequired":true,"valueName":"search_term_string"}}],"inLanguage":"pt-PT"},{"@type":"Person","@id":"https:\/\/portaltela.pt\/#\/schema\/person\/c4278d4a6028830caff9ee44b42d32ed","name":"Telinha","image":{"@type":"ImageObject","inLanguage":"pt-PT","@id":"https:\/\/portaltela.pt\/s.01k8rhncp4jt1\/2025\/11\/talking-bot-125x125.png","url":"https:\/\/portaltela.pt\/s.01k8rhncp4jt1\/2025\/11\/talking-bot-125x125.png","contentUrl":"https:\/\/portaltela.pt\/s.01k8rhncp4jt1\/2025\/11\/talking-bot-125x125.png","caption":"Telinha"},"sameAs":["https:\/\/portaltela.pt\/"],"url":"https:\/\/portaltela.pt\/por\/367410592786\/"}]}},"_links":{"self":[{"href":"https:\/\/portaltela.pt\/api\/wp\/v2\/posts\/430094","targetHints":{"allow":["GET"]}}],"collection":[{"href":"https:\/\/portaltela.pt\/api\/wp\/v2\/posts"}],"about":[{"href":"https:\/\/portaltela.pt\/api\/wp\/v2\/types\/post"}],"author":[{"embeddable":true,"href":"https:\/\/portaltela.pt\/api\/wp\/v2\/users\/2"}],"replies":[{"embeddable":true,"href":"https:\/\/portaltela.pt\/api\/wp\/v2\/comments?post=430094"}],"version-history":[{"count":0,"href":"https:\/\/portaltela.pt\/api\/wp\/v2\/posts\/430094\/revisions"}],"wp:featuredmedia":[{"embeddable":true,"href":"https:\/\/portaltela.pt\/api\/wp\/v2\/media\/430095"}],"wp:attachment":[{"href":"https:\/\/portaltela.pt\/api\/wp\/v2\/media?parent=430094"}],"wp:term":[{"taxonomy":"category","embeddable":true,"href":"https:\/\/portaltela.pt\/api\/wp\/v2\/categories?post=430094"},{"taxonomy":"post_tag","embeddable":true,"href":"https:\/\/portaltela.pt\/api\/wp\/v2\/tags?post=430094"}],"curies":[{"name":"wp","href":"https:\/\/api.w.org\/{rel}","templated":true}]}}