{"id":430078,"date":"2026-04-02T06:02:35","date_gmt":"2026-04-02T09:02:35","guid":{"rendered":"https:\/\/portaltela.pt\/noticias\/2026\/04\/02\/prestianni-em-silencio-novos-dados-sobre-caso-de-racismo-envolvendo-benfica\/"},"modified":"2026-04-02T06:02:35","modified_gmt":"2026-04-02T09:02:35","slug":"prestianni-em-silencio-novos-dados-sobre-caso-de-racismo-envolvendo-benfica","status":"publish","type":"post","link":"https:\/\/portaltela.pt\/desporto\/futebol\/2026\/04\/02\/prestianni-em-silencio-novos-dados-sobre-caso-de-racismo-envolvendo-benfica\/","title":{"rendered":"Prestianni em sil\u00eancio; novos dados sobre caso de racismo envolvendo Benfica"},"content":{"rendered":"<p>Gianluca Prestianni respondeu ao caso de alegado racismo envolvendo Vin\u00edcius Jr, reiterando que nunca foi racista. O jogador do Benfica expressou o seu posicionamento durante a pausa para as sele\u00e7\u00f5es.<\/p>\n<p>As declara\u00e7\u00f5es chegam na sequ\u00eancia de informa\u00e7\u00f5es adicionais divulgadas pela jornalista Rita Pedroso, do Record, neste per\u00edodo de paragem de competi\u00e7\u00f5es internacionais. O objetivo \u00e9 esclarecer o epis\u00f3dio que envolve o jovem atleta.<\/p>\n<p>Novos dados surgem durante a interrup\u00e7\u00e3o dos jogos internacionais e ajudam a lan\u00e7ar luz sobre o sucedido, sem que haja altera\u00e7\u00f5es significativas \u00e0s acusa\u00e7\u00f5es originalmente apresentadas.<\/p>\n<h3>Novos dados surgem durante a pausa para as sele\u00e7\u00f5es<\/h3>\n<p>Segundo a jornalista, informa\u00e7\u00f5es emergentes chegam para detalhar contactos e vers\u00f5es dos intervenientes, mantendo o foco na veracidade dos factos e na verifica\u00e7\u00e3o de relatos. As informa\u00e7\u00f5es permanecem em an\u00e1lise pelas entidades competentes.<\/p>\n<p>O assunto continua sob escrut\u00ednio em parte por envolver dois jogadores de alto perfil, com impacto medi\u00e1tico e desportivo para o Benfica. As autoridades competentes aguardam esclarecimentos adicionais antes de avan\u00e7as oficiais.<\/p>\n","protected":false},"excerpt":{"rendered":"<ul>\n<li>Gianluca Prestianni quebrou o sil\u00eancio sobre o alegado caso de racismo envolvendo Vin\u00edcius Jr.<\/li>\n<li>O jogador do Benfica afirmou que nunca foi nem nunca ser\u00e1 racista.<\/li>\n<li>A jornalista Rita Pedroso, da Record, apresenta novos dados sobre o caso.<\/li>\n<li>As informa\u00e7\u00f5es surgem durante a pausa para as sele\u00e7\u00f5es.<\/li>\n<\/ul>\n","protected":false},"author":2,"featured_media":430083,"comment_status":"closed","ping_status":"closed","sticky":false,"template":"","format":"standard","meta":{"footnotes":""},"categories":[21,24],"tags":[1946,6112,32,6032,2679],"class_list":["post-430078","post","type-post","status-publish","format-standard","has-post-thumbnail","hentry","category-desporto","category-futebol","tag-benfica","tag-casos-internacionais","tag-futebol","tag-racismo","tag-record-na-hora"],"yoast_head":"<!-- This site is optimized with the Yoast SEO plugin v27.2 - https:\/\/yoast.com\/product\/yoast-seo-wordpress\/ -->\n<title>Prestianni em sil\u00eancio; novos dados sobre caso de racismo envolvendo Benfica - Portal Tela Portugal<\/title>\n<meta name=\"robots\" content=\"index, follow, max-snippet:-1, max-image-preview:large, max-video-preview:-1\" \/>\n<meta property=\"og:locale\" content=\"pt_PT\" \/>\n<meta property=\"og:type\" content=\"article\" \/>\n<meta property=\"og:title\" content=\"Prestianni em sil\u00eancio; novos dados sobre caso de racismo envolvendo Benfica - Portal Tela Portugal\" \/>\n<meta property=\"og:description\" content=\"Gianluca Prestianni quebrou o sil\u00eancio sobre o alegado caso de racismo envolvendo Vin\u00edcius Jr. O jogador do Benfica afirmou que nunca foi nem nunca ser\u00e1 racista. A jornalista Rita Pedroso, da Record, apresenta novos dados sobre o caso. As informa\u00e7\u00f5es surgem durante a pausa para as sele\u00e7\u00f5es.\" \/>\n<meta property=\"og:url\" content=\"https:\/\/portaltela.pt\/noticias\/2026\/04\/02\/prestianni-em-silencio-novos-dados-sobre-caso-de-racismo-envolvendo-benfica\/\" \/>\n<meta property=\"og:site_name\" content=\"Portal Tela Portugal\" \/>\n<meta property=\"article:published_time\" content=\"2026-04-02T09:02:35+00:00\" \/>\n<meta name=\"author\" content=\"Telinha\" \/>\n<meta name=\"twitter:card\" content=\"summary_large_image\" \/>\n<meta name=\"twitter:label1\" content=\"Escrito por\" \/>\n\t<meta name=\"twitter:data1\" content=\"Telinha\" \/>\n\t<meta name=\"twitter:label2\" content=\"Tempo estimado de leitura\" \/>\n\t<meta name=\"twitter:data2\" content=\"1 minuto\" \/>\n<script type=\"application\/ld+json\" class=\"yoast-schema-graph\">{\"@context\":\"https:\/\/schema.org\",\"@graph\":[{\"@type\":\"Article\",\"@id\":\"https:\/\/portaltela.pt\/noticias\/2026\/04\/02\/prestianni-em-silencio-novos-dados-sobre-caso-de-racismo-envolvendo-benfica\/#article\",\"isPartOf\":{\"@id\":\"https:\/\/portaltela.pt\/noticias\/2026\/04\/02\/prestianni-em-silencio-novos-dados-sobre-caso-de-racismo-envolvendo-benfica\/\"},\"author\":{\"name\":\"Telinha\",\"@id\":\"https:\/\/portaltela.pt\/#\/schema\/person\/c4278d4a6028830caff9ee44b42d32ed\"},\"headline\":\"Prestianni em sil\u00eancio; novos dados sobre caso de racismo envolvendo Benfica\",\"datePublished\":\"2026-04-02T09:02:35+00:00\",\"mainEntityOfPage\":{\"@id\":\"https:\/\/portaltela.pt\/noticias\/2026\/04\/02\/prestianni-em-silencio-novos-dados-sobre-caso-de-racismo-envolvendo-benfica\/\"},\"wordCount\":195,\"image\":{\"@id\":\"https:\/\/portaltela.pt\/noticias\/2026\/04\/02\/prestianni-em-silencio-novos-dados-sobre-caso-de-racismo-envolvendo-benfica\/#primaryimage\"},\"thumbnailUrl\":\"https:\/\/portaltela.pt\/s.01k8rhncp4jt1\/2026\/04\/img_1200x721uu2026-04-01-22-44-53-2430617.jpg\",\"keywords\":[\"Benfica\",\"casos internacionais\",\"futebol\",\"racismo\",\"Record na Hora\"],\"articleSection\":[\"Desporto\",\"Futebol\"],\"inLanguage\":\"pt-PT\"},{\"@type\":\"WebPage\",\"@id\":\"https:\/\/portaltela.pt\/noticias\/2026\/04\/02\/prestianni-em-silencio-novos-dados-sobre-caso-de-racismo-envolvendo-benfica\/\",\"url\":\"https:\/\/portaltela.pt\/noticias\/2026\/04\/02\/prestianni-em-silencio-novos-dados-sobre-caso-de-racismo-envolvendo-benfica\/\",\"name\":\"Prestianni em sil\u00eancio; novos dados sobre caso de racismo envolvendo Benfica - Portal Tela Portugal\",\"isPartOf\":{\"@id\":\"https:\/\/portaltela.pt\/#website\"},\"primaryImageOfPage\":{\"@id\":\"https:\/\/portaltela.pt\/noticias\/2026\/04\/02\/prestianni-em-silencio-novos-dados-sobre-caso-de-racismo-envolvendo-benfica\/#primaryimage\"},\"image\":{\"@id\":\"https:\/\/portaltela.pt\/noticias\/2026\/04\/02\/prestianni-em-silencio-novos-dados-sobre-caso-de-racismo-envolvendo-benfica\/#primaryimage\"},\"thumbnailUrl\":\"https:\/\/portaltela.pt\/s.01k8rhncp4jt1\/2026\/04\/img_1200x721uu2026-04-01-22-44-53-2430617.jpg\",\"datePublished\":\"2026-04-02T09:02:35+00:00\",\"author\":{\"@id\":\"https:\/\/portaltela.pt\/#\/schema\/person\/c4278d4a6028830caff9ee44b42d32ed\"},\"breadcrumb\":{\"@id\":\"https:\/\/portaltela.pt\/noticias\/2026\/04\/02\/prestianni-em-silencio-novos-dados-sobre-caso-de-racismo-envolvendo-benfica\/#breadcrumb\"},\"inLanguage\":\"pt-PT\",\"potentialAction\":[{\"@type\":\"ReadAction\",\"target\":[\"https:\/\/portaltela.pt\/noticias\/2026\/04\/02\/prestianni-em-silencio-novos-dados-sobre-caso-de-racismo-envolvendo-benfica\/\"]}]},{\"@type\":\"ImageObject\",\"inLanguage\":\"pt-PT\",\"@id\":\"https:\/\/portaltela.pt\/noticias\/2026\/04\/02\/prestianni-em-silencio-novos-dados-sobre-caso-de-racismo-envolvendo-benfica\/#primaryimage\",\"url\":\"https:\/\/portaltela.pt\/s.01k8rhncp4jt1\/2026\/04\/img_1200x721uu2026-04-01-22-44-53-2430617.jpg\",\"contentUrl\":\"https:\/\/portaltela.pt\/s.01k8rhncp4jt1\/2026\/04\/img_1200x721uu2026-04-01-22-44-53-2430617.jpg\",\"width\":796,\"height\":448,\"caption\":\"\u00abPrestianni ficou em sil\u00eancio... at\u00e9 agora\u00bb: os novos dados sobre o caso de alegado racismo que envolve o jogador do Benfica\"},{\"@type\":\"BreadcrumbList\",\"@id\":\"https:\/\/portaltela.pt\/noticias\/2026\/04\/02\/prestianni-em-silencio-novos-dados-sobre-caso-de-racismo-envolvendo-benfica\/#breadcrumb\",\"itemListElement\":[{\"@type\":\"ListItem\",\"position\":1,\"name\":\"In\u00edcio\",\"item\":\"https:\/\/portaltela.pt\/\"},{\"@type\":\"ListItem\",\"position\":2,\"name\":\"Prestianni em sil\u00eancio; novos dados sobre caso de racismo envolvendo Benfica\"}]},{\"@type\":\"WebSite\",\"@id\":\"https:\/\/portaltela.pt\/#website\",\"url\":\"https:\/\/portaltela.pt\/\",\"name\":\"Portal Tela Portugal\",\"description\":\"\",\"potentialAction\":[{\"@type\":\"SearchAction\",\"target\":{\"@type\":\"EntryPoint\",\"urlTemplate\":\"https:\/\/portaltela.pt\/?s={search_term_string}\"},\"query-input\":{\"@type\":\"PropertyValueSpecification\",\"valueRequired\":true,\"valueName\":\"search_term_string\"}}],\"inLanguage\":\"pt-PT\"},{\"@type\":\"Person\",\"@id\":\"https:\/\/portaltela.pt\/#\/schema\/person\/c4278d4a6028830caff9ee44b42d32ed\",\"name\":\"Telinha\",\"image\":{\"@type\":\"ImageObject\",\"inLanguage\":\"pt-PT\",\"@id\":\"https:\/\/portaltela.pt\/s.01k8rhncp4jt1\/2025\/11\/talking-bot-125x125.png\",\"url\":\"https:\/\/portaltela.pt\/s.01k8rhncp4jt1\/2025\/11\/talking-bot-125x125.png\",\"contentUrl\":\"https:\/\/portaltela.pt\/s.01k8rhncp4jt1\/2025\/11\/talking-bot-125x125.png\",\"caption\":\"Telinha\"},\"sameAs\":[\"https:\/\/portaltela.pt\/\"],\"url\":\"https:\/\/portaltela.pt\/por\/367410592786\/\"}]}<\/script>\n<!-- \/ Yoast SEO plugin. -->","yoast_head_json":{"title":"Prestianni em sil\u00eancio; novos dados sobre caso de racismo envolvendo Benfica - Portal Tela Portugal","robots":{"index":"index","follow":"follow","max-snippet":"max-snippet:-1","max-image-preview":"max-image-preview:large","max-video-preview":"max-video-preview:-1"},"og_locale":"pt_PT","og_type":"article","og_title":"Prestianni em sil\u00eancio; novos dados sobre caso de racismo envolvendo Benfica - Portal Tela Portugal","og_description":"Gianluca Prestianni quebrou o sil\u00eancio sobre o alegado caso de racismo envolvendo Vin\u00edcius Jr. O jogador do Benfica afirmou que nunca foi nem nunca ser\u00e1 racista. A jornalista Rita Pedroso, da Record, apresenta novos dados sobre o caso. As informa\u00e7\u00f5es surgem durante a pausa para as sele\u00e7\u00f5es.","og_url":"https:\/\/portaltela.pt\/noticias\/2026\/04\/02\/prestianni-em-silencio-novos-dados-sobre-caso-de-racismo-envolvendo-benfica\/","og_site_name":"Portal Tela Portugal","article_published_time":"2026-04-02T09:02:35+00:00","author":"Telinha","twitter_card":"summary_large_image","twitter_misc":{"Escrito por":"Telinha","Tempo estimado de leitura":"1 minuto"},"schema":{"@context":"https:\/\/schema.org","@graph":[{"@type":"Article","@id":"https:\/\/portaltela.pt\/noticias\/2026\/04\/02\/prestianni-em-silencio-novos-dados-sobre-caso-de-racismo-envolvendo-benfica\/#article","isPartOf":{"@id":"https:\/\/portaltela.pt\/noticias\/2026\/04\/02\/prestianni-em-silencio-novos-dados-sobre-caso-de-racismo-envolvendo-benfica\/"},"author":{"name":"Telinha","@id":"https:\/\/portaltela.pt\/#\/schema\/person\/c4278d4a6028830caff9ee44b42d32ed"},"headline":"Prestianni em sil\u00eancio; novos dados sobre caso de racismo envolvendo Benfica","datePublished":"2026-04-02T09:02:35+00:00","mainEntityOfPage":{"@id":"https:\/\/portaltela.pt\/noticias\/2026\/04\/02\/prestianni-em-silencio-novos-dados-sobre-caso-de-racismo-envolvendo-benfica\/"},"wordCount":195,"image":{"@id":"https:\/\/portaltela.pt\/noticias\/2026\/04\/02\/prestianni-em-silencio-novos-dados-sobre-caso-de-racismo-envolvendo-benfica\/#primaryimage"},"thumbnailUrl":"https:\/\/portaltela.pt\/s.01k8rhncp4jt1\/2026\/04\/img_1200x721uu2026-04-01-22-44-53-2430617.jpg","keywords":["Benfica","casos internacionais","futebol","racismo","Record na Hora"],"articleSection":["Desporto","Futebol"],"inLanguage":"pt-PT"},{"@type":"WebPage","@id":"https:\/\/portaltela.pt\/noticias\/2026\/04\/02\/prestianni-em-silencio-novos-dados-sobre-caso-de-racismo-envolvendo-benfica\/","url":"https:\/\/portaltela.pt\/noticias\/2026\/04\/02\/prestianni-em-silencio-novos-dados-sobre-caso-de-racismo-envolvendo-benfica\/","name":"Prestianni em sil\u00eancio; novos dados sobre caso de racismo envolvendo Benfica - Portal Tela Portugal","isPartOf":{"@id":"https:\/\/portaltela.pt\/#website"},"primaryImageOfPage":{"@id":"https:\/\/portaltela.pt\/noticias\/2026\/04\/02\/prestianni-em-silencio-novos-dados-sobre-caso-de-racismo-envolvendo-benfica\/#primaryimage"},"image":{"@id":"https:\/\/portaltela.pt\/noticias\/2026\/04\/02\/prestianni-em-silencio-novos-dados-sobre-caso-de-racismo-envolvendo-benfica\/#primaryimage"},"thumbnailUrl":"https:\/\/portaltela.pt\/s.01k8rhncp4jt1\/2026\/04\/img_1200x721uu2026-04-01-22-44-53-2430617.jpg","datePublished":"2026-04-02T09:02:35+00:00","author":{"@id":"https:\/\/portaltela.pt\/#\/schema\/person\/c4278d4a6028830caff9ee44b42d32ed"},"breadcrumb":{"@id":"https:\/\/portaltela.pt\/noticias\/2026\/04\/02\/prestianni-em-silencio-novos-dados-sobre-caso-de-racismo-envolvendo-benfica\/#breadcrumb"},"inLanguage":"pt-PT","potentialAction":[{"@type":"ReadAction","target":["https:\/\/portaltela.pt\/noticias\/2026\/04\/02\/prestianni-em-silencio-novos-dados-sobre-caso-de-racismo-envolvendo-benfica\/"]}]},{"@type":"ImageObject","inLanguage":"pt-PT","@id":"https:\/\/portaltela.pt\/noticias\/2026\/04\/02\/prestianni-em-silencio-novos-dados-sobre-caso-de-racismo-envolvendo-benfica\/#primaryimage","url":"https:\/\/portaltela.pt\/s.01k8rhncp4jt1\/2026\/04\/img_1200x721uu2026-04-01-22-44-53-2430617.jpg","contentUrl":"https:\/\/portaltela.pt\/s.01k8rhncp4jt1\/2026\/04\/img_1200x721uu2026-04-01-22-44-53-2430617.jpg","width":796,"height":448,"caption":"\u00abPrestianni ficou em sil\u00eancio... at\u00e9 agora\u00bb: os novos dados sobre o caso de alegado racismo que envolve o jogador do Benfica"},{"@type":"BreadcrumbList","@id":"https:\/\/portaltela.pt\/noticias\/2026\/04\/02\/prestianni-em-silencio-novos-dados-sobre-caso-de-racismo-envolvendo-benfica\/#breadcrumb","itemListElement":[{"@type":"ListItem","position":1,"name":"In\u00edcio","item":"https:\/\/portaltela.pt\/"},{"@type":"ListItem","position":2,"name":"Prestianni em sil\u00eancio; novos dados sobre caso de racismo envolvendo Benfica"}]},{"@type":"WebSite","@id":"https:\/\/portaltela.pt\/#website","url":"https:\/\/portaltela.pt\/","name":"Portal Tela Portugal","description":"","potentialAction":[{"@type":"SearchAction","target":{"@type":"EntryPoint","urlTemplate":"https:\/\/portaltela.pt\/?s={search_term_string}"},"query-input":{"@type":"PropertyValueSpecification","valueRequired":true,"valueName":"search_term_string"}}],"inLanguage":"pt-PT"},{"@type":"Person","@id":"https:\/\/portaltela.pt\/#\/schema\/person\/c4278d4a6028830caff9ee44b42d32ed","name":"Telinha","image":{"@type":"ImageObject","inLanguage":"pt-PT","@id":"https:\/\/portaltela.pt\/s.01k8rhncp4jt1\/2025\/11\/talking-bot-125x125.png","url":"https:\/\/portaltela.pt\/s.01k8rhncp4jt1\/2025\/11\/talking-bot-125x125.png","contentUrl":"https:\/\/portaltela.pt\/s.01k8rhncp4jt1\/2025\/11\/talking-bot-125x125.png","caption":"Telinha"},"sameAs":["https:\/\/portaltela.pt\/"],"url":"https:\/\/portaltela.pt\/por\/367410592786\/"}]}},"_links":{"self":[{"href":"https:\/\/portaltela.pt\/api\/wp\/v2\/posts\/430078","targetHints":{"allow":["GET"]}}],"collection":[{"href":"https:\/\/portaltela.pt\/api\/wp\/v2\/posts"}],"about":[{"href":"https:\/\/portaltela.pt\/api\/wp\/v2\/types\/post"}],"author":[{"embeddable":true,"href":"https:\/\/portaltela.pt\/api\/wp\/v2\/users\/2"}],"replies":[{"embeddable":true,"href":"https:\/\/portaltela.pt\/api\/wp\/v2\/comments?post=430078"}],"version-history":[{"count":0,"href":"https:\/\/portaltela.pt\/api\/wp\/v2\/posts\/430078\/revisions"}],"wp:featuredmedia":[{"embeddable":true,"href":"https:\/\/portaltela.pt\/api\/wp\/v2\/media\/430083"}],"wp:attachment":[{"href":"https:\/\/portaltela.pt\/api\/wp\/v2\/media?parent=430078"}],"wp:term":[{"taxonomy":"category","embeddable":true,"href":"https:\/\/portaltela.pt\/api\/wp\/v2\/categories?post=430078"},{"taxonomy":"post_tag","embeddable":true,"href":"https:\/\/portaltela.pt\/api\/wp\/v2\/tags?post=430078"}],"curies":[{"name":"wp","href":"https:\/\/api.w.org\/{rel}","templated":true}]}}