{"id":430069,"date":"2026-04-02T05:47:23","date_gmt":"2026-04-02T08:47:23","guid":{"rendered":"https:\/\/portaltela.pt\/noticias\/2026\/04\/02\/riqueza-nao-tributada-dos-01-mais-ricos-ultrapassa-ativos-da-metade-mais-pobre\/"},"modified":"2026-04-02T05:47:23","modified_gmt":"2026-04-02T08:47:23","slug":"riqueza-nao-tributada-dos-01-mais-ricos-ultrapassa-ativos-da-metade-mais-pobre","status":"publish","type":"post","link":"https:\/\/portaltela.pt\/noticias\/economia\/2026\/04\/02\/riqueza-nao-tributada-dos-01-mais-ricos-ultrapassa-ativos-da-metade-mais-pobre\/","title":{"rendered":"Riqueza n\u00e3o tributada dos 0,1% mais ricos ultrapassa ativos da metade mais pobre"},"content":{"rendered":"<p>O novo relat\u00f3rio da Oxfam mostra que a riqueza n\u00e3o tributada mantida em contas offshore ultrapassa o valor agregado dos 50% mais pobres do mundo. Segundo a an\u00e1lise, os ultrarricos abrigam cerca de 2,84 mil milh\u00f5es de milh\u00f5es (2,84 trilh\u00f5es) de d\u00f3lares em contas sem impostos.<\/p>\n<p>A Oxfam explica que, uma d\u00e9cada ap\u00f3s os Panama Papers, as elites globais continuam a mover fortunas para fora do escrut\u00ednio p\u00fablico. Christian Hallum, respons\u00e1vel pela pol\u00edtica fiscal da organiza\u00e7\u00e3o, afirma que n\u00e3o se trata apenas de contabilidade engenhosa, mas de poder e impunidade.<\/p>\n<h3>O peso dos ultrarricos<\/h3>\n<p>A organiza\u00e7\u00e3o estima que cerca de 3,55 mil milh\u00f5es de d\u00f3lares (3,08 bili\u00f5es de euros) em riqueza privada permanece sem impostos e sem registo offshore. Este montante \u00e9 quase o dobro da economia do Reino Unido.<\/p>\n<p>Os dados mostram uma concentra\u00e7\u00e3o relevante: os 0,1% do topo det\u00eam cerca de 80% de toda a riqueza n\u00e3o tributada offshore, o que representa cerca de 2,84 mil milh\u00f5es de d\u00f3lares. Entre estes, os 0,01% do topo respondem por 1,77 mil milh\u00f5es de d\u00f3lares.<\/p>\n<p>Hallum explica que o modelo de neg\u00f3cio dos para\u00edsos fiscais persiste porque os ultra-ricos contratam gestores de fortunas e contabilistas que criam estrat\u00e9gias cada vez mais sofisticadas para evitar impostos.<\/p>\n<p>Embora a riqueza offshore total tenha atingido 13,25 mil milh\u00f5es de d\u00f3lares em 2023, o equivalente a 12,48% do PIB mundial, a parte n\u00e3o tributada manter-se-ia est\u00e1vel, em torno de 3,2%.<\/p>\n<h3>Pedido de reformas<\/h3>\n<p>A Oxfam faz um apelo aos governos, nomeadamente ao Reino Unido e aos l\u00edderes do G7, para introduzirem impostos permanentes e progressivos sobre a riqueza. Desta forma, defendem, seria poss\u00edvel recuperar receitas p\u00fablicas para reduzir pobreza, apoiar a transi\u00e7\u00e3o verde e refor\u00e7ar infraestruturas degradadas.<\/p>\n<p>Hallum admite que um imposto sobre a riqueza n\u00e3o resolve, por si s\u00f3, o problema offshore, dado o peso de 80% da riqueza n\u00e3o tributada nas m\u00e3os do 0,1%. Contudo, aponta que aumentar a transpar\u00eancia financeira \u00e9 essencial, bem como enfrentar a desigualdade extrema associada aos para\u00edsos fiscais.<\/p>\n<h3>Caminhos da coopera\u00e7\u00e3o global<\/h3>\n<p>O relat\u00f3rio sublinha a necessidade de coopera\u00e7\u00e3o internacional para fechar brechas legais. Em novembro de 2024, a ONU aprovou termos para uma Conven\u00e7\u00e3o-Quadro sobre Coopera\u00e7\u00e3o Fiscal Internacional, com negocia\u00e7\u00f5es iniciadas em 2025 e previstas at\u00e9 2027, visando um modelo mais inclusivo que o atual.<\/p>\n<p>Hallum tamb\u00e9m defende a cria\u00e7\u00e3o de um registo global de ativos e registos p\u00fablicos para expor sociedades de fachada e trusts, al\u00e9m de refor\u00e7ar a capacidade das administra\u00e7\u00f5es fiscais para combater a evas\u00e3o.<\/p>\n","protected":false},"excerpt":{"rendered":"<ul>\n<li>Os ultrarricos, 0,1%, escondem cerca de $2,84 bili\u00f5es em riqueza privada n\u00e3o tributada em contas offshore, mais do que a riqueza conjunta dos 4,1 mil milh\u00f5es de pessoas mais pobres.<\/li>\n<li>Os 0,1% det\u00eam cerca de 80% de todos os fundos offshore n\u00e3o tributados, correspondendo a aproximadamente $2,84 bili\u00f5es ($2,47 bili\u00f5es de euros).<\/li>\n<li>A riqueza offshore totalizou aproximadamente $13,25 bili\u00f5es ($11,51 bili\u00f5es de euros) em 2023, o que representa cerca de 12,48% do PIB mundial; a parcela n\u00e3o tributada manter-se-ia est\u00e1vel em torno de 3,2%.<\/li>\n<li>A Oxfam defende impostos permanentes sobre a riqueza dos ultra-ricos, registo global de ativos e maior transpar\u00eancia para combater a desigualdade e financiar servi\u00e7os p\u00fablicos.<\/li>\n<li>O CRS (Troca Autom\u00e1tica de Informa\u00e7\u00f5es) ainda tem ades\u00e3o desigual entre jurisdi\u00e7\u00f5es, com custos e desafios t\u00e9cnicos para pa\u00edses em desenvolvimento coletarem dados sobre benefici\u00e1rios efetivos.<\/li>\n<\/ul>\n","protected":false},"author":2,"featured_media":430071,"comment_status":"closed","ping_status":"closed","sticky":false,"template":"","format":"standard","meta":{"footnotes":""},"categories":[2,6735],"tags":[6115,256,5437,1437,3613,5541],"class_list":["post-430069","post","type-post","status-publish","format-standard","has-post-thumbnail","hentry","category-economia","category-negocios","tag-_economia","tag-cooperacao-internacional","tag-desigualdades-sociais","tag-evasao-fiscal","tag-impostos","tag-paraisos"],"yoast_head":"<!-- This site is optimized with the Yoast SEO plugin v27.2 - https:\/\/yoast.com\/product\/yoast-seo-wordpress\/ -->\n<title>Riqueza n\u00e3o tributada dos 0,1% mais ricos ultrapassa ativos da metade mais pobre - Portal Tela Portugal<\/title>\n<meta name=\"robots\" content=\"index, follow, max-snippet:-1, max-image-preview:large, max-video-preview:-1\" \/>\n<meta property=\"og:locale\" content=\"pt_PT\" \/>\n<meta property=\"og:type\" content=\"article\" \/>\n<meta property=\"og:title\" content=\"Riqueza n\u00e3o tributada dos 0,1% mais ricos ultrapassa ativos da metade mais pobre - Portal Tela Portugal\" \/>\n<meta property=\"og:description\" content=\"Os ultrarricos, 0,1%, escondem cerca de $2,84 bili\u00f5es em riqueza privada n\u00e3o tributada em contas offshore, mais do que a riqueza conjunta dos 4,1 mil milh\u00f5es de pessoas mais pobres. Os 0,1% det\u00eam cerca de 80% de todos os fundos offshore n\u00e3o tributados, correspondendo a aproximadamente $2,84 bili\u00f5es ($2,47 bili\u00f5es de euros). A riqueza offshore totalizou aproximadamente $13,25 bili\u00f5es ($11,51 bili\u00f5es de euros) em 2023, o que representa cerca de 12,48% do PIB mundial; a parcela n\u00e3o tributada manter-se-ia est\u00e1vel em torno de 3,2%. A Oxfam defende impostos permanentes sobre a riqueza dos ultra-ricos, registo global de ativos e maior transpar\u00eancia para combater a desigualdade e financiar servi\u00e7os p\u00fablicos. O CRS (Troca Autom\u00e1tica de Informa\u00e7\u00f5es) ainda tem ades\u00e3o desigual entre jurisdi\u00e7\u00f5es, com custos e desafios t\u00e9cnicos para pa\u00edses em desenvolvimento coletarem dados sobre benefici\u00e1rios efetivos.\" \/>\n<meta property=\"og:url\" content=\"https:\/\/portaltela.pt\/noticias\/2026\/04\/02\/riqueza-nao-tributada-dos-01-mais-ricos-ultrapassa-ativos-da-metade-mais-pobre\/\" \/>\n<meta property=\"og:site_name\" content=\"Portal Tela Portugal\" \/>\n<meta property=\"article:published_time\" content=\"2026-04-02T08:47:23+00:00\" \/>\n<meta name=\"author\" content=\"Telinha\" \/>\n<meta name=\"twitter:card\" content=\"summary_large_image\" \/>\n<meta name=\"twitter:label1\" content=\"Escrito por\" \/>\n\t<meta name=\"twitter:data1\" content=\"Telinha\" \/>\n\t<meta name=\"twitter:label2\" content=\"Tempo estimado de leitura\" \/>\n\t<meta name=\"twitter:data2\" content=\"2 minutos\" \/>\n<script type=\"application\/ld+json\" class=\"yoast-schema-graph\">{\"@context\":\"https:\/\/schema.org\",\"@graph\":[{\"@type\":\"Article\",\"@id\":\"https:\/\/portaltela.pt\/noticias\/2026\/04\/02\/riqueza-nao-tributada-dos-01-mais-ricos-ultrapassa-ativos-da-metade-mais-pobre\/#article\",\"isPartOf\":{\"@id\":\"https:\/\/portaltela.pt\/noticias\/2026\/04\/02\/riqueza-nao-tributada-dos-01-mais-ricos-ultrapassa-ativos-da-metade-mais-pobre\/\"},\"author\":{\"name\":\"Telinha\",\"@id\":\"https:\/\/portaltela.pt\/#\/schema\/person\/c4278d4a6028830caff9ee44b42d32ed\"},\"headline\":\"Riqueza n\u00e3o tributada dos 0,1% mais ricos ultrapassa ativos da metade mais pobre\",\"datePublished\":\"2026-04-02T08:47:23+00:00\",\"mainEntityOfPage\":{\"@id\":\"https:\/\/portaltela.pt\/noticias\/2026\/04\/02\/riqueza-nao-tributada-dos-01-mais-ricos-ultrapassa-ativos-da-metade-mais-pobre\/\"},\"wordCount\":459,\"image\":{\"@id\":\"https:\/\/portaltela.pt\/noticias\/2026\/04\/02\/riqueza-nao-tributada-dos-01-mais-ricos-ultrapassa-ativos-da-metade-mais-pobre\/#primaryimage\"},\"thumbnailUrl\":\"https:\/\/portaltela.pt\/s.01k8rhncp4jt1\/2026\/04\/1536x864_cmsv2_6ad32c3a-e2a7-5488-8c05-db06be338bc7-9706712.jpg\",\"keywords\":[\"_economia\",\"coopera\u00e7\u00e3o internacional\",\"desigualdades sociais\",\"evas\u00e3o fiscal\",\"impostos\",\"para\u00edsos\"],\"articleSection\":[\"Economia\",\"Neg\u00f3cios\"],\"inLanguage\":\"pt-PT\"},{\"@type\":\"WebPage\",\"@id\":\"https:\/\/portaltela.pt\/noticias\/2026\/04\/02\/riqueza-nao-tributada-dos-01-mais-ricos-ultrapassa-ativos-da-metade-mais-pobre\/\",\"url\":\"https:\/\/portaltela.pt\/noticias\/2026\/04\/02\/riqueza-nao-tributada-dos-01-mais-ricos-ultrapassa-ativos-da-metade-mais-pobre\/\",\"name\":\"Riqueza n\u00e3o tributada dos 0,1% mais ricos ultrapassa ativos da metade mais pobre - Portal Tela Portugal\",\"isPartOf\":{\"@id\":\"https:\/\/portaltela.pt\/#website\"},\"primaryImageOfPage\":{\"@id\":\"https:\/\/portaltela.pt\/noticias\/2026\/04\/02\/riqueza-nao-tributada-dos-01-mais-ricos-ultrapassa-ativos-da-metade-mais-pobre\/#primaryimage\"},\"image\":{\"@id\":\"https:\/\/portaltela.pt\/noticias\/2026\/04\/02\/riqueza-nao-tributada-dos-01-mais-ricos-ultrapassa-ativos-da-metade-mais-pobre\/#primaryimage\"},\"thumbnailUrl\":\"https:\/\/portaltela.pt\/s.01k8rhncp4jt1\/2026\/04\/1536x864_cmsv2_6ad32c3a-e2a7-5488-8c05-db06be338bc7-9706712.jpg\",\"datePublished\":\"2026-04-02T08:47:23+00:00\",\"author\":{\"@id\":\"https:\/\/portaltela.pt\/#\/schema\/person\/c4278d4a6028830caff9ee44b42d32ed\"},\"breadcrumb\":{\"@id\":\"https:\/\/portaltela.pt\/noticias\/2026\/04\/02\/riqueza-nao-tributada-dos-01-mais-ricos-ultrapassa-ativos-da-metade-mais-pobre\/#breadcrumb\"},\"inLanguage\":\"pt-PT\",\"potentialAction\":[{\"@type\":\"ReadAction\",\"target\":[\"https:\/\/portaltela.pt\/noticias\/2026\/04\/02\/riqueza-nao-tributada-dos-01-mais-ricos-ultrapassa-ativos-da-metade-mais-pobre\/\"]}]},{\"@type\":\"ImageObject\",\"inLanguage\":\"pt-PT\",\"@id\":\"https:\/\/portaltela.pt\/noticias\/2026\/04\/02\/riqueza-nao-tributada-dos-01-mais-ricos-ultrapassa-ativos-da-metade-mais-pobre\/#primaryimage\",\"url\":\"https:\/\/portaltela.pt\/s.01k8rhncp4jt1\/2026\/04\/1536x864_cmsv2_6ad32c3a-e2a7-5488-8c05-db06be338bc7-9706712.jpg\",\"contentUrl\":\"https:\/\/portaltela.pt\/s.01k8rhncp4jt1\/2026\/04\/1536x864_cmsv2_6ad32c3a-e2a7-5488-8c05-db06be338bc7-9706712.jpg\",\"width\":796,\"height\":448,\"caption\":\"ARQUIVO. Ativista mostra jornal com manchete sobre revela\u00e7\u00f5es 'Panama Papers' durante reuni\u00e3o de gestores banc\u00e1rios em Paris, Fran\u00e7a, abr. 2016\"},{\"@type\":\"BreadcrumbList\",\"@id\":\"https:\/\/portaltela.pt\/noticias\/2026\/04\/02\/riqueza-nao-tributada-dos-01-mais-ricos-ultrapassa-ativos-da-metade-mais-pobre\/#breadcrumb\",\"itemListElement\":[{\"@type\":\"ListItem\",\"position\":1,\"name\":\"In\u00edcio\",\"item\":\"https:\/\/portaltela.pt\/\"},{\"@type\":\"ListItem\",\"position\":2,\"name\":\"Riqueza n\u00e3o tributada dos 0,1% mais ricos ultrapassa ativos da metade mais pobre\"}]},{\"@type\":\"WebSite\",\"@id\":\"https:\/\/portaltela.pt\/#website\",\"url\":\"https:\/\/portaltela.pt\/\",\"name\":\"Portal Tela Portugal\",\"description\":\"\",\"potentialAction\":[{\"@type\":\"SearchAction\",\"target\":{\"@type\":\"EntryPoint\",\"urlTemplate\":\"https:\/\/portaltela.pt\/?s={search_term_string}\"},\"query-input\":{\"@type\":\"PropertyValueSpecification\",\"valueRequired\":true,\"valueName\":\"search_term_string\"}}],\"inLanguage\":\"pt-PT\"},{\"@type\":\"Person\",\"@id\":\"https:\/\/portaltela.pt\/#\/schema\/person\/c4278d4a6028830caff9ee44b42d32ed\",\"name\":\"Telinha\",\"image\":{\"@type\":\"ImageObject\",\"inLanguage\":\"pt-PT\",\"@id\":\"https:\/\/portaltela.pt\/s.01k8rhncp4jt1\/2025\/11\/talking-bot-125x125.png\",\"url\":\"https:\/\/portaltela.pt\/s.01k8rhncp4jt1\/2025\/11\/talking-bot-125x125.png\",\"contentUrl\":\"https:\/\/portaltela.pt\/s.01k8rhncp4jt1\/2025\/11\/talking-bot-125x125.png\",\"caption\":\"Telinha\"},\"sameAs\":[\"https:\/\/portaltela.pt\/\"],\"url\":\"https:\/\/portaltela.pt\/por\/367410592786\/\"}]}<\/script>\n<!-- \/ Yoast SEO plugin. -->","yoast_head_json":{"title":"Riqueza n\u00e3o tributada dos 0,1% mais ricos ultrapassa ativos da metade mais pobre - Portal Tela Portugal","robots":{"index":"index","follow":"follow","max-snippet":"max-snippet:-1","max-image-preview":"max-image-preview:large","max-video-preview":"max-video-preview:-1"},"og_locale":"pt_PT","og_type":"article","og_title":"Riqueza n\u00e3o tributada dos 0,1% mais ricos ultrapassa ativos da metade mais pobre - Portal Tela Portugal","og_description":"Os ultrarricos, 0,1%, escondem cerca de $2,84 bili\u00f5es em riqueza privada n\u00e3o tributada em contas offshore, mais do que a riqueza conjunta dos 4,1 mil milh\u00f5es de pessoas mais pobres. Os 0,1% det\u00eam cerca de 80% de todos os fundos offshore n\u00e3o tributados, correspondendo a aproximadamente $2,84 bili\u00f5es ($2,47 bili\u00f5es de euros). A riqueza offshore totalizou aproximadamente $13,25 bili\u00f5es ($11,51 bili\u00f5es de euros) em 2023, o que representa cerca de 12,48% do PIB mundial; a parcela n\u00e3o tributada manter-se-ia est\u00e1vel em torno de 3,2%. A Oxfam defende impostos permanentes sobre a riqueza dos ultra-ricos, registo global de ativos e maior transpar\u00eancia para combater a desigualdade e financiar servi\u00e7os p\u00fablicos. O CRS (Troca Autom\u00e1tica de Informa\u00e7\u00f5es) ainda tem ades\u00e3o desigual entre jurisdi\u00e7\u00f5es, com custos e desafios t\u00e9cnicos para pa\u00edses em desenvolvimento coletarem dados sobre benefici\u00e1rios efetivos.","og_url":"https:\/\/portaltela.pt\/noticias\/2026\/04\/02\/riqueza-nao-tributada-dos-01-mais-ricos-ultrapassa-ativos-da-metade-mais-pobre\/","og_site_name":"Portal Tela Portugal","article_published_time":"2026-04-02T08:47:23+00:00","author":"Telinha","twitter_card":"summary_large_image","twitter_misc":{"Escrito por":"Telinha","Tempo estimado de leitura":"2 minutos"},"schema":{"@context":"https:\/\/schema.org","@graph":[{"@type":"Article","@id":"https:\/\/portaltela.pt\/noticias\/2026\/04\/02\/riqueza-nao-tributada-dos-01-mais-ricos-ultrapassa-ativos-da-metade-mais-pobre\/#article","isPartOf":{"@id":"https:\/\/portaltela.pt\/noticias\/2026\/04\/02\/riqueza-nao-tributada-dos-01-mais-ricos-ultrapassa-ativos-da-metade-mais-pobre\/"},"author":{"name":"Telinha","@id":"https:\/\/portaltela.pt\/#\/schema\/person\/c4278d4a6028830caff9ee44b42d32ed"},"headline":"Riqueza n\u00e3o tributada dos 0,1% mais ricos ultrapassa ativos da metade mais pobre","datePublished":"2026-04-02T08:47:23+00:00","mainEntityOfPage":{"@id":"https:\/\/portaltela.pt\/noticias\/2026\/04\/02\/riqueza-nao-tributada-dos-01-mais-ricos-ultrapassa-ativos-da-metade-mais-pobre\/"},"wordCount":459,"image":{"@id":"https:\/\/portaltela.pt\/noticias\/2026\/04\/02\/riqueza-nao-tributada-dos-01-mais-ricos-ultrapassa-ativos-da-metade-mais-pobre\/#primaryimage"},"thumbnailUrl":"https:\/\/portaltela.pt\/s.01k8rhncp4jt1\/2026\/04\/1536x864_cmsv2_6ad32c3a-e2a7-5488-8c05-db06be338bc7-9706712.jpg","keywords":["_economia","coopera\u00e7\u00e3o internacional","desigualdades sociais","evas\u00e3o fiscal","impostos","para\u00edsos"],"articleSection":["Economia","Neg\u00f3cios"],"inLanguage":"pt-PT"},{"@type":"WebPage","@id":"https:\/\/portaltela.pt\/noticias\/2026\/04\/02\/riqueza-nao-tributada-dos-01-mais-ricos-ultrapassa-ativos-da-metade-mais-pobre\/","url":"https:\/\/portaltela.pt\/noticias\/2026\/04\/02\/riqueza-nao-tributada-dos-01-mais-ricos-ultrapassa-ativos-da-metade-mais-pobre\/","name":"Riqueza n\u00e3o tributada dos 0,1% mais ricos ultrapassa ativos da metade mais pobre - Portal Tela Portugal","isPartOf":{"@id":"https:\/\/portaltela.pt\/#website"},"primaryImageOfPage":{"@id":"https:\/\/portaltela.pt\/noticias\/2026\/04\/02\/riqueza-nao-tributada-dos-01-mais-ricos-ultrapassa-ativos-da-metade-mais-pobre\/#primaryimage"},"image":{"@id":"https:\/\/portaltela.pt\/noticias\/2026\/04\/02\/riqueza-nao-tributada-dos-01-mais-ricos-ultrapassa-ativos-da-metade-mais-pobre\/#primaryimage"},"thumbnailUrl":"https:\/\/portaltela.pt\/s.01k8rhncp4jt1\/2026\/04\/1536x864_cmsv2_6ad32c3a-e2a7-5488-8c05-db06be338bc7-9706712.jpg","datePublished":"2026-04-02T08:47:23+00:00","author":{"@id":"https:\/\/portaltela.pt\/#\/schema\/person\/c4278d4a6028830caff9ee44b42d32ed"},"breadcrumb":{"@id":"https:\/\/portaltela.pt\/noticias\/2026\/04\/02\/riqueza-nao-tributada-dos-01-mais-ricos-ultrapassa-ativos-da-metade-mais-pobre\/#breadcrumb"},"inLanguage":"pt-PT","potentialAction":[{"@type":"ReadAction","target":["https:\/\/portaltela.pt\/noticias\/2026\/04\/02\/riqueza-nao-tributada-dos-01-mais-ricos-ultrapassa-ativos-da-metade-mais-pobre\/"]}]},{"@type":"ImageObject","inLanguage":"pt-PT","@id":"https:\/\/portaltela.pt\/noticias\/2026\/04\/02\/riqueza-nao-tributada-dos-01-mais-ricos-ultrapassa-ativos-da-metade-mais-pobre\/#primaryimage","url":"https:\/\/portaltela.pt\/s.01k8rhncp4jt1\/2026\/04\/1536x864_cmsv2_6ad32c3a-e2a7-5488-8c05-db06be338bc7-9706712.jpg","contentUrl":"https:\/\/portaltela.pt\/s.01k8rhncp4jt1\/2026\/04\/1536x864_cmsv2_6ad32c3a-e2a7-5488-8c05-db06be338bc7-9706712.jpg","width":796,"height":448,"caption":"ARQUIVO. Ativista mostra jornal com manchete sobre revela\u00e7\u00f5es 'Panama Papers' durante reuni\u00e3o de gestores banc\u00e1rios em Paris, Fran\u00e7a, abr. 2016"},{"@type":"BreadcrumbList","@id":"https:\/\/portaltela.pt\/noticias\/2026\/04\/02\/riqueza-nao-tributada-dos-01-mais-ricos-ultrapassa-ativos-da-metade-mais-pobre\/#breadcrumb","itemListElement":[{"@type":"ListItem","position":1,"name":"In\u00edcio","item":"https:\/\/portaltela.pt\/"},{"@type":"ListItem","position":2,"name":"Riqueza n\u00e3o tributada dos 0,1% mais ricos ultrapassa ativos da metade mais pobre"}]},{"@type":"WebSite","@id":"https:\/\/portaltela.pt\/#website","url":"https:\/\/portaltela.pt\/","name":"Portal Tela Portugal","description":"","potentialAction":[{"@type":"SearchAction","target":{"@type":"EntryPoint","urlTemplate":"https:\/\/portaltela.pt\/?s={search_term_string}"},"query-input":{"@type":"PropertyValueSpecification","valueRequired":true,"valueName":"search_term_string"}}],"inLanguage":"pt-PT"},{"@type":"Person","@id":"https:\/\/portaltela.pt\/#\/schema\/person\/c4278d4a6028830caff9ee44b42d32ed","name":"Telinha","image":{"@type":"ImageObject","inLanguage":"pt-PT","@id":"https:\/\/portaltela.pt\/s.01k8rhncp4jt1\/2025\/11\/talking-bot-125x125.png","url":"https:\/\/portaltela.pt\/s.01k8rhncp4jt1\/2025\/11\/talking-bot-125x125.png","contentUrl":"https:\/\/portaltela.pt\/s.01k8rhncp4jt1\/2025\/11\/talking-bot-125x125.png","caption":"Telinha"},"sameAs":["https:\/\/portaltela.pt\/"],"url":"https:\/\/portaltela.pt\/por\/367410592786\/"}]}},"_links":{"self":[{"href":"https:\/\/portaltela.pt\/api\/wp\/v2\/posts\/430069","targetHints":{"allow":["GET"]}}],"collection":[{"href":"https:\/\/portaltela.pt\/api\/wp\/v2\/posts"}],"about":[{"href":"https:\/\/portaltela.pt\/api\/wp\/v2\/types\/post"}],"author":[{"embeddable":true,"href":"https:\/\/portaltela.pt\/api\/wp\/v2\/users\/2"}],"replies":[{"embeddable":true,"href":"https:\/\/portaltela.pt\/api\/wp\/v2\/comments?post=430069"}],"version-history":[{"count":0,"href":"https:\/\/portaltela.pt\/api\/wp\/v2\/posts\/430069\/revisions"}],"wp:featuredmedia":[{"embeddable":true,"href":"https:\/\/portaltela.pt\/api\/wp\/v2\/media\/430071"}],"wp:attachment":[{"href":"https:\/\/portaltela.pt\/api\/wp\/v2\/media?parent=430069"}],"wp:term":[{"taxonomy":"category","embeddable":true,"href":"https:\/\/portaltela.pt\/api\/wp\/v2\/categories?post=430069"},{"taxonomy":"post_tag","embeddable":true,"href":"https:\/\/portaltela.pt\/api\/wp\/v2\/tags?post=430069"}],"curies":[{"name":"wp","href":"https:\/\/api.w.org\/{rel}","templated":true}]}}