{"id":429999,"date":"2026-04-02T03:17:00","date_gmt":"2026-04-02T06:17:00","guid":{"rendered":"https:\/\/portaltela.pt\/noticias\/2026\/04\/02\/debates-sobre-preambulo-papel-do-estado-e-deputados-na-constituicao\/"},"modified":"2026-04-02T03:17:00","modified_gmt":"2026-04-02T06:17:00","slug":"debates-sobre-preambulo-papel-do-estado-e-deputados-na-constituicao","status":"publish","type":"post","link":"https:\/\/portaltela.pt\/noticias\/2026\/04\/02\/debates-sobre-preambulo-papel-do-estado-e-deputados-na-constituicao\/","title":{"rendered":"Debates sobre pre\u00e2mbulo, papel do Estado e deputados na Constitui\u00e7\u00e3o"},"content":{"rendered":"<p>H\u00e1 quest\u00f5es recorrentes quando se discute a Constitui\u00e7\u00e3o. Alguns pontos j\u00e1 foram revistos, outros continuam no texto, e h\u00e1 temas ainda por entrar.<\/p>\n<p>Tr\u00eas constitucionalistas analisam o pre\u00e2mbulo, que afirma que a Assembleia Constituinte abriu caminho para uma sociedade socialista. O debate ressalta o papel hist\u00f3rico do documento.<\/p>\n<p>O conte\u00fado atual do pre\u00e2mbulo \u00e9 visto como n\u00e3o normativo, servindo apenas para refer\u00eancia hist\u00f3rica, segundo os especialistas citados. A conversa insiste em distinguir passado e norma jur\u00eddica.<\/p>\n<h3>Pontos de vista sobre o pre\u00e2mbulo<\/h3>\n<p>Vitalino Canas e Teresa Violante defendem a manuten\u00e7\u00e3o do pre\u00e2mbulo, argumentando que n\u00e3o atrapalha a leitura dos artigos constitucionais.<\/p>\n<p>Jorge Bacelar Gouveia prop\u00f5e a remo\u00e7\u00e3o do pre\u00e2mbulo, alegando que, ap\u00f3s altera\u00e7\u00f5es nos artigos iniciais, a express\u00e3o associada a um passado diferente perde fun\u00e7\u00e3o interpretativa.<\/p>\n","protected":false},"excerpt":{"rendered":"<ul>\n<li>Debates sobre a Constitui\u00e7\u00e3o permanecem, com quest\u00f5es revistas no passado, outras ainda no texto e algumas sem altera\u00e7\u00e3o.<\/li>\n<li>Os constitucionalistas Vitalino Canas, Teresa Violante e Jorge Bacelar Gouveia discutem o pre\u00e2mbulo que afirma que a Assembleia Constituinte abriu caminho para uma sociedade socialista.<\/li>\n<li>Os tr\u00eas concordam que o pre\u00e2mbulo hoje tem apenas valor hist\u00f3rico, sem conte\u00fado normativo ou interpretativo.<\/li>\n<li>Canas e Violante defendem manter o pre\u00e2mbulo, sem impedir a legisla\u00e7\u00e3o, enquanto Bacelar Gouveia entende que deve ser retirado.<\/li>\n<li>A discuss\u00e3o ganha forma \u00e0 medida que se alteram os artigos iniciais, j\u00e1 tendo sido eliminada a express\u00e3o \u201csociedade sem classes\u201d.<\/li>\n<\/ul>\n","protected":false},"author":2,"featured_media":430002,"comment_status":"closed","ping_status":"closed","sticky":false,"template":"","format":"standard","meta":{"footnotes":""},"categories":[6815,1],"tags":[3254,4057,6337,34,654,2832],"class_list":["post-429999","post","type-post","status-publish","format-standard","has-post-thumbnail","hentry","category-justica","category-noticias","tag-constitucionalistas","tag-constituicao","tag-direito","tag-governo","tag-poder","tag-politica"],"yoast_head":"<!-- This site is optimized with the Yoast SEO plugin v27.2 - https:\/\/yoast.com\/product\/yoast-seo-wordpress\/ -->\n<title>Debates sobre pre\u00e2mbulo, papel do Estado e deputados na Constitui\u00e7\u00e3o - Portal Tela Portugal<\/title>\n<meta name=\"robots\" content=\"index, follow, max-snippet:-1, max-image-preview:large, max-video-preview:-1\" \/>\n<meta property=\"og:locale\" content=\"pt_PT\" \/>\n<meta property=\"og:type\" content=\"article\" \/>\n<meta property=\"og:title\" content=\"Debates sobre pre\u00e2mbulo, papel do Estado e deputados na Constitui\u00e7\u00e3o - Portal Tela Portugal\" \/>\n<meta property=\"og:description\" content=\"Debates sobre a Constitui\u00e7\u00e3o permanecem, com quest\u00f5es revistas no passado, outras ainda no texto e algumas sem altera\u00e7\u00e3o. Os constitucionalistas Vitalino Canas, Teresa Violante e Jorge Bacelar Gouveia discutem o pre\u00e2mbulo que afirma que a Assembleia Constituinte abriu caminho para uma sociedade socialista. Os tr\u00eas concordam que o pre\u00e2mbulo hoje tem apenas valor hist\u00f3rico, sem conte\u00fado normativo ou interpretativo. Canas e Violante defendem manter o pre\u00e2mbulo, sem impedir a legisla\u00e7\u00e3o, enquanto Bacelar Gouveia entende que deve ser retirado. A discuss\u00e3o ganha forma \u00e0 medida que se alteram os artigos iniciais, j\u00e1 tendo sido eliminada a express\u00e3o \u201csociedade sem classes\u201d.\" \/>\n<meta property=\"og:url\" content=\"https:\/\/portaltela.pt\/noticias\/2026\/04\/02\/debates-sobre-preambulo-papel-do-estado-e-deputados-na-constituicao\/\" \/>\n<meta property=\"og:site_name\" content=\"Portal Tela Portugal\" \/>\n<meta property=\"article:published_time\" content=\"2026-04-02T06:17:00+00:00\" \/>\n<meta name=\"author\" content=\"Telinha\" \/>\n<meta name=\"twitter:card\" content=\"summary_large_image\" \/>\n<meta name=\"twitter:label1\" content=\"Escrito por\" \/>\n\t<meta name=\"twitter:data1\" content=\"Telinha\" \/>\n\t<meta name=\"twitter:label2\" content=\"Tempo estimado de leitura\" \/>\n\t<meta name=\"twitter:data2\" content=\"1 minuto\" \/>\n<script type=\"application\/ld+json\" class=\"yoast-schema-graph\">{\"@context\":\"https:\/\/schema.org\",\"@graph\":[{\"@type\":\"Article\",\"@id\":\"https:\/\/portaltela.pt\/noticias\/2026\/04\/02\/debates-sobre-preambulo-papel-do-estado-e-deputados-na-constituicao\/#article\",\"isPartOf\":{\"@id\":\"https:\/\/portaltela.pt\/noticias\/2026\/04\/02\/debates-sobre-preambulo-papel-do-estado-e-deputados-na-constituicao\/\"},\"author\":{\"name\":\"Telinha\",\"@id\":\"https:\/\/portaltela.pt\/#\/schema\/person\/c4278d4a6028830caff9ee44b42d32ed\"},\"headline\":\"Debates sobre pre\u00e2mbulo, papel do Estado e deputados na Constitui\u00e7\u00e3o\",\"datePublished\":\"2026-04-02T06:17:00+00:00\",\"mainEntityOfPage\":{\"@id\":\"https:\/\/portaltela.pt\/noticias\/2026\/04\/02\/debates-sobre-preambulo-papel-do-estado-e-deputados-na-constituicao\/\"},\"wordCount\":159,\"image\":{\"@id\":\"https:\/\/portaltela.pt\/noticias\/2026\/04\/02\/debates-sobre-preambulo-papel-do-estado-e-deputados-na-constituicao\/#primaryimage\"},\"thumbnailUrl\":\"https:\/\/portaltela.pt\/s.01k8rhncp4jt1\/2026\/04\/2078214.jpg\",\"keywords\":[\"Constitucionalistas\",\"constitui\u00e7\u00e3o\",\"direito\",\"governo\",\"poder\",\"pol\u00edtica\"],\"articleSection\":[\"Justi\u00e7a\",\"Not\u00edcias\"],\"inLanguage\":\"pt-PT\"},{\"@type\":\"WebPage\",\"@id\":\"https:\/\/portaltela.pt\/noticias\/2026\/04\/02\/debates-sobre-preambulo-papel-do-estado-e-deputados-na-constituicao\/\",\"url\":\"https:\/\/portaltela.pt\/noticias\/2026\/04\/02\/debates-sobre-preambulo-papel-do-estado-e-deputados-na-constituicao\/\",\"name\":\"Debates sobre pre\u00e2mbulo, papel do Estado e deputados na Constitui\u00e7\u00e3o - Portal Tela Portugal\",\"isPartOf\":{\"@id\":\"https:\/\/portaltela.pt\/#website\"},\"primaryImageOfPage\":{\"@id\":\"https:\/\/portaltela.pt\/noticias\/2026\/04\/02\/debates-sobre-preambulo-papel-do-estado-e-deputados-na-constituicao\/#primaryimage\"},\"image\":{\"@id\":\"https:\/\/portaltela.pt\/noticias\/2026\/04\/02\/debates-sobre-preambulo-papel-do-estado-e-deputados-na-constituicao\/#primaryimage\"},\"thumbnailUrl\":\"https:\/\/portaltela.pt\/s.01k8rhncp4jt1\/2026\/04\/2078214.jpg\",\"datePublished\":\"2026-04-02T06:17:00+00:00\",\"author\":{\"@id\":\"https:\/\/portaltela.pt\/#\/schema\/person\/c4278d4a6028830caff9ee44b42d32ed\"},\"breadcrumb\":{\"@id\":\"https:\/\/portaltela.pt\/noticias\/2026\/04\/02\/debates-sobre-preambulo-papel-do-estado-e-deputados-na-constituicao\/#breadcrumb\"},\"inLanguage\":\"pt-PT\",\"potentialAction\":[{\"@type\":\"ReadAction\",\"target\":[\"https:\/\/portaltela.pt\/noticias\/2026\/04\/02\/debates-sobre-preambulo-papel-do-estado-e-deputados-na-constituicao\/\"]}]},{\"@type\":\"ImageObject\",\"inLanguage\":\"pt-PT\",\"@id\":\"https:\/\/portaltela.pt\/noticias\/2026\/04\/02\/debates-sobre-preambulo-papel-do-estado-e-deputados-na-constituicao\/#primaryimage\",\"url\":\"https:\/\/portaltela.pt\/s.01k8rhncp4jt1\/2026\/04\/2078214.jpg\",\"contentUrl\":\"https:\/\/portaltela.pt\/s.01k8rhncp4jt1\/2026\/04\/2078214.jpg\",\"width\":796,\"height\":448,\"caption\":\"No pre\u00e2mbulo da CRP pode ler-se que \u201ca Assembleia Constituinte afirma a decis\u00e3o do povo portugu\u00eas (\u2026) de abrir caminho para uma sociedade socialista\u201d\"},{\"@type\":\"BreadcrumbList\",\"@id\":\"https:\/\/portaltela.pt\/noticias\/2026\/04\/02\/debates-sobre-preambulo-papel-do-estado-e-deputados-na-constituicao\/#breadcrumb\",\"itemListElement\":[{\"@type\":\"ListItem\",\"position\":1,\"name\":\"In\u00edcio\",\"item\":\"https:\/\/portaltela.pt\/\"},{\"@type\":\"ListItem\",\"position\":2,\"name\":\"Debates sobre pre\u00e2mbulo, papel do Estado e deputados na Constitui\u00e7\u00e3o\"}]},{\"@type\":\"WebSite\",\"@id\":\"https:\/\/portaltela.pt\/#website\",\"url\":\"https:\/\/portaltela.pt\/\",\"name\":\"Portal Tela Portugal\",\"description\":\"\",\"potentialAction\":[{\"@type\":\"SearchAction\",\"target\":{\"@type\":\"EntryPoint\",\"urlTemplate\":\"https:\/\/portaltela.pt\/?s={search_term_string}\"},\"query-input\":{\"@type\":\"PropertyValueSpecification\",\"valueRequired\":true,\"valueName\":\"search_term_string\"}}],\"inLanguage\":\"pt-PT\"},{\"@type\":\"Person\",\"@id\":\"https:\/\/portaltela.pt\/#\/schema\/person\/c4278d4a6028830caff9ee44b42d32ed\",\"name\":\"Telinha\",\"image\":{\"@type\":\"ImageObject\",\"inLanguage\":\"pt-PT\",\"@id\":\"https:\/\/portaltela.pt\/s.01k8rhncp4jt1\/2025\/11\/talking-bot-125x125.png\",\"url\":\"https:\/\/portaltela.pt\/s.01k8rhncp4jt1\/2025\/11\/talking-bot-125x125.png\",\"contentUrl\":\"https:\/\/portaltela.pt\/s.01k8rhncp4jt1\/2025\/11\/talking-bot-125x125.png\",\"caption\":\"Telinha\"},\"sameAs\":[\"https:\/\/portaltela.pt\/\"],\"url\":\"https:\/\/portaltela.pt\/por\/367410592786\/\"}]}<\/script>\n<!-- \/ Yoast SEO plugin. -->","yoast_head_json":{"title":"Debates sobre pre\u00e2mbulo, papel do Estado e deputados na Constitui\u00e7\u00e3o - Portal Tela Portugal","robots":{"index":"index","follow":"follow","max-snippet":"max-snippet:-1","max-image-preview":"max-image-preview:large","max-video-preview":"max-video-preview:-1"},"og_locale":"pt_PT","og_type":"article","og_title":"Debates sobre pre\u00e2mbulo, papel do Estado e deputados na Constitui\u00e7\u00e3o - Portal Tela Portugal","og_description":"Debates sobre a Constitui\u00e7\u00e3o permanecem, com quest\u00f5es revistas no passado, outras ainda no texto e algumas sem altera\u00e7\u00e3o. Os constitucionalistas Vitalino Canas, Teresa Violante e Jorge Bacelar Gouveia discutem o pre\u00e2mbulo que afirma que a Assembleia Constituinte abriu caminho para uma sociedade socialista. Os tr\u00eas concordam que o pre\u00e2mbulo hoje tem apenas valor hist\u00f3rico, sem conte\u00fado normativo ou interpretativo. Canas e Violante defendem manter o pre\u00e2mbulo, sem impedir a legisla\u00e7\u00e3o, enquanto Bacelar Gouveia entende que deve ser retirado. A discuss\u00e3o ganha forma \u00e0 medida que se alteram os artigos iniciais, j\u00e1 tendo sido eliminada a express\u00e3o \u201csociedade sem classes\u201d.","og_url":"https:\/\/portaltela.pt\/noticias\/2026\/04\/02\/debates-sobre-preambulo-papel-do-estado-e-deputados-na-constituicao\/","og_site_name":"Portal Tela Portugal","article_published_time":"2026-04-02T06:17:00+00:00","author":"Telinha","twitter_card":"summary_large_image","twitter_misc":{"Escrito por":"Telinha","Tempo estimado de leitura":"1 minuto"},"schema":{"@context":"https:\/\/schema.org","@graph":[{"@type":"Article","@id":"https:\/\/portaltela.pt\/noticias\/2026\/04\/02\/debates-sobre-preambulo-papel-do-estado-e-deputados-na-constituicao\/#article","isPartOf":{"@id":"https:\/\/portaltela.pt\/noticias\/2026\/04\/02\/debates-sobre-preambulo-papel-do-estado-e-deputados-na-constituicao\/"},"author":{"name":"Telinha","@id":"https:\/\/portaltela.pt\/#\/schema\/person\/c4278d4a6028830caff9ee44b42d32ed"},"headline":"Debates sobre pre\u00e2mbulo, papel do Estado e deputados na Constitui\u00e7\u00e3o","datePublished":"2026-04-02T06:17:00+00:00","mainEntityOfPage":{"@id":"https:\/\/portaltela.pt\/noticias\/2026\/04\/02\/debates-sobre-preambulo-papel-do-estado-e-deputados-na-constituicao\/"},"wordCount":159,"image":{"@id":"https:\/\/portaltela.pt\/noticias\/2026\/04\/02\/debates-sobre-preambulo-papel-do-estado-e-deputados-na-constituicao\/#primaryimage"},"thumbnailUrl":"https:\/\/portaltela.pt\/s.01k8rhncp4jt1\/2026\/04\/2078214.jpg","keywords":["Constitucionalistas","constitui\u00e7\u00e3o","direito","governo","poder","pol\u00edtica"],"articleSection":["Justi\u00e7a","Not\u00edcias"],"inLanguage":"pt-PT"},{"@type":"WebPage","@id":"https:\/\/portaltela.pt\/noticias\/2026\/04\/02\/debates-sobre-preambulo-papel-do-estado-e-deputados-na-constituicao\/","url":"https:\/\/portaltela.pt\/noticias\/2026\/04\/02\/debates-sobre-preambulo-papel-do-estado-e-deputados-na-constituicao\/","name":"Debates sobre pre\u00e2mbulo, papel do Estado e deputados na Constitui\u00e7\u00e3o - Portal Tela Portugal","isPartOf":{"@id":"https:\/\/portaltela.pt\/#website"},"primaryImageOfPage":{"@id":"https:\/\/portaltela.pt\/noticias\/2026\/04\/02\/debates-sobre-preambulo-papel-do-estado-e-deputados-na-constituicao\/#primaryimage"},"image":{"@id":"https:\/\/portaltela.pt\/noticias\/2026\/04\/02\/debates-sobre-preambulo-papel-do-estado-e-deputados-na-constituicao\/#primaryimage"},"thumbnailUrl":"https:\/\/portaltela.pt\/s.01k8rhncp4jt1\/2026\/04\/2078214.jpg","datePublished":"2026-04-02T06:17:00+00:00","author":{"@id":"https:\/\/portaltela.pt\/#\/schema\/person\/c4278d4a6028830caff9ee44b42d32ed"},"breadcrumb":{"@id":"https:\/\/portaltela.pt\/noticias\/2026\/04\/02\/debates-sobre-preambulo-papel-do-estado-e-deputados-na-constituicao\/#breadcrumb"},"inLanguage":"pt-PT","potentialAction":[{"@type":"ReadAction","target":["https:\/\/portaltela.pt\/noticias\/2026\/04\/02\/debates-sobre-preambulo-papel-do-estado-e-deputados-na-constituicao\/"]}]},{"@type":"ImageObject","inLanguage":"pt-PT","@id":"https:\/\/portaltela.pt\/noticias\/2026\/04\/02\/debates-sobre-preambulo-papel-do-estado-e-deputados-na-constituicao\/#primaryimage","url":"https:\/\/portaltela.pt\/s.01k8rhncp4jt1\/2026\/04\/2078214.jpg","contentUrl":"https:\/\/portaltela.pt\/s.01k8rhncp4jt1\/2026\/04\/2078214.jpg","width":796,"height":448,"caption":"No pre\u00e2mbulo da CRP pode ler-se que \u201ca Assembleia Constituinte afirma a decis\u00e3o do povo portugu\u00eas (\u2026) de abrir caminho para uma sociedade socialista\u201d"},{"@type":"BreadcrumbList","@id":"https:\/\/portaltela.pt\/noticias\/2026\/04\/02\/debates-sobre-preambulo-papel-do-estado-e-deputados-na-constituicao\/#breadcrumb","itemListElement":[{"@type":"ListItem","position":1,"name":"In\u00edcio","item":"https:\/\/portaltela.pt\/"},{"@type":"ListItem","position":2,"name":"Debates sobre pre\u00e2mbulo, papel do Estado e deputados na Constitui\u00e7\u00e3o"}]},{"@type":"WebSite","@id":"https:\/\/portaltela.pt\/#website","url":"https:\/\/portaltela.pt\/","name":"Portal Tela Portugal","description":"","potentialAction":[{"@type":"SearchAction","target":{"@type":"EntryPoint","urlTemplate":"https:\/\/portaltela.pt\/?s={search_term_string}"},"query-input":{"@type":"PropertyValueSpecification","valueRequired":true,"valueName":"search_term_string"}}],"inLanguage":"pt-PT"},{"@type":"Person","@id":"https:\/\/portaltela.pt\/#\/schema\/person\/c4278d4a6028830caff9ee44b42d32ed","name":"Telinha","image":{"@type":"ImageObject","inLanguage":"pt-PT","@id":"https:\/\/portaltela.pt\/s.01k8rhncp4jt1\/2025\/11\/talking-bot-125x125.png","url":"https:\/\/portaltela.pt\/s.01k8rhncp4jt1\/2025\/11\/talking-bot-125x125.png","contentUrl":"https:\/\/portaltela.pt\/s.01k8rhncp4jt1\/2025\/11\/talking-bot-125x125.png","caption":"Telinha"},"sameAs":["https:\/\/portaltela.pt\/"],"url":"https:\/\/portaltela.pt\/por\/367410592786\/"}]}},"_links":{"self":[{"href":"https:\/\/portaltela.pt\/api\/wp\/v2\/posts\/429999","targetHints":{"allow":["GET"]}}],"collection":[{"href":"https:\/\/portaltela.pt\/api\/wp\/v2\/posts"}],"about":[{"href":"https:\/\/portaltela.pt\/api\/wp\/v2\/types\/post"}],"author":[{"embeddable":true,"href":"https:\/\/portaltela.pt\/api\/wp\/v2\/users\/2"}],"replies":[{"embeddable":true,"href":"https:\/\/portaltela.pt\/api\/wp\/v2\/comments?post=429999"}],"version-history":[{"count":0,"href":"https:\/\/portaltela.pt\/api\/wp\/v2\/posts\/429999\/revisions"}],"wp:featuredmedia":[{"embeddable":true,"href":"https:\/\/portaltela.pt\/api\/wp\/v2\/media\/430002"}],"wp:attachment":[{"href":"https:\/\/portaltela.pt\/api\/wp\/v2\/media?parent=429999"}],"wp:term":[{"taxonomy":"category","embeddable":true,"href":"https:\/\/portaltela.pt\/api\/wp\/v2\/categories?post=429999"},{"taxonomy":"post_tag","embeddable":true,"href":"https:\/\/portaltela.pt\/api\/wp\/v2\/tags?post=429999"}],"curies":[{"name":"wp","href":"https:\/\/api.w.org\/{rel}","templated":true}]}}