{"id":429978,"date":"2026-04-02T03:16:56","date_gmt":"2026-04-02T06:16:56","guid":{"rendered":"https:\/\/portaltela.pt\/noticias\/2026\/04\/02\/falta-de-habitacao-publica-agrava-crise-em-portugal-alerta-parlamento-europeu\/"},"modified":"2026-04-02T03:16:56","modified_gmt":"2026-04-02T06:16:56","slug":"falta-de-habitacao-publica-agrava-crise-em-portugal-alerta-parlamento-europeu","status":"publish","type":"post","link":"https:\/\/portaltela.pt\/sociedade\/2026\/04\/02\/falta-de-habitacao-publica-agrava-crise-em-portugal-alerta-parlamento-europeu\/","title":{"rendered":"Falta de habita\u00e7\u00e3o p\u00fablica agrava crise em Portugal, alerta Parlamento Europeu"},"content":{"rendered":"<p>A delega\u00e7\u00e3o da comiss\u00e3o especial do Parlamento Europeu sobre a Crise na Habita\u00e7\u00e3o esteve em Lisboa de 30 de mar\u00e7o a 1 de abril para avaliar a situa\u00e7\u00e3o e discutir medidas conjuntas entre os Estados-membros. O objetivo foi analisar o impacto da crise da habita\u00e7\u00e3o em Portugal e em outros pa\u00edses da UE.<\/p>\n<p>Em confer\u00eancia de imprensa na quarta-feira, a eurodeputada Irene Tinagli afirmou que Portugal enfrenta \u201cuma crise severa\u201d devido a uma conjun\u00e7\u00e3o de fatores. A oferta de habita\u00e7\u00e3o p\u00fablica e social em Portugal \u00e9 cerca de 2%, uma das mais baixas da Uni\u00e3o Europeia, o que eleva os pre\u00e7os dificultando o acesso a casas.<\/p>\n<p>A respons\u00e1vel destacou que, para al\u00e9m da escassez p\u00fablica, existem fatores que agravaram o cen\u00e1rio, como a atratividade para investidores estrangeiros, turismo elevado e arrendamentos de curto prazo. Tudo isso contribui para a press\u00e3o sobre o mercado habitacional.<\/p>\n<p>Tinagli reconheceu o esfor\u00e7o de Portugal atrav\u00e9s do Programa de Recupera\u00e7\u00e3o e Resili\u00eancia (PRR) para enfrentar a crise. No entanto, advertiu que o desafio persiste com a chegada ao fim dos fundos europeus, exigindo coopera\u00e7\u00e3o e compromissos renovados dos governos nacionais.<\/p>\n<p>A eurodeputada refor\u00e7ou que ser\u00e3o necess\u00e1rias mais medidas, interven\u00e7\u00f5es e investimentos nos pr\u00f3ximos anos para manter o que j\u00e1 foi iniciado. O objetivo \u00e9 assegurar reformas, regulamenta\u00e7\u00f5es e recursos que sustentem a continuidade das a\u00e7\u00f5es de habita\u00e7\u00e3o p\u00fablica e acess\u00edvel.<\/p>\n","protected":false},"excerpt":{"rendered":"<ul>\n<li>Delega\u00e7\u00e3o de eurodeputados em Lisboa (30 de mar\u00e7o a 1 de abril) alertou para uma crise habitacional severa em Portugal e pediu a\u00e7\u00e3o conjunta dos Estados\u2011membros.<\/li>\n<li>Parlamentares destacaram que a oferta de habita\u00e7\u00e3o p\u00fablica \u00e9 muito baixa, estimada em 2%, uma das mais baixas da Uni\u00e3o Europeia, agravando o acesso a habita\u00e7\u00e3o a pre\u00e7os acess\u00edveis.<\/li>\n<li>Al\u00e9m da escassez de habita\u00e7\u00e3o p\u00fablica, apontaram para fatores como atratividade de investidores estrangeiros, turismo e arrendamento de curto prazo como agravantes do problema.<\/li>\n<li>A eurodeputada Irene Tinagli elogiou o peso do Programa de Recupera\u00e7\u00e3o e Resili\u00eancia, mas advertiu que o desafio \u00e9 manter o esfor\u00e7o \u00e0 medida que os fundos europeus se aproximam do fim.<\/li>\n<li>Refor\u00e7ar a coopera\u00e7\u00e3o entre governos nacionais e mobilizar recursos, reformas e investimentos ser\u00e3o necess\u00e1rios nos pr\u00f3ximos anos para continuar a enfrentar a crise estrutural da habita\u00e7\u00e3o.<\/li>\n<\/ul>\n","protected":false},"author":2,"featured_media":429979,"comment_status":"closed","ping_status":"closed","sticky":false,"template":"","format":"standard","meta":{"footnotes":""},"categories":[6745,6871],"tags":[150,1010,1167,7153,1014,2055],"class_list":["post-429978","post","type-post","status-publish","format-standard","has-post-thumbnail","hentry","category-saude","category-sociedade","tag-habitacao","tag-habitacao-publica","tag-habitacao-social","tag-parlamento-europeu","tag-portugal","tag-uniao-europeia"],"yoast_head":"<!-- This site is optimized with the Yoast SEO plugin v27.2 - https:\/\/yoast.com\/product\/yoast-seo-wordpress\/ -->\n<title>Falta de habita\u00e7\u00e3o p\u00fablica agrava crise em Portugal, alerta Parlamento Europeu - Portal Tela Portugal<\/title>\n<meta name=\"robots\" content=\"index, follow, max-snippet:-1, max-image-preview:large, max-video-preview:-1\" \/>\n<meta property=\"og:locale\" content=\"pt_PT\" \/>\n<meta property=\"og:type\" content=\"article\" \/>\n<meta property=\"og:title\" content=\"Falta de habita\u00e7\u00e3o p\u00fablica agrava crise em Portugal, alerta Parlamento Europeu - Portal Tela Portugal\" \/>\n<meta property=\"og:description\" content=\"Delega\u00e7\u00e3o de eurodeputados em Lisboa (30 de mar\u00e7o a 1 de abril) alertou para uma crise habitacional severa em Portugal e pediu a\u00e7\u00e3o conjunta dos Estados\u2011membros. Parlamentares destacaram que a oferta de habita\u00e7\u00e3o p\u00fablica \u00e9 muito baixa, estimada em 2%, uma das mais baixas da Uni\u00e3o Europeia, agravando o acesso a habita\u00e7\u00e3o a pre\u00e7os acess\u00edveis. Al\u00e9m da escassez de habita\u00e7\u00e3o p\u00fablica, apontaram para fatores como atratividade de investidores estrangeiros, turismo e arrendamento de curto prazo como agravantes do problema. A eurodeputada Irene Tinagli elogiou o peso do Programa de Recupera\u00e7\u00e3o e Resili\u00eancia, mas advertiu que o desafio \u00e9 manter o esfor\u00e7o \u00e0 medida que os fundos europeus se aproximam do fim. Refor\u00e7ar a coopera\u00e7\u00e3o entre governos nacionais e mobilizar recursos, reformas e investimentos ser\u00e3o necess\u00e1rios nos pr\u00f3ximos anos para continuar a enfrentar a crise estrutural da habita\u00e7\u00e3o.\" \/>\n<meta property=\"og:url\" content=\"https:\/\/portaltela.pt\/noticias\/2026\/04\/02\/falta-de-habitacao-publica-agrava-crise-em-portugal-alerta-parlamento-europeu\/\" \/>\n<meta property=\"og:site_name\" content=\"Portal Tela Portugal\" \/>\n<meta property=\"article:published_time\" content=\"2026-04-02T06:16:56+00:00\" \/>\n<meta name=\"author\" content=\"Telinha\" \/>\n<meta name=\"twitter:card\" content=\"summary_large_image\" \/>\n<meta name=\"twitter:label1\" content=\"Escrito por\" \/>\n\t<meta name=\"twitter:data1\" content=\"Telinha\" \/>\n\t<meta name=\"twitter:label2\" content=\"Tempo estimado de leitura\" \/>\n\t<meta name=\"twitter:data2\" content=\"1 minuto\" \/>\n<script type=\"application\/ld+json\" class=\"yoast-schema-graph\">{\"@context\":\"https:\/\/schema.org\",\"@graph\":[{\"@type\":\"Article\",\"@id\":\"https:\/\/portaltela.pt\/noticias\/2026\/04\/02\/falta-de-habitacao-publica-agrava-crise-em-portugal-alerta-parlamento-europeu\/#article\",\"isPartOf\":{\"@id\":\"https:\/\/portaltela.pt\/noticias\/2026\/04\/02\/falta-de-habitacao-publica-agrava-crise-em-portugal-alerta-parlamento-europeu\/\"},\"author\":{\"name\":\"Telinha\",\"@id\":\"https:\/\/portaltela.pt\/#\/schema\/person\/c4278d4a6028830caff9ee44b42d32ed\"},\"headline\":\"Falta de habita\u00e7\u00e3o p\u00fablica agrava crise em Portugal, alerta Parlamento Europeu\",\"datePublished\":\"2026-04-02T06:16:56+00:00\",\"mainEntityOfPage\":{\"@id\":\"https:\/\/portaltela.pt\/noticias\/2026\/04\/02\/falta-de-habitacao-publica-agrava-crise-em-portugal-alerta-parlamento-europeu\/\"},\"wordCount\":266,\"image\":{\"@id\":\"https:\/\/portaltela.pt\/noticias\/2026\/04\/02\/falta-de-habitacao-publica-agrava-crise-em-portugal-alerta-parlamento-europeu\/#primaryimage\"},\"thumbnailUrl\":\"https:\/\/portaltela.pt\/s.01k8rhncp4jt1\/2026\/04\/1536x864_cmsv2_767f53e1-277c-50cd-a8af-957acd6494cc-9527190.jpg\",\"keywords\":[\"habita\u00e7\u00e3o\",\"habita\u00e7\u00e3o p\u00fablica\",\"habita\u00e7\u00e3o social\",\"Parlamento Europeu\",\"Portugal\",\"Uni\u00e3o Europeia\"],\"articleSection\":[\"Sa\u00fade\",\"Sociedade\"],\"inLanguage\":\"pt-PT\"},{\"@type\":\"WebPage\",\"@id\":\"https:\/\/portaltela.pt\/noticias\/2026\/04\/02\/falta-de-habitacao-publica-agrava-crise-em-portugal-alerta-parlamento-europeu\/\",\"url\":\"https:\/\/portaltela.pt\/noticias\/2026\/04\/02\/falta-de-habitacao-publica-agrava-crise-em-portugal-alerta-parlamento-europeu\/\",\"name\":\"Falta de habita\u00e7\u00e3o p\u00fablica agrava crise em Portugal, alerta Parlamento Europeu - Portal Tela Portugal\",\"isPartOf\":{\"@id\":\"https:\/\/portaltela.pt\/#website\"},\"primaryImageOfPage\":{\"@id\":\"https:\/\/portaltela.pt\/noticias\/2026\/04\/02\/falta-de-habitacao-publica-agrava-crise-em-portugal-alerta-parlamento-europeu\/#primaryimage\"},\"image\":{\"@id\":\"https:\/\/portaltela.pt\/noticias\/2026\/04\/02\/falta-de-habitacao-publica-agrava-crise-em-portugal-alerta-parlamento-europeu\/#primaryimage\"},\"thumbnailUrl\":\"https:\/\/portaltela.pt\/s.01k8rhncp4jt1\/2026\/04\/1536x864_cmsv2_767f53e1-277c-50cd-a8af-957acd6494cc-9527190.jpg\",\"datePublished\":\"2026-04-02T06:16:56+00:00\",\"author\":{\"@id\":\"https:\/\/portaltela.pt\/#\/schema\/person\/c4278d4a6028830caff9ee44b42d32ed\"},\"breadcrumb\":{\"@id\":\"https:\/\/portaltela.pt\/noticias\/2026\/04\/02\/falta-de-habitacao-publica-agrava-crise-em-portugal-alerta-parlamento-europeu\/#breadcrumb\"},\"inLanguage\":\"pt-PT\",\"potentialAction\":[{\"@type\":\"ReadAction\",\"target\":[\"https:\/\/portaltela.pt\/noticias\/2026\/04\/02\/falta-de-habitacao-publica-agrava-crise-em-portugal-alerta-parlamento-europeu\/\"]}]},{\"@type\":\"ImageObject\",\"inLanguage\":\"pt-PT\",\"@id\":\"https:\/\/portaltela.pt\/noticias\/2026\/04\/02\/falta-de-habitacao-publica-agrava-crise-em-portugal-alerta-parlamento-europeu\/#primaryimage\",\"url\":\"https:\/\/portaltela.pt\/s.01k8rhncp4jt1\/2026\/04\/1536x864_cmsv2_767f53e1-277c-50cd-a8af-957acd6494cc-9527190.jpg\",\"contentUrl\":\"https:\/\/portaltela.pt\/s.01k8rhncp4jt1\/2026\/04\/1536x864_cmsv2_767f53e1-277c-50cd-a8af-957acd6494cc-9527190.jpg\",\"width\":796,\"height\":448,\"caption\":\"European Union flags flap in the wind outside EU headquarters in Brussels, Wednesday, Sept. 3, 2025.\"},{\"@type\":\"BreadcrumbList\",\"@id\":\"https:\/\/portaltela.pt\/noticias\/2026\/04\/02\/falta-de-habitacao-publica-agrava-crise-em-portugal-alerta-parlamento-europeu\/#breadcrumb\",\"itemListElement\":[{\"@type\":\"ListItem\",\"position\":1,\"name\":\"In\u00edcio\",\"item\":\"https:\/\/portaltela.pt\/\"},{\"@type\":\"ListItem\",\"position\":2,\"name\":\"Falta de habita\u00e7\u00e3o p\u00fablica agrava crise em Portugal, alerta Parlamento Europeu\"}]},{\"@type\":\"WebSite\",\"@id\":\"https:\/\/portaltela.pt\/#website\",\"url\":\"https:\/\/portaltela.pt\/\",\"name\":\"Portal Tela Portugal\",\"description\":\"\",\"potentialAction\":[{\"@type\":\"SearchAction\",\"target\":{\"@type\":\"EntryPoint\",\"urlTemplate\":\"https:\/\/portaltela.pt\/?s={search_term_string}\"},\"query-input\":{\"@type\":\"PropertyValueSpecification\",\"valueRequired\":true,\"valueName\":\"search_term_string\"}}],\"inLanguage\":\"pt-PT\"},{\"@type\":\"Person\",\"@id\":\"https:\/\/portaltela.pt\/#\/schema\/person\/c4278d4a6028830caff9ee44b42d32ed\",\"name\":\"Telinha\",\"image\":{\"@type\":\"ImageObject\",\"inLanguage\":\"pt-PT\",\"@id\":\"https:\/\/portaltela.pt\/s.01k8rhncp4jt1\/2025\/11\/talking-bot-125x125.png\",\"url\":\"https:\/\/portaltela.pt\/s.01k8rhncp4jt1\/2025\/11\/talking-bot-125x125.png\",\"contentUrl\":\"https:\/\/portaltela.pt\/s.01k8rhncp4jt1\/2025\/11\/talking-bot-125x125.png\",\"caption\":\"Telinha\"},\"sameAs\":[\"https:\/\/portaltela.pt\/\"],\"url\":\"https:\/\/portaltela.pt\/por\/367410592786\/\"}]}<\/script>\n<!-- \/ Yoast SEO plugin. -->","yoast_head_json":{"title":"Falta de habita\u00e7\u00e3o p\u00fablica agrava crise em Portugal, alerta Parlamento Europeu - Portal Tela Portugal","robots":{"index":"index","follow":"follow","max-snippet":"max-snippet:-1","max-image-preview":"max-image-preview:large","max-video-preview":"max-video-preview:-1"},"og_locale":"pt_PT","og_type":"article","og_title":"Falta de habita\u00e7\u00e3o p\u00fablica agrava crise em Portugal, alerta Parlamento Europeu - Portal Tela Portugal","og_description":"Delega\u00e7\u00e3o de eurodeputados em Lisboa (30 de mar\u00e7o a 1 de abril) alertou para uma crise habitacional severa em Portugal e pediu a\u00e7\u00e3o conjunta dos Estados\u2011membros. Parlamentares destacaram que a oferta de habita\u00e7\u00e3o p\u00fablica \u00e9 muito baixa, estimada em 2%, uma das mais baixas da Uni\u00e3o Europeia, agravando o acesso a habita\u00e7\u00e3o a pre\u00e7os acess\u00edveis. Al\u00e9m da escassez de habita\u00e7\u00e3o p\u00fablica, apontaram para fatores como atratividade de investidores estrangeiros, turismo e arrendamento de curto prazo como agravantes do problema. A eurodeputada Irene Tinagli elogiou o peso do Programa de Recupera\u00e7\u00e3o e Resili\u00eancia, mas advertiu que o desafio \u00e9 manter o esfor\u00e7o \u00e0 medida que os fundos europeus se aproximam do fim. Refor\u00e7ar a coopera\u00e7\u00e3o entre governos nacionais e mobilizar recursos, reformas e investimentos ser\u00e3o necess\u00e1rios nos pr\u00f3ximos anos para continuar a enfrentar a crise estrutural da habita\u00e7\u00e3o.","og_url":"https:\/\/portaltela.pt\/noticias\/2026\/04\/02\/falta-de-habitacao-publica-agrava-crise-em-portugal-alerta-parlamento-europeu\/","og_site_name":"Portal Tela Portugal","article_published_time":"2026-04-02T06:16:56+00:00","author":"Telinha","twitter_card":"summary_large_image","twitter_misc":{"Escrito por":"Telinha","Tempo estimado de leitura":"1 minuto"},"schema":{"@context":"https:\/\/schema.org","@graph":[{"@type":"Article","@id":"https:\/\/portaltela.pt\/noticias\/2026\/04\/02\/falta-de-habitacao-publica-agrava-crise-em-portugal-alerta-parlamento-europeu\/#article","isPartOf":{"@id":"https:\/\/portaltela.pt\/noticias\/2026\/04\/02\/falta-de-habitacao-publica-agrava-crise-em-portugal-alerta-parlamento-europeu\/"},"author":{"name":"Telinha","@id":"https:\/\/portaltela.pt\/#\/schema\/person\/c4278d4a6028830caff9ee44b42d32ed"},"headline":"Falta de habita\u00e7\u00e3o p\u00fablica agrava crise em Portugal, alerta Parlamento Europeu","datePublished":"2026-04-02T06:16:56+00:00","mainEntityOfPage":{"@id":"https:\/\/portaltela.pt\/noticias\/2026\/04\/02\/falta-de-habitacao-publica-agrava-crise-em-portugal-alerta-parlamento-europeu\/"},"wordCount":266,"image":{"@id":"https:\/\/portaltela.pt\/noticias\/2026\/04\/02\/falta-de-habitacao-publica-agrava-crise-em-portugal-alerta-parlamento-europeu\/#primaryimage"},"thumbnailUrl":"https:\/\/portaltela.pt\/s.01k8rhncp4jt1\/2026\/04\/1536x864_cmsv2_767f53e1-277c-50cd-a8af-957acd6494cc-9527190.jpg","keywords":["habita\u00e7\u00e3o","habita\u00e7\u00e3o p\u00fablica","habita\u00e7\u00e3o social","Parlamento Europeu","Portugal","Uni\u00e3o Europeia"],"articleSection":["Sa\u00fade","Sociedade"],"inLanguage":"pt-PT"},{"@type":"WebPage","@id":"https:\/\/portaltela.pt\/noticias\/2026\/04\/02\/falta-de-habitacao-publica-agrava-crise-em-portugal-alerta-parlamento-europeu\/","url":"https:\/\/portaltela.pt\/noticias\/2026\/04\/02\/falta-de-habitacao-publica-agrava-crise-em-portugal-alerta-parlamento-europeu\/","name":"Falta de habita\u00e7\u00e3o p\u00fablica agrava crise em Portugal, alerta Parlamento Europeu - Portal Tela Portugal","isPartOf":{"@id":"https:\/\/portaltela.pt\/#website"},"primaryImageOfPage":{"@id":"https:\/\/portaltela.pt\/noticias\/2026\/04\/02\/falta-de-habitacao-publica-agrava-crise-em-portugal-alerta-parlamento-europeu\/#primaryimage"},"image":{"@id":"https:\/\/portaltela.pt\/noticias\/2026\/04\/02\/falta-de-habitacao-publica-agrava-crise-em-portugal-alerta-parlamento-europeu\/#primaryimage"},"thumbnailUrl":"https:\/\/portaltela.pt\/s.01k8rhncp4jt1\/2026\/04\/1536x864_cmsv2_767f53e1-277c-50cd-a8af-957acd6494cc-9527190.jpg","datePublished":"2026-04-02T06:16:56+00:00","author":{"@id":"https:\/\/portaltela.pt\/#\/schema\/person\/c4278d4a6028830caff9ee44b42d32ed"},"breadcrumb":{"@id":"https:\/\/portaltela.pt\/noticias\/2026\/04\/02\/falta-de-habitacao-publica-agrava-crise-em-portugal-alerta-parlamento-europeu\/#breadcrumb"},"inLanguage":"pt-PT","potentialAction":[{"@type":"ReadAction","target":["https:\/\/portaltela.pt\/noticias\/2026\/04\/02\/falta-de-habitacao-publica-agrava-crise-em-portugal-alerta-parlamento-europeu\/"]}]},{"@type":"ImageObject","inLanguage":"pt-PT","@id":"https:\/\/portaltela.pt\/noticias\/2026\/04\/02\/falta-de-habitacao-publica-agrava-crise-em-portugal-alerta-parlamento-europeu\/#primaryimage","url":"https:\/\/portaltela.pt\/s.01k8rhncp4jt1\/2026\/04\/1536x864_cmsv2_767f53e1-277c-50cd-a8af-957acd6494cc-9527190.jpg","contentUrl":"https:\/\/portaltela.pt\/s.01k8rhncp4jt1\/2026\/04\/1536x864_cmsv2_767f53e1-277c-50cd-a8af-957acd6494cc-9527190.jpg","width":796,"height":448,"caption":"European Union flags flap in the wind outside EU headquarters in Brussels, Wednesday, Sept. 3, 2025."},{"@type":"BreadcrumbList","@id":"https:\/\/portaltela.pt\/noticias\/2026\/04\/02\/falta-de-habitacao-publica-agrava-crise-em-portugal-alerta-parlamento-europeu\/#breadcrumb","itemListElement":[{"@type":"ListItem","position":1,"name":"In\u00edcio","item":"https:\/\/portaltela.pt\/"},{"@type":"ListItem","position":2,"name":"Falta de habita\u00e7\u00e3o p\u00fablica agrava crise em Portugal, alerta Parlamento Europeu"}]},{"@type":"WebSite","@id":"https:\/\/portaltela.pt\/#website","url":"https:\/\/portaltela.pt\/","name":"Portal Tela Portugal","description":"","potentialAction":[{"@type":"SearchAction","target":{"@type":"EntryPoint","urlTemplate":"https:\/\/portaltela.pt\/?s={search_term_string}"},"query-input":{"@type":"PropertyValueSpecification","valueRequired":true,"valueName":"search_term_string"}}],"inLanguage":"pt-PT"},{"@type":"Person","@id":"https:\/\/portaltela.pt\/#\/schema\/person\/c4278d4a6028830caff9ee44b42d32ed","name":"Telinha","image":{"@type":"ImageObject","inLanguage":"pt-PT","@id":"https:\/\/portaltela.pt\/s.01k8rhncp4jt1\/2025\/11\/talking-bot-125x125.png","url":"https:\/\/portaltela.pt\/s.01k8rhncp4jt1\/2025\/11\/talking-bot-125x125.png","contentUrl":"https:\/\/portaltela.pt\/s.01k8rhncp4jt1\/2025\/11\/talking-bot-125x125.png","caption":"Telinha"},"sameAs":["https:\/\/portaltela.pt\/"],"url":"https:\/\/portaltela.pt\/por\/367410592786\/"}]}},"_links":{"self":[{"href":"https:\/\/portaltela.pt\/api\/wp\/v2\/posts\/429978","targetHints":{"allow":["GET"]}}],"collection":[{"href":"https:\/\/portaltela.pt\/api\/wp\/v2\/posts"}],"about":[{"href":"https:\/\/portaltela.pt\/api\/wp\/v2\/types\/post"}],"author":[{"embeddable":true,"href":"https:\/\/portaltela.pt\/api\/wp\/v2\/users\/2"}],"replies":[{"embeddable":true,"href":"https:\/\/portaltela.pt\/api\/wp\/v2\/comments?post=429978"}],"version-history":[{"count":0,"href":"https:\/\/portaltela.pt\/api\/wp\/v2\/posts\/429978\/revisions"}],"wp:featuredmedia":[{"embeddable":true,"href":"https:\/\/portaltela.pt\/api\/wp\/v2\/media\/429979"}],"wp:attachment":[{"href":"https:\/\/portaltela.pt\/api\/wp\/v2\/media?parent=429978"}],"wp:term":[{"taxonomy":"category","embeddable":true,"href":"https:\/\/portaltela.pt\/api\/wp\/v2\/categories?post=429978"},{"taxonomy":"post_tag","embeddable":true,"href":"https:\/\/portaltela.pt\/api\/wp\/v2\/tags?post=429978"}],"curies":[{"name":"wp","href":"https:\/\/api.w.org\/{rel}","templated":true}]}}