{"id":429887,"date":"2026-04-01T16:39:00","date_gmt":"2026-04-01T19:39:00","guid":{"rendered":"https:\/\/portaltela.pt\/noticias\/2026\/04\/01\/perda-de-nacionalidade-por-crimes-graves-aprovada-apos-decisao-do-tc\/"},"modified":"2026-04-01T16:39:00","modified_gmt":"2026-04-01T19:39:00","slug":"perda-de-nacionalidade-por-crimes-graves-aprovada-apos-decisao-do-tc","status":"publish","type":"post","link":"https:\/\/portaltela.pt\/noticias\/2026\/04\/01\/perda-de-nacionalidade-por-crimes-graves-aprovada-apos-decisao-do-tc\/","title":{"rendered":"Perda de nacionalidade por crimes graves aprovada ap\u00f3s decis\u00e3o do TC"},"content":{"rendered":"<p>O PSD, Chega, IL e CDS-PP aprovaram hoje, em vota\u00e7\u00e3o final global, um novo decreto de altera\u00e7\u00e3o ao C\u00f3digo Penal que prev\u00ea a possibilidade de um juiz aplicar, como pena acess\u00f3ria, a perda da nacionalidade. A medida visa refor\u00e7ar o conjunto de san\u00e7\u00f5es para crimes graves.<\/p>\n<p>A mudan\u00e7a surge menos de uma semana depois de o Tribunal Constitucional chumbar uma vers\u00e3o anterior da mesma proposta, gerando controv\u00e9rsia entre os partidos que defendem o endurecimento das penas. A vota\u00e7\u00e3o decorreu na Assembleia da Rep\u00fablica, em sess\u00e3o marcada por debates intensos.<\/p>\n<p>A proposta aponta para a perda da nacionalidade como instrumento adicional de puni\u00e7\u00e3o para crimes considerados graves, a ser aplicado pelo tribunal competente no \u00e2mbito de processos criminais. O objetivo, segundo os proponentes, \u00e9 aumentar a efic\u00e1cia das san\u00e7\u00f5es.<\/p>\n<h3>Contexto jur\u00eddico<\/h3>\n<p>A decis\u00e3o de avan\u00e7ar com o decreto ocorreu ap\u00f3s o chumbo do TC \u00e0 vers\u00e3o anterior, que motivou altera\u00e7\u00f5es ao texto. Os partidos justificam a medida pela necessidade de resposta a crimes de maior gravidade e de maior impacto societal.<\/p>\n<p>Cr\u00edticos, por seu lado, questionam impactos sobre direitos fundamentais e poss\u00edveis efeitos discriminat\u00f3rios. A lei final dever\u00e1 seguir o processo legislativo, com publica\u00e7\u00e3o e entrada em vigor previstas ap\u00f3s aprova\u00e7\u00e3o formal.<\/p>\n","protected":false},"excerpt":{"rendered":"<ul>\n<li>Partidos PSD, Chega, IL e CDS-PP aprovaram hoje, em vota\u00e7\u00e3o final global, um novo decreto de altera\u00e7\u00e3o ao C\u00f3digo Penal.<\/li>\n<li>A medida permite que o juiz aplique, como pena acess\u00f3ria, a perda da nacionalidade em crimes graves.<\/li>\n<li>A aprova\u00e7\u00e3o ocorreu depois do que \u00e9 descrito como o \u201cchumbo\u201d do Tribunal Constitucional ao diploma.<\/li>\n<li>O conte\u00fado completo est\u00e1 dispon\u00edvel apenas para subscritores.<\/li>\n<\/ul>\n","protected":false},"author":2,"featured_media":429889,"comment_status":"closed","ping_status":"closed","sticky":false,"template":"","format":"standard","meta":{"footnotes":""},"categories":[6815,1],"tags":[177,6337,2633,2435,2832,6208],"class_list":["post-429887","post","type-post","status-publish","format-standard","has-post-thumbnail","hentry","category-justica","category-noticias","tag-crimes","tag-direito","tag-direitos-humanos","tag-nacionalidade","tag-politica","tag-tribunais"],"yoast_head":"<!-- This site is optimized with the Yoast SEO plugin v27.2 - https:\/\/yoast.com\/product\/yoast-seo-wordpress\/ -->\n<title>Perda de nacionalidade por crimes graves aprovada ap\u00f3s decis\u00e3o do TC - Portal Tela Portugal<\/title>\n<meta name=\"robots\" content=\"index, follow, max-snippet:-1, max-image-preview:large, max-video-preview:-1\" \/>\n<meta property=\"og:locale\" content=\"pt_PT\" \/>\n<meta property=\"og:type\" content=\"article\" \/>\n<meta property=\"og:title\" content=\"Perda de nacionalidade por crimes graves aprovada ap\u00f3s decis\u00e3o do TC - Portal Tela Portugal\" \/>\n<meta property=\"og:description\" content=\"Partidos PSD, Chega, IL e CDS-PP aprovaram hoje, em vota\u00e7\u00e3o final global, um novo decreto de altera\u00e7\u00e3o ao C\u00f3digo Penal. A medida permite que o juiz aplique, como pena acess\u00f3ria, a perda da nacionalidade em crimes graves. A aprova\u00e7\u00e3o ocorreu depois do que \u00e9 descrito como o \u201cchumbo\u201d do Tribunal Constitucional ao diploma. O conte\u00fado completo est\u00e1 dispon\u00edvel apenas para subscritores.\" \/>\n<meta property=\"og:url\" content=\"https:\/\/portaltela.pt\/noticias\/2026\/04\/01\/perda-de-nacionalidade-por-crimes-graves-aprovada-apos-decisao-do-tc\/\" \/>\n<meta property=\"og:site_name\" content=\"Portal Tela Portugal\" \/>\n<meta property=\"article:published_time\" content=\"2026-04-01T19:39:00+00:00\" \/>\n<meta name=\"author\" content=\"Telinha\" \/>\n<meta name=\"twitter:card\" content=\"summary_large_image\" \/>\n<meta name=\"twitter:label1\" content=\"Escrito por\" \/>\n\t<meta name=\"twitter:data1\" content=\"Telinha\" \/>\n\t<meta name=\"twitter:label2\" content=\"Tempo estimado de leitura\" \/>\n\t<meta name=\"twitter:data2\" content=\"1 minuto\" \/>\n<script type=\"application\/ld+json\" class=\"yoast-schema-graph\">{\"@context\":\"https:\/\/schema.org\",\"@graph\":[{\"@type\":\"Article\",\"@id\":\"https:\/\/portaltela.pt\/noticias\/2026\/04\/01\/perda-de-nacionalidade-por-crimes-graves-aprovada-apos-decisao-do-tc\/#article\",\"isPartOf\":{\"@id\":\"https:\/\/portaltela.pt\/noticias\/2026\/04\/01\/perda-de-nacionalidade-por-crimes-graves-aprovada-apos-decisao-do-tc\/\"},\"author\":{\"name\":\"Telinha\",\"@id\":\"https:\/\/portaltela.pt\/#\/schema\/person\/c4278d4a6028830caff9ee44b42d32ed\"},\"headline\":\"Perda de nacionalidade por crimes graves aprovada ap\u00f3s decis\u00e3o do TC\",\"datePublished\":\"2026-04-01T19:39:00+00:00\",\"mainEntityOfPage\":{\"@id\":\"https:\/\/portaltela.pt\/noticias\/2026\/04\/01\/perda-de-nacionalidade-por-crimes-graves-aprovada-apos-decisao-do-tc\/\"},\"wordCount\":239,\"image\":{\"@id\":\"https:\/\/portaltela.pt\/noticias\/2026\/04\/01\/perda-de-nacionalidade-por-crimes-graves-aprovada-apos-decisao-do-tc\/#primaryimage\"},\"thumbnailUrl\":\"https:\/\/portaltela.pt\/s.01k8rhncp4jt1\/2026\/04\/CACHE_780X1200_ANALOG_WATERMARKED_46864727_5037318_01042026073029.jpg\",\"keywords\":[\"crimes\",\"direito\",\"direitos humanos\",\"nacionalidade\",\"pol\u00edtica\",\"Tribunais\"],\"articleSection\":[\"Justi\u00e7a\",\"Not\u00edcias\"],\"inLanguage\":\"pt-PT\"},{\"@type\":\"WebPage\",\"@id\":\"https:\/\/portaltela.pt\/noticias\/2026\/04\/01\/perda-de-nacionalidade-por-crimes-graves-aprovada-apos-decisao-do-tc\/\",\"url\":\"https:\/\/portaltela.pt\/noticias\/2026\/04\/01\/perda-de-nacionalidade-por-crimes-graves-aprovada-apos-decisao-do-tc\/\",\"name\":\"Perda de nacionalidade por crimes graves aprovada ap\u00f3s decis\u00e3o do TC - Portal Tela Portugal\",\"isPartOf\":{\"@id\":\"https:\/\/portaltela.pt\/#website\"},\"primaryImageOfPage\":{\"@id\":\"https:\/\/portaltela.pt\/noticias\/2026\/04\/01\/perda-de-nacionalidade-por-crimes-graves-aprovada-apos-decisao-do-tc\/#primaryimage\"},\"image\":{\"@id\":\"https:\/\/portaltela.pt\/noticias\/2026\/04\/01\/perda-de-nacionalidade-por-crimes-graves-aprovada-apos-decisao-do-tc\/#primaryimage\"},\"thumbnailUrl\":\"https:\/\/portaltela.pt\/s.01k8rhncp4jt1\/2026\/04\/CACHE_780X1200_ANALOG_WATERMARKED_46864727_5037318_01042026073029.jpg\",\"datePublished\":\"2026-04-01T19:39:00+00:00\",\"author\":{\"@id\":\"https:\/\/portaltela.pt\/#\/schema\/person\/c4278d4a6028830caff9ee44b42d32ed\"},\"breadcrumb\":{\"@id\":\"https:\/\/portaltela.pt\/noticias\/2026\/04\/01\/perda-de-nacionalidade-por-crimes-graves-aprovada-apos-decisao-do-tc\/#breadcrumb\"},\"inLanguage\":\"pt-PT\",\"potentialAction\":[{\"@type\":\"ReadAction\",\"target\":[\"https:\/\/portaltela.pt\/noticias\/2026\/04\/01\/perda-de-nacionalidade-por-crimes-graves-aprovada-apos-decisao-do-tc\/\"]}]},{\"@type\":\"ImageObject\",\"inLanguage\":\"pt-PT\",\"@id\":\"https:\/\/portaltela.pt\/noticias\/2026\/04\/01\/perda-de-nacionalidade-por-crimes-graves-aprovada-apos-decisao-do-tc\/#primaryimage\",\"url\":\"https:\/\/portaltela.pt\/s.01k8rhncp4jt1\/2026\/04\/CACHE_780X1200_ANALOG_WATERMARKED_46864727_5037318_01042026073029.jpg\",\"contentUrl\":\"https:\/\/portaltela.pt\/s.01k8rhncp4jt1\/2026\/04\/CACHE_780X1200_ANALOG_WATERMARKED_46864727_5037318_01042026073029.jpg\",\"width\":796,\"height\":448,\"caption\":\"Perda da nacionalidade por crimes graves novamente aprovada ap\u00f3s \u2018chumbo\u2019 do TC\"},{\"@type\":\"BreadcrumbList\",\"@id\":\"https:\/\/portaltela.pt\/noticias\/2026\/04\/01\/perda-de-nacionalidade-por-crimes-graves-aprovada-apos-decisao-do-tc\/#breadcrumb\",\"itemListElement\":[{\"@type\":\"ListItem\",\"position\":1,\"name\":\"In\u00edcio\",\"item\":\"https:\/\/portaltela.pt\/\"},{\"@type\":\"ListItem\",\"position\":2,\"name\":\"Perda de nacionalidade por crimes graves aprovada ap\u00f3s decis\u00e3o do TC\"}]},{\"@type\":\"WebSite\",\"@id\":\"https:\/\/portaltela.pt\/#website\",\"url\":\"https:\/\/portaltela.pt\/\",\"name\":\"Portal Tela Portugal\",\"description\":\"\",\"potentialAction\":[{\"@type\":\"SearchAction\",\"target\":{\"@type\":\"EntryPoint\",\"urlTemplate\":\"https:\/\/portaltela.pt\/?s={search_term_string}\"},\"query-input\":{\"@type\":\"PropertyValueSpecification\",\"valueRequired\":true,\"valueName\":\"search_term_string\"}}],\"inLanguage\":\"pt-PT\"},{\"@type\":\"Person\",\"@id\":\"https:\/\/portaltela.pt\/#\/schema\/person\/c4278d4a6028830caff9ee44b42d32ed\",\"name\":\"Telinha\",\"image\":{\"@type\":\"ImageObject\",\"inLanguage\":\"pt-PT\",\"@id\":\"https:\/\/portaltela.pt\/s.01k8rhncp4jt1\/2025\/11\/talking-bot-125x125.png\",\"url\":\"https:\/\/portaltela.pt\/s.01k8rhncp4jt1\/2025\/11\/talking-bot-125x125.png\",\"contentUrl\":\"https:\/\/portaltela.pt\/s.01k8rhncp4jt1\/2025\/11\/talking-bot-125x125.png\",\"caption\":\"Telinha\"},\"sameAs\":[\"https:\/\/portaltela.pt\/\"],\"url\":\"https:\/\/portaltela.pt\/por\/367410592786\/\"}]}<\/script>\n<!-- \/ Yoast SEO plugin. -->","yoast_head_json":{"title":"Perda de nacionalidade por crimes graves aprovada ap\u00f3s decis\u00e3o do TC - Portal Tela Portugal","robots":{"index":"index","follow":"follow","max-snippet":"max-snippet:-1","max-image-preview":"max-image-preview:large","max-video-preview":"max-video-preview:-1"},"og_locale":"pt_PT","og_type":"article","og_title":"Perda de nacionalidade por crimes graves aprovada ap\u00f3s decis\u00e3o do TC - Portal Tela Portugal","og_description":"Partidos PSD, Chega, IL e CDS-PP aprovaram hoje, em vota\u00e7\u00e3o final global, um novo decreto de altera\u00e7\u00e3o ao C\u00f3digo Penal. A medida permite que o juiz aplique, como pena acess\u00f3ria, a perda da nacionalidade em crimes graves. A aprova\u00e7\u00e3o ocorreu depois do que \u00e9 descrito como o \u201cchumbo\u201d do Tribunal Constitucional ao diploma. O conte\u00fado completo est\u00e1 dispon\u00edvel apenas para subscritores.","og_url":"https:\/\/portaltela.pt\/noticias\/2026\/04\/01\/perda-de-nacionalidade-por-crimes-graves-aprovada-apos-decisao-do-tc\/","og_site_name":"Portal Tela Portugal","article_published_time":"2026-04-01T19:39:00+00:00","author":"Telinha","twitter_card":"summary_large_image","twitter_misc":{"Escrito por":"Telinha","Tempo estimado de leitura":"1 minuto"},"schema":{"@context":"https:\/\/schema.org","@graph":[{"@type":"Article","@id":"https:\/\/portaltela.pt\/noticias\/2026\/04\/01\/perda-de-nacionalidade-por-crimes-graves-aprovada-apos-decisao-do-tc\/#article","isPartOf":{"@id":"https:\/\/portaltela.pt\/noticias\/2026\/04\/01\/perda-de-nacionalidade-por-crimes-graves-aprovada-apos-decisao-do-tc\/"},"author":{"name":"Telinha","@id":"https:\/\/portaltela.pt\/#\/schema\/person\/c4278d4a6028830caff9ee44b42d32ed"},"headline":"Perda de nacionalidade por crimes graves aprovada ap\u00f3s decis\u00e3o do TC","datePublished":"2026-04-01T19:39:00+00:00","mainEntityOfPage":{"@id":"https:\/\/portaltela.pt\/noticias\/2026\/04\/01\/perda-de-nacionalidade-por-crimes-graves-aprovada-apos-decisao-do-tc\/"},"wordCount":239,"image":{"@id":"https:\/\/portaltela.pt\/noticias\/2026\/04\/01\/perda-de-nacionalidade-por-crimes-graves-aprovada-apos-decisao-do-tc\/#primaryimage"},"thumbnailUrl":"https:\/\/portaltela.pt\/s.01k8rhncp4jt1\/2026\/04\/CACHE_780X1200_ANALOG_WATERMARKED_46864727_5037318_01042026073029.jpg","keywords":["crimes","direito","direitos humanos","nacionalidade","pol\u00edtica","Tribunais"],"articleSection":["Justi\u00e7a","Not\u00edcias"],"inLanguage":"pt-PT"},{"@type":"WebPage","@id":"https:\/\/portaltela.pt\/noticias\/2026\/04\/01\/perda-de-nacionalidade-por-crimes-graves-aprovada-apos-decisao-do-tc\/","url":"https:\/\/portaltela.pt\/noticias\/2026\/04\/01\/perda-de-nacionalidade-por-crimes-graves-aprovada-apos-decisao-do-tc\/","name":"Perda de nacionalidade por crimes graves aprovada ap\u00f3s decis\u00e3o do TC - Portal Tela Portugal","isPartOf":{"@id":"https:\/\/portaltela.pt\/#website"},"primaryImageOfPage":{"@id":"https:\/\/portaltela.pt\/noticias\/2026\/04\/01\/perda-de-nacionalidade-por-crimes-graves-aprovada-apos-decisao-do-tc\/#primaryimage"},"image":{"@id":"https:\/\/portaltela.pt\/noticias\/2026\/04\/01\/perda-de-nacionalidade-por-crimes-graves-aprovada-apos-decisao-do-tc\/#primaryimage"},"thumbnailUrl":"https:\/\/portaltela.pt\/s.01k8rhncp4jt1\/2026\/04\/CACHE_780X1200_ANALOG_WATERMARKED_46864727_5037318_01042026073029.jpg","datePublished":"2026-04-01T19:39:00+00:00","author":{"@id":"https:\/\/portaltela.pt\/#\/schema\/person\/c4278d4a6028830caff9ee44b42d32ed"},"breadcrumb":{"@id":"https:\/\/portaltela.pt\/noticias\/2026\/04\/01\/perda-de-nacionalidade-por-crimes-graves-aprovada-apos-decisao-do-tc\/#breadcrumb"},"inLanguage":"pt-PT","potentialAction":[{"@type":"ReadAction","target":["https:\/\/portaltela.pt\/noticias\/2026\/04\/01\/perda-de-nacionalidade-por-crimes-graves-aprovada-apos-decisao-do-tc\/"]}]},{"@type":"ImageObject","inLanguage":"pt-PT","@id":"https:\/\/portaltela.pt\/noticias\/2026\/04\/01\/perda-de-nacionalidade-por-crimes-graves-aprovada-apos-decisao-do-tc\/#primaryimage","url":"https:\/\/portaltela.pt\/s.01k8rhncp4jt1\/2026\/04\/CACHE_780X1200_ANALOG_WATERMARKED_46864727_5037318_01042026073029.jpg","contentUrl":"https:\/\/portaltela.pt\/s.01k8rhncp4jt1\/2026\/04\/CACHE_780X1200_ANALOG_WATERMARKED_46864727_5037318_01042026073029.jpg","width":796,"height":448,"caption":"Perda da nacionalidade por crimes graves novamente aprovada ap\u00f3s \u2018chumbo\u2019 do TC"},{"@type":"BreadcrumbList","@id":"https:\/\/portaltela.pt\/noticias\/2026\/04\/01\/perda-de-nacionalidade-por-crimes-graves-aprovada-apos-decisao-do-tc\/#breadcrumb","itemListElement":[{"@type":"ListItem","position":1,"name":"In\u00edcio","item":"https:\/\/portaltela.pt\/"},{"@type":"ListItem","position":2,"name":"Perda de nacionalidade por crimes graves aprovada ap\u00f3s decis\u00e3o do TC"}]},{"@type":"WebSite","@id":"https:\/\/portaltela.pt\/#website","url":"https:\/\/portaltela.pt\/","name":"Portal Tela Portugal","description":"","potentialAction":[{"@type":"SearchAction","target":{"@type":"EntryPoint","urlTemplate":"https:\/\/portaltela.pt\/?s={search_term_string}"},"query-input":{"@type":"PropertyValueSpecification","valueRequired":true,"valueName":"search_term_string"}}],"inLanguage":"pt-PT"},{"@type":"Person","@id":"https:\/\/portaltela.pt\/#\/schema\/person\/c4278d4a6028830caff9ee44b42d32ed","name":"Telinha","image":{"@type":"ImageObject","inLanguage":"pt-PT","@id":"https:\/\/portaltela.pt\/s.01k8rhncp4jt1\/2025\/11\/talking-bot-125x125.png","url":"https:\/\/portaltela.pt\/s.01k8rhncp4jt1\/2025\/11\/talking-bot-125x125.png","contentUrl":"https:\/\/portaltela.pt\/s.01k8rhncp4jt1\/2025\/11\/talking-bot-125x125.png","caption":"Telinha"},"sameAs":["https:\/\/portaltela.pt\/"],"url":"https:\/\/portaltela.pt\/por\/367410592786\/"}]}},"_links":{"self":[{"href":"https:\/\/portaltela.pt\/api\/wp\/v2\/posts\/429887","targetHints":{"allow":["GET"]}}],"collection":[{"href":"https:\/\/portaltela.pt\/api\/wp\/v2\/posts"}],"about":[{"href":"https:\/\/portaltela.pt\/api\/wp\/v2\/types\/post"}],"author":[{"embeddable":true,"href":"https:\/\/portaltela.pt\/api\/wp\/v2\/users\/2"}],"replies":[{"embeddable":true,"href":"https:\/\/portaltela.pt\/api\/wp\/v2\/comments?post=429887"}],"version-history":[{"count":0,"href":"https:\/\/portaltela.pt\/api\/wp\/v2\/posts\/429887\/revisions"}],"wp:featuredmedia":[{"embeddable":true,"href":"https:\/\/portaltela.pt\/api\/wp\/v2\/media\/429889"}],"wp:attachment":[{"href":"https:\/\/portaltela.pt\/api\/wp\/v2\/media?parent=429887"}],"wp:term":[{"taxonomy":"category","embeddable":true,"href":"https:\/\/portaltela.pt\/api\/wp\/v2\/categories?post=429887"},{"taxonomy":"post_tag","embeddable":true,"href":"https:\/\/portaltela.pt\/api\/wp\/v2\/tags?post=429887"}],"curies":[{"name":"wp","href":"https:\/\/api.w.org\/{rel}","templated":true}]}}