{"id":429844,"date":"2026-04-01T20:02:20","date_gmt":"2026-04-01T23:02:20","guid":{"rendered":"https:\/\/portaltela.pt\/noticias\/2026\/04\/01\/fim-do-jejum-do-vinhais-deixa-receio-para-o-futuro\/"},"modified":"2026-04-01T20:02:20","modified_gmt":"2026-04-01T23:02:20","slug":"fim-do-jejum-do-vinhais-deixa-receio-para-o-futuro","status":"publish","type":"post","link":"https:\/\/portaltela.pt\/desporto\/futebol\/2026\/04\/01\/fim-do-jejum-do-vinhais-deixa-receio-para-o-futuro\/","title":{"rendered":"Fim do jejum do Vinhais deixa receio para o futuro"},"content":{"rendered":"<p>O Vinhais sagrou-se campe\u00e3o distrital da Divis\u00e3o de Honra da AF Bragan\u00e7a, ap\u00f3s 21 anos sem t\u00edtulo. A equipa treinada por Marco M\u00f3bil empatou 0-0 com o Argozelo no dia 22 de fevereiro, em jogo disputado no campo do Vinhais, assegurando o trof\u00e9u com quatro jornadas ainda por disputar. A equipa manteve-se invicta nos quatro encontros finais, com um empate e tr\u00eas vit\u00f3rias.<\/p>\n<p>O ponto garantiu o t\u00edtulo antes do fim do campeonato, demonstrando consist\u00eancia ao longo da segunda metade da \u00e9poca. A dire\u00e7\u00e3o t\u00e9cnica de Marco M\u00f3bil destacou-se pela organiza\u00e7\u00e3o defensiva, que n\u00e3o concedeu golos nos jogos decisivos.<\/p>\n<p>A conquista, por\u00e9m, trouxe reflex\u00e3o sobre o estado competitivo da prova. A aus\u00eancia de equipas no campeonato desde o in\u00edcio da \u00e9poca \u00e9 apontada como tema relevante para o futuro da Divis\u00e3o de Honra, com impacto potencial na regularidade e no interesse popular.<\/p>\n<h3>Contexto e desdobramentos<\/h3>\n<p>A dist\u00e2ncia para os rivais imediatos foi reduzida ao longo da temporada, permitindo ao Vinhais manter a lideran\u00e7a at\u00e9 ao desfecho. A dire\u00e7\u00e3o do clube admitiu que a limita\u00e7\u00e3o do elenco advers\u00e1rio dificulta a avalia\u00e7\u00e3o de desempenho real da prova.<\/p>\n<p>A comiss\u00e3o t\u00e9cnica manifestou satisfa\u00e7\u00e3o com o t\u00edtulo, destacando o trabalho coletivo ao longo da \u00e9poca. Em termos de pr\u00f3ximos passos, o clube n\u00e3o revelou planos espec\u00edficos al\u00e9m da participa\u00e7\u00e3o na pr\u00f3xima edi\u00e7\u00e3o da Divis\u00e3o de Honra da AF Bragan\u00e7a.<\/p>\n","protected":false},"excerpt":{"rendered":"<ul>\n<li>O Vinhais tornou-se campe\u00e3o distrital da Divis\u00e3o de Honra da Associa\u00e7\u00e3o de Futebol de Bragan\u00e7a, pela primeira vez em 21 anos, a quatro jornadas do fim.<\/li>\n<li>O t\u00edtulo foi assegurado num empate a zero frente ao Argozelo, no dia 22 de fevereiro.<\/li>\n<li>O Vinhais ficou invicto nos quatro jogos finais seguintes, com um empate e tr\u00eas vit\u00f3rias.<\/li>\n<li>O feito revela a fragilidade da falta de equipas no campeonato, levantando d\u00favidas sobre a continuidade no futuro.<\/li>\n<li>A conquista foi alcan\u00e7ada sob o comando de Marco M\u00f3bil.<\/li>\n<\/ul>\n","protected":false},"author":2,"featured_media":429846,"comment_status":"closed","ping_status":"closed","sticky":false,"template":"","format":"standard","meta":{"footnotes":""},"categories":[21,24],"tags":[906,227,152,5925,32,4101],"class_list":["post-429844","post","type-post","status-publish","format-standard","has-post-thumbnail","hentry","category-desporto","category-futebol","tag-braganca","tag-campeonato","tag-desporto","tag-divisao-de-honra-serie-d","tag-futebol","tag-vinhais"],"yoast_head":"<!-- This site is optimized with the Yoast SEO plugin v27.2 - https:\/\/yoast.com\/product\/yoast-seo-wordpress\/ -->\n<title>Fim do jejum do Vinhais deixa receio para o futuro - Portal Tela Portugal<\/title>\n<meta name=\"robots\" content=\"index, follow, max-snippet:-1, max-image-preview:large, max-video-preview:-1\" \/>\n<meta property=\"og:locale\" content=\"pt_PT\" \/>\n<meta property=\"og:type\" content=\"article\" \/>\n<meta property=\"og:title\" content=\"Fim do jejum do Vinhais deixa receio para o futuro - Portal Tela Portugal\" \/>\n<meta property=\"og:description\" content=\"O Vinhais tornou-se campe\u00e3o distrital da Divis\u00e3o de Honra da Associa\u00e7\u00e3o de Futebol de Bragan\u00e7a, pela primeira vez em 21 anos, a quatro jornadas do fim. O t\u00edtulo foi assegurado num empate a zero frente ao Argozelo, no dia 22 de fevereiro. O Vinhais ficou invicto nos quatro jogos finais seguintes, com um empate e tr\u00eas vit\u00f3rias. O feito revela a fragilidade da falta de equipas no campeonato, levantando d\u00favidas sobre a continuidade no futuro. A conquista foi alcan\u00e7ada sob o comando de Marco M\u00f3bil.\" \/>\n<meta property=\"og:url\" content=\"https:\/\/portaltela.pt\/noticias\/2026\/04\/01\/fim-do-jejum-do-vinhais-deixa-receio-para-o-futuro\/\" \/>\n<meta property=\"og:site_name\" content=\"Portal Tela Portugal\" \/>\n<meta property=\"article:published_time\" content=\"2026-04-01T23:02:20+00:00\" \/>\n<meta name=\"author\" content=\"Telinha\" \/>\n<meta name=\"twitter:card\" content=\"summary_large_image\" \/>\n<meta name=\"twitter:label1\" content=\"Escrito por\" \/>\n\t<meta name=\"twitter:data1\" content=\"Telinha\" \/>\n\t<meta name=\"twitter:label2\" content=\"Tempo estimado de leitura\" \/>\n\t<meta name=\"twitter:data2\" content=\"1 minuto\" \/>\n<script type=\"application\/ld+json\" class=\"yoast-schema-graph\">{\"@context\":\"https:\/\/schema.org\",\"@graph\":[{\"@type\":\"Article\",\"@id\":\"https:\/\/portaltela.pt\/noticias\/2026\/04\/01\/fim-do-jejum-do-vinhais-deixa-receio-para-o-futuro\/#article\",\"isPartOf\":{\"@id\":\"https:\/\/portaltela.pt\/noticias\/2026\/04\/01\/fim-do-jejum-do-vinhais-deixa-receio-para-o-futuro\/\"},\"author\":{\"name\":\"Telinha\",\"@id\":\"https:\/\/portaltela.pt\/#\/schema\/person\/c4278d4a6028830caff9ee44b42d32ed\"},\"headline\":\"Fim do jejum do Vinhais deixa receio para o futuro\",\"datePublished\":\"2026-04-01T23:02:20+00:00\",\"mainEntityOfPage\":{\"@id\":\"https:\/\/portaltela.pt\/noticias\/2026\/04\/01\/fim-do-jejum-do-vinhais-deixa-receio-para-o-futuro\/\"},\"wordCount\":272,\"image\":{\"@id\":\"https:\/\/portaltela.pt\/noticias\/2026\/04\/01\/fim-do-jejum-do-vinhais-deixa-receio-para-o-futuro\/#primaryimage\"},\"thumbnailUrl\":\"https:\/\/portaltela.pt\/s.01k8rhncp4jt1\/2026\/04\/img_920x518uu2026-04-01-22-58-26-2430619-im-639106811412675884.jpg\",\"keywords\":[\"Bragan\u00e7a\",\"campeonato\",\"desporto\",\"Divis\u00e3o de Honra \u2014 S\u00e9rie D\",\"futebol\",\"Vinhais\"],\"articleSection\":[\"Desporto\",\"Futebol\"],\"inLanguage\":\"pt-PT\"},{\"@type\":\"WebPage\",\"@id\":\"https:\/\/portaltela.pt\/noticias\/2026\/04\/01\/fim-do-jejum-do-vinhais-deixa-receio-para-o-futuro\/\",\"url\":\"https:\/\/portaltela.pt\/noticias\/2026\/04\/01\/fim-do-jejum-do-vinhais-deixa-receio-para-o-futuro\/\",\"name\":\"Fim do jejum do Vinhais deixa receio para o futuro - Portal Tela Portugal\",\"isPartOf\":{\"@id\":\"https:\/\/portaltela.pt\/#website\"},\"primaryImageOfPage\":{\"@id\":\"https:\/\/portaltela.pt\/noticias\/2026\/04\/01\/fim-do-jejum-do-vinhais-deixa-receio-para-o-futuro\/#primaryimage\"},\"image\":{\"@id\":\"https:\/\/portaltela.pt\/noticias\/2026\/04\/01\/fim-do-jejum-do-vinhais-deixa-receio-para-o-futuro\/#primaryimage\"},\"thumbnailUrl\":\"https:\/\/portaltela.pt\/s.01k8rhncp4jt1\/2026\/04\/img_920x518uu2026-04-01-22-58-26-2430619-im-639106811412675884.jpg\",\"datePublished\":\"2026-04-01T23:02:20+00:00\",\"author\":{\"@id\":\"https:\/\/portaltela.pt\/#\/schema\/person\/c4278d4a6028830caff9ee44b42d32ed\"},\"breadcrumb\":{\"@id\":\"https:\/\/portaltela.pt\/noticias\/2026\/04\/01\/fim-do-jejum-do-vinhais-deixa-receio-para-o-futuro\/#breadcrumb\"},\"inLanguage\":\"pt-PT\",\"potentialAction\":[{\"@type\":\"ReadAction\",\"target\":[\"https:\/\/portaltela.pt\/noticias\/2026\/04\/01\/fim-do-jejum-do-vinhais-deixa-receio-para-o-futuro\/\"]}]},{\"@type\":\"ImageObject\",\"inLanguage\":\"pt-PT\",\"@id\":\"https:\/\/portaltela.pt\/noticias\/2026\/04\/01\/fim-do-jejum-do-vinhais-deixa-receio-para-o-futuro\/#primaryimage\",\"url\":\"https:\/\/portaltela.pt\/s.01k8rhncp4jt1\/2026\/04\/img_920x518uu2026-04-01-22-58-26-2430619-im-639106811412675884.jpg\",\"contentUrl\":\"https:\/\/portaltela.pt\/s.01k8rhncp4jt1\/2026\/04\/img_920x518uu2026-04-01-22-58-26-2430619-im-639106811412675884.jpg\",\"width\":796,\"height\":448,\"caption\":\"Vinhais sagra-se campe\u00e3o distrital da Divis\u00e3o de Honra depois de 21 anos\"},{\"@type\":\"BreadcrumbList\",\"@id\":\"https:\/\/portaltela.pt\/noticias\/2026\/04\/01\/fim-do-jejum-do-vinhais-deixa-receio-para-o-futuro\/#breadcrumb\",\"itemListElement\":[{\"@type\":\"ListItem\",\"position\":1,\"name\":\"In\u00edcio\",\"item\":\"https:\/\/portaltela.pt\/\"},{\"@type\":\"ListItem\",\"position\":2,\"name\":\"Fim do jejum do Vinhais deixa receio para o futuro\"}]},{\"@type\":\"WebSite\",\"@id\":\"https:\/\/portaltela.pt\/#website\",\"url\":\"https:\/\/portaltela.pt\/\",\"name\":\"Portal Tela Portugal\",\"description\":\"\",\"potentialAction\":[{\"@type\":\"SearchAction\",\"target\":{\"@type\":\"EntryPoint\",\"urlTemplate\":\"https:\/\/portaltela.pt\/?s={search_term_string}\"},\"query-input\":{\"@type\":\"PropertyValueSpecification\",\"valueRequired\":true,\"valueName\":\"search_term_string\"}}],\"inLanguage\":\"pt-PT\"},{\"@type\":\"Person\",\"@id\":\"https:\/\/portaltela.pt\/#\/schema\/person\/c4278d4a6028830caff9ee44b42d32ed\",\"name\":\"Telinha\",\"image\":{\"@type\":\"ImageObject\",\"inLanguage\":\"pt-PT\",\"@id\":\"https:\/\/portaltela.pt\/s.01k8rhncp4jt1\/2025\/11\/talking-bot-125x125.png\",\"url\":\"https:\/\/portaltela.pt\/s.01k8rhncp4jt1\/2025\/11\/talking-bot-125x125.png\",\"contentUrl\":\"https:\/\/portaltela.pt\/s.01k8rhncp4jt1\/2025\/11\/talking-bot-125x125.png\",\"caption\":\"Telinha\"},\"sameAs\":[\"https:\/\/portaltela.pt\/\"],\"url\":\"https:\/\/portaltela.pt\/por\/367410592786\/\"}]}<\/script>\n<!-- \/ Yoast SEO plugin. -->","yoast_head_json":{"title":"Fim do jejum do Vinhais deixa receio para o futuro - Portal Tela Portugal","robots":{"index":"index","follow":"follow","max-snippet":"max-snippet:-1","max-image-preview":"max-image-preview:large","max-video-preview":"max-video-preview:-1"},"og_locale":"pt_PT","og_type":"article","og_title":"Fim do jejum do Vinhais deixa receio para o futuro - Portal Tela Portugal","og_description":"O Vinhais tornou-se campe\u00e3o distrital da Divis\u00e3o de Honra da Associa\u00e7\u00e3o de Futebol de Bragan\u00e7a, pela primeira vez em 21 anos, a quatro jornadas do fim. O t\u00edtulo foi assegurado num empate a zero frente ao Argozelo, no dia 22 de fevereiro. O Vinhais ficou invicto nos quatro jogos finais seguintes, com um empate e tr\u00eas vit\u00f3rias. O feito revela a fragilidade da falta de equipas no campeonato, levantando d\u00favidas sobre a continuidade no futuro. A conquista foi alcan\u00e7ada sob o comando de Marco M\u00f3bil.","og_url":"https:\/\/portaltela.pt\/noticias\/2026\/04\/01\/fim-do-jejum-do-vinhais-deixa-receio-para-o-futuro\/","og_site_name":"Portal Tela Portugal","article_published_time":"2026-04-01T23:02:20+00:00","author":"Telinha","twitter_card":"summary_large_image","twitter_misc":{"Escrito por":"Telinha","Tempo estimado de leitura":"1 minuto"},"schema":{"@context":"https:\/\/schema.org","@graph":[{"@type":"Article","@id":"https:\/\/portaltela.pt\/noticias\/2026\/04\/01\/fim-do-jejum-do-vinhais-deixa-receio-para-o-futuro\/#article","isPartOf":{"@id":"https:\/\/portaltela.pt\/noticias\/2026\/04\/01\/fim-do-jejum-do-vinhais-deixa-receio-para-o-futuro\/"},"author":{"name":"Telinha","@id":"https:\/\/portaltela.pt\/#\/schema\/person\/c4278d4a6028830caff9ee44b42d32ed"},"headline":"Fim do jejum do Vinhais deixa receio para o futuro","datePublished":"2026-04-01T23:02:20+00:00","mainEntityOfPage":{"@id":"https:\/\/portaltela.pt\/noticias\/2026\/04\/01\/fim-do-jejum-do-vinhais-deixa-receio-para-o-futuro\/"},"wordCount":272,"image":{"@id":"https:\/\/portaltela.pt\/noticias\/2026\/04\/01\/fim-do-jejum-do-vinhais-deixa-receio-para-o-futuro\/#primaryimage"},"thumbnailUrl":"https:\/\/portaltela.pt\/s.01k8rhncp4jt1\/2026\/04\/img_920x518uu2026-04-01-22-58-26-2430619-im-639106811412675884.jpg","keywords":["Bragan\u00e7a","campeonato","desporto","Divis\u00e3o de Honra \u2014 S\u00e9rie D","futebol","Vinhais"],"articleSection":["Desporto","Futebol"],"inLanguage":"pt-PT"},{"@type":"WebPage","@id":"https:\/\/portaltela.pt\/noticias\/2026\/04\/01\/fim-do-jejum-do-vinhais-deixa-receio-para-o-futuro\/","url":"https:\/\/portaltela.pt\/noticias\/2026\/04\/01\/fim-do-jejum-do-vinhais-deixa-receio-para-o-futuro\/","name":"Fim do jejum do Vinhais deixa receio para o futuro - Portal Tela Portugal","isPartOf":{"@id":"https:\/\/portaltela.pt\/#website"},"primaryImageOfPage":{"@id":"https:\/\/portaltela.pt\/noticias\/2026\/04\/01\/fim-do-jejum-do-vinhais-deixa-receio-para-o-futuro\/#primaryimage"},"image":{"@id":"https:\/\/portaltela.pt\/noticias\/2026\/04\/01\/fim-do-jejum-do-vinhais-deixa-receio-para-o-futuro\/#primaryimage"},"thumbnailUrl":"https:\/\/portaltela.pt\/s.01k8rhncp4jt1\/2026\/04\/img_920x518uu2026-04-01-22-58-26-2430619-im-639106811412675884.jpg","datePublished":"2026-04-01T23:02:20+00:00","author":{"@id":"https:\/\/portaltela.pt\/#\/schema\/person\/c4278d4a6028830caff9ee44b42d32ed"},"breadcrumb":{"@id":"https:\/\/portaltela.pt\/noticias\/2026\/04\/01\/fim-do-jejum-do-vinhais-deixa-receio-para-o-futuro\/#breadcrumb"},"inLanguage":"pt-PT","potentialAction":[{"@type":"ReadAction","target":["https:\/\/portaltela.pt\/noticias\/2026\/04\/01\/fim-do-jejum-do-vinhais-deixa-receio-para-o-futuro\/"]}]},{"@type":"ImageObject","inLanguage":"pt-PT","@id":"https:\/\/portaltela.pt\/noticias\/2026\/04\/01\/fim-do-jejum-do-vinhais-deixa-receio-para-o-futuro\/#primaryimage","url":"https:\/\/portaltela.pt\/s.01k8rhncp4jt1\/2026\/04\/img_920x518uu2026-04-01-22-58-26-2430619-im-639106811412675884.jpg","contentUrl":"https:\/\/portaltela.pt\/s.01k8rhncp4jt1\/2026\/04\/img_920x518uu2026-04-01-22-58-26-2430619-im-639106811412675884.jpg","width":796,"height":448,"caption":"Vinhais sagra-se campe\u00e3o distrital da Divis\u00e3o de Honra depois de 21 anos"},{"@type":"BreadcrumbList","@id":"https:\/\/portaltela.pt\/noticias\/2026\/04\/01\/fim-do-jejum-do-vinhais-deixa-receio-para-o-futuro\/#breadcrumb","itemListElement":[{"@type":"ListItem","position":1,"name":"In\u00edcio","item":"https:\/\/portaltela.pt\/"},{"@type":"ListItem","position":2,"name":"Fim do jejum do Vinhais deixa receio para o futuro"}]},{"@type":"WebSite","@id":"https:\/\/portaltela.pt\/#website","url":"https:\/\/portaltela.pt\/","name":"Portal Tela Portugal","description":"","potentialAction":[{"@type":"SearchAction","target":{"@type":"EntryPoint","urlTemplate":"https:\/\/portaltela.pt\/?s={search_term_string}"},"query-input":{"@type":"PropertyValueSpecification","valueRequired":true,"valueName":"search_term_string"}}],"inLanguage":"pt-PT"},{"@type":"Person","@id":"https:\/\/portaltela.pt\/#\/schema\/person\/c4278d4a6028830caff9ee44b42d32ed","name":"Telinha","image":{"@type":"ImageObject","inLanguage":"pt-PT","@id":"https:\/\/portaltela.pt\/s.01k8rhncp4jt1\/2025\/11\/talking-bot-125x125.png","url":"https:\/\/portaltela.pt\/s.01k8rhncp4jt1\/2025\/11\/talking-bot-125x125.png","contentUrl":"https:\/\/portaltela.pt\/s.01k8rhncp4jt1\/2025\/11\/talking-bot-125x125.png","caption":"Telinha"},"sameAs":["https:\/\/portaltela.pt\/"],"url":"https:\/\/portaltela.pt\/por\/367410592786\/"}]}},"_links":{"self":[{"href":"https:\/\/portaltela.pt\/api\/wp\/v2\/posts\/429844","targetHints":{"allow":["GET"]}}],"collection":[{"href":"https:\/\/portaltela.pt\/api\/wp\/v2\/posts"}],"about":[{"href":"https:\/\/portaltela.pt\/api\/wp\/v2\/types\/post"}],"author":[{"embeddable":true,"href":"https:\/\/portaltela.pt\/api\/wp\/v2\/users\/2"}],"replies":[{"embeddable":true,"href":"https:\/\/portaltela.pt\/api\/wp\/v2\/comments?post=429844"}],"version-history":[{"count":0,"href":"https:\/\/portaltela.pt\/api\/wp\/v2\/posts\/429844\/revisions"}],"wp:featuredmedia":[{"embeddable":true,"href":"https:\/\/portaltela.pt\/api\/wp\/v2\/media\/429846"}],"wp:attachment":[{"href":"https:\/\/portaltela.pt\/api\/wp\/v2\/media?parent=429844"}],"wp:term":[{"taxonomy":"category","embeddable":true,"href":"https:\/\/portaltela.pt\/api\/wp\/v2\/categories?post=429844"},{"taxonomy":"post_tag","embeddable":true,"href":"https:\/\/portaltela.pt\/api\/wp\/v2\/tags?post=429844"}],"curies":[{"name":"wp","href":"https:\/\/api.w.org\/{rel}","templated":true}]}}