{"id":429821,"date":"2026-04-01T19:17:28","date_gmt":"2026-04-01T22:17:28","guid":{"rendered":"https:\/\/portaltela.pt\/noticias\/2026\/04\/01\/presidente-da-juventude-pacense-comenta-repeticao-do-jogo-com-riba-d-ave\/"},"modified":"2026-04-01T19:17:28","modified_gmt":"2026-04-01T22:17:28","slug":"presidente-da-juventude-pacense-comenta-repeticao-do-jogo-com-riba-d-ave","status":"publish","type":"post","link":"https:\/\/portaltela.pt\/desporto\/futebol\/2026\/04\/01\/presidente-da-juventude-pacense-comenta-repeticao-do-jogo-com-riba-d-ave\/","title":{"rendered":"Presidente da Juventude Pacense comenta repeti\u00e7\u00e3o do jogo com Riba d&#8217;Ave"},"content":{"rendered":"<p>A Juventude Pacense vai jogar fora, frente ao Riba d&#8217;Ave, nesta sexta-feira, para ajustar o calend\u00e1rio da sexta jornada do Campeonato Nacional. O encontro s\u00f3 se cumpre quatro meses depois da data initial, depois de ter sido interrompido pela arbitragem por alegada falta de seguran\u00e7a, quando os pacenses venciam por 4-2.<\/p>\n<p>O jogo, marcado para o reduto do Riba d&#8217;Ave, foi interrompido antes do intervalo. O objetivo \u00e9 que as duas equipas formalizem as datas restantes da competi\u00e7\u00e3o, j\u00e1 que o atraso afecta o planeamento da \u00e9poca.<\/p>\n<h3>Ac\u00f3rd\u00e3o da FPP: Riba d&#8217;Ave absolvido<\/h3>\n<p>O Consejo Disciplinar da Federa\u00e7\u00e3o Portuguesa de Futebol decidiu pela absolvi\u00e7\u00e3o do Riba d&#8217;Ave de alegadas ofensas graves a agente desportivo ou de impedir a realiza\u00e7\u00e3o de jogo oficial. A decis\u00e3o mant\u00e9m o foco no restabelecimento do calend\u00e1rio entre as duas equipas.<\/p>\n<p>O presidente da Juventude Pacense reagiu \u00e0 possibilidade de repeti\u00e7\u00e3o do encontro, mantendo o tom firme quanto \u00e0s consequ\u00eancias de futuras interrup\u00e7\u00f5es. A administra\u00e7\u00e3o implica que novas situa\u00e7\u00f5es semelhantes exigir\u00e3o solu\u00e7\u00f5es r\u00e1pidas para evitar incidentes.<\/p>\n<p>A decis\u00e3o da FPP abre caminho para a realiza\u00e7\u00e3o do jogo na sexta-feira, com o objetivo de definir de forma est\u00e1vel o calend\u00e1rio da competi\u00e7\u00e3o. Mant\u00e9m-se o foco na seguran\u00e7a e na integridade do campeonato.<\/p>\n","protected":false},"excerpt":{"rendered":"<ul>\n<li>A Juventude Pacense vai receber o Riba d&#8217;Ave nesta sexta-feira para ajustar o calend\u00e1rio da sexta jornada do Campeonato Nacional.<\/li>\n<li>O jogo, que ficou por cumprir h\u00e1 mais de quatro meses, foi interrompido pela arbitragem no primeiro tempo por alegada falta de seguran\u00e7a, com o Pacense a vencer por 4-2.<\/li>\n<li>O ac\u00f3rd\u00e3o do Comit\u00e9 Disciplinar da Federa\u00e7\u00e3o Portuguesa de Futebol (FPP) iliba o Riba d&#8217;Ave de ofensas corporais graves a agente desportivo ou impeditivas da realiza\u00e7\u00e3o de jogo oficial.<\/li>\n<li>O objetivo \u00e9 confirmar as condi\u00e7\u00f5es para a realiza\u00e7\u00e3o do encontro entre as duas equipas e avan\u00e7ar com o calend\u00e1rio da competi\u00e7\u00e3o.<\/li>\n<li>O duelo integra a sexta jornada do campeonato nacional.<\/li>\n<\/ul>\n","protected":false},"author":2,"featured_media":429822,"comment_status":"closed","ping_status":"closed","sticky":false,"template":"","format":"standard","meta":{"footnotes":""},"categories":[21,24],"tags":[574,1289,152,32,4536],"class_list":["post-429821","post","type-post","status-publish","format-standard","has-post-thumbnail","hentry","category-desporto","category-futebol","tag-acordao","tag-arbitragem","tag-desporto","tag-futebol","tag-seguranca"],"yoast_head":"<!-- This site is optimized with the Yoast SEO plugin v27.2 - https:\/\/yoast.com\/product\/yoast-seo-wordpress\/ -->\n<title>Presidente da Juventude Pacense comenta repeti\u00e7\u00e3o do jogo com Riba d&#039;Ave - Portal Tela Portugal<\/title>\n<meta name=\"robots\" content=\"index, follow, max-snippet:-1, max-image-preview:large, max-video-preview:-1\" \/>\n<meta property=\"og:locale\" content=\"pt_PT\" \/>\n<meta property=\"og:type\" content=\"article\" \/>\n<meta property=\"og:title\" content=\"Presidente da Juventude Pacense comenta repeti\u00e7\u00e3o do jogo com Riba d&#039;Ave - Portal Tela Portugal\" \/>\n<meta property=\"og:description\" content=\"A Juventude Pacense vai receber o Riba d&#039;Ave nesta sexta-feira para ajustar o calend\u00e1rio da sexta jornada do Campeonato Nacional. O jogo, que ficou por cumprir h\u00e1 mais de quatro meses, foi interrompido pela arbitragem no primeiro tempo por alegada falta de seguran\u00e7a, com o Pacense a vencer por 4-2. O ac\u00f3rd\u00e3o do Comit\u00e9 Disciplinar da Federa\u00e7\u00e3o Portuguesa de Futebol (FPP) iliba o Riba d&#039;Ave de ofensas corporais graves a agente desportivo ou impeditivas da realiza\u00e7\u00e3o de jogo oficial. O objetivo \u00e9 confirmar as condi\u00e7\u00f5es para a realiza\u00e7\u00e3o do encontro entre as duas equipas e avan\u00e7ar com o calend\u00e1rio da competi\u00e7\u00e3o. O duelo integra a sexta jornada do campeonato nacional.\" \/>\n<meta property=\"og:url\" content=\"https:\/\/portaltela.pt\/noticias\/2026\/04\/01\/presidente-da-juventude-pacense-comenta-repeticao-do-jogo-com-riba-d-ave\/\" \/>\n<meta property=\"og:site_name\" content=\"Portal Tela Portugal\" \/>\n<meta property=\"article:published_time\" content=\"2026-04-01T22:17:28+00:00\" \/>\n<meta name=\"author\" content=\"Telinha\" \/>\n<meta name=\"twitter:card\" content=\"summary_large_image\" \/>\n<meta name=\"twitter:label1\" content=\"Escrito por\" \/>\n\t<meta name=\"twitter:data1\" content=\"Telinha\" \/>\n\t<meta name=\"twitter:label2\" content=\"Tempo estimado de leitura\" \/>\n\t<meta name=\"twitter:data2\" content=\"1 minuto\" \/>\n<script type=\"application\/ld+json\" class=\"yoast-schema-graph\">{\"@context\":\"https:\/\/schema.org\",\"@graph\":[{\"@type\":\"Article\",\"@id\":\"https:\/\/portaltela.pt\/noticias\/2026\/04\/01\/presidente-da-juventude-pacense-comenta-repeticao-do-jogo-com-riba-d-ave\/#article\",\"isPartOf\":{\"@id\":\"https:\/\/portaltela.pt\/noticias\/2026\/04\/01\/presidente-da-juventude-pacense-comenta-repeticao-do-jogo-com-riba-d-ave\/\"},\"author\":{\"name\":\"Telinha\",\"@id\":\"https:\/\/portaltela.pt\/#\/schema\/person\/c4278d4a6028830caff9ee44b42d32ed\"},\"headline\":\"Presidente da Juventude Pacense comenta repeti\u00e7\u00e3o do jogo com Riba d&#8217;Ave\",\"datePublished\":\"2026-04-01T22:17:28+00:00\",\"mainEntityOfPage\":{\"@id\":\"https:\/\/portaltela.pt\/noticias\/2026\/04\/01\/presidente-da-juventude-pacense-comenta-repeticao-do-jogo-com-riba-d-ave\/\"},\"wordCount\":246,\"image\":{\"@id\":\"https:\/\/portaltela.pt\/noticias\/2026\/04\/01\/presidente-da-juventude-pacense-comenta-repeticao-do-jogo-com-riba-d-ave\/#primaryimage\"},\"thumbnailUrl\":\"https:\/\/portaltela.pt\/s.01k8rhncp4jt1\/2026\/04\/img_920x518uu2026-04-01-23-14-07-2430620.jpg\",\"keywords\":[\"ac\u00f3rd\u00e3o\",\"arbitragem\",\"desporto\",\"futebol\",\"seguran\u00e7a\"],\"articleSection\":[\"Desporto\",\"Futebol\"],\"inLanguage\":\"pt-PT\"},{\"@type\":\"WebPage\",\"@id\":\"https:\/\/portaltela.pt\/noticias\/2026\/04\/01\/presidente-da-juventude-pacense-comenta-repeticao-do-jogo-com-riba-d-ave\/\",\"url\":\"https:\/\/portaltela.pt\/noticias\/2026\/04\/01\/presidente-da-juventude-pacense-comenta-repeticao-do-jogo-com-riba-d-ave\/\",\"name\":\"Presidente da Juventude Pacense comenta repeti\u00e7\u00e3o do jogo com Riba d'Ave - Portal Tela Portugal\",\"isPartOf\":{\"@id\":\"https:\/\/portaltela.pt\/#website\"},\"primaryImageOfPage\":{\"@id\":\"https:\/\/portaltela.pt\/noticias\/2026\/04\/01\/presidente-da-juventude-pacense-comenta-repeticao-do-jogo-com-riba-d-ave\/#primaryimage\"},\"image\":{\"@id\":\"https:\/\/portaltela.pt\/noticias\/2026\/04\/01\/presidente-da-juventude-pacense-comenta-repeticao-do-jogo-com-riba-d-ave\/#primaryimage\"},\"thumbnailUrl\":\"https:\/\/portaltela.pt\/s.01k8rhncp4jt1\/2026\/04\/img_920x518uu2026-04-01-23-14-07-2430620.jpg\",\"datePublished\":\"2026-04-01T22:17:28+00:00\",\"author\":{\"@id\":\"https:\/\/portaltela.pt\/#\/schema\/person\/c4278d4a6028830caff9ee44b42d32ed\"},\"breadcrumb\":{\"@id\":\"https:\/\/portaltela.pt\/noticias\/2026\/04\/01\/presidente-da-juventude-pacense-comenta-repeticao-do-jogo-com-riba-d-ave\/#breadcrumb\"},\"inLanguage\":\"pt-PT\",\"potentialAction\":[{\"@type\":\"ReadAction\",\"target\":[\"https:\/\/portaltela.pt\/noticias\/2026\/04\/01\/presidente-da-juventude-pacense-comenta-repeticao-do-jogo-com-riba-d-ave\/\"]}]},{\"@type\":\"ImageObject\",\"inLanguage\":\"pt-PT\",\"@id\":\"https:\/\/portaltela.pt\/noticias\/2026\/04\/01\/presidente-da-juventude-pacense-comenta-repeticao-do-jogo-com-riba-d-ave\/#primaryimage\",\"url\":\"https:\/\/portaltela.pt\/s.01k8rhncp4jt1\/2026\/04\/img_920x518uu2026-04-01-23-14-07-2430620.jpg\",\"contentUrl\":\"https:\/\/portaltela.pt\/s.01k8rhncp4jt1\/2026\/04\/img_920x518uu2026-04-01-23-14-07-2430620.jpg\",\"width\":796,\"height\":448,\"caption\":\"Equipa vai a jogo esta sexta-feira\"},{\"@type\":\"BreadcrumbList\",\"@id\":\"https:\/\/portaltela.pt\/noticias\/2026\/04\/01\/presidente-da-juventude-pacense-comenta-repeticao-do-jogo-com-riba-d-ave\/#breadcrumb\",\"itemListElement\":[{\"@type\":\"ListItem\",\"position\":1,\"name\":\"In\u00edcio\",\"item\":\"https:\/\/portaltela.pt\/\"},{\"@type\":\"ListItem\",\"position\":2,\"name\":\"Presidente da Juventude Pacense comenta repeti\u00e7\u00e3o do jogo com Riba d&#8217;Ave\"}]},{\"@type\":\"WebSite\",\"@id\":\"https:\/\/portaltela.pt\/#website\",\"url\":\"https:\/\/portaltela.pt\/\",\"name\":\"Portal Tela Portugal\",\"description\":\"\",\"potentialAction\":[{\"@type\":\"SearchAction\",\"target\":{\"@type\":\"EntryPoint\",\"urlTemplate\":\"https:\/\/portaltela.pt\/?s={search_term_string}\"},\"query-input\":{\"@type\":\"PropertyValueSpecification\",\"valueRequired\":true,\"valueName\":\"search_term_string\"}}],\"inLanguage\":\"pt-PT\"},{\"@type\":\"Person\",\"@id\":\"https:\/\/portaltela.pt\/#\/schema\/person\/c4278d4a6028830caff9ee44b42d32ed\",\"name\":\"Telinha\",\"image\":{\"@type\":\"ImageObject\",\"inLanguage\":\"pt-PT\",\"@id\":\"https:\/\/portaltela.pt\/s.01k8rhncp4jt1\/2025\/11\/talking-bot-125x125.png\",\"url\":\"https:\/\/portaltela.pt\/s.01k8rhncp4jt1\/2025\/11\/talking-bot-125x125.png\",\"contentUrl\":\"https:\/\/portaltela.pt\/s.01k8rhncp4jt1\/2025\/11\/talking-bot-125x125.png\",\"caption\":\"Telinha\"},\"sameAs\":[\"https:\/\/portaltela.pt\/\"],\"url\":\"https:\/\/portaltela.pt\/por\/367410592786\/\"}]}<\/script>\n<!-- \/ Yoast SEO plugin. -->","yoast_head_json":{"title":"Presidente da Juventude Pacense comenta repeti\u00e7\u00e3o do jogo com Riba d'Ave - Portal Tela Portugal","robots":{"index":"index","follow":"follow","max-snippet":"max-snippet:-1","max-image-preview":"max-image-preview:large","max-video-preview":"max-video-preview:-1"},"og_locale":"pt_PT","og_type":"article","og_title":"Presidente da Juventude Pacense comenta repeti\u00e7\u00e3o do jogo com Riba d'Ave - Portal Tela Portugal","og_description":"A Juventude Pacense vai receber o Riba d'Ave nesta sexta-feira para ajustar o calend\u00e1rio da sexta jornada do Campeonato Nacional. O jogo, que ficou por cumprir h\u00e1 mais de quatro meses, foi interrompido pela arbitragem no primeiro tempo por alegada falta de seguran\u00e7a, com o Pacense a vencer por 4-2. O ac\u00f3rd\u00e3o do Comit\u00e9 Disciplinar da Federa\u00e7\u00e3o Portuguesa de Futebol (FPP) iliba o Riba d'Ave de ofensas corporais graves a agente desportivo ou impeditivas da realiza\u00e7\u00e3o de jogo oficial. O objetivo \u00e9 confirmar as condi\u00e7\u00f5es para a realiza\u00e7\u00e3o do encontro entre as duas equipas e avan\u00e7ar com o calend\u00e1rio da competi\u00e7\u00e3o. O duelo integra a sexta jornada do campeonato nacional.","og_url":"https:\/\/portaltela.pt\/noticias\/2026\/04\/01\/presidente-da-juventude-pacense-comenta-repeticao-do-jogo-com-riba-d-ave\/","og_site_name":"Portal Tela Portugal","article_published_time":"2026-04-01T22:17:28+00:00","author":"Telinha","twitter_card":"summary_large_image","twitter_misc":{"Escrito por":"Telinha","Tempo estimado de leitura":"1 minuto"},"schema":{"@context":"https:\/\/schema.org","@graph":[{"@type":"Article","@id":"https:\/\/portaltela.pt\/noticias\/2026\/04\/01\/presidente-da-juventude-pacense-comenta-repeticao-do-jogo-com-riba-d-ave\/#article","isPartOf":{"@id":"https:\/\/portaltela.pt\/noticias\/2026\/04\/01\/presidente-da-juventude-pacense-comenta-repeticao-do-jogo-com-riba-d-ave\/"},"author":{"name":"Telinha","@id":"https:\/\/portaltela.pt\/#\/schema\/person\/c4278d4a6028830caff9ee44b42d32ed"},"headline":"Presidente da Juventude Pacense comenta repeti\u00e7\u00e3o do jogo com Riba d&#8217;Ave","datePublished":"2026-04-01T22:17:28+00:00","mainEntityOfPage":{"@id":"https:\/\/portaltela.pt\/noticias\/2026\/04\/01\/presidente-da-juventude-pacense-comenta-repeticao-do-jogo-com-riba-d-ave\/"},"wordCount":246,"image":{"@id":"https:\/\/portaltela.pt\/noticias\/2026\/04\/01\/presidente-da-juventude-pacense-comenta-repeticao-do-jogo-com-riba-d-ave\/#primaryimage"},"thumbnailUrl":"https:\/\/portaltela.pt\/s.01k8rhncp4jt1\/2026\/04\/img_920x518uu2026-04-01-23-14-07-2430620.jpg","keywords":["ac\u00f3rd\u00e3o","arbitragem","desporto","futebol","seguran\u00e7a"],"articleSection":["Desporto","Futebol"],"inLanguage":"pt-PT"},{"@type":"WebPage","@id":"https:\/\/portaltela.pt\/noticias\/2026\/04\/01\/presidente-da-juventude-pacense-comenta-repeticao-do-jogo-com-riba-d-ave\/","url":"https:\/\/portaltela.pt\/noticias\/2026\/04\/01\/presidente-da-juventude-pacense-comenta-repeticao-do-jogo-com-riba-d-ave\/","name":"Presidente da Juventude Pacense comenta repeti\u00e7\u00e3o do jogo com Riba d'Ave - Portal Tela Portugal","isPartOf":{"@id":"https:\/\/portaltela.pt\/#website"},"primaryImageOfPage":{"@id":"https:\/\/portaltela.pt\/noticias\/2026\/04\/01\/presidente-da-juventude-pacense-comenta-repeticao-do-jogo-com-riba-d-ave\/#primaryimage"},"image":{"@id":"https:\/\/portaltela.pt\/noticias\/2026\/04\/01\/presidente-da-juventude-pacense-comenta-repeticao-do-jogo-com-riba-d-ave\/#primaryimage"},"thumbnailUrl":"https:\/\/portaltela.pt\/s.01k8rhncp4jt1\/2026\/04\/img_920x518uu2026-04-01-23-14-07-2430620.jpg","datePublished":"2026-04-01T22:17:28+00:00","author":{"@id":"https:\/\/portaltela.pt\/#\/schema\/person\/c4278d4a6028830caff9ee44b42d32ed"},"breadcrumb":{"@id":"https:\/\/portaltela.pt\/noticias\/2026\/04\/01\/presidente-da-juventude-pacense-comenta-repeticao-do-jogo-com-riba-d-ave\/#breadcrumb"},"inLanguage":"pt-PT","potentialAction":[{"@type":"ReadAction","target":["https:\/\/portaltela.pt\/noticias\/2026\/04\/01\/presidente-da-juventude-pacense-comenta-repeticao-do-jogo-com-riba-d-ave\/"]}]},{"@type":"ImageObject","inLanguage":"pt-PT","@id":"https:\/\/portaltela.pt\/noticias\/2026\/04\/01\/presidente-da-juventude-pacense-comenta-repeticao-do-jogo-com-riba-d-ave\/#primaryimage","url":"https:\/\/portaltela.pt\/s.01k8rhncp4jt1\/2026\/04\/img_920x518uu2026-04-01-23-14-07-2430620.jpg","contentUrl":"https:\/\/portaltela.pt\/s.01k8rhncp4jt1\/2026\/04\/img_920x518uu2026-04-01-23-14-07-2430620.jpg","width":796,"height":448,"caption":"Equipa vai a jogo esta sexta-feira"},{"@type":"BreadcrumbList","@id":"https:\/\/portaltela.pt\/noticias\/2026\/04\/01\/presidente-da-juventude-pacense-comenta-repeticao-do-jogo-com-riba-d-ave\/#breadcrumb","itemListElement":[{"@type":"ListItem","position":1,"name":"In\u00edcio","item":"https:\/\/portaltela.pt\/"},{"@type":"ListItem","position":2,"name":"Presidente da Juventude Pacense comenta repeti\u00e7\u00e3o do jogo com Riba d&#8217;Ave"}]},{"@type":"WebSite","@id":"https:\/\/portaltela.pt\/#website","url":"https:\/\/portaltela.pt\/","name":"Portal Tela Portugal","description":"","potentialAction":[{"@type":"SearchAction","target":{"@type":"EntryPoint","urlTemplate":"https:\/\/portaltela.pt\/?s={search_term_string}"},"query-input":{"@type":"PropertyValueSpecification","valueRequired":true,"valueName":"search_term_string"}}],"inLanguage":"pt-PT"},{"@type":"Person","@id":"https:\/\/portaltela.pt\/#\/schema\/person\/c4278d4a6028830caff9ee44b42d32ed","name":"Telinha","image":{"@type":"ImageObject","inLanguage":"pt-PT","@id":"https:\/\/portaltela.pt\/s.01k8rhncp4jt1\/2025\/11\/talking-bot-125x125.png","url":"https:\/\/portaltela.pt\/s.01k8rhncp4jt1\/2025\/11\/talking-bot-125x125.png","contentUrl":"https:\/\/portaltela.pt\/s.01k8rhncp4jt1\/2025\/11\/talking-bot-125x125.png","caption":"Telinha"},"sameAs":["https:\/\/portaltela.pt\/"],"url":"https:\/\/portaltela.pt\/por\/367410592786\/"}]}},"_links":{"self":[{"href":"https:\/\/portaltela.pt\/api\/wp\/v2\/posts\/429821","targetHints":{"allow":["GET"]}}],"collection":[{"href":"https:\/\/portaltela.pt\/api\/wp\/v2\/posts"}],"about":[{"href":"https:\/\/portaltela.pt\/api\/wp\/v2\/types\/post"}],"author":[{"embeddable":true,"href":"https:\/\/portaltela.pt\/api\/wp\/v2\/users\/2"}],"replies":[{"embeddable":true,"href":"https:\/\/portaltela.pt\/api\/wp\/v2\/comments?post=429821"}],"version-history":[{"count":0,"href":"https:\/\/portaltela.pt\/api\/wp\/v2\/posts\/429821\/revisions"}],"wp:featuredmedia":[{"embeddable":true,"href":"https:\/\/portaltela.pt\/api\/wp\/v2\/media\/429822"}],"wp:attachment":[{"href":"https:\/\/portaltela.pt\/api\/wp\/v2\/media?parent=429821"}],"wp:term":[{"taxonomy":"category","embeddable":true,"href":"https:\/\/portaltela.pt\/api\/wp\/v2\/categories?post=429821"},{"taxonomy":"post_tag","embeddable":true,"href":"https:\/\/portaltela.pt\/api\/wp\/v2\/tags?post=429821"}],"curies":[{"name":"wp","href":"https:\/\/api.w.org\/{rel}","templated":true}]}}