{"id":429815,"date":"2026-04-01T19:17:07","date_gmt":"2026-04-01T22:17:07","guid":{"rendered":"https:\/\/portaltela.pt\/noticias\/2026\/04\/01\/jornalista-do-publico-recebe-premio-do-ipdj\/"},"modified":"2026-04-01T19:17:07","modified_gmt":"2026-04-01T22:17:07","slug":"jornalista-do-publico-recebe-premio-do-ipdj","status":"publish","type":"post","link":"https:\/\/portaltela.pt\/desporto\/futebol\/2026\/04\/01\/jornalista-do-publico-recebe-premio-do-ipdj\/","title":{"rendered":"Jornalista do P\u00daBLICO recebe pr\u00e9mio do IPDJ"},"content":{"rendered":"<p>O jornalista Diogo Cardoso Oliveira, do P\u00daBLICO, recebeu o primeiro lugar do pr\u00e9mio Desporto com \u00c9tica de 2025, atribu\u00eddo pelo IPDJ. A not\u00edcia premiada analisa a adi\u00e7\u00e3o dos futebolistas \u00e0s apostas desportivas, com foco na hist\u00f3ria de Ioannis Simosis, jogador grego que atuou com Samaris e Recoba, e cuja carreira foi afetada pelo v\u00edcio.<\/p>\n<p>O galard\u00e3o distingue trabalhos de imprensa desportiva e generalista. A reportagem vencedora revela, em entrevista exclusiva ao P\u00daBLICO, o abismo provocado pelas apostas desportivas na vida de um ex-futebolista grego.<\/p>\n<h3>Premia\u00e7\u00e3o Desporto com \u00c9tica 2025: resultado e contextos<\/h3>\n<p>Al\u00e9m do trabalho do P\u00daBLICO, o p\u00f3dio ficou completo com a pe\u00e7a \u201cInclusivo, adaptado e inspirador: assim \u00e9 o aut\u00eantico Desporto Plural\u201d de Rui Almeida Santos, no Maisfutebol, e com \u201cObrigaram-me a roubar para n\u00e3o morrer: refugiados em Portugal o futebol da salva\u00e7\u00e3o\u201d, de Pedro Jorge da Cunha, Pedro Filipe Maia e Humberto Ferreira, no Zerozero.<\/p>\n<p>Outras distin\u00e7\u00f5es atribu\u00edram pr\u00e9mios de imprensa regional e de r\u00e1dio\/televis\u00e3o. \u201cNo futebol, presidente conjuga-se no feminino\u201d, de Marina Guerra, no Regi\u00e3o de Leiria, e \u201cO jogo do sil\u00eancio\u201d, de Andreia Figueiroa, na Sport TV, foram reconhecidas nessas categorias.<\/p>\n","protected":false},"excerpt":{"rendered":"<ul>\n<li>O jornal P\u00daBLICO ganhou o primeiro lugar do pr\u00e9mio Desporto com \u00c9tica de 2025, atribu\u00eddo pelo Instituto Portugu\u00eas do Desporto e Juventude (IPDJ).<\/li>\n<li>O galard\u00e3o reconhece o trabalho de Diogo Cardoso Oliveira sobre a adi\u00e7\u00e3o de futebolistas pelas apostas desportivas, com foco em Ioannis Simosis.<\/li>\n<li>Ioannis Simosis \u00e9 um futebolista grego que jogou com Samaris e Recoba e viu a carreira abalada pelo v\u00edcio das apostas desportivas.<\/li>\n<li>A reportagem premiada \u00e9 intitulada \u201cVivia para apostar e destru\u00ed a carreira\u201d. De futebolista a apostador, o texto foi publicado pelo P\u00daBLICO a 25 de janeiro de 2025.<\/li>\n<li>No p\u00f3dio, al\u00e9m do P\u00daBLICO, ficaram vencedores Rui Almeida Santos (Maisfutebol), Pedro Jorge da Cunha, Pedro Filipe Maia e Humberto Ferreira (Zerozero), entre outros.<\/li>\n<\/ul>\n","protected":false},"author":2,"featured_media":429816,"comment_status":"closed","ping_status":"closed","sticky":false,"template":"","format":"standard","meta":{"footnotes":""},"categories":[21,24],"tags":[1956,152,233,32,506,5707],"class_list":["post-429815","post","type-post","status-publish","format-standard","has-post-thumbnail","hentry","category-desporto","category-futebol","tag-apostas-desportivas","tag-desporto","tag-etica-desportiva","tag-futebol","tag-imprensa","tag-jornalistas"],"yoast_head":"<!-- This site is optimized with the Yoast SEO plugin v27.2 - https:\/\/yoast.com\/product\/yoast-seo-wordpress\/ -->\n<title>Jornalista do P\u00daBLICO recebe pr\u00e9mio do IPDJ - Portal Tela Portugal<\/title>\n<meta name=\"robots\" content=\"index, follow, max-snippet:-1, max-image-preview:large, max-video-preview:-1\" \/>\n<meta property=\"og:locale\" content=\"pt_PT\" \/>\n<meta property=\"og:type\" content=\"article\" \/>\n<meta property=\"og:title\" content=\"Jornalista do P\u00daBLICO recebe pr\u00e9mio do IPDJ - Portal Tela Portugal\" \/>\n<meta property=\"og:description\" content=\"O jornal P\u00daBLICO ganhou o primeiro lugar do pr\u00e9mio Desporto com \u00c9tica de 2025, atribu\u00eddo pelo Instituto Portugu\u00eas do Desporto e Juventude (IPDJ). O galard\u00e3o reconhece o trabalho de Diogo Cardoso Oliveira sobre a adi\u00e7\u00e3o de futebolistas pelas apostas desportivas, com foco em Ioannis Simosis. Ioannis Simosis \u00e9 um futebolista grego que jogou com Samaris e Recoba e viu a carreira abalada pelo v\u00edcio das apostas desportivas. A reportagem premiada \u00e9 intitulada \u201cVivia para apostar e destru\u00ed a carreira\u201d. De futebolista a apostador, o texto foi publicado pelo P\u00daBLICO a 25 de janeiro de 2025. No p\u00f3dio, al\u00e9m do P\u00daBLICO, ficaram vencedores Rui Almeida Santos (Maisfutebol), Pedro Jorge da Cunha, Pedro Filipe Maia e Humberto Ferreira (Zerozero), entre outros.\" \/>\n<meta property=\"og:url\" content=\"https:\/\/portaltela.pt\/noticias\/2026\/04\/01\/jornalista-do-publico-recebe-premio-do-ipdj\/\" \/>\n<meta property=\"og:site_name\" content=\"Portal Tela Portugal\" \/>\n<meta property=\"article:published_time\" content=\"2026-04-01T22:17:07+00:00\" \/>\n<meta name=\"author\" content=\"Telinha\" \/>\n<meta name=\"twitter:card\" content=\"summary_large_image\" \/>\n<meta name=\"twitter:label1\" content=\"Escrito por\" \/>\n\t<meta name=\"twitter:data1\" content=\"Telinha\" \/>\n\t<meta name=\"twitter:label2\" content=\"Tempo estimado de leitura\" \/>\n\t<meta name=\"twitter:data2\" content=\"1 minuto\" \/>\n<script type=\"application\/ld+json\" class=\"yoast-schema-graph\">{\"@context\":\"https:\/\/schema.org\",\"@graph\":[{\"@type\":\"Article\",\"@id\":\"https:\/\/portaltela.pt\/noticias\/2026\/04\/01\/jornalista-do-publico-recebe-premio-do-ipdj\/#article\",\"isPartOf\":{\"@id\":\"https:\/\/portaltela.pt\/noticias\/2026\/04\/01\/jornalista-do-publico-recebe-premio-do-ipdj\/\"},\"author\":{\"name\":\"Telinha\",\"@id\":\"https:\/\/portaltela.pt\/#\/schema\/person\/c4278d4a6028830caff9ee44b42d32ed\"},\"headline\":\"Jornalista do P\u00daBLICO recebe pr\u00e9mio do IPDJ\",\"datePublished\":\"2026-04-01T22:17:07+00:00\",\"mainEntityOfPage\":{\"@id\":\"https:\/\/portaltela.pt\/noticias\/2026\/04\/01\/jornalista-do-publico-recebe-premio-do-ipdj\/\"},\"wordCount\":217,\"image\":{\"@id\":\"https:\/\/portaltela.pt\/noticias\/2026\/04\/01\/jornalista-do-publico-recebe-premio-do-ipdj\/#primaryimage\"},\"thumbnailUrl\":\"https:\/\/portaltela.pt\/s.01k8rhncp4jt1\/2026\/04\/2078726.jpg\",\"keywords\":[\"apostas desportivas\",\"desporto\",\"\u00c9tica Desportiva\",\"futebol\",\"imprensa\",\"jornalistas\"],\"articleSection\":[\"Desporto\",\"Futebol\"],\"inLanguage\":\"pt-PT\"},{\"@type\":\"WebPage\",\"@id\":\"https:\/\/portaltela.pt\/noticias\/2026\/04\/01\/jornalista-do-publico-recebe-premio-do-ipdj\/\",\"url\":\"https:\/\/portaltela.pt\/noticias\/2026\/04\/01\/jornalista-do-publico-recebe-premio-do-ipdj\/\",\"name\":\"Jornalista do P\u00daBLICO recebe pr\u00e9mio do IPDJ - Portal Tela Portugal\",\"isPartOf\":{\"@id\":\"https:\/\/portaltela.pt\/#website\"},\"primaryImageOfPage\":{\"@id\":\"https:\/\/portaltela.pt\/noticias\/2026\/04\/01\/jornalista-do-publico-recebe-premio-do-ipdj\/#primaryimage\"},\"image\":{\"@id\":\"https:\/\/portaltela.pt\/noticias\/2026\/04\/01\/jornalista-do-publico-recebe-premio-do-ipdj\/#primaryimage\"},\"thumbnailUrl\":\"https:\/\/portaltela.pt\/s.01k8rhncp4jt1\/2026\/04\/2078726.jpg\",\"datePublished\":\"2026-04-01T22:17:07+00:00\",\"author\":{\"@id\":\"https:\/\/portaltela.pt\/#\/schema\/person\/c4278d4a6028830caff9ee44b42d32ed\"},\"breadcrumb\":{\"@id\":\"https:\/\/portaltela.pt\/noticias\/2026\/04\/01\/jornalista-do-publico-recebe-premio-do-ipdj\/#breadcrumb\"},\"inLanguage\":\"pt-PT\",\"potentialAction\":[{\"@type\":\"ReadAction\",\"target\":[\"https:\/\/portaltela.pt\/noticias\/2026\/04\/01\/jornalista-do-publico-recebe-premio-do-ipdj\/\"]}]},{\"@type\":\"ImageObject\",\"inLanguage\":\"pt-PT\",\"@id\":\"https:\/\/portaltela.pt\/noticias\/2026\/04\/01\/jornalista-do-publico-recebe-premio-do-ipdj\/#primaryimage\",\"url\":\"https:\/\/portaltela.pt\/s.01k8rhncp4jt1\/2026\/04\/2078726.jpg\",\"contentUrl\":\"https:\/\/portaltela.pt\/s.01k8rhncp4jt1\/2026\/04\/2078726.jpg\",\"width\":796,\"height\":448,\"caption\":\"A redac\u00e7\u00e3o do P\u00fablico, em Lisboa\"},{\"@type\":\"BreadcrumbList\",\"@id\":\"https:\/\/portaltela.pt\/noticias\/2026\/04\/01\/jornalista-do-publico-recebe-premio-do-ipdj\/#breadcrumb\",\"itemListElement\":[{\"@type\":\"ListItem\",\"position\":1,\"name\":\"In\u00edcio\",\"item\":\"https:\/\/portaltela.pt\/\"},{\"@type\":\"ListItem\",\"position\":2,\"name\":\"Jornalista do P\u00daBLICO recebe pr\u00e9mio do IPDJ\"}]},{\"@type\":\"WebSite\",\"@id\":\"https:\/\/portaltela.pt\/#website\",\"url\":\"https:\/\/portaltela.pt\/\",\"name\":\"Portal Tela Portugal\",\"description\":\"\",\"potentialAction\":[{\"@type\":\"SearchAction\",\"target\":{\"@type\":\"EntryPoint\",\"urlTemplate\":\"https:\/\/portaltela.pt\/?s={search_term_string}\"},\"query-input\":{\"@type\":\"PropertyValueSpecification\",\"valueRequired\":true,\"valueName\":\"search_term_string\"}}],\"inLanguage\":\"pt-PT\"},{\"@type\":\"Person\",\"@id\":\"https:\/\/portaltela.pt\/#\/schema\/person\/c4278d4a6028830caff9ee44b42d32ed\",\"name\":\"Telinha\",\"image\":{\"@type\":\"ImageObject\",\"inLanguage\":\"pt-PT\",\"@id\":\"https:\/\/portaltela.pt\/s.01k8rhncp4jt1\/2025\/11\/talking-bot-125x125.png\",\"url\":\"https:\/\/portaltela.pt\/s.01k8rhncp4jt1\/2025\/11\/talking-bot-125x125.png\",\"contentUrl\":\"https:\/\/portaltela.pt\/s.01k8rhncp4jt1\/2025\/11\/talking-bot-125x125.png\",\"caption\":\"Telinha\"},\"sameAs\":[\"https:\/\/portaltela.pt\/\"],\"url\":\"https:\/\/portaltela.pt\/por\/367410592786\/\"}]}<\/script>\n<!-- \/ Yoast SEO plugin. -->","yoast_head_json":{"title":"Jornalista do P\u00daBLICO recebe pr\u00e9mio do IPDJ - Portal Tela Portugal","robots":{"index":"index","follow":"follow","max-snippet":"max-snippet:-1","max-image-preview":"max-image-preview:large","max-video-preview":"max-video-preview:-1"},"og_locale":"pt_PT","og_type":"article","og_title":"Jornalista do P\u00daBLICO recebe pr\u00e9mio do IPDJ - Portal Tela Portugal","og_description":"O jornal P\u00daBLICO ganhou o primeiro lugar do pr\u00e9mio Desporto com \u00c9tica de 2025, atribu\u00eddo pelo Instituto Portugu\u00eas do Desporto e Juventude (IPDJ). O galard\u00e3o reconhece o trabalho de Diogo Cardoso Oliveira sobre a adi\u00e7\u00e3o de futebolistas pelas apostas desportivas, com foco em Ioannis Simosis. Ioannis Simosis \u00e9 um futebolista grego que jogou com Samaris e Recoba e viu a carreira abalada pelo v\u00edcio das apostas desportivas. A reportagem premiada \u00e9 intitulada \u201cVivia para apostar e destru\u00ed a carreira\u201d. De futebolista a apostador, o texto foi publicado pelo P\u00daBLICO a 25 de janeiro de 2025. No p\u00f3dio, al\u00e9m do P\u00daBLICO, ficaram vencedores Rui Almeida Santos (Maisfutebol), Pedro Jorge da Cunha, Pedro Filipe Maia e Humberto Ferreira (Zerozero), entre outros.","og_url":"https:\/\/portaltela.pt\/noticias\/2026\/04\/01\/jornalista-do-publico-recebe-premio-do-ipdj\/","og_site_name":"Portal Tela Portugal","article_published_time":"2026-04-01T22:17:07+00:00","author":"Telinha","twitter_card":"summary_large_image","twitter_misc":{"Escrito por":"Telinha","Tempo estimado de leitura":"1 minuto"},"schema":{"@context":"https:\/\/schema.org","@graph":[{"@type":"Article","@id":"https:\/\/portaltela.pt\/noticias\/2026\/04\/01\/jornalista-do-publico-recebe-premio-do-ipdj\/#article","isPartOf":{"@id":"https:\/\/portaltela.pt\/noticias\/2026\/04\/01\/jornalista-do-publico-recebe-premio-do-ipdj\/"},"author":{"name":"Telinha","@id":"https:\/\/portaltela.pt\/#\/schema\/person\/c4278d4a6028830caff9ee44b42d32ed"},"headline":"Jornalista do P\u00daBLICO recebe pr\u00e9mio do IPDJ","datePublished":"2026-04-01T22:17:07+00:00","mainEntityOfPage":{"@id":"https:\/\/portaltela.pt\/noticias\/2026\/04\/01\/jornalista-do-publico-recebe-premio-do-ipdj\/"},"wordCount":217,"image":{"@id":"https:\/\/portaltela.pt\/noticias\/2026\/04\/01\/jornalista-do-publico-recebe-premio-do-ipdj\/#primaryimage"},"thumbnailUrl":"https:\/\/portaltela.pt\/s.01k8rhncp4jt1\/2026\/04\/2078726.jpg","keywords":["apostas desportivas","desporto","\u00c9tica Desportiva","futebol","imprensa","jornalistas"],"articleSection":["Desporto","Futebol"],"inLanguage":"pt-PT"},{"@type":"WebPage","@id":"https:\/\/portaltela.pt\/noticias\/2026\/04\/01\/jornalista-do-publico-recebe-premio-do-ipdj\/","url":"https:\/\/portaltela.pt\/noticias\/2026\/04\/01\/jornalista-do-publico-recebe-premio-do-ipdj\/","name":"Jornalista do P\u00daBLICO recebe pr\u00e9mio do IPDJ - Portal Tela Portugal","isPartOf":{"@id":"https:\/\/portaltela.pt\/#website"},"primaryImageOfPage":{"@id":"https:\/\/portaltela.pt\/noticias\/2026\/04\/01\/jornalista-do-publico-recebe-premio-do-ipdj\/#primaryimage"},"image":{"@id":"https:\/\/portaltela.pt\/noticias\/2026\/04\/01\/jornalista-do-publico-recebe-premio-do-ipdj\/#primaryimage"},"thumbnailUrl":"https:\/\/portaltela.pt\/s.01k8rhncp4jt1\/2026\/04\/2078726.jpg","datePublished":"2026-04-01T22:17:07+00:00","author":{"@id":"https:\/\/portaltela.pt\/#\/schema\/person\/c4278d4a6028830caff9ee44b42d32ed"},"breadcrumb":{"@id":"https:\/\/portaltela.pt\/noticias\/2026\/04\/01\/jornalista-do-publico-recebe-premio-do-ipdj\/#breadcrumb"},"inLanguage":"pt-PT","potentialAction":[{"@type":"ReadAction","target":["https:\/\/portaltela.pt\/noticias\/2026\/04\/01\/jornalista-do-publico-recebe-premio-do-ipdj\/"]}]},{"@type":"ImageObject","inLanguage":"pt-PT","@id":"https:\/\/portaltela.pt\/noticias\/2026\/04\/01\/jornalista-do-publico-recebe-premio-do-ipdj\/#primaryimage","url":"https:\/\/portaltela.pt\/s.01k8rhncp4jt1\/2026\/04\/2078726.jpg","contentUrl":"https:\/\/portaltela.pt\/s.01k8rhncp4jt1\/2026\/04\/2078726.jpg","width":796,"height":448,"caption":"A redac\u00e7\u00e3o do P\u00fablico, em Lisboa"},{"@type":"BreadcrumbList","@id":"https:\/\/portaltela.pt\/noticias\/2026\/04\/01\/jornalista-do-publico-recebe-premio-do-ipdj\/#breadcrumb","itemListElement":[{"@type":"ListItem","position":1,"name":"In\u00edcio","item":"https:\/\/portaltela.pt\/"},{"@type":"ListItem","position":2,"name":"Jornalista do P\u00daBLICO recebe pr\u00e9mio do IPDJ"}]},{"@type":"WebSite","@id":"https:\/\/portaltela.pt\/#website","url":"https:\/\/portaltela.pt\/","name":"Portal Tela Portugal","description":"","potentialAction":[{"@type":"SearchAction","target":{"@type":"EntryPoint","urlTemplate":"https:\/\/portaltela.pt\/?s={search_term_string}"},"query-input":{"@type":"PropertyValueSpecification","valueRequired":true,"valueName":"search_term_string"}}],"inLanguage":"pt-PT"},{"@type":"Person","@id":"https:\/\/portaltela.pt\/#\/schema\/person\/c4278d4a6028830caff9ee44b42d32ed","name":"Telinha","image":{"@type":"ImageObject","inLanguage":"pt-PT","@id":"https:\/\/portaltela.pt\/s.01k8rhncp4jt1\/2025\/11\/talking-bot-125x125.png","url":"https:\/\/portaltela.pt\/s.01k8rhncp4jt1\/2025\/11\/talking-bot-125x125.png","contentUrl":"https:\/\/portaltela.pt\/s.01k8rhncp4jt1\/2025\/11\/talking-bot-125x125.png","caption":"Telinha"},"sameAs":["https:\/\/portaltela.pt\/"],"url":"https:\/\/portaltela.pt\/por\/367410592786\/"}]}},"_links":{"self":[{"href":"https:\/\/portaltela.pt\/api\/wp\/v2\/posts\/429815","targetHints":{"allow":["GET"]}}],"collection":[{"href":"https:\/\/portaltela.pt\/api\/wp\/v2\/posts"}],"about":[{"href":"https:\/\/portaltela.pt\/api\/wp\/v2\/types\/post"}],"author":[{"embeddable":true,"href":"https:\/\/portaltela.pt\/api\/wp\/v2\/users\/2"}],"replies":[{"embeddable":true,"href":"https:\/\/portaltela.pt\/api\/wp\/v2\/comments?post=429815"}],"version-history":[{"count":0,"href":"https:\/\/portaltela.pt\/api\/wp\/v2\/posts\/429815\/revisions"}],"wp:featuredmedia":[{"embeddable":true,"href":"https:\/\/portaltela.pt\/api\/wp\/v2\/media\/429816"}],"wp:attachment":[{"href":"https:\/\/portaltela.pt\/api\/wp\/v2\/media?parent=429815"}],"wp:term":[{"taxonomy":"category","embeddable":true,"href":"https:\/\/portaltela.pt\/api\/wp\/v2\/categories?post=429815"},{"taxonomy":"post_tag","embeddable":true,"href":"https:\/\/portaltela.pt\/api\/wp\/v2\/tags?post=429815"}],"curies":[{"name":"wp","href":"https:\/\/api.w.org\/{rel}","templated":true}]}}