{"id":429801,"date":"2026-04-01T18:32:29","date_gmt":"2026-04-01T21:32:29","guid":{"rendered":"https:\/\/portaltela.pt\/noticias\/2026\/04\/01\/alvaro-pacheco-procura-primeira-vitoria-com-o-benfica\/"},"modified":"2026-04-01T18:32:29","modified_gmt":"2026-04-01T21:32:29","slug":"alvaro-pacheco-procura-primeira-vitoria-com-o-benfica","status":"publish","type":"post","link":"https:\/\/portaltela.pt\/desporto\/futebol\/2026\/04\/01\/alvaro-pacheco-procura-primeira-vitoria-com-o-benfica\/","title":{"rendered":"\u00c1lvaro Pacheco procura primeira vit\u00f3ria com o Benfica"},"content":{"rendered":"<p>O Casa Pia recebe o Benfica numa partida pela jornada em curso, com \u00c1lvaro Pacheco a tentar alcan\u00e7ar pela primeira vez uma vit\u00f3ria frente \u00e0s \u00c1guias. O treinador minhoto, de 54 anos, j\u00e1 eliminou FC Porto (duas vit\u00f3rias) e Sporting (uma), num historial relevante para o encontro. O objetivo \u00e9 quebrar o ciclo de derrotas frente ao clube lisboeta.<\/p>\n<p>Na presente \u00e9poca, Pacheco j\u00e1 orientou o Casa Pia em desafios oficiais contra advers\u00e1rios de maior express\u00e3o, destacando vit\u00f3rias sobre o FC Porto e um triunfo frente ao Sporting no passado. O t\u00e9cnico tamb\u00e9m venceu o Porto em abril de 2024, ao comando do V. Guimar\u00e3es, numa vit\u00f3ria por 2-1 na Liga. O hist\u00f3rico evidencia que o Benfica \u00e9 o \u00fanico grande que ainda lhe escapa.<\/p>\n<p>Ser\u00e1 a 6.\u00aa vez que Pacheco encara o Benfica, com um registo global de cinco derrotas neste confronto. O treinador pode buscar inspira\u00e7\u00e3o na rea\u00e7\u00e3o do Casa Pia diante das \u00c1guias na \u00e9poca anterior, quando recebeu o rival e venceu por 3-1 na jornada 19 da liga.<\/p>\n<h3>Confrontos anteriores<\/h3>\n<ul>\n<li>O historial de confrontos aponta para v\u00e1rias derrotas, mas tamb\u00e9m para uma vit\u00f3ria expressiva do Casa Pia na \u00faltima temporada frente ao Benfica, em casa, para a prova da liga.<\/li>\n<li>A equipa pode entrar confiante, sabendo que j\u00e1 derrotou grandes advers\u00e1rios por dois ou mais golos em jogos anteriores.<\/li>\n<li>O Benfica chega com ritmo competitivo e pode manter a lideran\u00e7a, dependendo do desfecho do encontro.<\/li>\n<\/ul>\n","protected":false},"excerpt":{"rendered":"<ul>\n<li>\u00c1lvaro Pacheco, treinador do Casa Pia, tenta vencer pela primeira vez o Benfica, o \u00fanico grande que faltava derrotar.<\/li>\n<li>Nesta \u00e9poca, em 9 jogos oficiais contra o Benfica, j\u00e1 venceu o l\u00edder do campeonato por 2-1 na 20.\u00aa jornada, \u00fanica derrota dos encarnados no campeonato.<\/li>\n<li>Em abril de 2024, o t\u00e9cnico triunfou diante do Benfica ao comando do V. Guimar\u00e3es, 2-1 na Liga.<\/li>\n<li>Em dezembro de 2023, com o Vit\u00f3ria de Guimar\u00e3es, tamb\u00e9m derrotou o Sporting (3-2), a \u00fanica vit\u00f3ria sobre os le\u00f5es em cinco encontros.<\/li>\n<li>Ser\u00e1 a sexta vez que Pacheco enfrenta o Benfica, com registo de cinco derrotas; pode inspirar-se na vit\u00f3ria do Casa Pia sobre as \u00e1guias na \u00e9poca passada (3-1, jornada 19).<\/li>\n<\/ul>\n","protected":false},"author":2,"featured_media":429802,"comment_status":"closed","ping_status":"closed","sticky":false,"template":"","format":"standard","meta":{"footnotes":""},"categories":[21,24],"tags":[4143,1946,5176,178,32,299],"class_list":["post-429801","post","type-post","status-publish","format-standard","has-post-thumbnail","hentry","category-desporto","category-futebol","tag-1-liga","tag-benfica","tag-casa-pia","tag-confrontos","tag-futebol","tag-historia"],"yoast_head":"<!-- This site is optimized with the Yoast SEO plugin v27.2 - https:\/\/yoast.com\/product\/yoast-seo-wordpress\/ -->\n<title>\u00c1lvaro Pacheco procura primeira vit\u00f3ria com o Benfica - Portal Tela Portugal<\/title>\n<meta name=\"robots\" content=\"index, follow, max-snippet:-1, max-image-preview:large, max-video-preview:-1\" \/>\n<meta property=\"og:locale\" content=\"pt_PT\" \/>\n<meta property=\"og:type\" content=\"article\" \/>\n<meta property=\"og:title\" content=\"\u00c1lvaro Pacheco procura primeira vit\u00f3ria com o Benfica - Portal Tela Portugal\" \/>\n<meta property=\"og:description\" content=\"\u00c1lvaro Pacheco, treinador do Casa Pia, tenta vencer pela primeira vez o Benfica, o \u00fanico grande que faltava derrotar. Nesta \u00e9poca, em 9 jogos oficiais contra o Benfica, j\u00e1 venceu o l\u00edder do campeonato por 2-1 na 20.\u00aa jornada, \u00fanica derrota dos encarnados no campeonato. Em abril de 2024, o t\u00e9cnico triunfou diante do Benfica ao comando do V. Guimar\u00e3es, 2-1 na Liga. Em dezembro de 2023, com o Vit\u00f3ria de Guimar\u00e3es, tamb\u00e9m derrotou o Sporting (3-2), a \u00fanica vit\u00f3ria sobre os le\u00f5es em cinco encontros. Ser\u00e1 a sexta vez que Pacheco enfrenta o Benfica, com registo de cinco derrotas; pode inspirar-se na vit\u00f3ria do Casa Pia sobre as \u00e1guias na \u00e9poca passada (3-1, jornada 19).\" \/>\n<meta property=\"og:url\" content=\"https:\/\/portaltela.pt\/noticias\/2026\/04\/01\/alvaro-pacheco-procura-primeira-vitoria-com-o-benfica\/\" \/>\n<meta property=\"og:site_name\" content=\"Portal Tela Portugal\" \/>\n<meta property=\"article:published_time\" content=\"2026-04-01T21:32:29+00:00\" \/>\n<meta name=\"author\" content=\"Telinha\" \/>\n<meta name=\"twitter:card\" content=\"summary_large_image\" \/>\n<meta name=\"twitter:label1\" content=\"Escrito por\" \/>\n\t<meta name=\"twitter:data1\" content=\"Telinha\" \/>\n\t<meta name=\"twitter:label2\" content=\"Tempo estimado de leitura\" \/>\n\t<meta name=\"twitter:data2\" content=\"1 minuto\" \/>\n<script type=\"application\/ld+json\" class=\"yoast-schema-graph\">{\"@context\":\"https:\/\/schema.org\",\"@graph\":[{\"@type\":\"Article\",\"@id\":\"https:\/\/portaltela.pt\/noticias\/2026\/04\/01\/alvaro-pacheco-procura-primeira-vitoria-com-o-benfica\/#article\",\"isPartOf\":{\"@id\":\"https:\/\/portaltela.pt\/noticias\/2026\/04\/01\/alvaro-pacheco-procura-primeira-vitoria-com-o-benfica\/\"},\"author\":{\"name\":\"Telinha\",\"@id\":\"https:\/\/portaltela.pt\/#\/schema\/person\/c4278d4a6028830caff9ee44b42d32ed\"},\"headline\":\"\u00c1lvaro Pacheco procura primeira vit\u00f3ria com o Benfica\",\"datePublished\":\"2026-04-01T21:32:29+00:00\",\"mainEntityOfPage\":{\"@id\":\"https:\/\/portaltela.pt\/noticias\/2026\/04\/01\/alvaro-pacheco-procura-primeira-vitoria-com-o-benfica\/\"},\"wordCount\":260,\"image\":{\"@id\":\"https:\/\/portaltela.pt\/noticias\/2026\/04\/01\/alvaro-pacheco-procura-primeira-vitoria-com-o-benfica\/#primaryimage\"},\"thumbnailUrl\":\"https:\/\/portaltela.pt\/s.01k8rhncp4jt1\/2026\/04\/img_920x518uu2026-04-01-17-32-49-2430525.jpg\",\"keywords\":[\"1. Liga\",\"Benfica\",\"Casa Pia\",\"confrontos\",\"futebol\",\"hist\u00f3ria\"],\"articleSection\":[\"Desporto\",\"Futebol\"],\"inLanguage\":\"pt-PT\"},{\"@type\":\"WebPage\",\"@id\":\"https:\/\/portaltela.pt\/noticias\/2026\/04\/01\/alvaro-pacheco-procura-primeira-vitoria-com-o-benfica\/\",\"url\":\"https:\/\/portaltela.pt\/noticias\/2026\/04\/01\/alvaro-pacheco-procura-primeira-vitoria-com-o-benfica\/\",\"name\":\"\u00c1lvaro Pacheco procura primeira vit\u00f3ria com o Benfica - Portal Tela Portugal\",\"isPartOf\":{\"@id\":\"https:\/\/portaltela.pt\/#website\"},\"primaryImageOfPage\":{\"@id\":\"https:\/\/portaltela.pt\/noticias\/2026\/04\/01\/alvaro-pacheco-procura-primeira-vitoria-com-o-benfica\/#primaryimage\"},\"image\":{\"@id\":\"https:\/\/portaltela.pt\/noticias\/2026\/04\/01\/alvaro-pacheco-procura-primeira-vitoria-com-o-benfica\/#primaryimage\"},\"thumbnailUrl\":\"https:\/\/portaltela.pt\/s.01k8rhncp4jt1\/2026\/04\/img_920x518uu2026-04-01-17-32-49-2430525.jpg\",\"datePublished\":\"2026-04-01T21:32:29+00:00\",\"author\":{\"@id\":\"https:\/\/portaltela.pt\/#\/schema\/person\/c4278d4a6028830caff9ee44b42d32ed\"},\"breadcrumb\":{\"@id\":\"https:\/\/portaltela.pt\/noticias\/2026\/04\/01\/alvaro-pacheco-procura-primeira-vitoria-com-o-benfica\/#breadcrumb\"},\"inLanguage\":\"pt-PT\",\"potentialAction\":[{\"@type\":\"ReadAction\",\"target\":[\"https:\/\/portaltela.pt\/noticias\/2026\/04\/01\/alvaro-pacheco-procura-primeira-vitoria-com-o-benfica\/\"]}]},{\"@type\":\"ImageObject\",\"inLanguage\":\"pt-PT\",\"@id\":\"https:\/\/portaltela.pt\/noticias\/2026\/04\/01\/alvaro-pacheco-procura-primeira-vitoria-com-o-benfica\/#primaryimage\",\"url\":\"https:\/\/portaltela.pt\/s.01k8rhncp4jt1\/2026\/04\/img_920x518uu2026-04-01-17-32-49-2430525.jpg\",\"contentUrl\":\"https:\/\/portaltela.pt\/s.01k8rhncp4jt1\/2026\/04\/img_920x518uu2026-04-01-17-32-49-2430525.jpg\",\"width\":796,\"height\":448,\"caption\":\"\u00c1lvaro Pacheco, treinador do Casa Pia\"},{\"@type\":\"BreadcrumbList\",\"@id\":\"https:\/\/portaltela.pt\/noticias\/2026\/04\/01\/alvaro-pacheco-procura-primeira-vitoria-com-o-benfica\/#breadcrumb\",\"itemListElement\":[{\"@type\":\"ListItem\",\"position\":1,\"name\":\"In\u00edcio\",\"item\":\"https:\/\/portaltela.pt\/\"},{\"@type\":\"ListItem\",\"position\":2,\"name\":\"\u00c1lvaro Pacheco procura primeira vit\u00f3ria com o Benfica\"}]},{\"@type\":\"WebSite\",\"@id\":\"https:\/\/portaltela.pt\/#website\",\"url\":\"https:\/\/portaltela.pt\/\",\"name\":\"Portal Tela Portugal\",\"description\":\"\",\"potentialAction\":[{\"@type\":\"SearchAction\",\"target\":{\"@type\":\"EntryPoint\",\"urlTemplate\":\"https:\/\/portaltela.pt\/?s={search_term_string}\"},\"query-input\":{\"@type\":\"PropertyValueSpecification\",\"valueRequired\":true,\"valueName\":\"search_term_string\"}}],\"inLanguage\":\"pt-PT\"},{\"@type\":\"Person\",\"@id\":\"https:\/\/portaltela.pt\/#\/schema\/person\/c4278d4a6028830caff9ee44b42d32ed\",\"name\":\"Telinha\",\"image\":{\"@type\":\"ImageObject\",\"inLanguage\":\"pt-PT\",\"@id\":\"https:\/\/portaltela.pt\/s.01k8rhncp4jt1\/2025\/11\/talking-bot-125x125.png\",\"url\":\"https:\/\/portaltela.pt\/s.01k8rhncp4jt1\/2025\/11\/talking-bot-125x125.png\",\"contentUrl\":\"https:\/\/portaltela.pt\/s.01k8rhncp4jt1\/2025\/11\/talking-bot-125x125.png\",\"caption\":\"Telinha\"},\"sameAs\":[\"https:\/\/portaltela.pt\/\"],\"url\":\"https:\/\/portaltela.pt\/por\/367410592786\/\"}]}<\/script>\n<!-- \/ Yoast SEO plugin. -->","yoast_head_json":{"title":"\u00c1lvaro Pacheco procura primeira vit\u00f3ria com o Benfica - Portal Tela Portugal","robots":{"index":"index","follow":"follow","max-snippet":"max-snippet:-1","max-image-preview":"max-image-preview:large","max-video-preview":"max-video-preview:-1"},"og_locale":"pt_PT","og_type":"article","og_title":"\u00c1lvaro Pacheco procura primeira vit\u00f3ria com o Benfica - Portal Tela Portugal","og_description":"\u00c1lvaro Pacheco, treinador do Casa Pia, tenta vencer pela primeira vez o Benfica, o \u00fanico grande que faltava derrotar. Nesta \u00e9poca, em 9 jogos oficiais contra o Benfica, j\u00e1 venceu o l\u00edder do campeonato por 2-1 na 20.\u00aa jornada, \u00fanica derrota dos encarnados no campeonato. Em abril de 2024, o t\u00e9cnico triunfou diante do Benfica ao comando do V. Guimar\u00e3es, 2-1 na Liga. Em dezembro de 2023, com o Vit\u00f3ria de Guimar\u00e3es, tamb\u00e9m derrotou o Sporting (3-2), a \u00fanica vit\u00f3ria sobre os le\u00f5es em cinco encontros. Ser\u00e1 a sexta vez que Pacheco enfrenta o Benfica, com registo de cinco derrotas; pode inspirar-se na vit\u00f3ria do Casa Pia sobre as \u00e1guias na \u00e9poca passada (3-1, jornada 19).","og_url":"https:\/\/portaltela.pt\/noticias\/2026\/04\/01\/alvaro-pacheco-procura-primeira-vitoria-com-o-benfica\/","og_site_name":"Portal Tela Portugal","article_published_time":"2026-04-01T21:32:29+00:00","author":"Telinha","twitter_card":"summary_large_image","twitter_misc":{"Escrito por":"Telinha","Tempo estimado de leitura":"1 minuto"},"schema":{"@context":"https:\/\/schema.org","@graph":[{"@type":"Article","@id":"https:\/\/portaltela.pt\/noticias\/2026\/04\/01\/alvaro-pacheco-procura-primeira-vitoria-com-o-benfica\/#article","isPartOf":{"@id":"https:\/\/portaltela.pt\/noticias\/2026\/04\/01\/alvaro-pacheco-procura-primeira-vitoria-com-o-benfica\/"},"author":{"name":"Telinha","@id":"https:\/\/portaltela.pt\/#\/schema\/person\/c4278d4a6028830caff9ee44b42d32ed"},"headline":"\u00c1lvaro Pacheco procura primeira vit\u00f3ria com o Benfica","datePublished":"2026-04-01T21:32:29+00:00","mainEntityOfPage":{"@id":"https:\/\/portaltela.pt\/noticias\/2026\/04\/01\/alvaro-pacheco-procura-primeira-vitoria-com-o-benfica\/"},"wordCount":260,"image":{"@id":"https:\/\/portaltela.pt\/noticias\/2026\/04\/01\/alvaro-pacheco-procura-primeira-vitoria-com-o-benfica\/#primaryimage"},"thumbnailUrl":"https:\/\/portaltela.pt\/s.01k8rhncp4jt1\/2026\/04\/img_920x518uu2026-04-01-17-32-49-2430525.jpg","keywords":["1. Liga","Benfica","Casa Pia","confrontos","futebol","hist\u00f3ria"],"articleSection":["Desporto","Futebol"],"inLanguage":"pt-PT"},{"@type":"WebPage","@id":"https:\/\/portaltela.pt\/noticias\/2026\/04\/01\/alvaro-pacheco-procura-primeira-vitoria-com-o-benfica\/","url":"https:\/\/portaltela.pt\/noticias\/2026\/04\/01\/alvaro-pacheco-procura-primeira-vitoria-com-o-benfica\/","name":"\u00c1lvaro Pacheco procura primeira vit\u00f3ria com o Benfica - Portal Tela Portugal","isPartOf":{"@id":"https:\/\/portaltela.pt\/#website"},"primaryImageOfPage":{"@id":"https:\/\/portaltela.pt\/noticias\/2026\/04\/01\/alvaro-pacheco-procura-primeira-vitoria-com-o-benfica\/#primaryimage"},"image":{"@id":"https:\/\/portaltela.pt\/noticias\/2026\/04\/01\/alvaro-pacheco-procura-primeira-vitoria-com-o-benfica\/#primaryimage"},"thumbnailUrl":"https:\/\/portaltela.pt\/s.01k8rhncp4jt1\/2026\/04\/img_920x518uu2026-04-01-17-32-49-2430525.jpg","datePublished":"2026-04-01T21:32:29+00:00","author":{"@id":"https:\/\/portaltela.pt\/#\/schema\/person\/c4278d4a6028830caff9ee44b42d32ed"},"breadcrumb":{"@id":"https:\/\/portaltela.pt\/noticias\/2026\/04\/01\/alvaro-pacheco-procura-primeira-vitoria-com-o-benfica\/#breadcrumb"},"inLanguage":"pt-PT","potentialAction":[{"@type":"ReadAction","target":["https:\/\/portaltela.pt\/noticias\/2026\/04\/01\/alvaro-pacheco-procura-primeira-vitoria-com-o-benfica\/"]}]},{"@type":"ImageObject","inLanguage":"pt-PT","@id":"https:\/\/portaltela.pt\/noticias\/2026\/04\/01\/alvaro-pacheco-procura-primeira-vitoria-com-o-benfica\/#primaryimage","url":"https:\/\/portaltela.pt\/s.01k8rhncp4jt1\/2026\/04\/img_920x518uu2026-04-01-17-32-49-2430525.jpg","contentUrl":"https:\/\/portaltela.pt\/s.01k8rhncp4jt1\/2026\/04\/img_920x518uu2026-04-01-17-32-49-2430525.jpg","width":796,"height":448,"caption":"\u00c1lvaro Pacheco, treinador do Casa Pia"},{"@type":"BreadcrumbList","@id":"https:\/\/portaltela.pt\/noticias\/2026\/04\/01\/alvaro-pacheco-procura-primeira-vitoria-com-o-benfica\/#breadcrumb","itemListElement":[{"@type":"ListItem","position":1,"name":"In\u00edcio","item":"https:\/\/portaltela.pt\/"},{"@type":"ListItem","position":2,"name":"\u00c1lvaro Pacheco procura primeira vit\u00f3ria com o Benfica"}]},{"@type":"WebSite","@id":"https:\/\/portaltela.pt\/#website","url":"https:\/\/portaltela.pt\/","name":"Portal Tela Portugal","description":"","potentialAction":[{"@type":"SearchAction","target":{"@type":"EntryPoint","urlTemplate":"https:\/\/portaltela.pt\/?s={search_term_string}"},"query-input":{"@type":"PropertyValueSpecification","valueRequired":true,"valueName":"search_term_string"}}],"inLanguage":"pt-PT"},{"@type":"Person","@id":"https:\/\/portaltela.pt\/#\/schema\/person\/c4278d4a6028830caff9ee44b42d32ed","name":"Telinha","image":{"@type":"ImageObject","inLanguage":"pt-PT","@id":"https:\/\/portaltela.pt\/s.01k8rhncp4jt1\/2025\/11\/talking-bot-125x125.png","url":"https:\/\/portaltela.pt\/s.01k8rhncp4jt1\/2025\/11\/talking-bot-125x125.png","contentUrl":"https:\/\/portaltela.pt\/s.01k8rhncp4jt1\/2025\/11\/talking-bot-125x125.png","caption":"Telinha"},"sameAs":["https:\/\/portaltela.pt\/"],"url":"https:\/\/portaltela.pt\/por\/367410592786\/"}]}},"_links":{"self":[{"href":"https:\/\/portaltela.pt\/api\/wp\/v2\/posts\/429801","targetHints":{"allow":["GET"]}}],"collection":[{"href":"https:\/\/portaltela.pt\/api\/wp\/v2\/posts"}],"about":[{"href":"https:\/\/portaltela.pt\/api\/wp\/v2\/types\/post"}],"author":[{"embeddable":true,"href":"https:\/\/portaltela.pt\/api\/wp\/v2\/users\/2"}],"replies":[{"embeddable":true,"href":"https:\/\/portaltela.pt\/api\/wp\/v2\/comments?post=429801"}],"version-history":[{"count":0,"href":"https:\/\/portaltela.pt\/api\/wp\/v2\/posts\/429801\/revisions"}],"wp:featuredmedia":[{"embeddable":true,"href":"https:\/\/portaltela.pt\/api\/wp\/v2\/media\/429802"}],"wp:attachment":[{"href":"https:\/\/portaltela.pt\/api\/wp\/v2\/media?parent=429801"}],"wp:term":[{"taxonomy":"category","embeddable":true,"href":"https:\/\/portaltela.pt\/api\/wp\/v2\/categories?post=429801"},{"taxonomy":"post_tag","embeddable":true,"href":"https:\/\/portaltela.pt\/api\/wp\/v2\/tags?post=429801"}],"curies":[{"name":"wp","href":"https:\/\/api.w.org\/{rel}","templated":true}]}}