{"id":429747,"date":"2026-04-01T17:32:21","date_gmt":"2026-04-01T20:32:21","guid":{"rendered":"https:\/\/portaltela.pt\/noticias\/2026\/04\/01\/pascoa-de-devocao-e-tradicao-celebracoes-pascais-pelo-pais\/"},"modified":"2026-04-01T17:32:21","modified_gmt":"2026-04-01T20:32:21","slug":"pascoa-de-devocao-e-tradicao-celebracoes-pascais-pelo-pais","status":"publish","type":"post","link":"https:\/\/portaltela.pt\/noticias\/2026\/04\/01\/pascoa-de-devocao-e-tradicao-celebracoes-pascais-pelo-pais\/","title":{"rendered":"P\u00e1scoa de devo\u00e7\u00e3o e tradi\u00e7\u00e3o: celebra\u00e7\u00f5es pascais pelo pa\u00eds"},"content":{"rendered":"<p>Braga volta a viver a Semana Santa com forte participa\u00e7\u00e3o de fi\u00e9is e visitantes, em quatro grandes prociss\u00f5es que ocupam a agenda religiosa da cidade. A celebra\u00e7\u00e3o de quinta-feira \u00e0 noite destaca-se pela Prociss\u00e3o do Senhor Ecce Homo, com in\u00edcio \u00e0s 21h30.<\/p>\n<p>A prociss\u00e3o parte da Igreja da Miseric\u00f3rdia e \u00e9 encabe\u00e7ada por farricocos, figuras tradicionais que conduzem os passos da celebra\u00e7\u00e3o. O trajeto e o ritual s\u00e3o repetidos com significado hist\u00f3rico para a comunidade.<\/p>\n<p>Na sexta-feira, tamb\u00e9m \u00e0s 21h30, realiza-se a Prociss\u00e3o do Enterro do Senhor, com partida prevista a partir da S\u00e9. Este itiner\u00e1rio encerra o conjunto de eventos da Semana Santa na regi\u00e3o.<\/p>\n<p>A programa\u00e7\u00e3o de Braga reflete a devo\u00e7\u00e3o dos participantes e refor\u00e7a o papel das celebra\u00e7\u00f5es religiosas na cidade, atraindo habitantes locais e visitantes que acompanham os cortejos ao longo do fim de semana.<\/p>\n","protected":false},"excerpt":{"rendered":"<ul>\n<li>Braga \u00e9 um dos concelhos do pa\u00eds com maior entusiasmo na Semana Santa, reunindo fi\u00e9is e visitantes em quatro grandes prociss\u00f5es.<\/li>\n<li>Nesta quinta-feira, \u00e0s 21h30, acontece a prociss\u00e3o do Senhor Ecce Homo, que parte da Igreja da Miseric\u00f3rdia e \u00e9 liderada por farricocos.<\/li>\n<li>Na sexta-feira, \u00e0s 21h30, realiza-se a Prociss\u00e3o do Enterro do Senhor, com in\u00edcio na S\u00e9.<\/li>\n<li>As celebra\u00e7\u00f5es pascais no pa\u00eds destacam a devo\u00e7\u00e3o e as tradi\u00e7\u00f5es associadas a estas cerim\u00f3nias.<\/li>\n<\/ul>\n","protected":false},"author":2,"featured_media":429749,"comment_status":"closed","ping_status":"closed","sticky":false,"template":"","format":"standard","meta":{"footnotes":""},"categories":[7375,1],"tags":[1207,4919,1014,4031,104,169],"class_list":["post-429747","post","type-post","status-publish","format-standard","has-post-thumbnail","hentry","category-cultura","category-noticias","tag-braga","tag-festas","tag-portugal","tag-procissoes","tag-religiao","tag-turismo"],"yoast_head":"<!-- This site is optimized with the Yoast SEO plugin v27.2 - https:\/\/yoast.com\/product\/yoast-seo-wordpress\/ -->\n<title>P\u00e1scoa de devo\u00e7\u00e3o e tradi\u00e7\u00e3o: celebra\u00e7\u00f5es pascais pelo pa\u00eds - Portal Tela Portugal<\/title>\n<meta name=\"robots\" content=\"index, follow, max-snippet:-1, max-image-preview:large, max-video-preview:-1\" \/>\n<meta property=\"og:locale\" content=\"pt_PT\" \/>\n<meta property=\"og:type\" content=\"article\" \/>\n<meta property=\"og:title\" content=\"P\u00e1scoa de devo\u00e7\u00e3o e tradi\u00e7\u00e3o: celebra\u00e7\u00f5es pascais pelo pa\u00eds - Portal Tela Portugal\" \/>\n<meta property=\"og:description\" content=\"Braga \u00e9 um dos concelhos do pa\u00eds com maior entusiasmo na Semana Santa, reunindo fi\u00e9is e visitantes em quatro grandes prociss\u00f5es. Nesta quinta-feira, \u00e0s 21h30, acontece a prociss\u00e3o do Senhor Ecce Homo, que parte da Igreja da Miseric\u00f3rdia e \u00e9 liderada por farricocos. Na sexta-feira, \u00e0s 21h30, realiza-se a Prociss\u00e3o do Enterro do Senhor, com in\u00edcio na S\u00e9. As celebra\u00e7\u00f5es pascais no pa\u00eds destacam a devo\u00e7\u00e3o e as tradi\u00e7\u00f5es associadas a estas cerim\u00f3nias.\" \/>\n<meta property=\"og:url\" content=\"https:\/\/portaltela.pt\/noticias\/2026\/04\/01\/pascoa-de-devocao-e-tradicao-celebracoes-pascais-pelo-pais\/\" \/>\n<meta property=\"og:site_name\" content=\"Portal Tela Portugal\" \/>\n<meta property=\"article:published_time\" content=\"2026-04-01T20:32:21+00:00\" \/>\n<meta name=\"author\" content=\"Telinha\" \/>\n<meta name=\"twitter:card\" content=\"summary_large_image\" \/>\n<meta name=\"twitter:label1\" content=\"Escrito por\" \/>\n\t<meta name=\"twitter:data1\" content=\"Telinha\" \/>\n\t<meta name=\"twitter:label2\" content=\"Tempo estimado de leitura\" \/>\n\t<meta name=\"twitter:data2\" content=\"1 minuto\" \/>\n<script type=\"application\/ld+json\" class=\"yoast-schema-graph\">{\"@context\":\"https:\/\/schema.org\",\"@graph\":[{\"@type\":\"Article\",\"@id\":\"https:\/\/portaltela.pt\/noticias\/2026\/04\/01\/pascoa-de-devocao-e-tradicao-celebracoes-pascais-pelo-pais\/#article\",\"isPartOf\":{\"@id\":\"https:\/\/portaltela.pt\/noticias\/2026\/04\/01\/pascoa-de-devocao-e-tradicao-celebracoes-pascais-pelo-pais\/\"},\"author\":{\"name\":\"Telinha\",\"@id\":\"https:\/\/portaltela.pt\/#\/schema\/person\/c4278d4a6028830caff9ee44b42d32ed\"},\"headline\":\"P\u00e1scoa de devo\u00e7\u00e3o e tradi\u00e7\u00e3o: celebra\u00e7\u00f5es pascais pelo pa\u00eds\",\"datePublished\":\"2026-04-01T20:32:21+00:00\",\"mainEntityOfPage\":{\"@id\":\"https:\/\/portaltela.pt\/noticias\/2026\/04\/01\/pascoa-de-devocao-e-tradicao-celebracoes-pascais-pelo-pais\/\"},\"wordCount\":171,\"image\":{\"@id\":\"https:\/\/portaltela.pt\/noticias\/2026\/04\/01\/pascoa-de-devocao-e-tradicao-celebracoes-pascais-pelo-pais\/#primaryimage\"},\"thumbnailUrl\":\"https:\/\/portaltela.pt\/s.01k8rhncp4jt1\/2026\/04\/image-54.jpg\",\"keywords\":[\"Braga\",\"festas\",\"Portugal\",\"prociss\u00f5es\",\"religi\u00e3o\",\"turismo\"],\"articleSection\":[\"Cultura\",\"Not\u00edcias\"],\"inLanguage\":\"pt-PT\"},{\"@type\":\"WebPage\",\"@id\":\"https:\/\/portaltela.pt\/noticias\/2026\/04\/01\/pascoa-de-devocao-e-tradicao-celebracoes-pascais-pelo-pais\/\",\"url\":\"https:\/\/portaltela.pt\/noticias\/2026\/04\/01\/pascoa-de-devocao-e-tradicao-celebracoes-pascais-pelo-pais\/\",\"name\":\"P\u00e1scoa de devo\u00e7\u00e3o e tradi\u00e7\u00e3o: celebra\u00e7\u00f5es pascais pelo pa\u00eds - Portal Tela Portugal\",\"isPartOf\":{\"@id\":\"https:\/\/portaltela.pt\/#website\"},\"primaryImageOfPage\":{\"@id\":\"https:\/\/portaltela.pt\/noticias\/2026\/04\/01\/pascoa-de-devocao-e-tradicao-celebracoes-pascais-pelo-pais\/#primaryimage\"},\"image\":{\"@id\":\"https:\/\/portaltela.pt\/noticias\/2026\/04\/01\/pascoa-de-devocao-e-tradicao-celebracoes-pascais-pelo-pais\/#primaryimage\"},\"thumbnailUrl\":\"https:\/\/portaltela.pt\/s.01k8rhncp4jt1\/2026\/04\/image-54.jpg\",\"datePublished\":\"2026-04-01T20:32:21+00:00\",\"author\":{\"@id\":\"https:\/\/portaltela.pt\/#\/schema\/person\/c4278d4a6028830caff9ee44b42d32ed\"},\"breadcrumb\":{\"@id\":\"https:\/\/portaltela.pt\/noticias\/2026\/04\/01\/pascoa-de-devocao-e-tradicao-celebracoes-pascais-pelo-pais\/#breadcrumb\"},\"inLanguage\":\"pt-PT\",\"potentialAction\":[{\"@type\":\"ReadAction\",\"target\":[\"https:\/\/portaltela.pt\/noticias\/2026\/04\/01\/pascoa-de-devocao-e-tradicao-celebracoes-pascais-pelo-pais\/\"]}]},{\"@type\":\"ImageObject\",\"inLanguage\":\"pt-PT\",\"@id\":\"https:\/\/portaltela.pt\/noticias\/2026\/04\/01\/pascoa-de-devocao-e-tradicao-celebracoes-pascais-pelo-pais\/#primaryimage\",\"url\":\"https:\/\/portaltela.pt\/s.01k8rhncp4jt1\/2026\/04\/image-54.jpg\",\"contentUrl\":\"https:\/\/portaltela.pt\/s.01k8rhncp4jt1\/2026\/04\/image-54.jpg\",\"width\":796,\"height\":448,\"caption\":\"Travessia pascal leva a cruz e o compasso \u00e0s aldeias, em Amares\"},{\"@type\":\"BreadcrumbList\",\"@id\":\"https:\/\/portaltela.pt\/noticias\/2026\/04\/01\/pascoa-de-devocao-e-tradicao-celebracoes-pascais-pelo-pais\/#breadcrumb\",\"itemListElement\":[{\"@type\":\"ListItem\",\"position\":1,\"name\":\"In\u00edcio\",\"item\":\"https:\/\/portaltela.pt\/\"},{\"@type\":\"ListItem\",\"position\":2,\"name\":\"P\u00e1scoa de devo\u00e7\u00e3o e tradi\u00e7\u00e3o: celebra\u00e7\u00f5es pascais pelo pa\u00eds\"}]},{\"@type\":\"WebSite\",\"@id\":\"https:\/\/portaltela.pt\/#website\",\"url\":\"https:\/\/portaltela.pt\/\",\"name\":\"Portal Tela Portugal\",\"description\":\"\",\"potentialAction\":[{\"@type\":\"SearchAction\",\"target\":{\"@type\":\"EntryPoint\",\"urlTemplate\":\"https:\/\/portaltela.pt\/?s={search_term_string}\"},\"query-input\":{\"@type\":\"PropertyValueSpecification\",\"valueRequired\":true,\"valueName\":\"search_term_string\"}}],\"inLanguage\":\"pt-PT\"},{\"@type\":\"Person\",\"@id\":\"https:\/\/portaltela.pt\/#\/schema\/person\/c4278d4a6028830caff9ee44b42d32ed\",\"name\":\"Telinha\",\"image\":{\"@type\":\"ImageObject\",\"inLanguage\":\"pt-PT\",\"@id\":\"https:\/\/portaltela.pt\/s.01k8rhncp4jt1\/2025\/11\/talking-bot-125x125.png\",\"url\":\"https:\/\/portaltela.pt\/s.01k8rhncp4jt1\/2025\/11\/talking-bot-125x125.png\",\"contentUrl\":\"https:\/\/portaltela.pt\/s.01k8rhncp4jt1\/2025\/11\/talking-bot-125x125.png\",\"caption\":\"Telinha\"},\"sameAs\":[\"https:\/\/portaltela.pt\/\"],\"url\":\"https:\/\/portaltela.pt\/por\/367410592786\/\"}]}<\/script>\n<!-- \/ Yoast SEO plugin. -->","yoast_head_json":{"title":"P\u00e1scoa de devo\u00e7\u00e3o e tradi\u00e7\u00e3o: celebra\u00e7\u00f5es pascais pelo pa\u00eds - Portal Tela Portugal","robots":{"index":"index","follow":"follow","max-snippet":"max-snippet:-1","max-image-preview":"max-image-preview:large","max-video-preview":"max-video-preview:-1"},"og_locale":"pt_PT","og_type":"article","og_title":"P\u00e1scoa de devo\u00e7\u00e3o e tradi\u00e7\u00e3o: celebra\u00e7\u00f5es pascais pelo pa\u00eds - Portal Tela Portugal","og_description":"Braga \u00e9 um dos concelhos do pa\u00eds com maior entusiasmo na Semana Santa, reunindo fi\u00e9is e visitantes em quatro grandes prociss\u00f5es. Nesta quinta-feira, \u00e0s 21h30, acontece a prociss\u00e3o do Senhor Ecce Homo, que parte da Igreja da Miseric\u00f3rdia e \u00e9 liderada por farricocos. Na sexta-feira, \u00e0s 21h30, realiza-se a Prociss\u00e3o do Enterro do Senhor, com in\u00edcio na S\u00e9. As celebra\u00e7\u00f5es pascais no pa\u00eds destacam a devo\u00e7\u00e3o e as tradi\u00e7\u00f5es associadas a estas cerim\u00f3nias.","og_url":"https:\/\/portaltela.pt\/noticias\/2026\/04\/01\/pascoa-de-devocao-e-tradicao-celebracoes-pascais-pelo-pais\/","og_site_name":"Portal Tela Portugal","article_published_time":"2026-04-01T20:32:21+00:00","author":"Telinha","twitter_card":"summary_large_image","twitter_misc":{"Escrito por":"Telinha","Tempo estimado de leitura":"1 minuto"},"schema":{"@context":"https:\/\/schema.org","@graph":[{"@type":"Article","@id":"https:\/\/portaltela.pt\/noticias\/2026\/04\/01\/pascoa-de-devocao-e-tradicao-celebracoes-pascais-pelo-pais\/#article","isPartOf":{"@id":"https:\/\/portaltela.pt\/noticias\/2026\/04\/01\/pascoa-de-devocao-e-tradicao-celebracoes-pascais-pelo-pais\/"},"author":{"name":"Telinha","@id":"https:\/\/portaltela.pt\/#\/schema\/person\/c4278d4a6028830caff9ee44b42d32ed"},"headline":"P\u00e1scoa de devo\u00e7\u00e3o e tradi\u00e7\u00e3o: celebra\u00e7\u00f5es pascais pelo pa\u00eds","datePublished":"2026-04-01T20:32:21+00:00","mainEntityOfPage":{"@id":"https:\/\/portaltela.pt\/noticias\/2026\/04\/01\/pascoa-de-devocao-e-tradicao-celebracoes-pascais-pelo-pais\/"},"wordCount":171,"image":{"@id":"https:\/\/portaltela.pt\/noticias\/2026\/04\/01\/pascoa-de-devocao-e-tradicao-celebracoes-pascais-pelo-pais\/#primaryimage"},"thumbnailUrl":"https:\/\/portaltela.pt\/s.01k8rhncp4jt1\/2026\/04\/image-54.jpg","keywords":["Braga","festas","Portugal","prociss\u00f5es","religi\u00e3o","turismo"],"articleSection":["Cultura","Not\u00edcias"],"inLanguage":"pt-PT"},{"@type":"WebPage","@id":"https:\/\/portaltela.pt\/noticias\/2026\/04\/01\/pascoa-de-devocao-e-tradicao-celebracoes-pascais-pelo-pais\/","url":"https:\/\/portaltela.pt\/noticias\/2026\/04\/01\/pascoa-de-devocao-e-tradicao-celebracoes-pascais-pelo-pais\/","name":"P\u00e1scoa de devo\u00e7\u00e3o e tradi\u00e7\u00e3o: celebra\u00e7\u00f5es pascais pelo pa\u00eds - Portal Tela Portugal","isPartOf":{"@id":"https:\/\/portaltela.pt\/#website"},"primaryImageOfPage":{"@id":"https:\/\/portaltela.pt\/noticias\/2026\/04\/01\/pascoa-de-devocao-e-tradicao-celebracoes-pascais-pelo-pais\/#primaryimage"},"image":{"@id":"https:\/\/portaltela.pt\/noticias\/2026\/04\/01\/pascoa-de-devocao-e-tradicao-celebracoes-pascais-pelo-pais\/#primaryimage"},"thumbnailUrl":"https:\/\/portaltela.pt\/s.01k8rhncp4jt1\/2026\/04\/image-54.jpg","datePublished":"2026-04-01T20:32:21+00:00","author":{"@id":"https:\/\/portaltela.pt\/#\/schema\/person\/c4278d4a6028830caff9ee44b42d32ed"},"breadcrumb":{"@id":"https:\/\/portaltela.pt\/noticias\/2026\/04\/01\/pascoa-de-devocao-e-tradicao-celebracoes-pascais-pelo-pais\/#breadcrumb"},"inLanguage":"pt-PT","potentialAction":[{"@type":"ReadAction","target":["https:\/\/portaltela.pt\/noticias\/2026\/04\/01\/pascoa-de-devocao-e-tradicao-celebracoes-pascais-pelo-pais\/"]}]},{"@type":"ImageObject","inLanguage":"pt-PT","@id":"https:\/\/portaltela.pt\/noticias\/2026\/04\/01\/pascoa-de-devocao-e-tradicao-celebracoes-pascais-pelo-pais\/#primaryimage","url":"https:\/\/portaltela.pt\/s.01k8rhncp4jt1\/2026\/04\/image-54.jpg","contentUrl":"https:\/\/portaltela.pt\/s.01k8rhncp4jt1\/2026\/04\/image-54.jpg","width":796,"height":448,"caption":"Travessia pascal leva a cruz e o compasso \u00e0s aldeias, em Amares"},{"@type":"BreadcrumbList","@id":"https:\/\/portaltela.pt\/noticias\/2026\/04\/01\/pascoa-de-devocao-e-tradicao-celebracoes-pascais-pelo-pais\/#breadcrumb","itemListElement":[{"@type":"ListItem","position":1,"name":"In\u00edcio","item":"https:\/\/portaltela.pt\/"},{"@type":"ListItem","position":2,"name":"P\u00e1scoa de devo\u00e7\u00e3o e tradi\u00e7\u00e3o: celebra\u00e7\u00f5es pascais pelo pa\u00eds"}]},{"@type":"WebSite","@id":"https:\/\/portaltela.pt\/#website","url":"https:\/\/portaltela.pt\/","name":"Portal Tela Portugal","description":"","potentialAction":[{"@type":"SearchAction","target":{"@type":"EntryPoint","urlTemplate":"https:\/\/portaltela.pt\/?s={search_term_string}"},"query-input":{"@type":"PropertyValueSpecification","valueRequired":true,"valueName":"search_term_string"}}],"inLanguage":"pt-PT"},{"@type":"Person","@id":"https:\/\/portaltela.pt\/#\/schema\/person\/c4278d4a6028830caff9ee44b42d32ed","name":"Telinha","image":{"@type":"ImageObject","inLanguage":"pt-PT","@id":"https:\/\/portaltela.pt\/s.01k8rhncp4jt1\/2025\/11\/talking-bot-125x125.png","url":"https:\/\/portaltela.pt\/s.01k8rhncp4jt1\/2025\/11\/talking-bot-125x125.png","contentUrl":"https:\/\/portaltela.pt\/s.01k8rhncp4jt1\/2025\/11\/talking-bot-125x125.png","caption":"Telinha"},"sameAs":["https:\/\/portaltela.pt\/"],"url":"https:\/\/portaltela.pt\/por\/367410592786\/"}]}},"_links":{"self":[{"href":"https:\/\/portaltela.pt\/api\/wp\/v2\/posts\/429747","targetHints":{"allow":["GET"]}}],"collection":[{"href":"https:\/\/portaltela.pt\/api\/wp\/v2\/posts"}],"about":[{"href":"https:\/\/portaltela.pt\/api\/wp\/v2\/types\/post"}],"author":[{"embeddable":true,"href":"https:\/\/portaltela.pt\/api\/wp\/v2\/users\/2"}],"replies":[{"embeddable":true,"href":"https:\/\/portaltela.pt\/api\/wp\/v2\/comments?post=429747"}],"version-history":[{"count":0,"href":"https:\/\/portaltela.pt\/api\/wp\/v2\/posts\/429747\/revisions"}],"wp:featuredmedia":[{"embeddable":true,"href":"https:\/\/portaltela.pt\/api\/wp\/v2\/media\/429749"}],"wp:attachment":[{"href":"https:\/\/portaltela.pt\/api\/wp\/v2\/media?parent=429747"}],"wp:term":[{"taxonomy":"category","embeddable":true,"href":"https:\/\/portaltela.pt\/api\/wp\/v2\/categories?post=429747"},{"taxonomy":"post_tag","embeddable":true,"href":"https:\/\/portaltela.pt\/api\/wp\/v2\/tags?post=429747"}],"curies":[{"name":"wp","href":"https:\/\/api.w.org\/{rel}","templated":true}]}}