{"id":429733,"date":"2026-04-01T17:02:22","date_gmt":"2026-04-01T20:02:22","guid":{"rendered":"https:\/\/portaltela.pt\/noticias\/2026\/04\/01\/torneio-internacional-da-pontinha-arranca-quinta-com-roberto-martinez-patrono\/"},"modified":"2026-04-01T17:02:22","modified_gmt":"2026-04-01T20:02:22","slug":"torneio-internacional-da-pontinha-arranca-quinta-com-roberto-martinez-patrono","status":"publish","type":"post","link":"https:\/\/portaltela.pt\/desporto\/futebol\/2026\/04\/01\/torneio-internacional-da-pontinha-arranca-quinta-com-roberto-martinez-patrono\/","title":{"rendered":"Torneio Internacional da Pontinha arranca quinta com Roberto Mart\u00ednez patrono"},"content":{"rendered":"<p>O Clube Atl\u00e9tico e Cultural (CAC) vai realizar a 43\u00aa edi\u00e7\u00e3o do Torneio Internacional de Futebol Infantil, conhecido como Torneio da Pontinha. Os jogos come\u00e7am na sexta-feira e o torneio decorre at\u00e9 ao domingo de P\u00e1scoa, no Complexo Desportivo do Alto do Lumiar. Roberto Mart\u00ednez, selecionador nacional, atua como patrono oficial da edi\u00e7\u00e3o.<\/p>\n<p>O CAC destaca que o evento mant\u00e9m a tradi\u00e7\u00e3o com clubes de peso, incluindo Benfica, Sporting, FC Porto, Belenenses, Deportivo da Coru\u00f1a e o anfitri\u00e3o CAC. O Grigny, Fran\u00e7a, retorna \u00e0 competi\u00e7\u00e3o, e o Santa Clara faz pela primeira vez a sua estreia.<\/p>\n<p>Andr\u00e9 Ferreira, coordenador do CAC, adianta que os clubes grandes valorizam o torneio e reconhece a aus\u00eancia do campe\u00e3o de 2025, o Levante. Ant\u00f3nio Roque, presidente do CAC, sublinha a participa\u00e7\u00e3o de Mart\u00ednez, ainda que o padrinho n\u00e3o v\u00e1 estar presente fisicamente devido a compromissos na Inglaterra.<\/p>\n<h3>Patrocinio e organiza\u00e7\u00e3o<\/h3>\n<p>Ant\u00f3nio Roque explica que Mart\u00ednez aceitou o convite ap\u00f3s um encontro, com a autoriza\u00e7\u00e3o da Federa\u00e7\u00e3o a confirmar. O padrinho \u00e9 uma forma de homenagear ex-jogadores que j\u00e1 passaram pelo torneio, refor\u00e7ando a liga\u00e7\u00e3o entre gera\u00e7\u00f5es.<\/p>\n<p>Problema persistente \u00e9 a falta de instala\u00e7\u00f5es pr\u00f3prias do CAC, mantendo o torneio no Lumiar. Roque critica promessas da C\u00e2mara Municipal sobre um novo complexo e a aus\u00eancia de previs\u00f5es de conclus\u00e3o, o que dificulta a planifica\u00e7\u00e3o da equipa.<\/p>\n<p>Apesar das dificuldades, o torneio mant\u00e9m-se como objetivo de proporcionar competi\u00e7\u00e3o aos jovens atletas e celebrar a P\u00e1scoa. Andr\u00e9 Ferreira admite que a falta de campo complica a organiza\u00e7\u00e3o, mas garante que a edi\u00e7\u00e3o segue, com potencial impacto na identidade do CAC.<\/p>\n<p>A lista de aus\u00eancias inclui o \u00e1rbitro homenageado, Andr\u00e9 Narciso, que na abertura estar\u00e1 em Alvalade a dirigir o jogo da Liga entre Sporting e Santa Clara. O evento re\u00fane dezenas de jovens talentos e pretende manter a tradi\u00e7\u00e3o do futebol infantil da regi\u00e3o.<\/p>\n","protected":false},"excerpt":{"rendered":"<ul>\n<li>O Torneio Internacional da Pontinha arranca esta quinta-feira, com jogos a decorrerem na sexta, s\u00e1bado e domingo de P\u00e1scoa, no Complexo Desportivo do Alto do Lumiar.<\/li>\n<li>Roberto Mart\u00ednez, selecionador nacional, atua como patrono oficial da XLIII edi\u00e7\u00e3o, conforme confirma\u00e7\u00e3o do Clube Atl\u00e9tico e Cultural.<\/li>\n<li>Participam Benfica, Sporting, FC Porto, Belenenses, Deportivo da Corunha, Grigny e Santa Clara; fica de fora o Levante.<\/li>\n<li>O CAC destaca a aus\u00eancia de instala\u00e7\u00f5es pr\u00f3prias e a demora da C\u00e2mara na constru\u00e7\u00e3o de um complexo desportivo, mantendo o torneio no Alto do Lumiar.<\/li>\n<li>Andr\u00e9 Narciso \u00e9 \u00e1rbitro homenageado nesta edi\u00e7\u00e3o e estar\u00e1 em Alvalade, a arbitrar um jogo da Liga; Mart\u00ednez dever\u00e1 estar ausente presencialmente.<\/li>\n<\/ul>\n","protected":false},"author":2,"featured_media":429736,"comment_status":"closed","ping_status":"closed","sticky":false,"template":"","format":"standard","meta":{"footnotes":""},"categories":[21,24],"tags":[1946,2028,32,1698,998,1652],"class_list":["post-429733","post","type-post","status-publish","format-standard","has-post-thumbnail","hentry","category-desporto","category-futebol","tag-benfica","tag-fc-porto","tag-futebol","tag-infantil","tag-santa-clara","tag-sporting"],"yoast_head":"<!-- This site is optimized with the Yoast SEO plugin v27.2 - https:\/\/yoast.com\/product\/yoast-seo-wordpress\/ -->\n<title>Torneio Internacional da Pontinha arranca quinta com Roberto Mart\u00ednez patrono - Portal Tela Portugal<\/title>\n<meta name=\"robots\" content=\"index, follow, max-snippet:-1, max-image-preview:large, max-video-preview:-1\" \/>\n<meta property=\"og:locale\" content=\"pt_PT\" \/>\n<meta property=\"og:type\" content=\"article\" \/>\n<meta property=\"og:title\" content=\"Torneio Internacional da Pontinha arranca quinta com Roberto Mart\u00ednez patrono - Portal Tela Portugal\" \/>\n<meta property=\"og:description\" content=\"O Torneio Internacional da Pontinha arranca esta quinta-feira, com jogos a decorrerem na sexta, s\u00e1bado e domingo de P\u00e1scoa, no Complexo Desportivo do Alto do Lumiar. Roberto Mart\u00ednez, selecionador nacional, atua como patrono oficial da XLIII edi\u00e7\u00e3o, conforme confirma\u00e7\u00e3o do Clube Atl\u00e9tico e Cultural. Participam Benfica, Sporting, FC Porto, Belenenses, Deportivo da Corunha, Grigny e Santa Clara; fica de fora o Levante. O CAC destaca a aus\u00eancia de instala\u00e7\u00f5es pr\u00f3prias e a demora da C\u00e2mara na constru\u00e7\u00e3o de um complexo desportivo, mantendo o torneio no Alto do Lumiar. Andr\u00e9 Narciso \u00e9 \u00e1rbitro homenageado nesta edi\u00e7\u00e3o e estar\u00e1 em Alvalade, a arbitrar um jogo da Liga; Mart\u00ednez dever\u00e1 estar ausente presencialmente.\" \/>\n<meta property=\"og:url\" content=\"https:\/\/portaltela.pt\/noticias\/2026\/04\/01\/torneio-internacional-da-pontinha-arranca-quinta-com-roberto-martinez-patrono\/\" \/>\n<meta property=\"og:site_name\" content=\"Portal Tela Portugal\" \/>\n<meta property=\"article:published_time\" content=\"2026-04-01T20:02:22+00:00\" \/>\n<meta name=\"author\" content=\"Telinha\" \/>\n<meta name=\"twitter:card\" content=\"summary_large_image\" \/>\n<meta name=\"twitter:label1\" content=\"Escrito por\" \/>\n\t<meta name=\"twitter:data1\" content=\"Telinha\" \/>\n\t<meta name=\"twitter:label2\" content=\"Tempo estimado de leitura\" \/>\n\t<meta name=\"twitter:data2\" content=\"2 minutos\" \/>\n<script type=\"application\/ld+json\" class=\"yoast-schema-graph\">{\"@context\":\"https:\/\/schema.org\",\"@graph\":[{\"@type\":\"Article\",\"@id\":\"https:\/\/portaltela.pt\/noticias\/2026\/04\/01\/torneio-internacional-da-pontinha-arranca-quinta-com-roberto-martinez-patrono\/#article\",\"isPartOf\":{\"@id\":\"https:\/\/portaltela.pt\/noticias\/2026\/04\/01\/torneio-internacional-da-pontinha-arranca-quinta-com-roberto-martinez-patrono\/\"},\"author\":{\"name\":\"Telinha\",\"@id\":\"https:\/\/portaltela.pt\/#\/schema\/person\/c4278d4a6028830caff9ee44b42d32ed\"},\"headline\":\"Torneio Internacional da Pontinha arranca quinta com Roberto Mart\u00ednez patrono\",\"datePublished\":\"2026-04-01T20:02:22+00:00\",\"mainEntityOfPage\":{\"@id\":\"https:\/\/portaltela.pt\/noticias\/2026\/04\/01\/torneio-internacional-da-pontinha-arranca-quinta-com-roberto-martinez-patrono\/\"},\"wordCount\":356,\"image\":{\"@id\":\"https:\/\/portaltela.pt\/noticias\/2026\/04\/01\/torneio-internacional-da-pontinha-arranca-quinta-com-roberto-martinez-patrono\/#primaryimage\"},\"thumbnailUrl\":\"https:\/\/portaltela.pt\/s.01k8rhncp4jt1\/2026\/04\/img_920x518uu2026-04-01-19-01-34-2430548-im-639106669177062875.jpg\",\"keywords\":[\"Benfica\",\"FC Porto\",\"futebol\",\"infantil\",\"Santa Clara\",\"Sporting\"],\"articleSection\":[\"Desporto\",\"Futebol\"],\"inLanguage\":\"pt-PT\"},{\"@type\":\"WebPage\",\"@id\":\"https:\/\/portaltela.pt\/noticias\/2026\/04\/01\/torneio-internacional-da-pontinha-arranca-quinta-com-roberto-martinez-patrono\/\",\"url\":\"https:\/\/portaltela.pt\/noticias\/2026\/04\/01\/torneio-internacional-da-pontinha-arranca-quinta-com-roberto-martinez-patrono\/\",\"name\":\"Torneio Internacional da Pontinha arranca quinta com Roberto Mart\u00ednez patrono - Portal Tela Portugal\",\"isPartOf\":{\"@id\":\"https:\/\/portaltela.pt\/#website\"},\"primaryImageOfPage\":{\"@id\":\"https:\/\/portaltela.pt\/noticias\/2026\/04\/01\/torneio-internacional-da-pontinha-arranca-quinta-com-roberto-martinez-patrono\/#primaryimage\"},\"image\":{\"@id\":\"https:\/\/portaltela.pt\/noticias\/2026\/04\/01\/torneio-internacional-da-pontinha-arranca-quinta-com-roberto-martinez-patrono\/#primaryimage\"},\"thumbnailUrl\":\"https:\/\/portaltela.pt\/s.01k8rhncp4jt1\/2026\/04\/img_920x518uu2026-04-01-19-01-34-2430548-im-639106669177062875.jpg\",\"datePublished\":\"2026-04-01T20:02:22+00:00\",\"author\":{\"@id\":\"https:\/\/portaltela.pt\/#\/schema\/person\/c4278d4a6028830caff9ee44b42d32ed\"},\"breadcrumb\":{\"@id\":\"https:\/\/portaltela.pt\/noticias\/2026\/04\/01\/torneio-internacional-da-pontinha-arranca-quinta-com-roberto-martinez-patrono\/#breadcrumb\"},\"inLanguage\":\"pt-PT\",\"potentialAction\":[{\"@type\":\"ReadAction\",\"target\":[\"https:\/\/portaltela.pt\/noticias\/2026\/04\/01\/torneio-internacional-da-pontinha-arranca-quinta-com-roberto-martinez-patrono\/\"]}]},{\"@type\":\"ImageObject\",\"inLanguage\":\"pt-PT\",\"@id\":\"https:\/\/portaltela.pt\/noticias\/2026\/04\/01\/torneio-internacional-da-pontinha-arranca-quinta-com-roberto-martinez-patrono\/#primaryimage\",\"url\":\"https:\/\/portaltela.pt\/s.01k8rhncp4jt1\/2026\/04\/img_920x518uu2026-04-01-19-01-34-2430548-im-639106669177062875.jpg\",\"contentUrl\":\"https:\/\/portaltela.pt\/s.01k8rhncp4jt1\/2026\/04\/img_920x518uu2026-04-01-19-01-34-2430548-im-639106669177062875.jpg\",\"width\":796,\"height\":448,\"caption\":\"Roberto Mart\u00ednez na apresenta\u00e7\u00e3o do XLIII Torneio Internacional de Futebil Infantil\"},{\"@type\":\"BreadcrumbList\",\"@id\":\"https:\/\/portaltela.pt\/noticias\/2026\/04\/01\/torneio-internacional-da-pontinha-arranca-quinta-com-roberto-martinez-patrono\/#breadcrumb\",\"itemListElement\":[{\"@type\":\"ListItem\",\"position\":1,\"name\":\"In\u00edcio\",\"item\":\"https:\/\/portaltela.pt\/\"},{\"@type\":\"ListItem\",\"position\":2,\"name\":\"Torneio Internacional da Pontinha arranca quinta com Roberto Mart\u00ednez patrono\"}]},{\"@type\":\"WebSite\",\"@id\":\"https:\/\/portaltela.pt\/#website\",\"url\":\"https:\/\/portaltela.pt\/\",\"name\":\"Portal Tela Portugal\",\"description\":\"\",\"potentialAction\":[{\"@type\":\"SearchAction\",\"target\":{\"@type\":\"EntryPoint\",\"urlTemplate\":\"https:\/\/portaltela.pt\/?s={search_term_string}\"},\"query-input\":{\"@type\":\"PropertyValueSpecification\",\"valueRequired\":true,\"valueName\":\"search_term_string\"}}],\"inLanguage\":\"pt-PT\"},{\"@type\":\"Person\",\"@id\":\"https:\/\/portaltela.pt\/#\/schema\/person\/c4278d4a6028830caff9ee44b42d32ed\",\"name\":\"Telinha\",\"image\":{\"@type\":\"ImageObject\",\"inLanguage\":\"pt-PT\",\"@id\":\"https:\/\/portaltela.pt\/s.01k8rhncp4jt1\/2025\/11\/talking-bot-125x125.png\",\"url\":\"https:\/\/portaltela.pt\/s.01k8rhncp4jt1\/2025\/11\/talking-bot-125x125.png\",\"contentUrl\":\"https:\/\/portaltela.pt\/s.01k8rhncp4jt1\/2025\/11\/talking-bot-125x125.png\",\"caption\":\"Telinha\"},\"sameAs\":[\"https:\/\/portaltela.pt\/\"],\"url\":\"https:\/\/portaltela.pt\/por\/367410592786\/\"}]}<\/script>\n<!-- \/ Yoast SEO plugin. -->","yoast_head_json":{"title":"Torneio Internacional da Pontinha arranca quinta com Roberto Mart\u00ednez patrono - Portal Tela Portugal","robots":{"index":"index","follow":"follow","max-snippet":"max-snippet:-1","max-image-preview":"max-image-preview:large","max-video-preview":"max-video-preview:-1"},"og_locale":"pt_PT","og_type":"article","og_title":"Torneio Internacional da Pontinha arranca quinta com Roberto Mart\u00ednez patrono - Portal Tela Portugal","og_description":"O Torneio Internacional da Pontinha arranca esta quinta-feira, com jogos a decorrerem na sexta, s\u00e1bado e domingo de P\u00e1scoa, no Complexo Desportivo do Alto do Lumiar. Roberto Mart\u00ednez, selecionador nacional, atua como patrono oficial da XLIII edi\u00e7\u00e3o, conforme confirma\u00e7\u00e3o do Clube Atl\u00e9tico e Cultural. Participam Benfica, Sporting, FC Porto, Belenenses, Deportivo da Corunha, Grigny e Santa Clara; fica de fora o Levante. O CAC destaca a aus\u00eancia de instala\u00e7\u00f5es pr\u00f3prias e a demora da C\u00e2mara na constru\u00e7\u00e3o de um complexo desportivo, mantendo o torneio no Alto do Lumiar. Andr\u00e9 Narciso \u00e9 \u00e1rbitro homenageado nesta edi\u00e7\u00e3o e estar\u00e1 em Alvalade, a arbitrar um jogo da Liga; Mart\u00ednez dever\u00e1 estar ausente presencialmente.","og_url":"https:\/\/portaltela.pt\/noticias\/2026\/04\/01\/torneio-internacional-da-pontinha-arranca-quinta-com-roberto-martinez-patrono\/","og_site_name":"Portal Tela Portugal","article_published_time":"2026-04-01T20:02:22+00:00","author":"Telinha","twitter_card":"summary_large_image","twitter_misc":{"Escrito por":"Telinha","Tempo estimado de leitura":"2 minutos"},"schema":{"@context":"https:\/\/schema.org","@graph":[{"@type":"Article","@id":"https:\/\/portaltela.pt\/noticias\/2026\/04\/01\/torneio-internacional-da-pontinha-arranca-quinta-com-roberto-martinez-patrono\/#article","isPartOf":{"@id":"https:\/\/portaltela.pt\/noticias\/2026\/04\/01\/torneio-internacional-da-pontinha-arranca-quinta-com-roberto-martinez-patrono\/"},"author":{"name":"Telinha","@id":"https:\/\/portaltela.pt\/#\/schema\/person\/c4278d4a6028830caff9ee44b42d32ed"},"headline":"Torneio Internacional da Pontinha arranca quinta com Roberto Mart\u00ednez patrono","datePublished":"2026-04-01T20:02:22+00:00","mainEntityOfPage":{"@id":"https:\/\/portaltela.pt\/noticias\/2026\/04\/01\/torneio-internacional-da-pontinha-arranca-quinta-com-roberto-martinez-patrono\/"},"wordCount":356,"image":{"@id":"https:\/\/portaltela.pt\/noticias\/2026\/04\/01\/torneio-internacional-da-pontinha-arranca-quinta-com-roberto-martinez-patrono\/#primaryimage"},"thumbnailUrl":"https:\/\/portaltela.pt\/s.01k8rhncp4jt1\/2026\/04\/img_920x518uu2026-04-01-19-01-34-2430548-im-639106669177062875.jpg","keywords":["Benfica","FC Porto","futebol","infantil","Santa Clara","Sporting"],"articleSection":["Desporto","Futebol"],"inLanguage":"pt-PT"},{"@type":"WebPage","@id":"https:\/\/portaltela.pt\/noticias\/2026\/04\/01\/torneio-internacional-da-pontinha-arranca-quinta-com-roberto-martinez-patrono\/","url":"https:\/\/portaltela.pt\/noticias\/2026\/04\/01\/torneio-internacional-da-pontinha-arranca-quinta-com-roberto-martinez-patrono\/","name":"Torneio Internacional da Pontinha arranca quinta com Roberto Mart\u00ednez patrono - Portal Tela Portugal","isPartOf":{"@id":"https:\/\/portaltela.pt\/#website"},"primaryImageOfPage":{"@id":"https:\/\/portaltela.pt\/noticias\/2026\/04\/01\/torneio-internacional-da-pontinha-arranca-quinta-com-roberto-martinez-patrono\/#primaryimage"},"image":{"@id":"https:\/\/portaltela.pt\/noticias\/2026\/04\/01\/torneio-internacional-da-pontinha-arranca-quinta-com-roberto-martinez-patrono\/#primaryimage"},"thumbnailUrl":"https:\/\/portaltela.pt\/s.01k8rhncp4jt1\/2026\/04\/img_920x518uu2026-04-01-19-01-34-2430548-im-639106669177062875.jpg","datePublished":"2026-04-01T20:02:22+00:00","author":{"@id":"https:\/\/portaltela.pt\/#\/schema\/person\/c4278d4a6028830caff9ee44b42d32ed"},"breadcrumb":{"@id":"https:\/\/portaltela.pt\/noticias\/2026\/04\/01\/torneio-internacional-da-pontinha-arranca-quinta-com-roberto-martinez-patrono\/#breadcrumb"},"inLanguage":"pt-PT","potentialAction":[{"@type":"ReadAction","target":["https:\/\/portaltela.pt\/noticias\/2026\/04\/01\/torneio-internacional-da-pontinha-arranca-quinta-com-roberto-martinez-patrono\/"]}]},{"@type":"ImageObject","inLanguage":"pt-PT","@id":"https:\/\/portaltela.pt\/noticias\/2026\/04\/01\/torneio-internacional-da-pontinha-arranca-quinta-com-roberto-martinez-patrono\/#primaryimage","url":"https:\/\/portaltela.pt\/s.01k8rhncp4jt1\/2026\/04\/img_920x518uu2026-04-01-19-01-34-2430548-im-639106669177062875.jpg","contentUrl":"https:\/\/portaltela.pt\/s.01k8rhncp4jt1\/2026\/04\/img_920x518uu2026-04-01-19-01-34-2430548-im-639106669177062875.jpg","width":796,"height":448,"caption":"Roberto Mart\u00ednez na apresenta\u00e7\u00e3o do XLIII Torneio Internacional de Futebil Infantil"},{"@type":"BreadcrumbList","@id":"https:\/\/portaltela.pt\/noticias\/2026\/04\/01\/torneio-internacional-da-pontinha-arranca-quinta-com-roberto-martinez-patrono\/#breadcrumb","itemListElement":[{"@type":"ListItem","position":1,"name":"In\u00edcio","item":"https:\/\/portaltela.pt\/"},{"@type":"ListItem","position":2,"name":"Torneio Internacional da Pontinha arranca quinta com Roberto Mart\u00ednez patrono"}]},{"@type":"WebSite","@id":"https:\/\/portaltela.pt\/#website","url":"https:\/\/portaltela.pt\/","name":"Portal Tela Portugal","description":"","potentialAction":[{"@type":"SearchAction","target":{"@type":"EntryPoint","urlTemplate":"https:\/\/portaltela.pt\/?s={search_term_string}"},"query-input":{"@type":"PropertyValueSpecification","valueRequired":true,"valueName":"search_term_string"}}],"inLanguage":"pt-PT"},{"@type":"Person","@id":"https:\/\/portaltela.pt\/#\/schema\/person\/c4278d4a6028830caff9ee44b42d32ed","name":"Telinha","image":{"@type":"ImageObject","inLanguage":"pt-PT","@id":"https:\/\/portaltela.pt\/s.01k8rhncp4jt1\/2025\/11\/talking-bot-125x125.png","url":"https:\/\/portaltela.pt\/s.01k8rhncp4jt1\/2025\/11\/talking-bot-125x125.png","contentUrl":"https:\/\/portaltela.pt\/s.01k8rhncp4jt1\/2025\/11\/talking-bot-125x125.png","caption":"Telinha"},"sameAs":["https:\/\/portaltela.pt\/"],"url":"https:\/\/portaltela.pt\/por\/367410592786\/"}]}},"_links":{"self":[{"href":"https:\/\/portaltela.pt\/api\/wp\/v2\/posts\/429733","targetHints":{"allow":["GET"]}}],"collection":[{"href":"https:\/\/portaltela.pt\/api\/wp\/v2\/posts"}],"about":[{"href":"https:\/\/portaltela.pt\/api\/wp\/v2\/types\/post"}],"author":[{"embeddable":true,"href":"https:\/\/portaltela.pt\/api\/wp\/v2\/users\/2"}],"replies":[{"embeddable":true,"href":"https:\/\/portaltela.pt\/api\/wp\/v2\/comments?post=429733"}],"version-history":[{"count":0,"href":"https:\/\/portaltela.pt\/api\/wp\/v2\/posts\/429733\/revisions"}],"wp:featuredmedia":[{"embeddable":true,"href":"https:\/\/portaltela.pt\/api\/wp\/v2\/media\/429736"}],"wp:attachment":[{"href":"https:\/\/portaltela.pt\/api\/wp\/v2\/media?parent=429733"}],"wp:term":[{"taxonomy":"category","embeddable":true,"href":"https:\/\/portaltela.pt\/api\/wp\/v2\/categories?post=429733"},{"taxonomy":"post_tag","embeddable":true,"href":"https:\/\/portaltela.pt\/api\/wp\/v2\/tags?post=429733"}],"curies":[{"name":"wp","href":"https:\/\/api.w.org\/{rel}","templated":true}]}}