{"id":429727,"date":"2026-04-01T16:47:51","date_gmt":"2026-04-01T19:47:51","guid":{"rendered":"https:\/\/portaltela.pt\/noticias\/2026\/04\/01\/estadio-nacional-da-bosnia-sera-demolido\/"},"modified":"2026-04-01T16:47:51","modified_gmt":"2026-04-01T19:47:51","slug":"estadio-nacional-da-bosnia-sera-demolido","status":"publish","type":"post","link":"https:\/\/portaltela.pt\/desporto\/futebol\/2026\/04\/01\/estadio-nacional-da-bosnia-sera-demolido\/","title":{"rendered":"Est\u00e1dio Nacional da B\u00f3snia ser\u00e1 demolido"},"content":{"rendered":"<p>Durante a celebra\u00e7\u00e3o do triunfo frente \u00e0 It\u00e1lia, o presidente da federa\u00e7\u00e3o da B\u00f3snia anunciou que o Est\u00e1dio Bilino Polje ser\u00e1 demolido. O objetivo \u00e9 dar lugar a um novo est\u00e1dio nacional com 18 mil lugares, conforme os requisitos da FIFA e da UEFA.<\/p>\n<p>O Bilino Polje foi inaugurado em 1972 e tem 16.500 lugares. Localizado em Zenica, tem sido a casa da sele\u00e7\u00e3o b\u00f3snia ao longo dos anos, apesar de controlo de qualidade do relvado.<\/p>\n<p>Segundo o dirigente, a demoli\u00e7\u00e3o permite evitar erros do passado na gest\u00e3o financeira e investir num recinto moderno. O plano inclui constru\u00e7\u00e3o de um est\u00e1dio nacional que acompanhe padr\u00f5es internacionais.<\/p>\n<p>A federa\u00e7\u00e3o aponta que o atual relvado j\u00e1 apresentou dificuldades, tendo afetado jogos da sele\u00e7\u00e3o em 2011 e 2023. O an\u00fancio n\u00e3o detalha o cronograma nem a data de in\u00edcio das obras.<\/p>\n<p>A decis\u00e3o visa consolidar infraestruturas para gera\u00e7\u00f5es futuras, mantendo o foco na utiliza\u00e7\u00e3o eficaz dos recursos financeiros gerados pelo sucesso desportivo. N\u00e3o houve planos adicionais anunciados no momento.<\/p>\n","protected":false},"excerpt":{"rendered":"<ul>\n<li>O presidente da federa\u00e7\u00e3o da B\u00f3snia anunciou, durante a celebra\u00e7\u00e3o ap\u00f3s a vit\u00f3ria sobre a It\u00e1lia, que o Est\u00e1dio Bilino Polje ser\u00e1 demolido.<\/li>\n<li>Vai nascer um novo est\u00e1dio nacional no mesmo local, com capacidade para 18 mil lugares, cumprindo requisitos da FIFA e UEFA.<\/li>\n<li>O Bilino Polje foi constru\u00eddo em 1972 e tem 16.500 lugares.<\/li>\n<li>O relvado do est\u00e1dio tem estado em m\u00e1s condi\u00e7\u00f5es e j\u00e1 houve problemas em jogos realizados ali, em 2011 e 2023.<\/li>\n<li>A decis\u00e3o pretende evitar erros financeiros do passado e deixar um recinto moderno para as futuras gera\u00e7\u00f5es.<\/li>\n<\/ul>\n","protected":false},"author":2,"featured_media":429728,"comment_status":"closed","ping_status":"closed","sticky":false,"template":"","format":"standard","meta":{"footnotes":""},"categories":[21,24],"tags":[1544,3542,152,32,1615],"class_list":["post-429727","post","type-post","status-publish","format-standard","has-post-thumbnail","hentry","category-desporto","category-futebol","tag-bosnia-herzegovina","tag-demolicoes","tag-desporto","tag-futebol","tag-infraestrutura"],"yoast_head":"<!-- This site is optimized with the Yoast SEO plugin v27.2 - https:\/\/yoast.com\/product\/yoast-seo-wordpress\/ -->\n<title>Est\u00e1dio Nacional da B\u00f3snia ser\u00e1 demolido - Portal Tela Portugal<\/title>\n<meta name=\"robots\" content=\"index, follow, max-snippet:-1, max-image-preview:large, max-video-preview:-1\" \/>\n<meta property=\"og:locale\" content=\"pt_PT\" \/>\n<meta property=\"og:type\" content=\"article\" \/>\n<meta property=\"og:title\" content=\"Est\u00e1dio Nacional da B\u00f3snia ser\u00e1 demolido - Portal Tela Portugal\" \/>\n<meta property=\"og:description\" content=\"O presidente da federa\u00e7\u00e3o da B\u00f3snia anunciou, durante a celebra\u00e7\u00e3o ap\u00f3s a vit\u00f3ria sobre a It\u00e1lia, que o Est\u00e1dio Bilino Polje ser\u00e1 demolido. Vai nascer um novo est\u00e1dio nacional no mesmo local, com capacidade para 18 mil lugares, cumprindo requisitos da FIFA e UEFA. O Bilino Polje foi constru\u00eddo em 1972 e tem 16.500 lugares. O relvado do est\u00e1dio tem estado em m\u00e1s condi\u00e7\u00f5es e j\u00e1 houve problemas em jogos realizados ali, em 2011 e 2023. A decis\u00e3o pretende evitar erros financeiros do passado e deixar um recinto moderno para as futuras gera\u00e7\u00f5es.\" \/>\n<meta property=\"og:url\" content=\"https:\/\/portaltela.pt\/noticias\/2026\/04\/01\/estadio-nacional-da-bosnia-sera-demolido\/\" \/>\n<meta property=\"og:site_name\" content=\"Portal Tela Portugal\" \/>\n<meta property=\"article:published_time\" content=\"2026-04-01T19:47:51+00:00\" \/>\n<meta name=\"author\" content=\"Telinha\" \/>\n<meta name=\"twitter:card\" content=\"summary_large_image\" \/>\n<meta name=\"twitter:label1\" content=\"Escrito por\" \/>\n\t<meta name=\"twitter:data1\" content=\"Telinha\" \/>\n\t<meta name=\"twitter:label2\" content=\"Tempo estimado de leitura\" \/>\n\t<meta name=\"twitter:data2\" content=\"1 minuto\" \/>\n<script type=\"application\/ld+json\" class=\"yoast-schema-graph\">{\"@context\":\"https:\/\/schema.org\",\"@graph\":[{\"@type\":\"Article\",\"@id\":\"https:\/\/portaltela.pt\/noticias\/2026\/04\/01\/estadio-nacional-da-bosnia-sera-demolido\/#article\",\"isPartOf\":{\"@id\":\"https:\/\/portaltela.pt\/noticias\/2026\/04\/01\/estadio-nacional-da-bosnia-sera-demolido\/\"},\"author\":{\"name\":\"Telinha\",\"@id\":\"https:\/\/portaltela.pt\/#\/schema\/person\/c4278d4a6028830caff9ee44b42d32ed\"},\"headline\":\"Est\u00e1dio Nacional da B\u00f3snia ser\u00e1 demolido\",\"datePublished\":\"2026-04-01T19:47:51+00:00\",\"mainEntityOfPage\":{\"@id\":\"https:\/\/portaltela.pt\/noticias\/2026\/04\/01\/estadio-nacional-da-bosnia-sera-demolido\/\"},\"wordCount\":189,\"image\":{\"@id\":\"https:\/\/portaltela.pt\/noticias\/2026\/04\/01\/estadio-nacional-da-bosnia-sera-demolido\/#primaryimage\"},\"thumbnailUrl\":\"https:\/\/portaltela.pt\/s.01k8rhncp4jt1\/2026\/04\/img_920x518uu2026-04-01-20-34-51-2430591.jpg\",\"keywords\":[\"B\u00f3snia-Herzeg\u00f3vina\",\"demoli\u00e7\u00f5es\",\"desporto\",\"futebol\",\"infraestrutura\"],\"articleSection\":[\"Desporto\",\"Futebol\"],\"inLanguage\":\"pt-PT\"},{\"@type\":\"WebPage\",\"@id\":\"https:\/\/portaltela.pt\/noticias\/2026\/04\/01\/estadio-nacional-da-bosnia-sera-demolido\/\",\"url\":\"https:\/\/portaltela.pt\/noticias\/2026\/04\/01\/estadio-nacional-da-bosnia-sera-demolido\/\",\"name\":\"Est\u00e1dio Nacional da B\u00f3snia ser\u00e1 demolido - Portal Tela Portugal\",\"isPartOf\":{\"@id\":\"https:\/\/portaltela.pt\/#website\"},\"primaryImageOfPage\":{\"@id\":\"https:\/\/portaltela.pt\/noticias\/2026\/04\/01\/estadio-nacional-da-bosnia-sera-demolido\/#primaryimage\"},\"image\":{\"@id\":\"https:\/\/portaltela.pt\/noticias\/2026\/04\/01\/estadio-nacional-da-bosnia-sera-demolido\/#primaryimage\"},\"thumbnailUrl\":\"https:\/\/portaltela.pt\/s.01k8rhncp4jt1\/2026\/04\/img_920x518uu2026-04-01-20-34-51-2430591.jpg\",\"datePublished\":\"2026-04-01T19:47:51+00:00\",\"author\":{\"@id\":\"https:\/\/portaltela.pt\/#\/schema\/person\/c4278d4a6028830caff9ee44b42d32ed\"},\"breadcrumb\":{\"@id\":\"https:\/\/portaltela.pt\/noticias\/2026\/04\/01\/estadio-nacional-da-bosnia-sera-demolido\/#breadcrumb\"},\"inLanguage\":\"pt-PT\",\"potentialAction\":[{\"@type\":\"ReadAction\",\"target\":[\"https:\/\/portaltela.pt\/noticias\/2026\/04\/01\/estadio-nacional-da-bosnia-sera-demolido\/\"]}]},{\"@type\":\"ImageObject\",\"inLanguage\":\"pt-PT\",\"@id\":\"https:\/\/portaltela.pt\/noticias\/2026\/04\/01\/estadio-nacional-da-bosnia-sera-demolido\/#primaryimage\",\"url\":\"https:\/\/portaltela.pt\/s.01k8rhncp4jt1\/2026\/04\/img_920x518uu2026-04-01-20-34-51-2430591.jpg\",\"contentUrl\":\"https:\/\/portaltela.pt\/s.01k8rhncp4jt1\/2026\/04\/img_920x518uu2026-04-01-20-34-51-2430591.jpg\",\"width\":796,\"height\":448,\"caption\":\"Est\u00e1dio Nacional da B\u00f3snia\"},{\"@type\":\"BreadcrumbList\",\"@id\":\"https:\/\/portaltela.pt\/noticias\/2026\/04\/01\/estadio-nacional-da-bosnia-sera-demolido\/#breadcrumb\",\"itemListElement\":[{\"@type\":\"ListItem\",\"position\":1,\"name\":\"In\u00edcio\",\"item\":\"https:\/\/portaltela.pt\/\"},{\"@type\":\"ListItem\",\"position\":2,\"name\":\"Est\u00e1dio Nacional da B\u00f3snia ser\u00e1 demolido\"}]},{\"@type\":\"WebSite\",\"@id\":\"https:\/\/portaltela.pt\/#website\",\"url\":\"https:\/\/portaltela.pt\/\",\"name\":\"Portal Tela Portugal\",\"description\":\"\",\"potentialAction\":[{\"@type\":\"SearchAction\",\"target\":{\"@type\":\"EntryPoint\",\"urlTemplate\":\"https:\/\/portaltela.pt\/?s={search_term_string}\"},\"query-input\":{\"@type\":\"PropertyValueSpecification\",\"valueRequired\":true,\"valueName\":\"search_term_string\"}}],\"inLanguage\":\"pt-PT\"},{\"@type\":\"Person\",\"@id\":\"https:\/\/portaltela.pt\/#\/schema\/person\/c4278d4a6028830caff9ee44b42d32ed\",\"name\":\"Telinha\",\"image\":{\"@type\":\"ImageObject\",\"inLanguage\":\"pt-PT\",\"@id\":\"https:\/\/portaltela.pt\/s.01k8rhncp4jt1\/2025\/11\/talking-bot-125x125.png\",\"url\":\"https:\/\/portaltela.pt\/s.01k8rhncp4jt1\/2025\/11\/talking-bot-125x125.png\",\"contentUrl\":\"https:\/\/portaltela.pt\/s.01k8rhncp4jt1\/2025\/11\/talking-bot-125x125.png\",\"caption\":\"Telinha\"},\"sameAs\":[\"https:\/\/portaltela.pt\/\"],\"url\":\"https:\/\/portaltela.pt\/por\/367410592786\/\"}]}<\/script>\n<!-- \/ Yoast SEO plugin. -->","yoast_head_json":{"title":"Est\u00e1dio Nacional da B\u00f3snia ser\u00e1 demolido - Portal Tela Portugal","robots":{"index":"index","follow":"follow","max-snippet":"max-snippet:-1","max-image-preview":"max-image-preview:large","max-video-preview":"max-video-preview:-1"},"og_locale":"pt_PT","og_type":"article","og_title":"Est\u00e1dio Nacional da B\u00f3snia ser\u00e1 demolido - Portal Tela Portugal","og_description":"O presidente da federa\u00e7\u00e3o da B\u00f3snia anunciou, durante a celebra\u00e7\u00e3o ap\u00f3s a vit\u00f3ria sobre a It\u00e1lia, que o Est\u00e1dio Bilino Polje ser\u00e1 demolido. Vai nascer um novo est\u00e1dio nacional no mesmo local, com capacidade para 18 mil lugares, cumprindo requisitos da FIFA e UEFA. O Bilino Polje foi constru\u00eddo em 1972 e tem 16.500 lugares. O relvado do est\u00e1dio tem estado em m\u00e1s condi\u00e7\u00f5es e j\u00e1 houve problemas em jogos realizados ali, em 2011 e 2023. A decis\u00e3o pretende evitar erros financeiros do passado e deixar um recinto moderno para as futuras gera\u00e7\u00f5es.","og_url":"https:\/\/portaltela.pt\/noticias\/2026\/04\/01\/estadio-nacional-da-bosnia-sera-demolido\/","og_site_name":"Portal Tela Portugal","article_published_time":"2026-04-01T19:47:51+00:00","author":"Telinha","twitter_card":"summary_large_image","twitter_misc":{"Escrito por":"Telinha","Tempo estimado de leitura":"1 minuto"},"schema":{"@context":"https:\/\/schema.org","@graph":[{"@type":"Article","@id":"https:\/\/portaltela.pt\/noticias\/2026\/04\/01\/estadio-nacional-da-bosnia-sera-demolido\/#article","isPartOf":{"@id":"https:\/\/portaltela.pt\/noticias\/2026\/04\/01\/estadio-nacional-da-bosnia-sera-demolido\/"},"author":{"name":"Telinha","@id":"https:\/\/portaltela.pt\/#\/schema\/person\/c4278d4a6028830caff9ee44b42d32ed"},"headline":"Est\u00e1dio Nacional da B\u00f3snia ser\u00e1 demolido","datePublished":"2026-04-01T19:47:51+00:00","mainEntityOfPage":{"@id":"https:\/\/portaltela.pt\/noticias\/2026\/04\/01\/estadio-nacional-da-bosnia-sera-demolido\/"},"wordCount":189,"image":{"@id":"https:\/\/portaltela.pt\/noticias\/2026\/04\/01\/estadio-nacional-da-bosnia-sera-demolido\/#primaryimage"},"thumbnailUrl":"https:\/\/portaltela.pt\/s.01k8rhncp4jt1\/2026\/04\/img_920x518uu2026-04-01-20-34-51-2430591.jpg","keywords":["B\u00f3snia-Herzeg\u00f3vina","demoli\u00e7\u00f5es","desporto","futebol","infraestrutura"],"articleSection":["Desporto","Futebol"],"inLanguage":"pt-PT"},{"@type":"WebPage","@id":"https:\/\/portaltela.pt\/noticias\/2026\/04\/01\/estadio-nacional-da-bosnia-sera-demolido\/","url":"https:\/\/portaltela.pt\/noticias\/2026\/04\/01\/estadio-nacional-da-bosnia-sera-demolido\/","name":"Est\u00e1dio Nacional da B\u00f3snia ser\u00e1 demolido - Portal Tela Portugal","isPartOf":{"@id":"https:\/\/portaltela.pt\/#website"},"primaryImageOfPage":{"@id":"https:\/\/portaltela.pt\/noticias\/2026\/04\/01\/estadio-nacional-da-bosnia-sera-demolido\/#primaryimage"},"image":{"@id":"https:\/\/portaltela.pt\/noticias\/2026\/04\/01\/estadio-nacional-da-bosnia-sera-demolido\/#primaryimage"},"thumbnailUrl":"https:\/\/portaltela.pt\/s.01k8rhncp4jt1\/2026\/04\/img_920x518uu2026-04-01-20-34-51-2430591.jpg","datePublished":"2026-04-01T19:47:51+00:00","author":{"@id":"https:\/\/portaltela.pt\/#\/schema\/person\/c4278d4a6028830caff9ee44b42d32ed"},"breadcrumb":{"@id":"https:\/\/portaltela.pt\/noticias\/2026\/04\/01\/estadio-nacional-da-bosnia-sera-demolido\/#breadcrumb"},"inLanguage":"pt-PT","potentialAction":[{"@type":"ReadAction","target":["https:\/\/portaltela.pt\/noticias\/2026\/04\/01\/estadio-nacional-da-bosnia-sera-demolido\/"]}]},{"@type":"ImageObject","inLanguage":"pt-PT","@id":"https:\/\/portaltela.pt\/noticias\/2026\/04\/01\/estadio-nacional-da-bosnia-sera-demolido\/#primaryimage","url":"https:\/\/portaltela.pt\/s.01k8rhncp4jt1\/2026\/04\/img_920x518uu2026-04-01-20-34-51-2430591.jpg","contentUrl":"https:\/\/portaltela.pt\/s.01k8rhncp4jt1\/2026\/04\/img_920x518uu2026-04-01-20-34-51-2430591.jpg","width":796,"height":448,"caption":"Est\u00e1dio Nacional da B\u00f3snia"},{"@type":"BreadcrumbList","@id":"https:\/\/portaltela.pt\/noticias\/2026\/04\/01\/estadio-nacional-da-bosnia-sera-demolido\/#breadcrumb","itemListElement":[{"@type":"ListItem","position":1,"name":"In\u00edcio","item":"https:\/\/portaltela.pt\/"},{"@type":"ListItem","position":2,"name":"Est\u00e1dio Nacional da B\u00f3snia ser\u00e1 demolido"}]},{"@type":"WebSite","@id":"https:\/\/portaltela.pt\/#website","url":"https:\/\/portaltela.pt\/","name":"Portal Tela Portugal","description":"","potentialAction":[{"@type":"SearchAction","target":{"@type":"EntryPoint","urlTemplate":"https:\/\/portaltela.pt\/?s={search_term_string}"},"query-input":{"@type":"PropertyValueSpecification","valueRequired":true,"valueName":"search_term_string"}}],"inLanguage":"pt-PT"},{"@type":"Person","@id":"https:\/\/portaltela.pt\/#\/schema\/person\/c4278d4a6028830caff9ee44b42d32ed","name":"Telinha","image":{"@type":"ImageObject","inLanguage":"pt-PT","@id":"https:\/\/portaltela.pt\/s.01k8rhncp4jt1\/2025\/11\/talking-bot-125x125.png","url":"https:\/\/portaltela.pt\/s.01k8rhncp4jt1\/2025\/11\/talking-bot-125x125.png","contentUrl":"https:\/\/portaltela.pt\/s.01k8rhncp4jt1\/2025\/11\/talking-bot-125x125.png","caption":"Telinha"},"sameAs":["https:\/\/portaltela.pt\/"],"url":"https:\/\/portaltela.pt\/por\/367410592786\/"}]}},"_links":{"self":[{"href":"https:\/\/portaltela.pt\/api\/wp\/v2\/posts\/429727","targetHints":{"allow":["GET"]}}],"collection":[{"href":"https:\/\/portaltela.pt\/api\/wp\/v2\/posts"}],"about":[{"href":"https:\/\/portaltela.pt\/api\/wp\/v2\/types\/post"}],"author":[{"embeddable":true,"href":"https:\/\/portaltela.pt\/api\/wp\/v2\/users\/2"}],"replies":[{"embeddable":true,"href":"https:\/\/portaltela.pt\/api\/wp\/v2\/comments?post=429727"}],"version-history":[{"count":0,"href":"https:\/\/portaltela.pt\/api\/wp\/v2\/posts\/429727\/revisions"}],"wp:featuredmedia":[{"embeddable":true,"href":"https:\/\/portaltela.pt\/api\/wp\/v2\/media\/429728"}],"wp:attachment":[{"href":"https:\/\/portaltela.pt\/api\/wp\/v2\/media?parent=429727"}],"wp:term":[{"taxonomy":"category","embeddable":true,"href":"https:\/\/portaltela.pt\/api\/wp\/v2\/categories?post=429727"},{"taxonomy":"post_tag","embeddable":true,"href":"https:\/\/portaltela.pt\/api\/wp\/v2\/tags?post=429727"}],"curies":[{"name":"wp","href":"https:\/\/api.w.org\/{rel}","templated":true}]}}