{"id":429721,"date":"2026-04-01T16:47:19","date_gmt":"2026-04-01T19:47:19","guid":{"rendered":"https:\/\/portaltela.pt\/noticias\/2026\/04\/01\/ruben-fernandes-entra-em-recuperacao-para-jogar-pelo-feirense\/"},"modified":"2026-04-01T16:47:19","modified_gmt":"2026-04-01T19:47:19","slug":"ruben-fernandes-entra-em-recuperacao-para-jogar-pelo-feirense","status":"publish","type":"post","link":"https:\/\/portaltela.pt\/desporto\/futebol\/2026\/04\/01\/ruben-fernandes-entra-em-recuperacao-para-jogar-pelo-feirense\/","title":{"rendered":"R\u00faben Fernandes entra em recupera\u00e7\u00e3o para jogar pelo Feirense"},"content":{"rendered":"<p>O defesa-central R\u00faben Fernandes sofreu a sa\u00edda aos 68 minutos do jogo diante do Benfica B por queixas f\u00edsicas, mas tudo indica que estar\u00e1 \u00e0 disposi\u00e7\u00e3o para a rece\u00e7\u00e3o ao Feirense, no pr\u00f3ximo s\u00e1bado. O jogador segue sob avalia\u00e7\u00e3o m\u00e9dica.<\/p>\n<p>Para o encontro, o Farense fica privado de Cl\u00e1udio Falc\u00e3o e Carter, ambos castigados. Assim, h\u00e1 novas baixas para a luta pela fuga aos \u00faltimos lugares.<\/p>\n<p>Jos\u00e9 Faria, treinador do Farense, aguarda confirmar a recupera\u00e7\u00e3o de Fernandes e definir a estrat\u00e9gia para o choque com o Feirense, em casa, no s\u00e1bado.<\/p>\n<h3>Anivers\u00e1rio do Farense<\/h3>\n<p>Ontem, o clube algarvio cumpriu 116 anos, com distin\u00e7\u00f5es e um jantar que homenageou atletas, dirigentes e colaboradores. A cerim\u00f3nia destacou a hist\u00f3ria e as conquistas do clube.<\/p>\n<p>A dire\u00e7\u00e3o real\u00e7ou a import\u00e2ncia da comunidade para o clube e os pr\u00f3ximos objetivos desportivos.<\/p>\n","protected":false},"excerpt":{"rendered":"<ul>\n<li>O defesa-central R\u00faben Fernandes saiu aos 68 minutos do jogo frente ao Benfica B com queixas f\u00edsicas, mas tudo indica que pode entrar nas escolhas para a rece\u00e7\u00e3o ao Feirense, no s\u00e1bado.<\/li>\n<li>O Farense pode contar com o jogador para a equipa titular ou no plantel que vai enfrentar os nortenhos.<\/li>\n<li>Est\u00e3o de fora por castigo o m\u00e9dio Cl\u00e1udio Falc\u00e3o e o avan\u00e7ado Carter, o que agrava as baixas numa final pela fuga aos \u00faltimos lugares.<\/li>\n<li>O clube algarvio celebrou, ontem, o seu 116.\u00ba anivers\u00e1rio, com um jantar festivo que contou v\u00e1rias distin\u00e7\u00f5es e homenagens.<\/li>\n<li>A partida frente ao Feirense est\u00e1 marcada para s\u00e1bado, mantendo-se a luta do Farense pela tabela na luta pela manuten\u00e7\u00e3o.<\/li>\n<\/ul>\n","protected":false},"author":2,"featured_media":429723,"comment_status":"closed","ping_status":"closed","sticky":false,"template":"","format":"standard","meta":{"footnotes":""},"categories":[21,24],"tags":[4143,3275,1367,152,992,32],"class_list":["post-429721","post","type-post","status-publish","format-standard","has-post-thumbnail","hentry","category-desporto","category-futebol","tag-1-liga","tag-benfica-b","tag-clubes","tag-desporto","tag-faro","tag-futebol"],"yoast_head":"<!-- This site is optimized with the Yoast SEO plugin v27.2 - https:\/\/yoast.com\/product\/yoast-seo-wordpress\/ -->\n<title>R\u00faben Fernandes entra em recupera\u00e7\u00e3o para jogar pelo Feirense - Portal Tela Portugal<\/title>\n<meta name=\"robots\" content=\"index, follow, max-snippet:-1, max-image-preview:large, max-video-preview:-1\" \/>\n<meta property=\"og:locale\" content=\"pt_PT\" \/>\n<meta property=\"og:type\" content=\"article\" \/>\n<meta property=\"og:title\" content=\"R\u00faben Fernandes entra em recupera\u00e7\u00e3o para jogar pelo Feirense - Portal Tela Portugal\" \/>\n<meta property=\"og:description\" content=\"O defesa-central R\u00faben Fernandes saiu aos 68 minutos do jogo frente ao Benfica B com queixas f\u00edsicas, mas tudo indica que pode entrar nas escolhas para a rece\u00e7\u00e3o ao Feirense, no s\u00e1bado. O Farense pode contar com o jogador para a equipa titular ou no plantel que vai enfrentar os nortenhos. Est\u00e3o de fora por castigo o m\u00e9dio Cl\u00e1udio Falc\u00e3o e o avan\u00e7ado Carter, o que agrava as baixas numa final pela fuga aos \u00faltimos lugares. O clube algarvio celebrou, ontem, o seu 116.\u00ba anivers\u00e1rio, com um jantar festivo que contou v\u00e1rias distin\u00e7\u00f5es e homenagens. A partida frente ao Feirense est\u00e1 marcada para s\u00e1bado, mantendo-se a luta do Farense pela tabela na luta pela manuten\u00e7\u00e3o.\" \/>\n<meta property=\"og:url\" content=\"https:\/\/portaltela.pt\/noticias\/2026\/04\/01\/ruben-fernandes-entra-em-recuperacao-para-jogar-pelo-feirense\/\" \/>\n<meta property=\"og:site_name\" content=\"Portal Tela Portugal\" \/>\n<meta property=\"article:published_time\" content=\"2026-04-01T19:47:19+00:00\" \/>\n<meta name=\"author\" content=\"Telinha\" \/>\n<meta name=\"twitter:card\" content=\"summary_large_image\" \/>\n<meta name=\"twitter:label1\" content=\"Escrito por\" \/>\n\t<meta name=\"twitter:data1\" content=\"Telinha\" \/>\n\t<meta name=\"twitter:label2\" content=\"Tempo estimado de leitura\" \/>\n\t<meta name=\"twitter:data2\" content=\"1 minuto\" \/>\n<script type=\"application\/ld+json\" class=\"yoast-schema-graph\">{\"@context\":\"https:\/\/schema.org\",\"@graph\":[{\"@type\":\"Article\",\"@id\":\"https:\/\/portaltela.pt\/noticias\/2026\/04\/01\/ruben-fernandes-entra-em-recuperacao-para-jogar-pelo-feirense\/#article\",\"isPartOf\":{\"@id\":\"https:\/\/portaltela.pt\/noticias\/2026\/04\/01\/ruben-fernandes-entra-em-recuperacao-para-jogar-pelo-feirense\/\"},\"author\":{\"name\":\"Telinha\",\"@id\":\"https:\/\/portaltela.pt\/#\/schema\/person\/c4278d4a6028830caff9ee44b42d32ed\"},\"headline\":\"R\u00faben Fernandes entra em recupera\u00e7\u00e3o para jogar pelo Feirense\",\"datePublished\":\"2026-04-01T19:47:19+00:00\",\"mainEntityOfPage\":{\"@id\":\"https:\/\/portaltela.pt\/noticias\/2026\/04\/01\/ruben-fernandes-entra-em-recuperacao-para-jogar-pelo-feirense\/\"},\"wordCount\":167,\"image\":{\"@id\":\"https:\/\/portaltela.pt\/noticias\/2026\/04\/01\/ruben-fernandes-entra-em-recuperacao-para-jogar-pelo-feirense\/#primaryimage\"},\"thumbnailUrl\":\"https:\/\/portaltela.pt\/s.01k8rhncp4jt1\/2026\/04\/img_920x518uu2025-06-25-12-13-33-2371960-im-639106725214110230.jpg\",\"keywords\":[\"1. Liga\",\"Benfica B\",\"clubes\",\"desporto\",\"Faro\",\"futebol\"],\"articleSection\":[\"Desporto\",\"Futebol\"],\"inLanguage\":\"pt-PT\"},{\"@type\":\"WebPage\",\"@id\":\"https:\/\/portaltela.pt\/noticias\/2026\/04\/01\/ruben-fernandes-entra-em-recuperacao-para-jogar-pelo-feirense\/\",\"url\":\"https:\/\/portaltela.pt\/noticias\/2026\/04\/01\/ruben-fernandes-entra-em-recuperacao-para-jogar-pelo-feirense\/\",\"name\":\"R\u00faben Fernandes entra em recupera\u00e7\u00e3o para jogar pelo Feirense - Portal Tela Portugal\",\"isPartOf\":{\"@id\":\"https:\/\/portaltela.pt\/#website\"},\"primaryImageOfPage\":{\"@id\":\"https:\/\/portaltela.pt\/noticias\/2026\/04\/01\/ruben-fernandes-entra-em-recuperacao-para-jogar-pelo-feirense\/#primaryimage\"},\"image\":{\"@id\":\"https:\/\/portaltela.pt\/noticias\/2026\/04\/01\/ruben-fernandes-entra-em-recuperacao-para-jogar-pelo-feirense\/#primaryimage\"},\"thumbnailUrl\":\"https:\/\/portaltela.pt\/s.01k8rhncp4jt1\/2026\/04\/img_920x518uu2025-06-25-12-13-33-2371960-im-639106725214110230.jpg\",\"datePublished\":\"2026-04-01T19:47:19+00:00\",\"author\":{\"@id\":\"https:\/\/portaltela.pt\/#\/schema\/person\/c4278d4a6028830caff9ee44b42d32ed\"},\"breadcrumb\":{\"@id\":\"https:\/\/portaltela.pt\/noticias\/2026\/04\/01\/ruben-fernandes-entra-em-recuperacao-para-jogar-pelo-feirense\/#breadcrumb\"},\"inLanguage\":\"pt-PT\",\"potentialAction\":[{\"@type\":\"ReadAction\",\"target\":[\"https:\/\/portaltela.pt\/noticias\/2026\/04\/01\/ruben-fernandes-entra-em-recuperacao-para-jogar-pelo-feirense\/\"]}]},{\"@type\":\"ImageObject\",\"inLanguage\":\"pt-PT\",\"@id\":\"https:\/\/portaltela.pt\/noticias\/2026\/04\/01\/ruben-fernandes-entra-em-recuperacao-para-jogar-pelo-feirense\/#primaryimage\",\"url\":\"https:\/\/portaltela.pt\/s.01k8rhncp4jt1\/2026\/04\/img_920x518uu2025-06-25-12-13-33-2371960-im-639106725214110230.jpg\",\"contentUrl\":\"https:\/\/portaltela.pt\/s.01k8rhncp4jt1\/2026\/04\/img_920x518uu2025-06-25-12-13-33-2371960-im-639106725214110230.jpg\",\"width\":796,\"height\":448,\"caption\":\"R\u00faben Fernandes deve recuperar para o Feirense\"},{\"@type\":\"BreadcrumbList\",\"@id\":\"https:\/\/portaltela.pt\/noticias\/2026\/04\/01\/ruben-fernandes-entra-em-recuperacao-para-jogar-pelo-feirense\/#breadcrumb\",\"itemListElement\":[{\"@type\":\"ListItem\",\"position\":1,\"name\":\"In\u00edcio\",\"item\":\"https:\/\/portaltela.pt\/\"},{\"@type\":\"ListItem\",\"position\":2,\"name\":\"R\u00faben Fernandes entra em recupera\u00e7\u00e3o para jogar pelo Feirense\"}]},{\"@type\":\"WebSite\",\"@id\":\"https:\/\/portaltela.pt\/#website\",\"url\":\"https:\/\/portaltela.pt\/\",\"name\":\"Portal Tela Portugal\",\"description\":\"\",\"potentialAction\":[{\"@type\":\"SearchAction\",\"target\":{\"@type\":\"EntryPoint\",\"urlTemplate\":\"https:\/\/portaltela.pt\/?s={search_term_string}\"},\"query-input\":{\"@type\":\"PropertyValueSpecification\",\"valueRequired\":true,\"valueName\":\"search_term_string\"}}],\"inLanguage\":\"pt-PT\"},{\"@type\":\"Person\",\"@id\":\"https:\/\/portaltela.pt\/#\/schema\/person\/c4278d4a6028830caff9ee44b42d32ed\",\"name\":\"Telinha\",\"image\":{\"@type\":\"ImageObject\",\"inLanguage\":\"pt-PT\",\"@id\":\"https:\/\/portaltela.pt\/s.01k8rhncp4jt1\/2025\/11\/talking-bot-125x125.png\",\"url\":\"https:\/\/portaltela.pt\/s.01k8rhncp4jt1\/2025\/11\/talking-bot-125x125.png\",\"contentUrl\":\"https:\/\/portaltela.pt\/s.01k8rhncp4jt1\/2025\/11\/talking-bot-125x125.png\",\"caption\":\"Telinha\"},\"sameAs\":[\"https:\/\/portaltela.pt\/\"],\"url\":\"https:\/\/portaltela.pt\/por\/367410592786\/\"}]}<\/script>\n<!-- \/ Yoast SEO plugin. -->","yoast_head_json":{"title":"R\u00faben Fernandes entra em recupera\u00e7\u00e3o para jogar pelo Feirense - Portal Tela Portugal","robots":{"index":"index","follow":"follow","max-snippet":"max-snippet:-1","max-image-preview":"max-image-preview:large","max-video-preview":"max-video-preview:-1"},"og_locale":"pt_PT","og_type":"article","og_title":"R\u00faben Fernandes entra em recupera\u00e7\u00e3o para jogar pelo Feirense - Portal Tela Portugal","og_description":"O defesa-central R\u00faben Fernandes saiu aos 68 minutos do jogo frente ao Benfica B com queixas f\u00edsicas, mas tudo indica que pode entrar nas escolhas para a rece\u00e7\u00e3o ao Feirense, no s\u00e1bado. O Farense pode contar com o jogador para a equipa titular ou no plantel que vai enfrentar os nortenhos. Est\u00e3o de fora por castigo o m\u00e9dio Cl\u00e1udio Falc\u00e3o e o avan\u00e7ado Carter, o que agrava as baixas numa final pela fuga aos \u00faltimos lugares. O clube algarvio celebrou, ontem, o seu 116.\u00ba anivers\u00e1rio, com um jantar festivo que contou v\u00e1rias distin\u00e7\u00f5es e homenagens. A partida frente ao Feirense est\u00e1 marcada para s\u00e1bado, mantendo-se a luta do Farense pela tabela na luta pela manuten\u00e7\u00e3o.","og_url":"https:\/\/portaltela.pt\/noticias\/2026\/04\/01\/ruben-fernandes-entra-em-recuperacao-para-jogar-pelo-feirense\/","og_site_name":"Portal Tela Portugal","article_published_time":"2026-04-01T19:47:19+00:00","author":"Telinha","twitter_card":"summary_large_image","twitter_misc":{"Escrito por":"Telinha","Tempo estimado de leitura":"1 minuto"},"schema":{"@context":"https:\/\/schema.org","@graph":[{"@type":"Article","@id":"https:\/\/portaltela.pt\/noticias\/2026\/04\/01\/ruben-fernandes-entra-em-recuperacao-para-jogar-pelo-feirense\/#article","isPartOf":{"@id":"https:\/\/portaltela.pt\/noticias\/2026\/04\/01\/ruben-fernandes-entra-em-recuperacao-para-jogar-pelo-feirense\/"},"author":{"name":"Telinha","@id":"https:\/\/portaltela.pt\/#\/schema\/person\/c4278d4a6028830caff9ee44b42d32ed"},"headline":"R\u00faben Fernandes entra em recupera\u00e7\u00e3o para jogar pelo Feirense","datePublished":"2026-04-01T19:47:19+00:00","mainEntityOfPage":{"@id":"https:\/\/portaltela.pt\/noticias\/2026\/04\/01\/ruben-fernandes-entra-em-recuperacao-para-jogar-pelo-feirense\/"},"wordCount":167,"image":{"@id":"https:\/\/portaltela.pt\/noticias\/2026\/04\/01\/ruben-fernandes-entra-em-recuperacao-para-jogar-pelo-feirense\/#primaryimage"},"thumbnailUrl":"https:\/\/portaltela.pt\/s.01k8rhncp4jt1\/2026\/04\/img_920x518uu2025-06-25-12-13-33-2371960-im-639106725214110230.jpg","keywords":["1. Liga","Benfica B","clubes","desporto","Faro","futebol"],"articleSection":["Desporto","Futebol"],"inLanguage":"pt-PT"},{"@type":"WebPage","@id":"https:\/\/portaltela.pt\/noticias\/2026\/04\/01\/ruben-fernandes-entra-em-recuperacao-para-jogar-pelo-feirense\/","url":"https:\/\/portaltela.pt\/noticias\/2026\/04\/01\/ruben-fernandes-entra-em-recuperacao-para-jogar-pelo-feirense\/","name":"R\u00faben Fernandes entra em recupera\u00e7\u00e3o para jogar pelo Feirense - Portal Tela Portugal","isPartOf":{"@id":"https:\/\/portaltela.pt\/#website"},"primaryImageOfPage":{"@id":"https:\/\/portaltela.pt\/noticias\/2026\/04\/01\/ruben-fernandes-entra-em-recuperacao-para-jogar-pelo-feirense\/#primaryimage"},"image":{"@id":"https:\/\/portaltela.pt\/noticias\/2026\/04\/01\/ruben-fernandes-entra-em-recuperacao-para-jogar-pelo-feirense\/#primaryimage"},"thumbnailUrl":"https:\/\/portaltela.pt\/s.01k8rhncp4jt1\/2026\/04\/img_920x518uu2025-06-25-12-13-33-2371960-im-639106725214110230.jpg","datePublished":"2026-04-01T19:47:19+00:00","author":{"@id":"https:\/\/portaltela.pt\/#\/schema\/person\/c4278d4a6028830caff9ee44b42d32ed"},"breadcrumb":{"@id":"https:\/\/portaltela.pt\/noticias\/2026\/04\/01\/ruben-fernandes-entra-em-recuperacao-para-jogar-pelo-feirense\/#breadcrumb"},"inLanguage":"pt-PT","potentialAction":[{"@type":"ReadAction","target":["https:\/\/portaltela.pt\/noticias\/2026\/04\/01\/ruben-fernandes-entra-em-recuperacao-para-jogar-pelo-feirense\/"]}]},{"@type":"ImageObject","inLanguage":"pt-PT","@id":"https:\/\/portaltela.pt\/noticias\/2026\/04\/01\/ruben-fernandes-entra-em-recuperacao-para-jogar-pelo-feirense\/#primaryimage","url":"https:\/\/portaltela.pt\/s.01k8rhncp4jt1\/2026\/04\/img_920x518uu2025-06-25-12-13-33-2371960-im-639106725214110230.jpg","contentUrl":"https:\/\/portaltela.pt\/s.01k8rhncp4jt1\/2026\/04\/img_920x518uu2025-06-25-12-13-33-2371960-im-639106725214110230.jpg","width":796,"height":448,"caption":"R\u00faben Fernandes deve recuperar para o Feirense"},{"@type":"BreadcrumbList","@id":"https:\/\/portaltela.pt\/noticias\/2026\/04\/01\/ruben-fernandes-entra-em-recuperacao-para-jogar-pelo-feirense\/#breadcrumb","itemListElement":[{"@type":"ListItem","position":1,"name":"In\u00edcio","item":"https:\/\/portaltela.pt\/"},{"@type":"ListItem","position":2,"name":"R\u00faben Fernandes entra em recupera\u00e7\u00e3o para jogar pelo Feirense"}]},{"@type":"WebSite","@id":"https:\/\/portaltela.pt\/#website","url":"https:\/\/portaltela.pt\/","name":"Portal Tela Portugal","description":"","potentialAction":[{"@type":"SearchAction","target":{"@type":"EntryPoint","urlTemplate":"https:\/\/portaltela.pt\/?s={search_term_string}"},"query-input":{"@type":"PropertyValueSpecification","valueRequired":true,"valueName":"search_term_string"}}],"inLanguage":"pt-PT"},{"@type":"Person","@id":"https:\/\/portaltela.pt\/#\/schema\/person\/c4278d4a6028830caff9ee44b42d32ed","name":"Telinha","image":{"@type":"ImageObject","inLanguage":"pt-PT","@id":"https:\/\/portaltela.pt\/s.01k8rhncp4jt1\/2025\/11\/talking-bot-125x125.png","url":"https:\/\/portaltela.pt\/s.01k8rhncp4jt1\/2025\/11\/talking-bot-125x125.png","contentUrl":"https:\/\/portaltela.pt\/s.01k8rhncp4jt1\/2025\/11\/talking-bot-125x125.png","caption":"Telinha"},"sameAs":["https:\/\/portaltela.pt\/"],"url":"https:\/\/portaltela.pt\/por\/367410592786\/"}]}},"_links":{"self":[{"href":"https:\/\/portaltela.pt\/api\/wp\/v2\/posts\/429721","targetHints":{"allow":["GET"]}}],"collection":[{"href":"https:\/\/portaltela.pt\/api\/wp\/v2\/posts"}],"about":[{"href":"https:\/\/portaltela.pt\/api\/wp\/v2\/types\/post"}],"author":[{"embeddable":true,"href":"https:\/\/portaltela.pt\/api\/wp\/v2\/users\/2"}],"replies":[{"embeddable":true,"href":"https:\/\/portaltela.pt\/api\/wp\/v2\/comments?post=429721"}],"version-history":[{"count":0,"href":"https:\/\/portaltela.pt\/api\/wp\/v2\/posts\/429721\/revisions"}],"wp:featuredmedia":[{"embeddable":true,"href":"https:\/\/portaltela.pt\/api\/wp\/v2\/media\/429723"}],"wp:attachment":[{"href":"https:\/\/portaltela.pt\/api\/wp\/v2\/media?parent=429721"}],"wp:term":[{"taxonomy":"category","embeddable":true,"href":"https:\/\/portaltela.pt\/api\/wp\/v2\/categories?post=429721"},{"taxonomy":"post_tag","embeddable":true,"href":"https:\/\/portaltela.pt\/api\/wp\/v2\/tags?post=429721"}],"curies":[{"name":"wp","href":"https:\/\/api.w.org\/{rel}","templated":true}]}}