{"id":429703,"date":"2026-04-01T16:32:26","date_gmt":"2026-04-01T19:32:26","guid":{"rendered":"https:\/\/portaltela.pt\/noticias\/2026\/04\/01\/chissumba-volta-as-opcoes-de-custodio-para-viagem-a-vila-do-conde\/"},"modified":"2026-04-01T16:32:26","modified_gmt":"2026-04-01T19:32:26","slug":"chissumba-volta-as-opcoes-de-custodio-para-viagem-a-vila-do-conde","status":"publish","type":"post","link":"https:\/\/portaltela.pt\/desporto\/futebol\/2026\/04\/01\/chissumba-volta-as-opcoes-de-custodio-para-viagem-a-vila-do-conde\/","title":{"rendered":"Chissumba volta \u00e0s op\u00e7\u00f5es de Cust\u00f3dio para viagem a Vila do Conde"},"content":{"rendered":"<p>Francisco Chissumba voltou a integrar as op\u00e7\u00f5es de Cust\u00f3dio Castro para a desloca\u00e7\u00e3o a Vila do Conde, marcada para s\u00e1bado \u00e0s 18h00. O lateral-esquerdo, cedido pelo Sporting de Braga, sofreu uma les\u00e3o muscular na perna direita diante do Tondela a 13 de fevereiro e tem estado afastado.<\/p>\n<p>Chissumba regressa ao plantel num momento em que o Alverca atravessa uma sequ\u00eancia negativa de resultados. Desde 17 de janeiro, os ribatejanos n\u00e3o vencem, com 2-1 frente ao Moreirense a \u00fanica vit\u00f3ria neste per\u00edodo. Foram 9 jogos sem triunfos, com seis empates no registo.<\/p>\n<p>Na \u00faltima visita a Vila do Conde, para uma jornada da Liga portuguesa disputada a 16 de fevereiro de 2004, o Alverca saiu vitorioso por 2-1, com golos de Rodolfo Lima e Alex Afonso. A equipa procura repetir esse desempenho fora de casa.<\/p>\n<h3>Contexto recente<\/h3>\n<p>A equipa orientada por Cust\u00f3dio Castro pretende retomar o caminho das vit\u00f3rias no campeonato, ante um advers\u00e1rio a emitir sinais de for\u00e7a. A recupera\u00e7\u00e3o de Chissumba \u00e9 vista como argumento para a valoriza\u00e7\u00e3o do setor esquerdo.<\/p>\n","protected":false},"excerpt":{"rendered":"<ul>\n<li>Francisco Chissumba regressa \u00e0s op\u00e7\u00f5es de Cust\u00f3dio Castro para a desloca\u00e7\u00e3o a Vila do Conde, marcada para s\u00e1bado \u00e0s 18h00.<\/li>\n<li>O lateral-esquerdo, cedido pelo Sporting de Braga, lesionou-se frente ao Tondela a 13 de fevereiro, com um problema muscular na perna direita.<\/li>\n<li>Desde 17 de janeiro n\u00e3o conhecem o sabor das vit\u00f3rias, em nove jogos, com seis empates.<\/li>\n<li>Na \u00faltima desloca\u00e7\u00e3o a Vila do Conde, pela Liga portuguesa, o Alverca venceu por 2-1, em 16 de fevereiro de 2004, com golos de Rodolfo Lima e Alex Afonso.<\/li>\n<\/ul>\n","protected":false},"author":2,"featured_media":429704,"comment_status":"closed","ping_status":"closed","sticky":false,"template":"","format":"standard","meta":{"footnotes":""},"categories":[21,24],"tags":[4143,1230,7703,32,2538,1546],"class_list":["post-429703","post","type-post","status-publish","format-standard","has-post-thumbnail","hentry","category-desporto","category-futebol","tag-1-liga","tag-alverca","tag-chissumba","tag-futebol","tag-lesoes","tag-vila-do-conde"],"yoast_head":"<!-- This site is optimized with the Yoast SEO plugin v27.2 - https:\/\/yoast.com\/product\/yoast-seo-wordpress\/ -->\n<title>Chissumba volta \u00e0s op\u00e7\u00f5es de Cust\u00f3dio para viagem a Vila do Conde - Portal Tela Portugal<\/title>\n<meta name=\"robots\" content=\"index, follow, max-snippet:-1, max-image-preview:large, max-video-preview:-1\" \/>\n<meta property=\"og:locale\" content=\"pt_PT\" \/>\n<meta property=\"og:type\" content=\"article\" \/>\n<meta property=\"og:title\" content=\"Chissumba volta \u00e0s op\u00e7\u00f5es de Cust\u00f3dio para viagem a Vila do Conde - Portal Tela Portugal\" \/>\n<meta property=\"og:description\" content=\"Francisco Chissumba regressa \u00e0s op\u00e7\u00f5es de Cust\u00f3dio Castro para a desloca\u00e7\u00e3o a Vila do Conde, marcada para s\u00e1bado \u00e0s 18h00. O lateral-esquerdo, cedido pelo Sporting de Braga, lesionou-se frente ao Tondela a 13 de fevereiro, com um problema muscular na perna direita. Desde 17 de janeiro n\u00e3o conhecem o sabor das vit\u00f3rias, em nove jogos, com seis empates. Na \u00faltima desloca\u00e7\u00e3o a Vila do Conde, pela Liga portuguesa, o Alverca venceu por 2-1, em 16 de fevereiro de 2004, com golos de Rodolfo Lima e Alex Afonso.\" \/>\n<meta property=\"og:url\" content=\"https:\/\/portaltela.pt\/noticias\/2026\/04\/01\/chissumba-volta-as-opcoes-de-custodio-para-viagem-a-vila-do-conde\/\" \/>\n<meta property=\"og:site_name\" content=\"Portal Tela Portugal\" \/>\n<meta property=\"article:published_time\" content=\"2026-04-01T19:32:26+00:00\" \/>\n<meta name=\"author\" content=\"Telinha\" \/>\n<meta name=\"twitter:card\" content=\"summary_large_image\" \/>\n<meta name=\"twitter:label1\" content=\"Escrito por\" \/>\n\t<meta name=\"twitter:data1\" content=\"Telinha\" \/>\n\t<meta name=\"twitter:label2\" content=\"Tempo estimado de leitura\" \/>\n\t<meta name=\"twitter:data2\" content=\"1 minuto\" \/>\n<script type=\"application\/ld+json\" class=\"yoast-schema-graph\">{\"@context\":\"https:\/\/schema.org\",\"@graph\":[{\"@type\":\"Article\",\"@id\":\"https:\/\/portaltela.pt\/noticias\/2026\/04\/01\/chissumba-volta-as-opcoes-de-custodio-para-viagem-a-vila-do-conde\/#article\",\"isPartOf\":{\"@id\":\"https:\/\/portaltela.pt\/noticias\/2026\/04\/01\/chissumba-volta-as-opcoes-de-custodio-para-viagem-a-vila-do-conde\/\"},\"author\":{\"name\":\"Telinha\",\"@id\":\"https:\/\/portaltela.pt\/#\/schema\/person\/c4278d4a6028830caff9ee44b42d32ed\"},\"headline\":\"Chissumba volta \u00e0s op\u00e7\u00f5es de Cust\u00f3dio para viagem a Vila do Conde\",\"datePublished\":\"2026-04-01T19:32:26+00:00\",\"mainEntityOfPage\":{\"@id\":\"https:\/\/portaltela.pt\/noticias\/2026\/04\/01\/chissumba-volta-as-opcoes-de-custodio-para-viagem-a-vila-do-conde\/\"},\"wordCount\":195,\"image\":{\"@id\":\"https:\/\/portaltela.pt\/noticias\/2026\/04\/01\/chissumba-volta-as-opcoes-de-custodio-para-viagem-a-vila-do-conde\/#primaryimage\"},\"thumbnailUrl\":\"https:\/\/portaltela.pt\/s.01k8rhncp4jt1\/2026\/04\/img_920x518uu2026-02-02-19-05-22-2419110-im-639106721395943174.jpg\",\"keywords\":[\"1. Liga\",\"Alverca\",\"Chissumba\",\"futebol\",\"les\u00f5es\",\"Vila do Conde\"],\"articleSection\":[\"Desporto\",\"Futebol\"],\"inLanguage\":\"pt-PT\"},{\"@type\":\"WebPage\",\"@id\":\"https:\/\/portaltela.pt\/noticias\/2026\/04\/01\/chissumba-volta-as-opcoes-de-custodio-para-viagem-a-vila-do-conde\/\",\"url\":\"https:\/\/portaltela.pt\/noticias\/2026\/04\/01\/chissumba-volta-as-opcoes-de-custodio-para-viagem-a-vila-do-conde\/\",\"name\":\"Chissumba volta \u00e0s op\u00e7\u00f5es de Cust\u00f3dio para viagem a Vila do Conde - Portal Tela Portugal\",\"isPartOf\":{\"@id\":\"https:\/\/portaltela.pt\/#website\"},\"primaryImageOfPage\":{\"@id\":\"https:\/\/portaltela.pt\/noticias\/2026\/04\/01\/chissumba-volta-as-opcoes-de-custodio-para-viagem-a-vila-do-conde\/#primaryimage\"},\"image\":{\"@id\":\"https:\/\/portaltela.pt\/noticias\/2026\/04\/01\/chissumba-volta-as-opcoes-de-custodio-para-viagem-a-vila-do-conde\/#primaryimage\"},\"thumbnailUrl\":\"https:\/\/portaltela.pt\/s.01k8rhncp4jt1\/2026\/04\/img_920x518uu2026-02-02-19-05-22-2419110-im-639106721395943174.jpg\",\"datePublished\":\"2026-04-01T19:32:26+00:00\",\"author\":{\"@id\":\"https:\/\/portaltela.pt\/#\/schema\/person\/c4278d4a6028830caff9ee44b42d32ed\"},\"breadcrumb\":{\"@id\":\"https:\/\/portaltela.pt\/noticias\/2026\/04\/01\/chissumba-volta-as-opcoes-de-custodio-para-viagem-a-vila-do-conde\/#breadcrumb\"},\"inLanguage\":\"pt-PT\",\"potentialAction\":[{\"@type\":\"ReadAction\",\"target\":[\"https:\/\/portaltela.pt\/noticias\/2026\/04\/01\/chissumba-volta-as-opcoes-de-custodio-para-viagem-a-vila-do-conde\/\"]}]},{\"@type\":\"ImageObject\",\"inLanguage\":\"pt-PT\",\"@id\":\"https:\/\/portaltela.pt\/noticias\/2026\/04\/01\/chissumba-volta-as-opcoes-de-custodio-para-viagem-a-vila-do-conde\/#primaryimage\",\"url\":\"https:\/\/portaltela.pt\/s.01k8rhncp4jt1\/2026\/04\/img_920x518uu2026-02-02-19-05-22-2419110-im-639106721395943174.jpg\",\"contentUrl\":\"https:\/\/portaltela.pt\/s.01k8rhncp4jt1\/2026\/04\/img_920x518uu2026-02-02-19-05-22-2419110-im-639106721395943174.jpg\",\"width\":920,\"height\":518,\"caption\":\"Chissumba regressa \u00e0s op\u00e7\u00f5es de Cust\u00f3dio para a desloca\u00e7\u00e3o a Vila do Conde\"},{\"@type\":\"BreadcrumbList\",\"@id\":\"https:\/\/portaltela.pt\/noticias\/2026\/04\/01\/chissumba-volta-as-opcoes-de-custodio-para-viagem-a-vila-do-conde\/#breadcrumb\",\"itemListElement\":[{\"@type\":\"ListItem\",\"position\":1,\"name\":\"In\u00edcio\",\"item\":\"https:\/\/portaltela.pt\/\"},{\"@type\":\"ListItem\",\"position\":2,\"name\":\"Chissumba volta \u00e0s op\u00e7\u00f5es de Cust\u00f3dio para viagem a Vila do Conde\"}]},{\"@type\":\"WebSite\",\"@id\":\"https:\/\/portaltela.pt\/#website\",\"url\":\"https:\/\/portaltela.pt\/\",\"name\":\"Portal Tela Portugal\",\"description\":\"\",\"potentialAction\":[{\"@type\":\"SearchAction\",\"target\":{\"@type\":\"EntryPoint\",\"urlTemplate\":\"https:\/\/portaltela.pt\/?s={search_term_string}\"},\"query-input\":{\"@type\":\"PropertyValueSpecification\",\"valueRequired\":true,\"valueName\":\"search_term_string\"}}],\"inLanguage\":\"pt-PT\"},{\"@type\":\"Person\",\"@id\":\"https:\/\/portaltela.pt\/#\/schema\/person\/c4278d4a6028830caff9ee44b42d32ed\",\"name\":\"Telinha\",\"image\":{\"@type\":\"ImageObject\",\"inLanguage\":\"pt-PT\",\"@id\":\"https:\/\/portaltela.pt\/s.01k8rhncp4jt1\/2025\/11\/talking-bot-125x125.png\",\"url\":\"https:\/\/portaltela.pt\/s.01k8rhncp4jt1\/2025\/11\/talking-bot-125x125.png\",\"contentUrl\":\"https:\/\/portaltela.pt\/s.01k8rhncp4jt1\/2025\/11\/talking-bot-125x125.png\",\"caption\":\"Telinha\"},\"sameAs\":[\"https:\/\/portaltela.pt\/\"],\"url\":\"https:\/\/portaltela.pt\/por\/367410592786\/\"}]}<\/script>\n<!-- \/ Yoast SEO plugin. -->","yoast_head_json":{"title":"Chissumba volta \u00e0s op\u00e7\u00f5es de Cust\u00f3dio para viagem a Vila do Conde - Portal Tela Portugal","robots":{"index":"index","follow":"follow","max-snippet":"max-snippet:-1","max-image-preview":"max-image-preview:large","max-video-preview":"max-video-preview:-1"},"og_locale":"pt_PT","og_type":"article","og_title":"Chissumba volta \u00e0s op\u00e7\u00f5es de Cust\u00f3dio para viagem a Vila do Conde - Portal Tela Portugal","og_description":"Francisco Chissumba regressa \u00e0s op\u00e7\u00f5es de Cust\u00f3dio Castro para a desloca\u00e7\u00e3o a Vila do Conde, marcada para s\u00e1bado \u00e0s 18h00. O lateral-esquerdo, cedido pelo Sporting de Braga, lesionou-se frente ao Tondela a 13 de fevereiro, com um problema muscular na perna direita. Desde 17 de janeiro n\u00e3o conhecem o sabor das vit\u00f3rias, em nove jogos, com seis empates. Na \u00faltima desloca\u00e7\u00e3o a Vila do Conde, pela Liga portuguesa, o Alverca venceu por 2-1, em 16 de fevereiro de 2004, com golos de Rodolfo Lima e Alex Afonso.","og_url":"https:\/\/portaltela.pt\/noticias\/2026\/04\/01\/chissumba-volta-as-opcoes-de-custodio-para-viagem-a-vila-do-conde\/","og_site_name":"Portal Tela Portugal","article_published_time":"2026-04-01T19:32:26+00:00","author":"Telinha","twitter_card":"summary_large_image","twitter_misc":{"Escrito por":"Telinha","Tempo estimado de leitura":"1 minuto"},"schema":{"@context":"https:\/\/schema.org","@graph":[{"@type":"Article","@id":"https:\/\/portaltela.pt\/noticias\/2026\/04\/01\/chissumba-volta-as-opcoes-de-custodio-para-viagem-a-vila-do-conde\/#article","isPartOf":{"@id":"https:\/\/portaltela.pt\/noticias\/2026\/04\/01\/chissumba-volta-as-opcoes-de-custodio-para-viagem-a-vila-do-conde\/"},"author":{"name":"Telinha","@id":"https:\/\/portaltela.pt\/#\/schema\/person\/c4278d4a6028830caff9ee44b42d32ed"},"headline":"Chissumba volta \u00e0s op\u00e7\u00f5es de Cust\u00f3dio para viagem a Vila do Conde","datePublished":"2026-04-01T19:32:26+00:00","mainEntityOfPage":{"@id":"https:\/\/portaltela.pt\/noticias\/2026\/04\/01\/chissumba-volta-as-opcoes-de-custodio-para-viagem-a-vila-do-conde\/"},"wordCount":195,"image":{"@id":"https:\/\/portaltela.pt\/noticias\/2026\/04\/01\/chissumba-volta-as-opcoes-de-custodio-para-viagem-a-vila-do-conde\/#primaryimage"},"thumbnailUrl":"https:\/\/portaltela.pt\/s.01k8rhncp4jt1\/2026\/04\/img_920x518uu2026-02-02-19-05-22-2419110-im-639106721395943174.jpg","keywords":["1. Liga","Alverca","Chissumba","futebol","les\u00f5es","Vila do Conde"],"articleSection":["Desporto","Futebol"],"inLanguage":"pt-PT"},{"@type":"WebPage","@id":"https:\/\/portaltela.pt\/noticias\/2026\/04\/01\/chissumba-volta-as-opcoes-de-custodio-para-viagem-a-vila-do-conde\/","url":"https:\/\/portaltela.pt\/noticias\/2026\/04\/01\/chissumba-volta-as-opcoes-de-custodio-para-viagem-a-vila-do-conde\/","name":"Chissumba volta \u00e0s op\u00e7\u00f5es de Cust\u00f3dio para viagem a Vila do Conde - Portal Tela Portugal","isPartOf":{"@id":"https:\/\/portaltela.pt\/#website"},"primaryImageOfPage":{"@id":"https:\/\/portaltela.pt\/noticias\/2026\/04\/01\/chissumba-volta-as-opcoes-de-custodio-para-viagem-a-vila-do-conde\/#primaryimage"},"image":{"@id":"https:\/\/portaltela.pt\/noticias\/2026\/04\/01\/chissumba-volta-as-opcoes-de-custodio-para-viagem-a-vila-do-conde\/#primaryimage"},"thumbnailUrl":"https:\/\/portaltela.pt\/s.01k8rhncp4jt1\/2026\/04\/img_920x518uu2026-02-02-19-05-22-2419110-im-639106721395943174.jpg","datePublished":"2026-04-01T19:32:26+00:00","author":{"@id":"https:\/\/portaltela.pt\/#\/schema\/person\/c4278d4a6028830caff9ee44b42d32ed"},"breadcrumb":{"@id":"https:\/\/portaltela.pt\/noticias\/2026\/04\/01\/chissumba-volta-as-opcoes-de-custodio-para-viagem-a-vila-do-conde\/#breadcrumb"},"inLanguage":"pt-PT","potentialAction":[{"@type":"ReadAction","target":["https:\/\/portaltela.pt\/noticias\/2026\/04\/01\/chissumba-volta-as-opcoes-de-custodio-para-viagem-a-vila-do-conde\/"]}]},{"@type":"ImageObject","inLanguage":"pt-PT","@id":"https:\/\/portaltela.pt\/noticias\/2026\/04\/01\/chissumba-volta-as-opcoes-de-custodio-para-viagem-a-vila-do-conde\/#primaryimage","url":"https:\/\/portaltela.pt\/s.01k8rhncp4jt1\/2026\/04\/img_920x518uu2026-02-02-19-05-22-2419110-im-639106721395943174.jpg","contentUrl":"https:\/\/portaltela.pt\/s.01k8rhncp4jt1\/2026\/04\/img_920x518uu2026-02-02-19-05-22-2419110-im-639106721395943174.jpg","width":920,"height":518,"caption":"Chissumba regressa \u00e0s op\u00e7\u00f5es de Cust\u00f3dio para a desloca\u00e7\u00e3o a Vila do Conde"},{"@type":"BreadcrumbList","@id":"https:\/\/portaltela.pt\/noticias\/2026\/04\/01\/chissumba-volta-as-opcoes-de-custodio-para-viagem-a-vila-do-conde\/#breadcrumb","itemListElement":[{"@type":"ListItem","position":1,"name":"In\u00edcio","item":"https:\/\/portaltela.pt\/"},{"@type":"ListItem","position":2,"name":"Chissumba volta \u00e0s op\u00e7\u00f5es de Cust\u00f3dio para viagem a Vila do Conde"}]},{"@type":"WebSite","@id":"https:\/\/portaltela.pt\/#website","url":"https:\/\/portaltela.pt\/","name":"Portal Tela Portugal","description":"","potentialAction":[{"@type":"SearchAction","target":{"@type":"EntryPoint","urlTemplate":"https:\/\/portaltela.pt\/?s={search_term_string}"},"query-input":{"@type":"PropertyValueSpecification","valueRequired":true,"valueName":"search_term_string"}}],"inLanguage":"pt-PT"},{"@type":"Person","@id":"https:\/\/portaltela.pt\/#\/schema\/person\/c4278d4a6028830caff9ee44b42d32ed","name":"Telinha","image":{"@type":"ImageObject","inLanguage":"pt-PT","@id":"https:\/\/portaltela.pt\/s.01k8rhncp4jt1\/2025\/11\/talking-bot-125x125.png","url":"https:\/\/portaltela.pt\/s.01k8rhncp4jt1\/2025\/11\/talking-bot-125x125.png","contentUrl":"https:\/\/portaltela.pt\/s.01k8rhncp4jt1\/2025\/11\/talking-bot-125x125.png","caption":"Telinha"},"sameAs":["https:\/\/portaltela.pt\/"],"url":"https:\/\/portaltela.pt\/por\/367410592786\/"}]}},"_links":{"self":[{"href":"https:\/\/portaltela.pt\/api\/wp\/v2\/posts\/429703","targetHints":{"allow":["GET"]}}],"collection":[{"href":"https:\/\/portaltela.pt\/api\/wp\/v2\/posts"}],"about":[{"href":"https:\/\/portaltela.pt\/api\/wp\/v2\/types\/post"}],"author":[{"embeddable":true,"href":"https:\/\/portaltela.pt\/api\/wp\/v2\/users\/2"}],"replies":[{"embeddable":true,"href":"https:\/\/portaltela.pt\/api\/wp\/v2\/comments?post=429703"}],"version-history":[{"count":0,"href":"https:\/\/portaltela.pt\/api\/wp\/v2\/posts\/429703\/revisions"}],"wp:featuredmedia":[{"embeddable":true,"href":"https:\/\/portaltela.pt\/api\/wp\/v2\/media\/429704"}],"wp:attachment":[{"href":"https:\/\/portaltela.pt\/api\/wp\/v2\/media?parent=429703"}],"wp:term":[{"taxonomy":"category","embeddable":true,"href":"https:\/\/portaltela.pt\/api\/wp\/v2\/categories?post=429703"},{"taxonomy":"post_tag","embeddable":true,"href":"https:\/\/portaltela.pt\/api\/wp\/v2\/tags?post=429703"}],"curies":[{"name":"wp","href":"https:\/\/api.w.org\/{rel}","templated":true}]}}