{"id":429670,"date":"2026-04-01T16:02:42","date_gmt":"2026-04-01T19:02:42","guid":{"rendered":"https:\/\/portaltela.pt\/noticias\/2026\/04\/01\/psicologa-diz-que-realities-refletem-vida-pessoal-e-publico-toma-partido\/"},"modified":"2026-04-01T16:02:42","modified_gmt":"2026-04-01T19:02:42","slug":"psicologa-diz-que-realities-refletem-vida-pessoal-e-publico-toma-partido","status":"publish","type":"post","link":"https:\/\/portaltela.pt\/series-e-filmes\/2026\/04\/01\/psicologa-diz-que-realities-refletem-vida-pessoal-e-publico-toma-partido\/","title":{"rendered":"Psic\u00f3loga diz que realities refletem vida pessoal e p\u00fablico toma partido"},"content":{"rendered":"<p>A psic\u00f3loga Ana Pereira afirma que as hist\u00f3rias de reality show funcionam como um espelho da vida pessoal, e que o p\u00fablico tende a tomar partido. A observa\u00e7\u00e3o \u00e9 feita no \u00e2mbito da terceira parte da Investiga\u00e7\u00e3o CM, emitida pela CMTV a 1 de abril de 2026.<\/p>\n<p>Segundo a especialista, os formatos televisivos criam um espelho social onde as pessoas se identificam com as emo\u00e7\u00f5es, conflitos e situa\u00e7\u00f5es apresentadas pelos participantes. Essa identifica\u00e7\u00e3o molda a percep\u00e7\u00e3o da realidade.<\/p>\n<p>Para Ana Pereira, essa liga\u00e7\u00e3o emocional refor\u00e7a o envolvimento com o programa, j\u00e1 que os espectadores apoiam ou criticam os protagonistas conforme o desenrolar dos acontecimentos.<\/p>\n<p>Apesar do potencial positivo, a psic\u00f3loga alerta para a distor\u00e7\u00e3o da realidade que pode surgir. A narrativa dram\u00e1tica pode influenciar perce\u00e7\u00f5es sociais e individuais de forma n\u00e3o fiel.<\/p>\n<p>A especialista recomenda uma postura cr\u00edtica, lembrando que o conte\u00fado \u00e9 constru\u00eddo e, por vezes, exagerado para efeito dram\u00e1tico. A leitura cuidadosa ajuda a evitar interpreta\u00e7\u00f5es erradas.<\/p>\n<h3>Impacto emocional dos reality shows<\/h3>\n<p>A pesquisadora destaca que a identifica\u00e7\u00e3o com personagens pode servir como ferramenta de autorreflex\u00e3o, influenciando debates entre espectadores sobre comportamentos e emo\u00e7\u00f5es.<\/p>\n<h3>Riscos e cuidados na visualiza\u00e7\u00e3o<\/h3>\n<p>Ana Pereira sublinha a necessidade de distinguir entre fic\u00e7\u00e3o e realidade, evitando que a dramatiza\u00e7\u00e3o determine julgamentos sobre pessoas ou situa\u00e7\u00f5es reais.<\/p>\n<h3>Sobre a autora<\/h3>\n<p>A psic\u00f3loga \u00e9 especialista em psicologia social e media, com experi\u00eancia em comunica\u00e7\u00e3o e comportamento humano.<\/p>\n","protected":false},"excerpt":{"rendered":"<ul>\n<li>A psic\u00f3loga Ana Pereira diz que as hist\u00f3rias em reality show funcionam como espelho da vida pessoal e que o p\u00fablico tende a tomar partido dos protagonistas.<\/li>\n<li>Os programas criam uma reflex\u00e3o social, com o p\u00fablico identificando-se com emo\u00e7\u00f5es, conflitos e situa\u00e7\u00f5es apresentadas na TV.<\/li>\n<li>Essa identifica\u00e7\u00e3o emocional fortalece a liga\u00e7\u00e3o entre o p\u00fablico e o programa, ajudando as pessoas a lidar com quest\u00f5es internas.<\/li>\n<li>Os reality shows podem ter impacto positivo ao favorecer a reflex\u00e3o sobre a pr\u00f3pria vida, mas tamb\u00e9m podem distorcer a perce\u00e7\u00e3o da realidade.<\/li>\n<li>A especialista recomenda uma postura cr\u00edtica e consciente, lembrando que o conte\u00fado \u00e9 ficcional ou semi-ficcional, muitas vezes dramatizado para efeito narrativo.<\/li>\n<\/ul>\n","protected":false},"author":2,"featured_media":429673,"comment_status":"closed","ping_status":"closed","sticky":false,"template":"","format":"standard","meta":{"footnotes":""},"categories":[12,7368],"tags":[4662,5326,506,2249,7438,7409],"class_list":["post-429670","post","type-post","status-publish","format-standard","has-post-thumbnail","hentry","category-entretenimento","category-series-e-filmes","tag-audiencias","tag-comunicacao-social","tag-imprensa","tag-psicologia","tag-psicossocial","tag-televisoes"],"yoast_head":"<!-- This site is optimized with the Yoast SEO plugin v27.2 - https:\/\/yoast.com\/product\/yoast-seo-wordpress\/ -->\n<title>Psic\u00f3loga diz que realities refletem vida pessoal e p\u00fablico toma partido - Portal Tela Portugal<\/title>\n<meta name=\"robots\" content=\"index, follow, max-snippet:-1, max-image-preview:large, max-video-preview:-1\" \/>\n<meta property=\"og:locale\" content=\"pt_PT\" \/>\n<meta property=\"og:type\" content=\"article\" \/>\n<meta property=\"og:title\" content=\"Psic\u00f3loga diz que realities refletem vida pessoal e p\u00fablico toma partido - Portal Tela Portugal\" \/>\n<meta property=\"og:description\" content=\"A psic\u00f3loga Ana Pereira diz que as hist\u00f3rias em reality show funcionam como espelho da vida pessoal e que o p\u00fablico tende a tomar partido dos protagonistas. Os programas criam uma reflex\u00e3o social, com o p\u00fablico identificando-se com emo\u00e7\u00f5es, conflitos e situa\u00e7\u00f5es apresentadas na TV. Essa identifica\u00e7\u00e3o emocional fortalece a liga\u00e7\u00e3o entre o p\u00fablico e o programa, ajudando as pessoas a lidar com quest\u00f5es internas. Os reality shows podem ter impacto positivo ao favorecer a reflex\u00e3o sobre a pr\u00f3pria vida, mas tamb\u00e9m podem distorcer a perce\u00e7\u00e3o da realidade. A especialista recomenda uma postura cr\u00edtica e consciente, lembrando que o conte\u00fado \u00e9 ficcional ou semi-ficcional, muitas vezes dramatizado para efeito narrativo.\" \/>\n<meta property=\"og:url\" content=\"https:\/\/portaltela.pt\/noticias\/2026\/04\/01\/psicologa-diz-que-realities-refletem-vida-pessoal-e-publico-toma-partido\/\" \/>\n<meta property=\"og:site_name\" content=\"Portal Tela Portugal\" \/>\n<meta property=\"article:published_time\" content=\"2026-04-01T19:02:42+00:00\" \/>\n<meta name=\"author\" content=\"Telinha\" \/>\n<meta name=\"twitter:card\" content=\"summary_large_image\" \/>\n<meta name=\"twitter:label1\" content=\"Escrito por\" \/>\n\t<meta name=\"twitter:data1\" content=\"Telinha\" \/>\n\t<meta name=\"twitter:label2\" content=\"Tempo estimado de leitura\" \/>\n\t<meta name=\"twitter:data2\" content=\"1 minuto\" \/>\n<script type=\"application\/ld+json\" class=\"yoast-schema-graph\">{\"@context\":\"https:\/\/schema.org\",\"@graph\":[{\"@type\":\"Article\",\"@id\":\"https:\/\/portaltela.pt\/noticias\/2026\/04\/01\/psicologa-diz-que-realities-refletem-vida-pessoal-e-publico-toma-partido\/#article\",\"isPartOf\":{\"@id\":\"https:\/\/portaltela.pt\/noticias\/2026\/04\/01\/psicologa-diz-que-realities-refletem-vida-pessoal-e-publico-toma-partido\/\"},\"author\":{\"name\":\"Telinha\",\"@id\":\"https:\/\/portaltela.pt\/#\/schema\/person\/c4278d4a6028830caff9ee44b42d32ed\"},\"headline\":\"Psic\u00f3loga diz que realities refletem vida pessoal e p\u00fablico toma partido\",\"datePublished\":\"2026-04-01T19:02:42+00:00\",\"mainEntityOfPage\":{\"@id\":\"https:\/\/portaltela.pt\/noticias\/2026\/04\/01\/psicologa-diz-que-realities-refletem-vida-pessoal-e-publico-toma-partido\/\"},\"wordCount\":271,\"image\":{\"@id\":\"https:\/\/portaltela.pt\/noticias\/2026\/04\/01\/psicologa-diz-que-realities-refletem-vida-pessoal-e-publico-toma-partido\/#primaryimage\"},\"thumbnailUrl\":\"https:\/\/portaltela.pt\/s.01k8rhncp4jt1\/2026\/04\/img_1280x722uu2026-04-01-19-48-52-2276096.jpg\",\"keywords\":[\"audi\u00eancias\",\"comunica\u00e7\u00e3o social\",\"imprensa\",\"psicologia\",\"psicossocial\",\"televis\u00f5es\"],\"articleSection\":[\"Entretenimento\",\"S\u00e9ries e filmes\"],\"inLanguage\":\"pt-PT\"},{\"@type\":\"WebPage\",\"@id\":\"https:\/\/portaltela.pt\/noticias\/2026\/04\/01\/psicologa-diz-que-realities-refletem-vida-pessoal-e-publico-toma-partido\/\",\"url\":\"https:\/\/portaltela.pt\/noticias\/2026\/04\/01\/psicologa-diz-que-realities-refletem-vida-pessoal-e-publico-toma-partido\/\",\"name\":\"Psic\u00f3loga diz que realities refletem vida pessoal e p\u00fablico toma partido - Portal Tela Portugal\",\"isPartOf\":{\"@id\":\"https:\/\/portaltela.pt\/#website\"},\"primaryImageOfPage\":{\"@id\":\"https:\/\/portaltela.pt\/noticias\/2026\/04\/01\/psicologa-diz-que-realities-refletem-vida-pessoal-e-publico-toma-partido\/#primaryimage\"},\"image\":{\"@id\":\"https:\/\/portaltela.pt\/noticias\/2026\/04\/01\/psicologa-diz-que-realities-refletem-vida-pessoal-e-publico-toma-partido\/#primaryimage\"},\"thumbnailUrl\":\"https:\/\/portaltela.pt\/s.01k8rhncp4jt1\/2026\/04\/img_1280x722uu2026-04-01-19-48-52-2276096.jpg\",\"datePublished\":\"2026-04-01T19:02:42+00:00\",\"author\":{\"@id\":\"https:\/\/portaltela.pt\/#\/schema\/person\/c4278d4a6028830caff9ee44b42d32ed\"},\"breadcrumb\":{\"@id\":\"https:\/\/portaltela.pt\/noticias\/2026\/04\/01\/psicologa-diz-que-realities-refletem-vida-pessoal-e-publico-toma-partido\/#breadcrumb\"},\"inLanguage\":\"pt-PT\",\"potentialAction\":[{\"@type\":\"ReadAction\",\"target\":[\"https:\/\/portaltela.pt\/noticias\/2026\/04\/01\/psicologa-diz-que-realities-refletem-vida-pessoal-e-publico-toma-partido\/\"]}]},{\"@type\":\"ImageObject\",\"inLanguage\":\"pt-PT\",\"@id\":\"https:\/\/portaltela.pt\/noticias\/2026\/04\/01\/psicologa-diz-que-realities-refletem-vida-pessoal-e-publico-toma-partido\/#primaryimage\",\"url\":\"https:\/\/portaltela.pt\/s.01k8rhncp4jt1\/2026\/04\/img_1280x722uu2026-04-01-19-48-52-2276096.jpg\",\"contentUrl\":\"https:\/\/portaltela.pt\/s.01k8rhncp4jt1\/2026\/04\/img_1280x722uu2026-04-01-19-48-52-2276096.jpg\",\"width\":1280,\"height\":722,\"caption\":\"Photo\"},{\"@type\":\"BreadcrumbList\",\"@id\":\"https:\/\/portaltela.pt\/noticias\/2026\/04\/01\/psicologa-diz-que-realities-refletem-vida-pessoal-e-publico-toma-partido\/#breadcrumb\",\"itemListElement\":[{\"@type\":\"ListItem\",\"position\":1,\"name\":\"In\u00edcio\",\"item\":\"https:\/\/portaltela.pt\/\"},{\"@type\":\"ListItem\",\"position\":2,\"name\":\"Psic\u00f3loga diz que realities refletem vida pessoal e p\u00fablico toma partido\"}]},{\"@type\":\"WebSite\",\"@id\":\"https:\/\/portaltela.pt\/#website\",\"url\":\"https:\/\/portaltela.pt\/\",\"name\":\"Portal Tela Portugal\",\"description\":\"\",\"potentialAction\":[{\"@type\":\"SearchAction\",\"target\":{\"@type\":\"EntryPoint\",\"urlTemplate\":\"https:\/\/portaltela.pt\/?s={search_term_string}\"},\"query-input\":{\"@type\":\"PropertyValueSpecification\",\"valueRequired\":true,\"valueName\":\"search_term_string\"}}],\"inLanguage\":\"pt-PT\"},{\"@type\":\"Person\",\"@id\":\"https:\/\/portaltela.pt\/#\/schema\/person\/c4278d4a6028830caff9ee44b42d32ed\",\"name\":\"Telinha\",\"image\":{\"@type\":\"ImageObject\",\"inLanguage\":\"pt-PT\",\"@id\":\"https:\/\/portaltela.pt\/s.01k8rhncp4jt1\/2025\/11\/talking-bot-125x125.png\",\"url\":\"https:\/\/portaltela.pt\/s.01k8rhncp4jt1\/2025\/11\/talking-bot-125x125.png\",\"contentUrl\":\"https:\/\/portaltela.pt\/s.01k8rhncp4jt1\/2025\/11\/talking-bot-125x125.png\",\"caption\":\"Telinha\"},\"sameAs\":[\"https:\/\/portaltela.pt\/\"],\"url\":\"https:\/\/portaltela.pt\/por\/367410592786\/\"}]}<\/script>\n<!-- \/ Yoast SEO plugin. -->","yoast_head_json":{"title":"Psic\u00f3loga diz que realities refletem vida pessoal e p\u00fablico toma partido - Portal Tela Portugal","robots":{"index":"index","follow":"follow","max-snippet":"max-snippet:-1","max-image-preview":"max-image-preview:large","max-video-preview":"max-video-preview:-1"},"og_locale":"pt_PT","og_type":"article","og_title":"Psic\u00f3loga diz que realities refletem vida pessoal e p\u00fablico toma partido - Portal Tela Portugal","og_description":"A psic\u00f3loga Ana Pereira diz que as hist\u00f3rias em reality show funcionam como espelho da vida pessoal e que o p\u00fablico tende a tomar partido dos protagonistas. Os programas criam uma reflex\u00e3o social, com o p\u00fablico identificando-se com emo\u00e7\u00f5es, conflitos e situa\u00e7\u00f5es apresentadas na TV. Essa identifica\u00e7\u00e3o emocional fortalece a liga\u00e7\u00e3o entre o p\u00fablico e o programa, ajudando as pessoas a lidar com quest\u00f5es internas. Os reality shows podem ter impacto positivo ao favorecer a reflex\u00e3o sobre a pr\u00f3pria vida, mas tamb\u00e9m podem distorcer a perce\u00e7\u00e3o da realidade. A especialista recomenda uma postura cr\u00edtica e consciente, lembrando que o conte\u00fado \u00e9 ficcional ou semi-ficcional, muitas vezes dramatizado para efeito narrativo.","og_url":"https:\/\/portaltela.pt\/noticias\/2026\/04\/01\/psicologa-diz-que-realities-refletem-vida-pessoal-e-publico-toma-partido\/","og_site_name":"Portal Tela Portugal","article_published_time":"2026-04-01T19:02:42+00:00","author":"Telinha","twitter_card":"summary_large_image","twitter_misc":{"Escrito por":"Telinha","Tempo estimado de leitura":"1 minuto"},"schema":{"@context":"https:\/\/schema.org","@graph":[{"@type":"Article","@id":"https:\/\/portaltela.pt\/noticias\/2026\/04\/01\/psicologa-diz-que-realities-refletem-vida-pessoal-e-publico-toma-partido\/#article","isPartOf":{"@id":"https:\/\/portaltela.pt\/noticias\/2026\/04\/01\/psicologa-diz-que-realities-refletem-vida-pessoal-e-publico-toma-partido\/"},"author":{"name":"Telinha","@id":"https:\/\/portaltela.pt\/#\/schema\/person\/c4278d4a6028830caff9ee44b42d32ed"},"headline":"Psic\u00f3loga diz que realities refletem vida pessoal e p\u00fablico toma partido","datePublished":"2026-04-01T19:02:42+00:00","mainEntityOfPage":{"@id":"https:\/\/portaltela.pt\/noticias\/2026\/04\/01\/psicologa-diz-que-realities-refletem-vida-pessoal-e-publico-toma-partido\/"},"wordCount":271,"image":{"@id":"https:\/\/portaltela.pt\/noticias\/2026\/04\/01\/psicologa-diz-que-realities-refletem-vida-pessoal-e-publico-toma-partido\/#primaryimage"},"thumbnailUrl":"https:\/\/portaltela.pt\/s.01k8rhncp4jt1\/2026\/04\/img_1280x722uu2026-04-01-19-48-52-2276096.jpg","keywords":["audi\u00eancias","comunica\u00e7\u00e3o social","imprensa","psicologia","psicossocial","televis\u00f5es"],"articleSection":["Entretenimento","S\u00e9ries e filmes"],"inLanguage":"pt-PT"},{"@type":"WebPage","@id":"https:\/\/portaltela.pt\/noticias\/2026\/04\/01\/psicologa-diz-que-realities-refletem-vida-pessoal-e-publico-toma-partido\/","url":"https:\/\/portaltela.pt\/noticias\/2026\/04\/01\/psicologa-diz-que-realities-refletem-vida-pessoal-e-publico-toma-partido\/","name":"Psic\u00f3loga diz que realities refletem vida pessoal e p\u00fablico toma partido - Portal Tela Portugal","isPartOf":{"@id":"https:\/\/portaltela.pt\/#website"},"primaryImageOfPage":{"@id":"https:\/\/portaltela.pt\/noticias\/2026\/04\/01\/psicologa-diz-que-realities-refletem-vida-pessoal-e-publico-toma-partido\/#primaryimage"},"image":{"@id":"https:\/\/portaltela.pt\/noticias\/2026\/04\/01\/psicologa-diz-que-realities-refletem-vida-pessoal-e-publico-toma-partido\/#primaryimage"},"thumbnailUrl":"https:\/\/portaltela.pt\/s.01k8rhncp4jt1\/2026\/04\/img_1280x722uu2026-04-01-19-48-52-2276096.jpg","datePublished":"2026-04-01T19:02:42+00:00","author":{"@id":"https:\/\/portaltela.pt\/#\/schema\/person\/c4278d4a6028830caff9ee44b42d32ed"},"breadcrumb":{"@id":"https:\/\/portaltela.pt\/noticias\/2026\/04\/01\/psicologa-diz-que-realities-refletem-vida-pessoal-e-publico-toma-partido\/#breadcrumb"},"inLanguage":"pt-PT","potentialAction":[{"@type":"ReadAction","target":["https:\/\/portaltela.pt\/noticias\/2026\/04\/01\/psicologa-diz-que-realities-refletem-vida-pessoal-e-publico-toma-partido\/"]}]},{"@type":"ImageObject","inLanguage":"pt-PT","@id":"https:\/\/portaltela.pt\/noticias\/2026\/04\/01\/psicologa-diz-que-realities-refletem-vida-pessoal-e-publico-toma-partido\/#primaryimage","url":"https:\/\/portaltela.pt\/s.01k8rhncp4jt1\/2026\/04\/img_1280x722uu2026-04-01-19-48-52-2276096.jpg","contentUrl":"https:\/\/portaltela.pt\/s.01k8rhncp4jt1\/2026\/04\/img_1280x722uu2026-04-01-19-48-52-2276096.jpg","width":1280,"height":722,"caption":"Photo"},{"@type":"BreadcrumbList","@id":"https:\/\/portaltela.pt\/noticias\/2026\/04\/01\/psicologa-diz-que-realities-refletem-vida-pessoal-e-publico-toma-partido\/#breadcrumb","itemListElement":[{"@type":"ListItem","position":1,"name":"In\u00edcio","item":"https:\/\/portaltela.pt\/"},{"@type":"ListItem","position":2,"name":"Psic\u00f3loga diz que realities refletem vida pessoal e p\u00fablico toma partido"}]},{"@type":"WebSite","@id":"https:\/\/portaltela.pt\/#website","url":"https:\/\/portaltela.pt\/","name":"Portal Tela Portugal","description":"","potentialAction":[{"@type":"SearchAction","target":{"@type":"EntryPoint","urlTemplate":"https:\/\/portaltela.pt\/?s={search_term_string}"},"query-input":{"@type":"PropertyValueSpecification","valueRequired":true,"valueName":"search_term_string"}}],"inLanguage":"pt-PT"},{"@type":"Person","@id":"https:\/\/portaltela.pt\/#\/schema\/person\/c4278d4a6028830caff9ee44b42d32ed","name":"Telinha","image":{"@type":"ImageObject","inLanguage":"pt-PT","@id":"https:\/\/portaltela.pt\/s.01k8rhncp4jt1\/2025\/11\/talking-bot-125x125.png","url":"https:\/\/portaltela.pt\/s.01k8rhncp4jt1\/2025\/11\/talking-bot-125x125.png","contentUrl":"https:\/\/portaltela.pt\/s.01k8rhncp4jt1\/2025\/11\/talking-bot-125x125.png","caption":"Telinha"},"sameAs":["https:\/\/portaltela.pt\/"],"url":"https:\/\/portaltela.pt\/por\/367410592786\/"}]}},"_links":{"self":[{"href":"https:\/\/portaltela.pt\/api\/wp\/v2\/posts\/429670","targetHints":{"allow":["GET"]}}],"collection":[{"href":"https:\/\/portaltela.pt\/api\/wp\/v2\/posts"}],"about":[{"href":"https:\/\/portaltela.pt\/api\/wp\/v2\/types\/post"}],"author":[{"embeddable":true,"href":"https:\/\/portaltela.pt\/api\/wp\/v2\/users\/2"}],"replies":[{"embeddable":true,"href":"https:\/\/portaltela.pt\/api\/wp\/v2\/comments?post=429670"}],"version-history":[{"count":0,"href":"https:\/\/portaltela.pt\/api\/wp\/v2\/posts\/429670\/revisions"}],"wp:featuredmedia":[{"embeddable":true,"href":"https:\/\/portaltela.pt\/api\/wp\/v2\/media\/429673"}],"wp:attachment":[{"href":"https:\/\/portaltela.pt\/api\/wp\/v2\/media?parent=429670"}],"wp:term":[{"taxonomy":"category","embeddable":true,"href":"https:\/\/portaltela.pt\/api\/wp\/v2\/categories?post=429670"},{"taxonomy":"post_tag","embeddable":true,"href":"https:\/\/portaltela.pt\/api\/wp\/v2\/tags?post=429670"}],"curies":[{"name":"wp","href":"https:\/\/api.w.org\/{rel}","templated":true}]}}