{"id":429660,"date":"2026-04-01T16:02:27","date_gmt":"2026-04-01T19:02:27","guid":{"rendered":"https:\/\/portaltela.pt\/noticias\/2026\/04\/01\/afonso-moreira-mira-a-champions-e-assume-perder-o-dinheiro-das-reservas\/"},"modified":"2026-04-01T16:02:27","modified_gmt":"2026-04-01T19:02:27","slug":"afonso-moreira-mira-a-champions-e-assume-perder-o-dinheiro-das-reservas","status":"publish","type":"post","link":"https:\/\/portaltela.pt\/desporto\/futebol\/2026\/04\/01\/afonso-moreira-mira-a-champions-e-assume-perder-o-dinheiro-das-reservas\/","title":{"rendered":"Afonso Moreira mira a Champions e assume perder o dinheiro das reservas"},"content":{"rendered":"<p>Afonso Moreira, extremo portugu\u00eas do Lyon, revelou ao Le Progr\u00e8s que sonha jogar a Liga dos Campe\u00f5es na pr\u00f3xima \u00e9poca. O clube franc\u00eas ocupa o 4\u00ba lugar da Ligue 1 e ambiciona chegar \u00e0 Liga milion\u00e1ria em 2026\/27, possivelmente atrav\u00e9s do playoff.<\/p>\n<p>O jogador admite que j\u00e1 planeia o ver\u00e3o junto de amigos, mas mant\u00e9m foco na equipa. Em caso de presen\u00e7a na Champions, diz que n\u00e3o se importaria de abrir m\u00e3o de parte do dinheiro reservado para as f\u00e9rias.<\/p>\n<p>Moreira tem 30 jogos com a camisola lyonnaise, com 6 golos e 9 assist\u00eancias, desde a sua chegada ao clube. O Lyon continua dependente de resultados para segurar ou melhorar a posi\u00e7\u00e3o na classifica\u00e7\u00e3o.<\/p>\n<h3>Contexto atual e perspetivas<\/h3>\n<p>A equipa francesa persiste na luta por uma vaga direta ou por playoff na Champions, com tens\u00e3o na reta final do campeonato. Representa uma ambi\u00e7\u00e3o clara de refor\u00e7ar o seu projeto competitivo na competi\u00e7\u00e3o europeia.<\/p>\n<h3>Desempenho do jogador<\/h3>\n<p>Afonso Moreira soma contributos significativos no ataque, com participa\u00e7\u00e3o direta em golos ao longo da \u00e9poca. O foco passa pela consist\u00eancia e pela adapta\u00e7\u00e3o ao ritmo da Ligue 1, visando consolidar a titularidade.<\/p>\n","protected":false},"excerpt":{"rendered":"<ul>\n<li>O portugu\u00eas Afonso Moreira, jogador do Lyon, disse que seria um sonho jogar na Liga dos Campe\u00f5es na pr\u00f3xima temporada.<\/li>\n<li>Em declara\u00e7\u00f5es ao Le Progr\u00e8s, o atleta admite que j\u00e1 planeia o ver\u00e3o, mas est\u00e1 focado na possibilidade de chegar \u00e0 Champions.<\/li>\n<li>O Lyon est\u00e1 atualmente no 4\u00ba lugar da Ligue 1 e tem perspetivas de acesso \u00e0 liga milion\u00e1ria em 2026\/27, possivelmente via playoff.<\/li>\n<li>Moreira acrescentou que n\u00e3o se importaria de perder o dinheiro das reservas se isso significasse competir na Champions.<\/li>\n<li>O meio-campo tem 30 jogos pelo Lyon, com 6 golos marcados e 9 assist\u00eancias.<\/li>\n<\/ul>\n","protected":false},"author":2,"featured_media":429665,"comment_status":"closed","ping_status":"closed","sticky":false,"template":"","format":"standard","meta":{"footnotes":""},"categories":[21,24],"tags":[3577,152,32,1822,125,1014],"class_list":["post-429660","post","type-post","status-publish","format-standard","has-post-thumbnail","hentry","category-desporto","category-futebol","tag-champions-league","tag-desporto","tag-futebol","tag-ligue-1","tag-playoffs","tag-portugal"],"yoast_head":"<!-- This site is optimized with the Yoast SEO plugin v27.2 - https:\/\/yoast.com\/product\/yoast-seo-wordpress\/ -->\n<title>Afonso Moreira mira a Champions e assume perder o dinheiro das reservas - Portal Tela Portugal<\/title>\n<meta name=\"robots\" content=\"index, follow, max-snippet:-1, max-image-preview:large, max-video-preview:-1\" \/>\n<meta property=\"og:locale\" content=\"pt_PT\" \/>\n<meta property=\"og:type\" content=\"article\" \/>\n<meta property=\"og:title\" content=\"Afonso Moreira mira a Champions e assume perder o dinheiro das reservas - Portal Tela Portugal\" \/>\n<meta property=\"og:description\" content=\"O portugu\u00eas Afonso Moreira, jogador do Lyon, disse que seria um sonho jogar na Liga dos Campe\u00f5es na pr\u00f3xima temporada. Em declara\u00e7\u00f5es ao Le Progr\u00e8s, o atleta admite que j\u00e1 planeia o ver\u00e3o, mas est\u00e1 focado na possibilidade de chegar \u00e0 Champions. O Lyon est\u00e1 atualmente no 4\u00ba lugar da Ligue 1 e tem perspetivas de acesso \u00e0 liga milion\u00e1ria em 2026\/27, possivelmente via playoff. Moreira acrescentou que n\u00e3o se importaria de perder o dinheiro das reservas se isso significasse competir na Champions. O meio-campo tem 30 jogos pelo Lyon, com 6 golos marcados e 9 assist\u00eancias.\" \/>\n<meta property=\"og:url\" content=\"https:\/\/portaltela.pt\/noticias\/2026\/04\/01\/afonso-moreira-mira-a-champions-e-assume-perder-o-dinheiro-das-reservas\/\" \/>\n<meta property=\"og:site_name\" content=\"Portal Tela Portugal\" \/>\n<meta property=\"article:published_time\" content=\"2026-04-01T19:02:27+00:00\" \/>\n<meta name=\"author\" content=\"Telinha\" \/>\n<meta name=\"twitter:card\" content=\"summary_large_image\" \/>\n<meta name=\"twitter:label1\" content=\"Escrito por\" \/>\n\t<meta name=\"twitter:data1\" content=\"Telinha\" \/>\n\t<meta name=\"twitter:label2\" content=\"Tempo estimado de leitura\" \/>\n\t<meta name=\"twitter:data2\" content=\"1 minuto\" \/>\n<script type=\"application\/ld+json\" class=\"yoast-schema-graph\">{\"@context\":\"https:\/\/schema.org\",\"@graph\":[{\"@type\":\"Article\",\"@id\":\"https:\/\/portaltela.pt\/noticias\/2026\/04\/01\/afonso-moreira-mira-a-champions-e-assume-perder-o-dinheiro-das-reservas\/#article\",\"isPartOf\":{\"@id\":\"https:\/\/portaltela.pt\/noticias\/2026\/04\/01\/afonso-moreira-mira-a-champions-e-assume-perder-o-dinheiro-das-reservas\/\"},\"author\":{\"name\":\"Telinha\",\"@id\":\"https:\/\/portaltela.pt\/#\/schema\/person\/c4278d4a6028830caff9ee44b42d32ed\"},\"headline\":\"Afonso Moreira mira a Champions e assume perder o dinheiro das reservas\",\"datePublished\":\"2026-04-01T19:02:27+00:00\",\"mainEntityOfPage\":{\"@id\":\"https:\/\/portaltela.pt\/noticias\/2026\/04\/01\/afonso-moreira-mira-a-champions-e-assume-perder-o-dinheiro-das-reservas\/\"},\"wordCount\":216,\"image\":{\"@id\":\"https:\/\/portaltela.pt\/noticias\/2026\/04\/01\/afonso-moreira-mira-a-champions-e-assume-perder-o-dinheiro-das-reservas\/#primaryimage\"},\"thumbnailUrl\":\"https:\/\/portaltela.pt\/s.01k8rhncp4jt1\/2026\/04\/img_920x518uu2026-04-01-19-53-45-2430562.jpg\",\"keywords\":[\"Champions League\",\"desporto\",\"futebol\",\"Ligue 1\",\"playoffs\",\"Portugal\"],\"articleSection\":[\"Desporto\",\"Futebol\"],\"inLanguage\":\"pt-PT\"},{\"@type\":\"WebPage\",\"@id\":\"https:\/\/portaltela.pt\/noticias\/2026\/04\/01\/afonso-moreira-mira-a-champions-e-assume-perder-o-dinheiro-das-reservas\/\",\"url\":\"https:\/\/portaltela.pt\/noticias\/2026\/04\/01\/afonso-moreira-mira-a-champions-e-assume-perder-o-dinheiro-das-reservas\/\",\"name\":\"Afonso Moreira mira a Champions e assume perder o dinheiro das reservas - Portal Tela Portugal\",\"isPartOf\":{\"@id\":\"https:\/\/portaltela.pt\/#website\"},\"primaryImageOfPage\":{\"@id\":\"https:\/\/portaltela.pt\/noticias\/2026\/04\/01\/afonso-moreira-mira-a-champions-e-assume-perder-o-dinheiro-das-reservas\/#primaryimage\"},\"image\":{\"@id\":\"https:\/\/portaltela.pt\/noticias\/2026\/04\/01\/afonso-moreira-mira-a-champions-e-assume-perder-o-dinheiro-das-reservas\/#primaryimage\"},\"thumbnailUrl\":\"https:\/\/portaltela.pt\/s.01k8rhncp4jt1\/2026\/04\/img_920x518uu2026-04-01-19-53-45-2430562.jpg\",\"datePublished\":\"2026-04-01T19:02:27+00:00\",\"author\":{\"@id\":\"https:\/\/portaltela.pt\/#\/schema\/person\/c4278d4a6028830caff9ee44b42d32ed\"},\"breadcrumb\":{\"@id\":\"https:\/\/portaltela.pt\/noticias\/2026\/04\/01\/afonso-moreira-mira-a-champions-e-assume-perder-o-dinheiro-das-reservas\/#breadcrumb\"},\"inLanguage\":\"pt-PT\",\"potentialAction\":[{\"@type\":\"ReadAction\",\"target\":[\"https:\/\/portaltela.pt\/noticias\/2026\/04\/01\/afonso-moreira-mira-a-champions-e-assume-perder-o-dinheiro-das-reservas\/\"]}]},{\"@type\":\"ImageObject\",\"inLanguage\":\"pt-PT\",\"@id\":\"https:\/\/portaltela.pt\/noticias\/2026\/04\/01\/afonso-moreira-mira-a-champions-e-assume-perder-o-dinheiro-das-reservas\/#primaryimage\",\"url\":\"https:\/\/portaltela.pt\/s.01k8rhncp4jt1\/2026\/04\/img_920x518uu2026-04-01-19-53-45-2430562.jpg\",\"contentUrl\":\"https:\/\/portaltela.pt\/s.01k8rhncp4jt1\/2026\/04\/img_920x518uu2026-04-01-19-53-45-2430562.jpg\",\"width\":796,\"height\":448,\"caption\":\"Afonso Moreira ambiciona jogar na Champions\"},{\"@type\":\"BreadcrumbList\",\"@id\":\"https:\/\/portaltela.pt\/noticias\/2026\/04\/01\/afonso-moreira-mira-a-champions-e-assume-perder-o-dinheiro-das-reservas\/#breadcrumb\",\"itemListElement\":[{\"@type\":\"ListItem\",\"position\":1,\"name\":\"In\u00edcio\",\"item\":\"https:\/\/portaltela.pt\/\"},{\"@type\":\"ListItem\",\"position\":2,\"name\":\"Afonso Moreira mira a Champions e assume perder o dinheiro das reservas\"}]},{\"@type\":\"WebSite\",\"@id\":\"https:\/\/portaltela.pt\/#website\",\"url\":\"https:\/\/portaltela.pt\/\",\"name\":\"Portal Tela Portugal\",\"description\":\"\",\"potentialAction\":[{\"@type\":\"SearchAction\",\"target\":{\"@type\":\"EntryPoint\",\"urlTemplate\":\"https:\/\/portaltela.pt\/?s={search_term_string}\"},\"query-input\":{\"@type\":\"PropertyValueSpecification\",\"valueRequired\":true,\"valueName\":\"search_term_string\"}}],\"inLanguage\":\"pt-PT\"},{\"@type\":\"Person\",\"@id\":\"https:\/\/portaltela.pt\/#\/schema\/person\/c4278d4a6028830caff9ee44b42d32ed\",\"name\":\"Telinha\",\"image\":{\"@type\":\"ImageObject\",\"inLanguage\":\"pt-PT\",\"@id\":\"https:\/\/portaltela.pt\/s.01k8rhncp4jt1\/2025\/11\/talking-bot-125x125.png\",\"url\":\"https:\/\/portaltela.pt\/s.01k8rhncp4jt1\/2025\/11\/talking-bot-125x125.png\",\"contentUrl\":\"https:\/\/portaltela.pt\/s.01k8rhncp4jt1\/2025\/11\/talking-bot-125x125.png\",\"caption\":\"Telinha\"},\"sameAs\":[\"https:\/\/portaltela.pt\/\"],\"url\":\"https:\/\/portaltela.pt\/por\/367410592786\/\"}]}<\/script>\n<!-- \/ Yoast SEO plugin. -->","yoast_head_json":{"title":"Afonso Moreira mira a Champions e assume perder o dinheiro das reservas - Portal Tela Portugal","robots":{"index":"index","follow":"follow","max-snippet":"max-snippet:-1","max-image-preview":"max-image-preview:large","max-video-preview":"max-video-preview:-1"},"og_locale":"pt_PT","og_type":"article","og_title":"Afonso Moreira mira a Champions e assume perder o dinheiro das reservas - Portal Tela Portugal","og_description":"O portugu\u00eas Afonso Moreira, jogador do Lyon, disse que seria um sonho jogar na Liga dos Campe\u00f5es na pr\u00f3xima temporada. Em declara\u00e7\u00f5es ao Le Progr\u00e8s, o atleta admite que j\u00e1 planeia o ver\u00e3o, mas est\u00e1 focado na possibilidade de chegar \u00e0 Champions. O Lyon est\u00e1 atualmente no 4\u00ba lugar da Ligue 1 e tem perspetivas de acesso \u00e0 liga milion\u00e1ria em 2026\/27, possivelmente via playoff. Moreira acrescentou que n\u00e3o se importaria de perder o dinheiro das reservas se isso significasse competir na Champions. O meio-campo tem 30 jogos pelo Lyon, com 6 golos marcados e 9 assist\u00eancias.","og_url":"https:\/\/portaltela.pt\/noticias\/2026\/04\/01\/afonso-moreira-mira-a-champions-e-assume-perder-o-dinheiro-das-reservas\/","og_site_name":"Portal Tela Portugal","article_published_time":"2026-04-01T19:02:27+00:00","author":"Telinha","twitter_card":"summary_large_image","twitter_misc":{"Escrito por":"Telinha","Tempo estimado de leitura":"1 minuto"},"schema":{"@context":"https:\/\/schema.org","@graph":[{"@type":"Article","@id":"https:\/\/portaltela.pt\/noticias\/2026\/04\/01\/afonso-moreira-mira-a-champions-e-assume-perder-o-dinheiro-das-reservas\/#article","isPartOf":{"@id":"https:\/\/portaltela.pt\/noticias\/2026\/04\/01\/afonso-moreira-mira-a-champions-e-assume-perder-o-dinheiro-das-reservas\/"},"author":{"name":"Telinha","@id":"https:\/\/portaltela.pt\/#\/schema\/person\/c4278d4a6028830caff9ee44b42d32ed"},"headline":"Afonso Moreira mira a Champions e assume perder o dinheiro das reservas","datePublished":"2026-04-01T19:02:27+00:00","mainEntityOfPage":{"@id":"https:\/\/portaltela.pt\/noticias\/2026\/04\/01\/afonso-moreira-mira-a-champions-e-assume-perder-o-dinheiro-das-reservas\/"},"wordCount":216,"image":{"@id":"https:\/\/portaltela.pt\/noticias\/2026\/04\/01\/afonso-moreira-mira-a-champions-e-assume-perder-o-dinheiro-das-reservas\/#primaryimage"},"thumbnailUrl":"https:\/\/portaltela.pt\/s.01k8rhncp4jt1\/2026\/04\/img_920x518uu2026-04-01-19-53-45-2430562.jpg","keywords":["Champions League","desporto","futebol","Ligue 1","playoffs","Portugal"],"articleSection":["Desporto","Futebol"],"inLanguage":"pt-PT"},{"@type":"WebPage","@id":"https:\/\/portaltela.pt\/noticias\/2026\/04\/01\/afonso-moreira-mira-a-champions-e-assume-perder-o-dinheiro-das-reservas\/","url":"https:\/\/portaltela.pt\/noticias\/2026\/04\/01\/afonso-moreira-mira-a-champions-e-assume-perder-o-dinheiro-das-reservas\/","name":"Afonso Moreira mira a Champions e assume perder o dinheiro das reservas - Portal Tela Portugal","isPartOf":{"@id":"https:\/\/portaltela.pt\/#website"},"primaryImageOfPage":{"@id":"https:\/\/portaltela.pt\/noticias\/2026\/04\/01\/afonso-moreira-mira-a-champions-e-assume-perder-o-dinheiro-das-reservas\/#primaryimage"},"image":{"@id":"https:\/\/portaltela.pt\/noticias\/2026\/04\/01\/afonso-moreira-mira-a-champions-e-assume-perder-o-dinheiro-das-reservas\/#primaryimage"},"thumbnailUrl":"https:\/\/portaltela.pt\/s.01k8rhncp4jt1\/2026\/04\/img_920x518uu2026-04-01-19-53-45-2430562.jpg","datePublished":"2026-04-01T19:02:27+00:00","author":{"@id":"https:\/\/portaltela.pt\/#\/schema\/person\/c4278d4a6028830caff9ee44b42d32ed"},"breadcrumb":{"@id":"https:\/\/portaltela.pt\/noticias\/2026\/04\/01\/afonso-moreira-mira-a-champions-e-assume-perder-o-dinheiro-das-reservas\/#breadcrumb"},"inLanguage":"pt-PT","potentialAction":[{"@type":"ReadAction","target":["https:\/\/portaltela.pt\/noticias\/2026\/04\/01\/afonso-moreira-mira-a-champions-e-assume-perder-o-dinheiro-das-reservas\/"]}]},{"@type":"ImageObject","inLanguage":"pt-PT","@id":"https:\/\/portaltela.pt\/noticias\/2026\/04\/01\/afonso-moreira-mira-a-champions-e-assume-perder-o-dinheiro-das-reservas\/#primaryimage","url":"https:\/\/portaltela.pt\/s.01k8rhncp4jt1\/2026\/04\/img_920x518uu2026-04-01-19-53-45-2430562.jpg","contentUrl":"https:\/\/portaltela.pt\/s.01k8rhncp4jt1\/2026\/04\/img_920x518uu2026-04-01-19-53-45-2430562.jpg","width":796,"height":448,"caption":"Afonso Moreira ambiciona jogar na Champions"},{"@type":"BreadcrumbList","@id":"https:\/\/portaltela.pt\/noticias\/2026\/04\/01\/afonso-moreira-mira-a-champions-e-assume-perder-o-dinheiro-das-reservas\/#breadcrumb","itemListElement":[{"@type":"ListItem","position":1,"name":"In\u00edcio","item":"https:\/\/portaltela.pt\/"},{"@type":"ListItem","position":2,"name":"Afonso Moreira mira a Champions e assume perder o dinheiro das reservas"}]},{"@type":"WebSite","@id":"https:\/\/portaltela.pt\/#website","url":"https:\/\/portaltela.pt\/","name":"Portal Tela Portugal","description":"","potentialAction":[{"@type":"SearchAction","target":{"@type":"EntryPoint","urlTemplate":"https:\/\/portaltela.pt\/?s={search_term_string}"},"query-input":{"@type":"PropertyValueSpecification","valueRequired":true,"valueName":"search_term_string"}}],"inLanguage":"pt-PT"},{"@type":"Person","@id":"https:\/\/portaltela.pt\/#\/schema\/person\/c4278d4a6028830caff9ee44b42d32ed","name":"Telinha","image":{"@type":"ImageObject","inLanguage":"pt-PT","@id":"https:\/\/portaltela.pt\/s.01k8rhncp4jt1\/2025\/11\/talking-bot-125x125.png","url":"https:\/\/portaltela.pt\/s.01k8rhncp4jt1\/2025\/11\/talking-bot-125x125.png","contentUrl":"https:\/\/portaltela.pt\/s.01k8rhncp4jt1\/2025\/11\/talking-bot-125x125.png","caption":"Telinha"},"sameAs":["https:\/\/portaltela.pt\/"],"url":"https:\/\/portaltela.pt\/por\/367410592786\/"}]}},"_links":{"self":[{"href":"https:\/\/portaltela.pt\/api\/wp\/v2\/posts\/429660","targetHints":{"allow":["GET"]}}],"collection":[{"href":"https:\/\/portaltela.pt\/api\/wp\/v2\/posts"}],"about":[{"href":"https:\/\/portaltela.pt\/api\/wp\/v2\/types\/post"}],"author":[{"embeddable":true,"href":"https:\/\/portaltela.pt\/api\/wp\/v2\/users\/2"}],"replies":[{"embeddable":true,"href":"https:\/\/portaltela.pt\/api\/wp\/v2\/comments?post=429660"}],"version-history":[{"count":0,"href":"https:\/\/portaltela.pt\/api\/wp\/v2\/posts\/429660\/revisions"}],"wp:featuredmedia":[{"embeddable":true,"href":"https:\/\/portaltela.pt\/api\/wp\/v2\/media\/429665"}],"wp:attachment":[{"href":"https:\/\/portaltela.pt\/api\/wp\/v2\/media?parent=429660"}],"wp:term":[{"taxonomy":"category","embeddable":true,"href":"https:\/\/portaltela.pt\/api\/wp\/v2\/categories?post=429660"},{"taxonomy":"post_tag","embeddable":true,"href":"https:\/\/portaltela.pt\/api\/wp\/v2\/tags?post=429660"}],"curies":[{"name":"wp","href":"https:\/\/api.w.org\/{rel}","templated":true}]}}