{"id":429655,"date":"2026-04-01T15:47:46","date_gmt":"2026-04-01T18:47:46","guid":{"rendered":"https:\/\/portaltela.pt\/noticias\/2026\/04\/01\/filippo-ganna-vence-a-atraves-da-flandres\/"},"modified":"2026-04-01T15:47:46","modified_gmt":"2026-04-01T18:47:46","slug":"filippo-ganna-vence-a-atraves-da-flandres","status":"publish","type":"post","link":"https:\/\/portaltela.pt\/desporto\/futebol\/2026\/04\/01\/filippo-ganna-vence-a-atraves-da-flandres\/","title":{"rendered":"Filippo Ganna vence a Atrav\u00e9s da Flandres"},"content":{"rendered":"<p>Filippo Ganna venceu a corrida Atrav\u00e9s da Flandres, disputada em 184,6 quil\u00f3metros entre Roeselare e Waregem. O italiano da INEOS superou Wout van Aert nos \u00faltimos 200 metros, concluindo a prova em 3:48.27 horas. Van Aert, que esteve \u00e0 frente durante boa parte da fuga, acabou em segundo, com o mesmo tempo do vencedor.<\/p>\n<p>Van Aert tentou manter a posi\u00e7\u00e3o de ponta ap\u00f3s um ataque do grupo em que o belga da Visma-Lease a Bike se isolou na frente a cerca de 40 quil\u00f3metros do fim, afastando Niklas Larsen na persegui\u00e7\u00e3o. O noruegu\u00eas Soren Waerenskjold, da Uno-X, fechou o p\u00f3dio, numa edi\u00e7\u00e3o marcada por repetidos avan\u00e7os e tentativas de fuga de Van Aert.<\/p>\n<p>Azar para o vencedor, Ganna furou a roda e teve problemas com o guiador durante o dia. Apesar disso, o italiano recuperou no pelot\u00e3o, lan\u00e7ou o ataque a poucos quil\u00f3metros da meta e ultrapassou Van Aert nos \u00faltimos metros, garantindo a vit\u00f3ria.<\/p>\n<h3>Desfecho da corrida<\/h3>\n<p>\u00c0 frente, Van Aert mostrou novamente o seu regresso aos ataques ao longo da prova, mas n\u00e3o foi suficiente para manter o comando at\u00e9 \u00e0 linha. O desfecho refor\u00e7a a leitura de que o belga est\u00e1 de volta ao seu melhor n\u00edvel para a Volta a Flandres, que se realiza no pr\u00f3ximo domingo.<\/p>\n<h3>Participa\u00e7\u00e3o portuguesa<\/h3>\n<p>O \u00fanico representante nacional foi Ant\u00f3nio Morgado, da UAE Emirates, que terminou na 25.\u00aa posi\u00e7\u00e3o, com o mesmo tempo do vencedor, ap\u00f3s v\u00e1rias tentativas de fuga ao longo da etapa. Morgado enfrentou o desafio de competir numa corrida com forte din\u00e2mica de ataque e resist\u00eancia.<\/p>\n","protected":false},"excerpt":{"rendered":"<ul>\n<li>Filippo Ganna, da equipa INEOS, venceu a Atrav\u00e9s da Flandres, numa prova de 184,6 quil\u00f3metros entre Roeselare e Waregem, em 3:48.27 horas.<\/li>\n<li>Wout van Aert ficou em segundo, com o mesmo tempo do vencedor, sendo ultrapassado nos \u00faltimos 200 metros.<\/li>\n<li>O noruegu\u00eas Soren Waerenskjold (Uno-X) completou o p\u00f3dio.<\/li>\n<li>Ant\u00f3nio Morgado, o \u00fanico portugu\u00eas presente, terminou em 25.\u00ba lugar, com o mesmo tempo de Ganna, ap\u00f3s tentativa de fuga.<\/li>\n<li>Van Aert j\u00e1 tinha atacado a 40 quil\u00f4metros do final; Ganna furou o pneu, teve problemas com o guiador, mas atacou do pelot\u00e3o e venceu.<\/li>\n<\/ul>\n","protected":false},"author":2,"featured_media":429656,"comment_status":"closed","ping_status":"closed","sticky":false,"template":"","format":"standard","meta":{"footnotes":""},"categories":[21,24],"tags":[1599,923,2463,5417,152,6069],"class_list":["post-429655","post","type-post","status-publish","format-standard","has-post-thumbnail","hentry","category-desporto","category-futebol","tag-belgica","tag-ciclismo","tag-competicao-internacional","tag-corridas-internacionais","tag-desporto","tag-emirates"],"yoast_head":"<!-- This site is optimized with the Yoast SEO plugin v27.2 - https:\/\/yoast.com\/product\/yoast-seo-wordpress\/ -->\n<title>Filippo Ganna vence a Atrav\u00e9s da Flandres - Portal Tela Portugal<\/title>\n<meta name=\"robots\" content=\"index, follow, max-snippet:-1, max-image-preview:large, max-video-preview:-1\" \/>\n<meta property=\"og:locale\" content=\"pt_PT\" \/>\n<meta property=\"og:type\" content=\"article\" \/>\n<meta property=\"og:title\" content=\"Filippo Ganna vence a Atrav\u00e9s da Flandres - Portal Tela Portugal\" \/>\n<meta property=\"og:description\" content=\"Filippo Ganna, da equipa INEOS, venceu a Atrav\u00e9s da Flandres, numa prova de 184,6 quil\u00f3metros entre Roeselare e Waregem, em 3:48.27 horas. Wout van Aert ficou em segundo, com o mesmo tempo do vencedor, sendo ultrapassado nos \u00faltimos 200 metros. O noruegu\u00eas Soren Waerenskjold (Uno-X) completou o p\u00f3dio. Ant\u00f3nio Morgado, o \u00fanico portugu\u00eas presente, terminou em 25.\u00ba lugar, com o mesmo tempo de Ganna, ap\u00f3s tentativa de fuga. Van Aert j\u00e1 tinha atacado a 40 quil\u00f4metros do final; Ganna furou o pneu, teve problemas com o guiador, mas atacou do pelot\u00e3o e venceu.\" \/>\n<meta property=\"og:url\" content=\"https:\/\/portaltela.pt\/noticias\/2026\/04\/01\/filippo-ganna-vence-a-atraves-da-flandres\/\" \/>\n<meta property=\"og:site_name\" content=\"Portal Tela Portugal\" \/>\n<meta property=\"article:published_time\" content=\"2026-04-01T18:47:46+00:00\" \/>\n<meta name=\"author\" content=\"Telinha\" \/>\n<meta name=\"twitter:card\" content=\"summary_large_image\" \/>\n<meta name=\"twitter:label1\" content=\"Escrito por\" \/>\n\t<meta name=\"twitter:data1\" content=\"Telinha\" \/>\n\t<meta name=\"twitter:label2\" content=\"Tempo estimado de leitura\" \/>\n\t<meta name=\"twitter:data2\" content=\"1 minuto\" \/>\n<script type=\"application\/ld+json\" class=\"yoast-schema-graph\">{\"@context\":\"https:\/\/schema.org\",\"@graph\":[{\"@type\":\"Article\",\"@id\":\"https:\/\/portaltela.pt\/noticias\/2026\/04\/01\/filippo-ganna-vence-a-atraves-da-flandres\/#article\",\"isPartOf\":{\"@id\":\"https:\/\/portaltela.pt\/noticias\/2026\/04\/01\/filippo-ganna-vence-a-atraves-da-flandres\/\"},\"author\":{\"name\":\"Telinha\",\"@id\":\"https:\/\/portaltela.pt\/#\/schema\/person\/c4278d4a6028830caff9ee44b42d32ed\"},\"headline\":\"Filippo Ganna vence a Atrav\u00e9s da Flandres\",\"datePublished\":\"2026-04-01T18:47:46+00:00\",\"mainEntityOfPage\":{\"@id\":\"https:\/\/portaltela.pt\/noticias\/2026\/04\/01\/filippo-ganna-vence-a-atraves-da-flandres\/\"},\"wordCount\":283,\"image\":{\"@id\":\"https:\/\/portaltela.pt\/noticias\/2026\/04\/01\/filippo-ganna-vence-a-atraves-da-flandres\/#primaryimage\"},\"thumbnailUrl\":\"https:\/\/portaltela.pt\/s.01k8rhncp4jt1\/2026\/04\/img_1200x721uu2026-04-01-19-31-52-2430558.jpg\",\"keywords\":[\"B\u00e9lgica\",\"ciclismo\",\"competi\u00e7\u00e3o internacional\",\"corridas internacionais\",\"desporto\",\"Emirates\"],\"articleSection\":[\"Desporto\",\"Futebol\"],\"inLanguage\":\"pt-PT\"},{\"@type\":\"WebPage\",\"@id\":\"https:\/\/portaltela.pt\/noticias\/2026\/04\/01\/filippo-ganna-vence-a-atraves-da-flandres\/\",\"url\":\"https:\/\/portaltela.pt\/noticias\/2026\/04\/01\/filippo-ganna-vence-a-atraves-da-flandres\/\",\"name\":\"Filippo Ganna vence a Atrav\u00e9s da Flandres - Portal Tela Portugal\",\"isPartOf\":{\"@id\":\"https:\/\/portaltela.pt\/#website\"},\"primaryImageOfPage\":{\"@id\":\"https:\/\/portaltela.pt\/noticias\/2026\/04\/01\/filippo-ganna-vence-a-atraves-da-flandres\/#primaryimage\"},\"image\":{\"@id\":\"https:\/\/portaltela.pt\/noticias\/2026\/04\/01\/filippo-ganna-vence-a-atraves-da-flandres\/#primaryimage\"},\"thumbnailUrl\":\"https:\/\/portaltela.pt\/s.01k8rhncp4jt1\/2026\/04\/img_1200x721uu2026-04-01-19-31-52-2430558.jpg\",\"datePublished\":\"2026-04-01T18:47:46+00:00\",\"author\":{\"@id\":\"https:\/\/portaltela.pt\/#\/schema\/person\/c4278d4a6028830caff9ee44b42d32ed\"},\"breadcrumb\":{\"@id\":\"https:\/\/portaltela.pt\/noticias\/2026\/04\/01\/filippo-ganna-vence-a-atraves-da-flandres\/#breadcrumb\"},\"inLanguage\":\"pt-PT\",\"potentialAction\":[{\"@type\":\"ReadAction\",\"target\":[\"https:\/\/portaltela.pt\/noticias\/2026\/04\/01\/filippo-ganna-vence-a-atraves-da-flandres\/\"]}]},{\"@type\":\"ImageObject\",\"inLanguage\":\"pt-PT\",\"@id\":\"https:\/\/portaltela.pt\/noticias\/2026\/04\/01\/filippo-ganna-vence-a-atraves-da-flandres\/#primaryimage\",\"url\":\"https:\/\/portaltela.pt\/s.01k8rhncp4jt1\/2026\/04\/img_1200x721uu2026-04-01-19-31-52-2430558.jpg\",\"contentUrl\":\"https:\/\/portaltela.pt\/s.01k8rhncp4jt1\/2026\/04\/img_1200x721uu2026-04-01-19-31-52-2430558.jpg\",\"width\":796,\"height\":448,\"caption\":\"Filippo Ganna\"},{\"@type\":\"BreadcrumbList\",\"@id\":\"https:\/\/portaltela.pt\/noticias\/2026\/04\/01\/filippo-ganna-vence-a-atraves-da-flandres\/#breadcrumb\",\"itemListElement\":[{\"@type\":\"ListItem\",\"position\":1,\"name\":\"In\u00edcio\",\"item\":\"https:\/\/portaltela.pt\/\"},{\"@type\":\"ListItem\",\"position\":2,\"name\":\"Filippo Ganna vence a Atrav\u00e9s da Flandres\"}]},{\"@type\":\"WebSite\",\"@id\":\"https:\/\/portaltela.pt\/#website\",\"url\":\"https:\/\/portaltela.pt\/\",\"name\":\"Portal Tela Portugal\",\"description\":\"\",\"potentialAction\":[{\"@type\":\"SearchAction\",\"target\":{\"@type\":\"EntryPoint\",\"urlTemplate\":\"https:\/\/portaltela.pt\/?s={search_term_string}\"},\"query-input\":{\"@type\":\"PropertyValueSpecification\",\"valueRequired\":true,\"valueName\":\"search_term_string\"}}],\"inLanguage\":\"pt-PT\"},{\"@type\":\"Person\",\"@id\":\"https:\/\/portaltela.pt\/#\/schema\/person\/c4278d4a6028830caff9ee44b42d32ed\",\"name\":\"Telinha\",\"image\":{\"@type\":\"ImageObject\",\"inLanguage\":\"pt-PT\",\"@id\":\"https:\/\/portaltela.pt\/s.01k8rhncp4jt1\/2025\/11\/talking-bot-125x125.png\",\"url\":\"https:\/\/portaltela.pt\/s.01k8rhncp4jt1\/2025\/11\/talking-bot-125x125.png\",\"contentUrl\":\"https:\/\/portaltela.pt\/s.01k8rhncp4jt1\/2025\/11\/talking-bot-125x125.png\",\"caption\":\"Telinha\"},\"sameAs\":[\"https:\/\/portaltela.pt\/\"],\"url\":\"https:\/\/portaltela.pt\/por\/367410592786\/\"}]}<\/script>\n<!-- \/ Yoast SEO plugin. -->","yoast_head_json":{"title":"Filippo Ganna vence a Atrav\u00e9s da Flandres - Portal Tela Portugal","robots":{"index":"index","follow":"follow","max-snippet":"max-snippet:-1","max-image-preview":"max-image-preview:large","max-video-preview":"max-video-preview:-1"},"og_locale":"pt_PT","og_type":"article","og_title":"Filippo Ganna vence a Atrav\u00e9s da Flandres - Portal Tela Portugal","og_description":"Filippo Ganna, da equipa INEOS, venceu a Atrav\u00e9s da Flandres, numa prova de 184,6 quil\u00f3metros entre Roeselare e Waregem, em 3:48.27 horas. Wout van Aert ficou em segundo, com o mesmo tempo do vencedor, sendo ultrapassado nos \u00faltimos 200 metros. O noruegu\u00eas Soren Waerenskjold (Uno-X) completou o p\u00f3dio. Ant\u00f3nio Morgado, o \u00fanico portugu\u00eas presente, terminou em 25.\u00ba lugar, com o mesmo tempo de Ganna, ap\u00f3s tentativa de fuga. Van Aert j\u00e1 tinha atacado a 40 quil\u00f4metros do final; Ganna furou o pneu, teve problemas com o guiador, mas atacou do pelot\u00e3o e venceu.","og_url":"https:\/\/portaltela.pt\/noticias\/2026\/04\/01\/filippo-ganna-vence-a-atraves-da-flandres\/","og_site_name":"Portal Tela Portugal","article_published_time":"2026-04-01T18:47:46+00:00","author":"Telinha","twitter_card":"summary_large_image","twitter_misc":{"Escrito por":"Telinha","Tempo estimado de leitura":"1 minuto"},"schema":{"@context":"https:\/\/schema.org","@graph":[{"@type":"Article","@id":"https:\/\/portaltela.pt\/noticias\/2026\/04\/01\/filippo-ganna-vence-a-atraves-da-flandres\/#article","isPartOf":{"@id":"https:\/\/portaltela.pt\/noticias\/2026\/04\/01\/filippo-ganna-vence-a-atraves-da-flandres\/"},"author":{"name":"Telinha","@id":"https:\/\/portaltela.pt\/#\/schema\/person\/c4278d4a6028830caff9ee44b42d32ed"},"headline":"Filippo Ganna vence a Atrav\u00e9s da Flandres","datePublished":"2026-04-01T18:47:46+00:00","mainEntityOfPage":{"@id":"https:\/\/portaltela.pt\/noticias\/2026\/04\/01\/filippo-ganna-vence-a-atraves-da-flandres\/"},"wordCount":283,"image":{"@id":"https:\/\/portaltela.pt\/noticias\/2026\/04\/01\/filippo-ganna-vence-a-atraves-da-flandres\/#primaryimage"},"thumbnailUrl":"https:\/\/portaltela.pt\/s.01k8rhncp4jt1\/2026\/04\/img_1200x721uu2026-04-01-19-31-52-2430558.jpg","keywords":["B\u00e9lgica","ciclismo","competi\u00e7\u00e3o internacional","corridas internacionais","desporto","Emirates"],"articleSection":["Desporto","Futebol"],"inLanguage":"pt-PT"},{"@type":"WebPage","@id":"https:\/\/portaltela.pt\/noticias\/2026\/04\/01\/filippo-ganna-vence-a-atraves-da-flandres\/","url":"https:\/\/portaltela.pt\/noticias\/2026\/04\/01\/filippo-ganna-vence-a-atraves-da-flandres\/","name":"Filippo Ganna vence a Atrav\u00e9s da Flandres - Portal Tela Portugal","isPartOf":{"@id":"https:\/\/portaltela.pt\/#website"},"primaryImageOfPage":{"@id":"https:\/\/portaltela.pt\/noticias\/2026\/04\/01\/filippo-ganna-vence-a-atraves-da-flandres\/#primaryimage"},"image":{"@id":"https:\/\/portaltela.pt\/noticias\/2026\/04\/01\/filippo-ganna-vence-a-atraves-da-flandres\/#primaryimage"},"thumbnailUrl":"https:\/\/portaltela.pt\/s.01k8rhncp4jt1\/2026\/04\/img_1200x721uu2026-04-01-19-31-52-2430558.jpg","datePublished":"2026-04-01T18:47:46+00:00","author":{"@id":"https:\/\/portaltela.pt\/#\/schema\/person\/c4278d4a6028830caff9ee44b42d32ed"},"breadcrumb":{"@id":"https:\/\/portaltela.pt\/noticias\/2026\/04\/01\/filippo-ganna-vence-a-atraves-da-flandres\/#breadcrumb"},"inLanguage":"pt-PT","potentialAction":[{"@type":"ReadAction","target":["https:\/\/portaltela.pt\/noticias\/2026\/04\/01\/filippo-ganna-vence-a-atraves-da-flandres\/"]}]},{"@type":"ImageObject","inLanguage":"pt-PT","@id":"https:\/\/portaltela.pt\/noticias\/2026\/04\/01\/filippo-ganna-vence-a-atraves-da-flandres\/#primaryimage","url":"https:\/\/portaltela.pt\/s.01k8rhncp4jt1\/2026\/04\/img_1200x721uu2026-04-01-19-31-52-2430558.jpg","contentUrl":"https:\/\/portaltela.pt\/s.01k8rhncp4jt1\/2026\/04\/img_1200x721uu2026-04-01-19-31-52-2430558.jpg","width":796,"height":448,"caption":"Filippo Ganna"},{"@type":"BreadcrumbList","@id":"https:\/\/portaltela.pt\/noticias\/2026\/04\/01\/filippo-ganna-vence-a-atraves-da-flandres\/#breadcrumb","itemListElement":[{"@type":"ListItem","position":1,"name":"In\u00edcio","item":"https:\/\/portaltela.pt\/"},{"@type":"ListItem","position":2,"name":"Filippo Ganna vence a Atrav\u00e9s da Flandres"}]},{"@type":"WebSite","@id":"https:\/\/portaltela.pt\/#website","url":"https:\/\/portaltela.pt\/","name":"Portal Tela Portugal","description":"","potentialAction":[{"@type":"SearchAction","target":{"@type":"EntryPoint","urlTemplate":"https:\/\/portaltela.pt\/?s={search_term_string}"},"query-input":{"@type":"PropertyValueSpecification","valueRequired":true,"valueName":"search_term_string"}}],"inLanguage":"pt-PT"},{"@type":"Person","@id":"https:\/\/portaltela.pt\/#\/schema\/person\/c4278d4a6028830caff9ee44b42d32ed","name":"Telinha","image":{"@type":"ImageObject","inLanguage":"pt-PT","@id":"https:\/\/portaltela.pt\/s.01k8rhncp4jt1\/2025\/11\/talking-bot-125x125.png","url":"https:\/\/portaltela.pt\/s.01k8rhncp4jt1\/2025\/11\/talking-bot-125x125.png","contentUrl":"https:\/\/portaltela.pt\/s.01k8rhncp4jt1\/2025\/11\/talking-bot-125x125.png","caption":"Telinha"},"sameAs":["https:\/\/portaltela.pt\/"],"url":"https:\/\/portaltela.pt\/por\/367410592786\/"}]}},"_links":{"self":[{"href":"https:\/\/portaltela.pt\/api\/wp\/v2\/posts\/429655","targetHints":{"allow":["GET"]}}],"collection":[{"href":"https:\/\/portaltela.pt\/api\/wp\/v2\/posts"}],"about":[{"href":"https:\/\/portaltela.pt\/api\/wp\/v2\/types\/post"}],"author":[{"embeddable":true,"href":"https:\/\/portaltela.pt\/api\/wp\/v2\/users\/2"}],"replies":[{"embeddable":true,"href":"https:\/\/portaltela.pt\/api\/wp\/v2\/comments?post=429655"}],"version-history":[{"count":0,"href":"https:\/\/portaltela.pt\/api\/wp\/v2\/posts\/429655\/revisions"}],"wp:featuredmedia":[{"embeddable":true,"href":"https:\/\/portaltela.pt\/api\/wp\/v2\/media\/429656"}],"wp:attachment":[{"href":"https:\/\/portaltela.pt\/api\/wp\/v2\/media?parent=429655"}],"wp:term":[{"taxonomy":"category","embeddable":true,"href":"https:\/\/portaltela.pt\/api\/wp\/v2\/categories?post=429655"},{"taxonomy":"post_tag","embeddable":true,"href":"https:\/\/portaltela.pt\/api\/wp\/v2\/tags?post=429655"}],"curies":[{"name":"wp","href":"https:\/\/api.w.org\/{rel}","templated":true}]}}