{"id":429649,"date":"2026-04-01T15:47:37","date_gmt":"2026-04-01T18:47:37","guid":{"rendered":"https:\/\/portaltela.pt\/noticias\/2026\/04\/01\/guti-recorda-recusa-ao-milan-jogava-com-zidane-ronaldo-e-kaka\/"},"modified":"2026-04-01T15:47:37","modified_gmt":"2026-04-01T18:47:37","slug":"guti-recorda-recusa-ao-milan-jogava-com-zidane-ronaldo-e-kaka","status":"publish","type":"post","link":"https:\/\/portaltela.pt\/desporto\/futebol\/2026\/04\/01\/guti-recorda-recusa-ao-milan-jogava-com-zidane-ronaldo-e-kaka\/","title":{"rendered":"Guti recorda recusa ao Milan: jogava com Zidane, Ronaldo e Kak\u00e1"},"content":{"rendered":"<p>Guti recordou uma oportunidade de abandonar o Real Madrid para assinar com o Milan, em circunst\u00e2ncias ligadas ao centen\u00e1rio do clube italiano. O antigo m\u00e9dio espanhol explicou que o convite n\u00e3o foi motivado apenas pelo dinheiro, mas pelo que sentia pela ocasi\u00e3o.<\/p>\n<p>\u201cFomos l\u00e1 jogar uma partida por causa do centen\u00e1rio deles e convidaram-me. N\u00e3o fui guiado pelo dinheiro, mas sim pelo que sentia\u201d, revelou, acrescentando que preferia atuar 30 minutos pelo Madrid a 90 por outro clube.<\/p>\n<p>O ex-internacional destacou os companheiros com quem teve a oportunidade de jogar no Real Madrid, citando Zidane, Ronaldo, Benzema, Roberto Carlos e Kak\u00e1 como parte do que o motivava a permanecer. Guti soma 542 presen\u00e7as pelo clube, com 77 golos e 96 assist\u00eancias, ao longo de 14 anos ao servi\u00e7o dos merengues.<\/p>\n","protected":false},"excerpt":{"rendered":"<ul>\n<li>Guti, antigo m\u00e9dio espanhol, passou 14 anos no Real Madrid, com 542 partidas, 77 golos e 96 assist\u00eancias.<\/li>\n<li>O Milan chegou a fazer-lhe uma proposta durante uma visita para celebrar o centen\u00e1rio do clube.<\/li>\n<li>Diz que n\u00e3o foi o dinheiro que o moveu, preferindo manter a ideia de jogar menos tempo pelo Madrid do que ter mais minutos noutro clube.<\/li>\n<li>Salienta ter tido a oportunidade de jogar ao lado de Zidane, Ronaldo, Benzema, Roberto Carlos e Kak\u00e1, o que lhe interessava.<\/li>\n<li>A rela\u00e7\u00e3o com o Real Madrid permaneceu marcante ao longo de toda a carreira de 14 anos.<\/li>\n<\/ul>\n","protected":false},"author":2,"featured_media":429650,"comment_status":"closed","ping_status":"closed","sticky":false,"template":"","format":"standard","meta":{"footnotes":""},"categories":[21,24],"tags":[7700,1947,32,7699,7701,3240],"class_list":["post-429649","post","type-post","status-publish","format-standard","has-post-thumbnail","hentry","category-desporto","category-futebol","tag-benzema","tag-cristiano-ronaldo","tag-futebol","tag-kaka","tag-roberto-carlos","tag-zidane"],"yoast_head":"<!-- This site is optimized with the Yoast SEO plugin v27.2 - https:\/\/yoast.com\/product\/yoast-seo-wordpress\/ -->\n<title>Guti recorda recusa ao Milan: jogava com Zidane, Ronaldo e Kak\u00e1 - Portal Tela Portugal<\/title>\n<meta name=\"robots\" content=\"index, follow, max-snippet:-1, max-image-preview:large, max-video-preview:-1\" \/>\n<meta property=\"og:locale\" content=\"pt_PT\" \/>\n<meta property=\"og:type\" content=\"article\" \/>\n<meta property=\"og:title\" content=\"Guti recorda recusa ao Milan: jogava com Zidane, Ronaldo e Kak\u00e1 - Portal Tela Portugal\" \/>\n<meta property=\"og:description\" content=\"Guti, antigo m\u00e9dio espanhol, passou 14 anos no Real Madrid, com 542 partidas, 77 golos e 96 assist\u00eancias. O Milan chegou a fazer-lhe uma proposta durante uma visita para celebrar o centen\u00e1rio do clube. Diz que n\u00e3o foi o dinheiro que o moveu, preferindo manter a ideia de jogar menos tempo pelo Madrid do que ter mais minutos noutro clube. Salienta ter tido a oportunidade de jogar ao lado de Zidane, Ronaldo, Benzema, Roberto Carlos e Kak\u00e1, o que lhe interessava. A rela\u00e7\u00e3o com o Real Madrid permaneceu marcante ao longo de toda a carreira de 14 anos.\" \/>\n<meta property=\"og:url\" content=\"https:\/\/portaltela.pt\/noticias\/2026\/04\/01\/guti-recorda-recusa-ao-milan-jogava-com-zidane-ronaldo-e-kaka\/\" \/>\n<meta property=\"og:site_name\" content=\"Portal Tela Portugal\" \/>\n<meta property=\"article:published_time\" content=\"2026-04-01T18:47:37+00:00\" \/>\n<meta name=\"author\" content=\"Telinha\" \/>\n<meta name=\"twitter:card\" content=\"summary_large_image\" \/>\n<meta name=\"twitter:label1\" content=\"Escrito por\" \/>\n\t<meta name=\"twitter:data1\" content=\"Telinha\" \/>\n\t<meta name=\"twitter:label2\" content=\"Tempo estimado de leitura\" \/>\n\t<meta name=\"twitter:data2\" content=\"1 minuto\" \/>\n<script type=\"application\/ld+json\" class=\"yoast-schema-graph\">{\"@context\":\"https:\/\/schema.org\",\"@graph\":[{\"@type\":\"Article\",\"@id\":\"https:\/\/portaltela.pt\/noticias\/2026\/04\/01\/guti-recorda-recusa-ao-milan-jogava-com-zidane-ronaldo-e-kaka\/#article\",\"isPartOf\":{\"@id\":\"https:\/\/portaltela.pt\/noticias\/2026\/04\/01\/guti-recorda-recusa-ao-milan-jogava-com-zidane-ronaldo-e-kaka\/\"},\"author\":{\"name\":\"Telinha\",\"@id\":\"https:\/\/portaltela.pt\/#\/schema\/person\/c4278d4a6028830caff9ee44b42d32ed\"},\"headline\":\"Guti recorda recusa ao Milan: jogava com Zidane, Ronaldo e Kak\u00e1\",\"datePublished\":\"2026-04-01T18:47:37+00:00\",\"mainEntityOfPage\":{\"@id\":\"https:\/\/portaltela.pt\/noticias\/2026\/04\/01\/guti-recorda-recusa-ao-milan-jogava-com-zidane-ronaldo-e-kaka\/\"},\"wordCount\":145,\"image\":{\"@id\":\"https:\/\/portaltela.pt\/noticias\/2026\/04\/01\/guti-recorda-recusa-ao-milan-jogava-com-zidane-ronaldo-e-kaka\/#primaryimage\"},\"thumbnailUrl\":\"https:\/\/portaltela.pt\/s.01k8rhncp4jt1\/2026\/04\/img_920x518uu2026-04-01-19-42-42-2430561.jpg\",\"keywords\":[\"Benzema\",\"Cristiano Ronaldo\",\"futebol\",\"Kak\u00e1\",\"Roberto Carlos\",\"Zidane\"],\"articleSection\":[\"Desporto\",\"Futebol\"],\"inLanguage\":\"pt-PT\"},{\"@type\":\"WebPage\",\"@id\":\"https:\/\/portaltela.pt\/noticias\/2026\/04\/01\/guti-recorda-recusa-ao-milan-jogava-com-zidane-ronaldo-e-kaka\/\",\"url\":\"https:\/\/portaltela.pt\/noticias\/2026\/04\/01\/guti-recorda-recusa-ao-milan-jogava-com-zidane-ronaldo-e-kaka\/\",\"name\":\"Guti recorda recusa ao Milan: jogava com Zidane, Ronaldo e Kak\u00e1 - Portal Tela Portugal\",\"isPartOf\":{\"@id\":\"https:\/\/portaltela.pt\/#website\"},\"primaryImageOfPage\":{\"@id\":\"https:\/\/portaltela.pt\/noticias\/2026\/04\/01\/guti-recorda-recusa-ao-milan-jogava-com-zidane-ronaldo-e-kaka\/#primaryimage\"},\"image\":{\"@id\":\"https:\/\/portaltela.pt\/noticias\/2026\/04\/01\/guti-recorda-recusa-ao-milan-jogava-com-zidane-ronaldo-e-kaka\/#primaryimage\"},\"thumbnailUrl\":\"https:\/\/portaltela.pt\/s.01k8rhncp4jt1\/2026\/04\/img_920x518uu2026-04-01-19-42-42-2430561.jpg\",\"datePublished\":\"2026-04-01T18:47:37+00:00\",\"author\":{\"@id\":\"https:\/\/portaltela.pt\/#\/schema\/person\/c4278d4a6028830caff9ee44b42d32ed\"},\"breadcrumb\":{\"@id\":\"https:\/\/portaltela.pt\/noticias\/2026\/04\/01\/guti-recorda-recusa-ao-milan-jogava-com-zidane-ronaldo-e-kaka\/#breadcrumb\"},\"inLanguage\":\"pt-PT\",\"potentialAction\":[{\"@type\":\"ReadAction\",\"target\":[\"https:\/\/portaltela.pt\/noticias\/2026\/04\/01\/guti-recorda-recusa-ao-milan-jogava-com-zidane-ronaldo-e-kaka\/\"]}]},{\"@type\":\"ImageObject\",\"inLanguage\":\"pt-PT\",\"@id\":\"https:\/\/portaltela.pt\/noticias\/2026\/04\/01\/guti-recorda-recusa-ao-milan-jogava-com-zidane-ronaldo-e-kaka\/#primaryimage\",\"url\":\"https:\/\/portaltela.pt\/s.01k8rhncp4jt1\/2026\/04\/img_920x518uu2026-04-01-19-42-42-2430561.jpg\",\"contentUrl\":\"https:\/\/portaltela.pt\/s.01k8rhncp4jt1\/2026\/04\/img_920x518uu2026-04-01-19-42-42-2430561.jpg\",\"width\":796,\"height\":448,\"caption\":\"Equipa recheada de estrelas\"},{\"@type\":\"BreadcrumbList\",\"@id\":\"https:\/\/portaltela.pt\/noticias\/2026\/04\/01\/guti-recorda-recusa-ao-milan-jogava-com-zidane-ronaldo-e-kaka\/#breadcrumb\",\"itemListElement\":[{\"@type\":\"ListItem\",\"position\":1,\"name\":\"In\u00edcio\",\"item\":\"https:\/\/portaltela.pt\/\"},{\"@type\":\"ListItem\",\"position\":2,\"name\":\"Guti recorda recusa ao Milan: jogava com Zidane, Ronaldo e Kak\u00e1\"}]},{\"@type\":\"WebSite\",\"@id\":\"https:\/\/portaltela.pt\/#website\",\"url\":\"https:\/\/portaltela.pt\/\",\"name\":\"Portal Tela Portugal\",\"description\":\"\",\"potentialAction\":[{\"@type\":\"SearchAction\",\"target\":{\"@type\":\"EntryPoint\",\"urlTemplate\":\"https:\/\/portaltela.pt\/?s={search_term_string}\"},\"query-input\":{\"@type\":\"PropertyValueSpecification\",\"valueRequired\":true,\"valueName\":\"search_term_string\"}}],\"inLanguage\":\"pt-PT\"},{\"@type\":\"Person\",\"@id\":\"https:\/\/portaltela.pt\/#\/schema\/person\/c4278d4a6028830caff9ee44b42d32ed\",\"name\":\"Telinha\",\"image\":{\"@type\":\"ImageObject\",\"inLanguage\":\"pt-PT\",\"@id\":\"https:\/\/portaltela.pt\/s.01k8rhncp4jt1\/2025\/11\/talking-bot-125x125.png\",\"url\":\"https:\/\/portaltela.pt\/s.01k8rhncp4jt1\/2025\/11\/talking-bot-125x125.png\",\"contentUrl\":\"https:\/\/portaltela.pt\/s.01k8rhncp4jt1\/2025\/11\/talking-bot-125x125.png\",\"caption\":\"Telinha\"},\"sameAs\":[\"https:\/\/portaltela.pt\/\"],\"url\":\"https:\/\/portaltela.pt\/por\/367410592786\/\"}]}<\/script>\n<!-- \/ Yoast SEO plugin. -->","yoast_head_json":{"title":"Guti recorda recusa ao Milan: jogava com Zidane, Ronaldo e Kak\u00e1 - Portal Tela Portugal","robots":{"index":"index","follow":"follow","max-snippet":"max-snippet:-1","max-image-preview":"max-image-preview:large","max-video-preview":"max-video-preview:-1"},"og_locale":"pt_PT","og_type":"article","og_title":"Guti recorda recusa ao Milan: jogava com Zidane, Ronaldo e Kak\u00e1 - Portal Tela Portugal","og_description":"Guti, antigo m\u00e9dio espanhol, passou 14 anos no Real Madrid, com 542 partidas, 77 golos e 96 assist\u00eancias. O Milan chegou a fazer-lhe uma proposta durante uma visita para celebrar o centen\u00e1rio do clube. Diz que n\u00e3o foi o dinheiro que o moveu, preferindo manter a ideia de jogar menos tempo pelo Madrid do que ter mais minutos noutro clube. Salienta ter tido a oportunidade de jogar ao lado de Zidane, Ronaldo, Benzema, Roberto Carlos e Kak\u00e1, o que lhe interessava. A rela\u00e7\u00e3o com o Real Madrid permaneceu marcante ao longo de toda a carreira de 14 anos.","og_url":"https:\/\/portaltela.pt\/noticias\/2026\/04\/01\/guti-recorda-recusa-ao-milan-jogava-com-zidane-ronaldo-e-kaka\/","og_site_name":"Portal Tela Portugal","article_published_time":"2026-04-01T18:47:37+00:00","author":"Telinha","twitter_card":"summary_large_image","twitter_misc":{"Escrito por":"Telinha","Tempo estimado de leitura":"1 minuto"},"schema":{"@context":"https:\/\/schema.org","@graph":[{"@type":"Article","@id":"https:\/\/portaltela.pt\/noticias\/2026\/04\/01\/guti-recorda-recusa-ao-milan-jogava-com-zidane-ronaldo-e-kaka\/#article","isPartOf":{"@id":"https:\/\/portaltela.pt\/noticias\/2026\/04\/01\/guti-recorda-recusa-ao-milan-jogava-com-zidane-ronaldo-e-kaka\/"},"author":{"name":"Telinha","@id":"https:\/\/portaltela.pt\/#\/schema\/person\/c4278d4a6028830caff9ee44b42d32ed"},"headline":"Guti recorda recusa ao Milan: jogava com Zidane, Ronaldo e Kak\u00e1","datePublished":"2026-04-01T18:47:37+00:00","mainEntityOfPage":{"@id":"https:\/\/portaltela.pt\/noticias\/2026\/04\/01\/guti-recorda-recusa-ao-milan-jogava-com-zidane-ronaldo-e-kaka\/"},"wordCount":145,"image":{"@id":"https:\/\/portaltela.pt\/noticias\/2026\/04\/01\/guti-recorda-recusa-ao-milan-jogava-com-zidane-ronaldo-e-kaka\/#primaryimage"},"thumbnailUrl":"https:\/\/portaltela.pt\/s.01k8rhncp4jt1\/2026\/04\/img_920x518uu2026-04-01-19-42-42-2430561.jpg","keywords":["Benzema","Cristiano Ronaldo","futebol","Kak\u00e1","Roberto Carlos","Zidane"],"articleSection":["Desporto","Futebol"],"inLanguage":"pt-PT"},{"@type":"WebPage","@id":"https:\/\/portaltela.pt\/noticias\/2026\/04\/01\/guti-recorda-recusa-ao-milan-jogava-com-zidane-ronaldo-e-kaka\/","url":"https:\/\/portaltela.pt\/noticias\/2026\/04\/01\/guti-recorda-recusa-ao-milan-jogava-com-zidane-ronaldo-e-kaka\/","name":"Guti recorda recusa ao Milan: jogava com Zidane, Ronaldo e Kak\u00e1 - Portal Tela Portugal","isPartOf":{"@id":"https:\/\/portaltela.pt\/#website"},"primaryImageOfPage":{"@id":"https:\/\/portaltela.pt\/noticias\/2026\/04\/01\/guti-recorda-recusa-ao-milan-jogava-com-zidane-ronaldo-e-kaka\/#primaryimage"},"image":{"@id":"https:\/\/portaltela.pt\/noticias\/2026\/04\/01\/guti-recorda-recusa-ao-milan-jogava-com-zidane-ronaldo-e-kaka\/#primaryimage"},"thumbnailUrl":"https:\/\/portaltela.pt\/s.01k8rhncp4jt1\/2026\/04\/img_920x518uu2026-04-01-19-42-42-2430561.jpg","datePublished":"2026-04-01T18:47:37+00:00","author":{"@id":"https:\/\/portaltela.pt\/#\/schema\/person\/c4278d4a6028830caff9ee44b42d32ed"},"breadcrumb":{"@id":"https:\/\/portaltela.pt\/noticias\/2026\/04\/01\/guti-recorda-recusa-ao-milan-jogava-com-zidane-ronaldo-e-kaka\/#breadcrumb"},"inLanguage":"pt-PT","potentialAction":[{"@type":"ReadAction","target":["https:\/\/portaltela.pt\/noticias\/2026\/04\/01\/guti-recorda-recusa-ao-milan-jogava-com-zidane-ronaldo-e-kaka\/"]}]},{"@type":"ImageObject","inLanguage":"pt-PT","@id":"https:\/\/portaltela.pt\/noticias\/2026\/04\/01\/guti-recorda-recusa-ao-milan-jogava-com-zidane-ronaldo-e-kaka\/#primaryimage","url":"https:\/\/portaltela.pt\/s.01k8rhncp4jt1\/2026\/04\/img_920x518uu2026-04-01-19-42-42-2430561.jpg","contentUrl":"https:\/\/portaltela.pt\/s.01k8rhncp4jt1\/2026\/04\/img_920x518uu2026-04-01-19-42-42-2430561.jpg","width":796,"height":448,"caption":"Equipa recheada de estrelas"},{"@type":"BreadcrumbList","@id":"https:\/\/portaltela.pt\/noticias\/2026\/04\/01\/guti-recorda-recusa-ao-milan-jogava-com-zidane-ronaldo-e-kaka\/#breadcrumb","itemListElement":[{"@type":"ListItem","position":1,"name":"In\u00edcio","item":"https:\/\/portaltela.pt\/"},{"@type":"ListItem","position":2,"name":"Guti recorda recusa ao Milan: jogava com Zidane, Ronaldo e Kak\u00e1"}]},{"@type":"WebSite","@id":"https:\/\/portaltela.pt\/#website","url":"https:\/\/portaltela.pt\/","name":"Portal Tela Portugal","description":"","potentialAction":[{"@type":"SearchAction","target":{"@type":"EntryPoint","urlTemplate":"https:\/\/portaltela.pt\/?s={search_term_string}"},"query-input":{"@type":"PropertyValueSpecification","valueRequired":true,"valueName":"search_term_string"}}],"inLanguage":"pt-PT"},{"@type":"Person","@id":"https:\/\/portaltela.pt\/#\/schema\/person\/c4278d4a6028830caff9ee44b42d32ed","name":"Telinha","image":{"@type":"ImageObject","inLanguage":"pt-PT","@id":"https:\/\/portaltela.pt\/s.01k8rhncp4jt1\/2025\/11\/talking-bot-125x125.png","url":"https:\/\/portaltela.pt\/s.01k8rhncp4jt1\/2025\/11\/talking-bot-125x125.png","contentUrl":"https:\/\/portaltela.pt\/s.01k8rhncp4jt1\/2025\/11\/talking-bot-125x125.png","caption":"Telinha"},"sameAs":["https:\/\/portaltela.pt\/"],"url":"https:\/\/portaltela.pt\/por\/367410592786\/"}]}},"_links":{"self":[{"href":"https:\/\/portaltela.pt\/api\/wp\/v2\/posts\/429649","targetHints":{"allow":["GET"]}}],"collection":[{"href":"https:\/\/portaltela.pt\/api\/wp\/v2\/posts"}],"about":[{"href":"https:\/\/portaltela.pt\/api\/wp\/v2\/types\/post"}],"author":[{"embeddable":true,"href":"https:\/\/portaltela.pt\/api\/wp\/v2\/users\/2"}],"replies":[{"embeddable":true,"href":"https:\/\/portaltela.pt\/api\/wp\/v2\/comments?post=429649"}],"version-history":[{"count":0,"href":"https:\/\/portaltela.pt\/api\/wp\/v2\/posts\/429649\/revisions"}],"wp:featuredmedia":[{"embeddable":true,"href":"https:\/\/portaltela.pt\/api\/wp\/v2\/media\/429650"}],"wp:attachment":[{"href":"https:\/\/portaltela.pt\/api\/wp\/v2\/media?parent=429649"}],"wp:term":[{"taxonomy":"category","embeddable":true,"href":"https:\/\/portaltela.pt\/api\/wp\/v2\/categories?post=429649"},{"taxonomy":"post_tag","embeddable":true,"href":"https:\/\/portaltela.pt\/api\/wp\/v2\/tags?post=429649"}],"curies":[{"name":"wp","href":"https:\/\/api.w.org\/{rel}","templated":true}]}}