{"id":429647,"date":"2026-04-01T15:47:31","date_gmt":"2026-04-01T18:47:31","guid":{"rendered":"https:\/\/portaltela.pt\/noticias\/2026\/04\/01\/mais-comentadores-que-cidadaos-nacionais-nos-ultimos-dias-diz-laranjeiro\/"},"modified":"2026-04-01T15:47:31","modified_gmt":"2026-04-01T18:47:31","slug":"mais-comentadores-que-cidadaos-nacionais-nos-ultimos-dias-diz-laranjeiro","status":"publish","type":"post","link":"https:\/\/portaltela.pt\/desporto\/futebol\/2026\/04\/01\/mais-comentadores-que-cidadaos-nacionais-nos-ultimos-dias-diz-laranjeiro\/","title":{"rendered":"Mais comentadores que cidad\u00e3os nacionais nos \u00faltimos dias, diz Laranjeiro"},"content":{"rendered":"<p>Miguel Laranjeiro, presidente da Federa\u00e7\u00e3o Portuguesa de Andebol, participou numa reuni\u00e3o em que estiveram presentes Frederico Varandas e Andr\u00e9 Villas-Boas, al\u00e9m de Margarida Balseiro Lopes, Ministra da Cultura, Juventude e Desporto. O encontro ocorreu na ter\u00e7a-feira, em Lisboa, e teve como objetivo promover um canal de colabora\u00e7\u00e3o entre as organiza\u00e7\u00f5es. A reuni\u00e3o foi solicitada pela ministra e pelo secret\u00e1rio de Estado.<\/p>\n<p>O presidente da federa\u00e7\u00e3o descreveu o encontro como tranquilo, destacando que a Federa\u00e7\u00e3o atuou no que lhe compete, incluindo a comunica\u00e7\u00e3o ao Conselho de Disciplina da FPF sobre o que ocorreu no jogo. A t\u00edtulo pessoal, lembrou que o pa\u00eds comemora os 50 anos da Constitui\u00e7\u00e3o da Rep\u00fablica e defendeu que o Estado de direito deve orientar a justi\u00e7a desportiva.<\/p>\n<p>Laranjeiro sublinhou a import\u00e2ncia de di\u00e1logo entre clubes de grande express\u00e3o, incluindo FC Porto, Sporting e Benfica, para a modalidade. Referiu ainda que compete ao andebol acompanhar casos de integridade f\u00edsica dos atletas e que n\u00e3o cabe apenas aos clubes avaliarem estas situa\u00e7\u00f5es. A reuni\u00e3o foi apresentada como um passo para um clima mais aberto.<\/p>\n<h3>Perspetiva de futuro e ambiente no desporto<\/h3>\n<p>O dirigente afirmou desejar que o encontro seja o in\u00edcio de uma colabora\u00e7\u00e3o mais produtiva entre entidades desportivas e o poder p\u00fablico. Questionado sobre se a reuni\u00e3o pode alterar o atual ambiente desportivo, respondeu que espera resultados positivos, sem explicar prazos espec\u00edficos.<\/p>\n","protected":false},"excerpt":{"rendered":"<ul>\n<li>Miguel Laranjeiro, presidente da Federa\u00e7\u00e3o Portuguesa de Andebol, participou numa reuni\u00e3o com Frederico Varandas, Andr\u00e9 Villas-Boas e Margarida Balseiro Lopes, na presen\u00e7a de dirigentes do Sporting e FC Porto e da Ministra da Cultura, Juventude e Desporto.<\/li>\n<li>Ao sair, o dirigente explicou que a reuni\u00e3o teve o objetivo de ouvir as diferentes posi\u00e7\u00f5es e que a federa\u00e7\u00e3o procura um ambiente de colabora\u00e7\u00e3o entre clubes e entidades.<\/li>\n<li>Laranjeiro referiu que a federa\u00e7\u00e3o j\u00e1 comunicou ao Conselho de Disciplina da Federa\u00e7\u00e3o Portuguesa de Futebol o procedimento relativo ao que aconteceu no jogo, e destacou a defesa da integridade dos jogadores.<\/li>\n<li>Comentou ainda que, nos \u00faltimos dias, houve mais comentadores do que cidad\u00e3os nacionais e apelou a calma e ao tempo do Conselho de Disciplina para apurar os factos.<\/li>\n<li>Questionado sobre o impacto no desporto portugu\u00eas, o presidente da federa\u00e7\u00e3o disse que espera que a reuni\u00e3o seja o in\u00edcio de algo mais positivo e \u00fatil para o andebol e para o pa\u00eds.<\/li>\n<\/ul>\n","protected":false},"author":2,"featured_media":429648,"comment_status":"closed","ping_status":"closed","sticky":false,"template":"","format":"standard","meta":{"footnotes":""},"categories":[21,24],"tags":[1367,4057,152,6220,34,7112],"class_list":["post-429647","post","type-post","status-publish","format-standard","has-post-thumbnail","hentry","category-desporto","category-futebol","tag-clubes","tag-constituicao","tag-desporto","tag-desporto-federado","tag-governo","tag-integridade-institucional"],"yoast_head":"<!-- This site is optimized with the Yoast SEO plugin v27.2 - https:\/\/yoast.com\/product\/yoast-seo-wordpress\/ -->\n<title>Mais comentadores que cidad\u00e3os nacionais nos \u00faltimos dias, diz Laranjeiro - Portal Tela Portugal<\/title>\n<meta name=\"robots\" content=\"index, follow, max-snippet:-1, max-image-preview:large, max-video-preview:-1\" \/>\n<meta property=\"og:locale\" content=\"pt_PT\" \/>\n<meta property=\"og:type\" content=\"article\" \/>\n<meta property=\"og:title\" content=\"Mais comentadores que cidad\u00e3os nacionais nos \u00faltimos dias, diz Laranjeiro - Portal Tela Portugal\" \/>\n<meta property=\"og:description\" content=\"Miguel Laranjeiro, presidente da Federa\u00e7\u00e3o Portuguesa de Andebol, participou numa reuni\u00e3o com Frederico Varandas, Andr\u00e9 Villas-Boas e Margarida Balseiro Lopes, na presen\u00e7a de dirigentes do Sporting e FC Porto e da Ministra da Cultura, Juventude e Desporto. Ao sair, o dirigente explicou que a reuni\u00e3o teve o objetivo de ouvir as diferentes posi\u00e7\u00f5es e que a federa\u00e7\u00e3o procura um ambiente de colabora\u00e7\u00e3o entre clubes e entidades. Laranjeiro referiu que a federa\u00e7\u00e3o j\u00e1 comunicou ao Conselho de Disciplina da Federa\u00e7\u00e3o Portuguesa de Futebol o procedimento relativo ao que aconteceu no jogo, e destacou a defesa da integridade dos jogadores. Comentou ainda que, nos \u00faltimos dias, houve mais comentadores do que cidad\u00e3os nacionais e apelou a calma e ao tempo do Conselho de Disciplina para apurar os factos. Questionado sobre o impacto no desporto portugu\u00eas, o presidente da federa\u00e7\u00e3o disse que espera que a reuni\u00e3o seja o in\u00edcio de algo mais positivo e \u00fatil para o andebol e para o pa\u00eds.\" \/>\n<meta property=\"og:url\" content=\"https:\/\/portaltela.pt\/noticias\/2026\/04\/01\/mais-comentadores-que-cidadaos-nacionais-nos-ultimos-dias-diz-laranjeiro\/\" \/>\n<meta property=\"og:site_name\" content=\"Portal Tela Portugal\" \/>\n<meta property=\"article:published_time\" content=\"2026-04-01T18:47:31+00:00\" \/>\n<meta name=\"author\" content=\"Telinha\" \/>\n<meta name=\"twitter:card\" content=\"summary_large_image\" \/>\n<meta name=\"twitter:label1\" content=\"Escrito por\" \/>\n\t<meta name=\"twitter:data1\" content=\"Telinha\" \/>\n\t<meta name=\"twitter:label2\" content=\"Tempo estimado de leitura\" \/>\n\t<meta name=\"twitter:data2\" content=\"1 minuto\" \/>\n<script type=\"application\/ld+json\" class=\"yoast-schema-graph\">{\"@context\":\"https:\/\/schema.org\",\"@graph\":[{\"@type\":\"Article\",\"@id\":\"https:\/\/portaltela.pt\/noticias\/2026\/04\/01\/mais-comentadores-que-cidadaos-nacionais-nos-ultimos-dias-diz-laranjeiro\/#article\",\"isPartOf\":{\"@id\":\"https:\/\/portaltela.pt\/noticias\/2026\/04\/01\/mais-comentadores-que-cidadaos-nacionais-nos-ultimos-dias-diz-laranjeiro\/\"},\"author\":{\"name\":\"Telinha\",\"@id\":\"https:\/\/portaltela.pt\/#\/schema\/person\/c4278d4a6028830caff9ee44b42d32ed\"},\"headline\":\"Mais comentadores que cidad\u00e3os nacionais nos \u00faltimos dias, diz Laranjeiro\",\"datePublished\":\"2026-04-01T18:47:31+00:00\",\"mainEntityOfPage\":{\"@id\":\"https:\/\/portaltela.pt\/noticias\/2026\/04\/01\/mais-comentadores-que-cidadaos-nacionais-nos-ultimos-dias-diz-laranjeiro\/\"},\"wordCount\":263,\"image\":{\"@id\":\"https:\/\/portaltela.pt\/noticias\/2026\/04\/01\/mais-comentadores-que-cidadaos-nacionais-nos-ultimos-dias-diz-laranjeiro\/#primaryimage\"},\"thumbnailUrl\":\"https:\/\/portaltela.pt\/s.01k8rhncp4jt1\/2026\/04\/img_920x518uu2026-03-26-21-19-50-2429577-im-639106693467462297.jpg\",\"keywords\":[\"clubes\",\"constitui\u00e7\u00e3o\",\"desporto\",\"Desporto Federado\",\"governo\",\"integridade institucional\"],\"articleSection\":[\"Desporto\",\"Futebol\"],\"inLanguage\":\"pt-PT\"},{\"@type\":\"WebPage\",\"@id\":\"https:\/\/portaltela.pt\/noticias\/2026\/04\/01\/mais-comentadores-que-cidadaos-nacionais-nos-ultimos-dias-diz-laranjeiro\/\",\"url\":\"https:\/\/portaltela.pt\/noticias\/2026\/04\/01\/mais-comentadores-que-cidadaos-nacionais-nos-ultimos-dias-diz-laranjeiro\/\",\"name\":\"Mais comentadores que cidad\u00e3os nacionais nos \u00faltimos dias, diz Laranjeiro - Portal Tela Portugal\",\"isPartOf\":{\"@id\":\"https:\/\/portaltela.pt\/#website\"},\"primaryImageOfPage\":{\"@id\":\"https:\/\/portaltela.pt\/noticias\/2026\/04\/01\/mais-comentadores-que-cidadaos-nacionais-nos-ultimos-dias-diz-laranjeiro\/#primaryimage\"},\"image\":{\"@id\":\"https:\/\/portaltela.pt\/noticias\/2026\/04\/01\/mais-comentadores-que-cidadaos-nacionais-nos-ultimos-dias-diz-laranjeiro\/#primaryimage\"},\"thumbnailUrl\":\"https:\/\/portaltela.pt\/s.01k8rhncp4jt1\/2026\/04\/img_920x518uu2026-03-26-21-19-50-2429577-im-639106693467462297.jpg\",\"datePublished\":\"2026-04-01T18:47:31+00:00\",\"author\":{\"@id\":\"https:\/\/portaltela.pt\/#\/schema\/person\/c4278d4a6028830caff9ee44b42d32ed\"},\"breadcrumb\":{\"@id\":\"https:\/\/portaltela.pt\/noticias\/2026\/04\/01\/mais-comentadores-que-cidadaos-nacionais-nos-ultimos-dias-diz-laranjeiro\/#breadcrumb\"},\"inLanguage\":\"pt-PT\",\"potentialAction\":[{\"@type\":\"ReadAction\",\"target\":[\"https:\/\/portaltela.pt\/noticias\/2026\/04\/01\/mais-comentadores-que-cidadaos-nacionais-nos-ultimos-dias-diz-laranjeiro\/\"]}]},{\"@type\":\"ImageObject\",\"inLanguage\":\"pt-PT\",\"@id\":\"https:\/\/portaltela.pt\/noticias\/2026\/04\/01\/mais-comentadores-que-cidadaos-nacionais-nos-ultimos-dias-diz-laranjeiro\/#primaryimage\",\"url\":\"https:\/\/portaltela.pt\/s.01k8rhncp4jt1\/2026\/04\/img_920x518uu2026-03-26-21-19-50-2429577-im-639106693467462297.jpg\",\"contentUrl\":\"https:\/\/portaltela.pt\/s.01k8rhncp4jt1\/2026\/04\/img_920x518uu2026-03-26-21-19-50-2429577-im-639106693467462297.jpg\",\"width\":796,\"height\":448,\"caption\":\"O presidente da Federa\u00e7\u00e3o Portuguesa de Andebol\"},{\"@type\":\"BreadcrumbList\",\"@id\":\"https:\/\/portaltela.pt\/noticias\/2026\/04\/01\/mais-comentadores-que-cidadaos-nacionais-nos-ultimos-dias-diz-laranjeiro\/#breadcrumb\",\"itemListElement\":[{\"@type\":\"ListItem\",\"position\":1,\"name\":\"In\u00edcio\",\"item\":\"https:\/\/portaltela.pt\/\"},{\"@type\":\"ListItem\",\"position\":2,\"name\":\"Mais comentadores que cidad\u00e3os nacionais nos \u00faltimos dias, diz Laranjeiro\"}]},{\"@type\":\"WebSite\",\"@id\":\"https:\/\/portaltela.pt\/#website\",\"url\":\"https:\/\/portaltela.pt\/\",\"name\":\"Portal Tela Portugal\",\"description\":\"\",\"potentialAction\":[{\"@type\":\"SearchAction\",\"target\":{\"@type\":\"EntryPoint\",\"urlTemplate\":\"https:\/\/portaltela.pt\/?s={search_term_string}\"},\"query-input\":{\"@type\":\"PropertyValueSpecification\",\"valueRequired\":true,\"valueName\":\"search_term_string\"}}],\"inLanguage\":\"pt-PT\"},{\"@type\":\"Person\",\"@id\":\"https:\/\/portaltela.pt\/#\/schema\/person\/c4278d4a6028830caff9ee44b42d32ed\",\"name\":\"Telinha\",\"image\":{\"@type\":\"ImageObject\",\"inLanguage\":\"pt-PT\",\"@id\":\"https:\/\/portaltela.pt\/s.01k8rhncp4jt1\/2025\/11\/talking-bot-125x125.png\",\"url\":\"https:\/\/portaltela.pt\/s.01k8rhncp4jt1\/2025\/11\/talking-bot-125x125.png\",\"contentUrl\":\"https:\/\/portaltela.pt\/s.01k8rhncp4jt1\/2025\/11\/talking-bot-125x125.png\",\"caption\":\"Telinha\"},\"sameAs\":[\"https:\/\/portaltela.pt\/\"],\"url\":\"https:\/\/portaltela.pt\/por\/367410592786\/\"}]}<\/script>\n<!-- \/ Yoast SEO plugin. -->","yoast_head_json":{"title":"Mais comentadores que cidad\u00e3os nacionais nos \u00faltimos dias, diz Laranjeiro - Portal Tela Portugal","robots":{"index":"index","follow":"follow","max-snippet":"max-snippet:-1","max-image-preview":"max-image-preview:large","max-video-preview":"max-video-preview:-1"},"og_locale":"pt_PT","og_type":"article","og_title":"Mais comentadores que cidad\u00e3os nacionais nos \u00faltimos dias, diz Laranjeiro - Portal Tela Portugal","og_description":"Miguel Laranjeiro, presidente da Federa\u00e7\u00e3o Portuguesa de Andebol, participou numa reuni\u00e3o com Frederico Varandas, Andr\u00e9 Villas-Boas e Margarida Balseiro Lopes, na presen\u00e7a de dirigentes do Sporting e FC Porto e da Ministra da Cultura, Juventude e Desporto. Ao sair, o dirigente explicou que a reuni\u00e3o teve o objetivo de ouvir as diferentes posi\u00e7\u00f5es e que a federa\u00e7\u00e3o procura um ambiente de colabora\u00e7\u00e3o entre clubes e entidades. Laranjeiro referiu que a federa\u00e7\u00e3o j\u00e1 comunicou ao Conselho de Disciplina da Federa\u00e7\u00e3o Portuguesa de Futebol o procedimento relativo ao que aconteceu no jogo, e destacou a defesa da integridade dos jogadores. Comentou ainda que, nos \u00faltimos dias, houve mais comentadores do que cidad\u00e3os nacionais e apelou a calma e ao tempo do Conselho de Disciplina para apurar os factos. Questionado sobre o impacto no desporto portugu\u00eas, o presidente da federa\u00e7\u00e3o disse que espera que a reuni\u00e3o seja o in\u00edcio de algo mais positivo e \u00fatil para o andebol e para o pa\u00eds.","og_url":"https:\/\/portaltela.pt\/noticias\/2026\/04\/01\/mais-comentadores-que-cidadaos-nacionais-nos-ultimos-dias-diz-laranjeiro\/","og_site_name":"Portal Tela Portugal","article_published_time":"2026-04-01T18:47:31+00:00","author":"Telinha","twitter_card":"summary_large_image","twitter_misc":{"Escrito por":"Telinha","Tempo estimado de leitura":"1 minuto"},"schema":{"@context":"https:\/\/schema.org","@graph":[{"@type":"Article","@id":"https:\/\/portaltela.pt\/noticias\/2026\/04\/01\/mais-comentadores-que-cidadaos-nacionais-nos-ultimos-dias-diz-laranjeiro\/#article","isPartOf":{"@id":"https:\/\/portaltela.pt\/noticias\/2026\/04\/01\/mais-comentadores-que-cidadaos-nacionais-nos-ultimos-dias-diz-laranjeiro\/"},"author":{"name":"Telinha","@id":"https:\/\/portaltela.pt\/#\/schema\/person\/c4278d4a6028830caff9ee44b42d32ed"},"headline":"Mais comentadores que cidad\u00e3os nacionais nos \u00faltimos dias, diz Laranjeiro","datePublished":"2026-04-01T18:47:31+00:00","mainEntityOfPage":{"@id":"https:\/\/portaltela.pt\/noticias\/2026\/04\/01\/mais-comentadores-que-cidadaos-nacionais-nos-ultimos-dias-diz-laranjeiro\/"},"wordCount":263,"image":{"@id":"https:\/\/portaltela.pt\/noticias\/2026\/04\/01\/mais-comentadores-que-cidadaos-nacionais-nos-ultimos-dias-diz-laranjeiro\/#primaryimage"},"thumbnailUrl":"https:\/\/portaltela.pt\/s.01k8rhncp4jt1\/2026\/04\/img_920x518uu2026-03-26-21-19-50-2429577-im-639106693467462297.jpg","keywords":["clubes","constitui\u00e7\u00e3o","desporto","Desporto Federado","governo","integridade institucional"],"articleSection":["Desporto","Futebol"],"inLanguage":"pt-PT"},{"@type":"WebPage","@id":"https:\/\/portaltela.pt\/noticias\/2026\/04\/01\/mais-comentadores-que-cidadaos-nacionais-nos-ultimos-dias-diz-laranjeiro\/","url":"https:\/\/portaltela.pt\/noticias\/2026\/04\/01\/mais-comentadores-que-cidadaos-nacionais-nos-ultimos-dias-diz-laranjeiro\/","name":"Mais comentadores que cidad\u00e3os nacionais nos \u00faltimos dias, diz Laranjeiro - Portal Tela Portugal","isPartOf":{"@id":"https:\/\/portaltela.pt\/#website"},"primaryImageOfPage":{"@id":"https:\/\/portaltela.pt\/noticias\/2026\/04\/01\/mais-comentadores-que-cidadaos-nacionais-nos-ultimos-dias-diz-laranjeiro\/#primaryimage"},"image":{"@id":"https:\/\/portaltela.pt\/noticias\/2026\/04\/01\/mais-comentadores-que-cidadaos-nacionais-nos-ultimos-dias-diz-laranjeiro\/#primaryimage"},"thumbnailUrl":"https:\/\/portaltela.pt\/s.01k8rhncp4jt1\/2026\/04\/img_920x518uu2026-03-26-21-19-50-2429577-im-639106693467462297.jpg","datePublished":"2026-04-01T18:47:31+00:00","author":{"@id":"https:\/\/portaltela.pt\/#\/schema\/person\/c4278d4a6028830caff9ee44b42d32ed"},"breadcrumb":{"@id":"https:\/\/portaltela.pt\/noticias\/2026\/04\/01\/mais-comentadores-que-cidadaos-nacionais-nos-ultimos-dias-diz-laranjeiro\/#breadcrumb"},"inLanguage":"pt-PT","potentialAction":[{"@type":"ReadAction","target":["https:\/\/portaltela.pt\/noticias\/2026\/04\/01\/mais-comentadores-que-cidadaos-nacionais-nos-ultimos-dias-diz-laranjeiro\/"]}]},{"@type":"ImageObject","inLanguage":"pt-PT","@id":"https:\/\/portaltela.pt\/noticias\/2026\/04\/01\/mais-comentadores-que-cidadaos-nacionais-nos-ultimos-dias-diz-laranjeiro\/#primaryimage","url":"https:\/\/portaltela.pt\/s.01k8rhncp4jt1\/2026\/04\/img_920x518uu2026-03-26-21-19-50-2429577-im-639106693467462297.jpg","contentUrl":"https:\/\/portaltela.pt\/s.01k8rhncp4jt1\/2026\/04\/img_920x518uu2026-03-26-21-19-50-2429577-im-639106693467462297.jpg","width":796,"height":448,"caption":"O presidente da Federa\u00e7\u00e3o Portuguesa de Andebol"},{"@type":"BreadcrumbList","@id":"https:\/\/portaltela.pt\/noticias\/2026\/04\/01\/mais-comentadores-que-cidadaos-nacionais-nos-ultimos-dias-diz-laranjeiro\/#breadcrumb","itemListElement":[{"@type":"ListItem","position":1,"name":"In\u00edcio","item":"https:\/\/portaltela.pt\/"},{"@type":"ListItem","position":2,"name":"Mais comentadores que cidad\u00e3os nacionais nos \u00faltimos dias, diz Laranjeiro"}]},{"@type":"WebSite","@id":"https:\/\/portaltela.pt\/#website","url":"https:\/\/portaltela.pt\/","name":"Portal Tela Portugal","description":"","potentialAction":[{"@type":"SearchAction","target":{"@type":"EntryPoint","urlTemplate":"https:\/\/portaltela.pt\/?s={search_term_string}"},"query-input":{"@type":"PropertyValueSpecification","valueRequired":true,"valueName":"search_term_string"}}],"inLanguage":"pt-PT"},{"@type":"Person","@id":"https:\/\/portaltela.pt\/#\/schema\/person\/c4278d4a6028830caff9ee44b42d32ed","name":"Telinha","image":{"@type":"ImageObject","inLanguage":"pt-PT","@id":"https:\/\/portaltela.pt\/s.01k8rhncp4jt1\/2025\/11\/talking-bot-125x125.png","url":"https:\/\/portaltela.pt\/s.01k8rhncp4jt1\/2025\/11\/talking-bot-125x125.png","contentUrl":"https:\/\/portaltela.pt\/s.01k8rhncp4jt1\/2025\/11\/talking-bot-125x125.png","caption":"Telinha"},"sameAs":["https:\/\/portaltela.pt\/"],"url":"https:\/\/portaltela.pt\/por\/367410592786\/"}]}},"_links":{"self":[{"href":"https:\/\/portaltela.pt\/api\/wp\/v2\/posts\/429647","targetHints":{"allow":["GET"]}}],"collection":[{"href":"https:\/\/portaltela.pt\/api\/wp\/v2\/posts"}],"about":[{"href":"https:\/\/portaltela.pt\/api\/wp\/v2\/types\/post"}],"author":[{"embeddable":true,"href":"https:\/\/portaltela.pt\/api\/wp\/v2\/users\/2"}],"replies":[{"embeddable":true,"href":"https:\/\/portaltela.pt\/api\/wp\/v2\/comments?post=429647"}],"version-history":[{"count":0,"href":"https:\/\/portaltela.pt\/api\/wp\/v2\/posts\/429647\/revisions"}],"wp:featuredmedia":[{"embeddable":true,"href":"https:\/\/portaltela.pt\/api\/wp\/v2\/media\/429648"}],"wp:attachment":[{"href":"https:\/\/portaltela.pt\/api\/wp\/v2\/media?parent=429647"}],"wp:term":[{"taxonomy":"category","embeddable":true,"href":"https:\/\/portaltela.pt\/api\/wp\/v2\/categories?post=429647"},{"taxonomy":"post_tag","embeddable":true,"href":"https:\/\/portaltela.pt\/api\/wp\/v2\/tags?post=429647"}],"curies":[{"name":"wp","href":"https:\/\/api.w.org\/{rel}","templated":true}]}}