{"id":429641,"date":"2026-04-01T15:47:24","date_gmt":"2026-04-01T18:47:24","guid":{"rendered":"https:\/\/portaltela.pt\/noticias\/2026\/04\/01\/il-junta-se-ao-governo-e-ao-chega-para-aprovar-lei-da-nacionalidade\/"},"modified":"2026-04-01T15:47:24","modified_gmt":"2026-04-01T18:47:24","slug":"il-junta-se-ao-governo-e-ao-chega-para-aprovar-lei-da-nacionalidade","status":"publish","type":"post","link":"https:\/\/portaltela.pt\/noticias\/2026\/04\/01\/il-junta-se-ao-governo-e-ao-chega-para-aprovar-lei-da-nacionalidade\/","title":{"rendered":"IL junta-se ao Governo e ao Chega para aprovar lei da nacionalidade"},"content":{"rendered":"<p>A Assembleia da Rep\u00fablica aprovou, nesta quarta-feira, altera\u00e7\u00f5es \u00e0 lei da nacionalidade ap\u00f3s reaprecia\u00e7\u00e3o de diplomas considerados parcialmente inconstitucionais pelo Pal\u00e1cio Ratton. A aprova\u00e7\u00e3o decorreu no parlamento, com a participa\u00e7\u00e3o de v\u00e1rias for\u00e7a pol\u00edticas.<\/p>\n<p>A viabiliza\u00e7\u00e3o contou com o apoio do Chega e da Iniciativa Liberal, que asseguraram os votos necess\u00e1rios para a passagem dos diplomas do Governo. Al\u00e9m disso, as altera\u00e7\u00f5es abrangem tamb\u00e9m o C\u00f3digo Penal, em linha com o objetivo de cumprir as decis\u00f5es do Tribunal Constitucional.<\/p>\n<p>As mudan\u00e7as mant\u00eam a possibilidade de perder a nacionalidade como san\u00e7\u00e3o acess\u00f3ria, mas com crit\u00e9rios mais exigentes e um conjunto de crimes mais restrito. O Partido Socialista votou contra o diploma, mantendo a oposi\u00e7\u00e3o a essa medida.<\/p>\n<p>Com este desfecho, o Parlamento conclui o processo de reaprecia\u00e7\u00e3o exigido ap\u00f3s o chumbo parcial do Tribunal Constitucional. O Governo entende que o novo regime \u00e9 mais exigente e est\u00e1 alinhado com os princ\u00edpios constitucionais.<\/p>\n","protected":false},"excerpt":{"rendered":"<ul>\n<li>A Assembleia da Rep\u00fablica aprovou, esta quarta-feira, as altera\u00e7\u00f5es \u00e0 lei da nacionalidade ap\u00f3s reaprecia\u00e7\u00e3o de diplomas considerados parcialmente inconstitucionais pelos ju\u00edzes do Pal\u00e1cio Ratton.<\/li>\n<li>A aprova\u00e7\u00e3o foi viabilizada pelo Chega e pela Iniciativa Liberal, o que garantiu os votos necess\u00e1rios para a passagem dos diplomas do Governo, que incluem altera\u00e7\u00f5es ao C\u00f3digo Penal.<\/li>\n<li>As mudan\u00e7as mant\u00eam a possibilidade de perda de nacionalidade como pena acess\u00f3ria, mas com crit\u00e9rios mais exigentes e um elenco de crimes abrangidos mais restrito.<\/li>\n<li>O Partido Socialista votou contra o diploma, mantendo a oposi\u00e7\u00e3o \u00e0 introdu\u00e7\u00e3o da perda de nacionalidade como san\u00e7\u00e3o acess\u00f3ria.<\/li>\n<li>Com a aprova\u00e7\u00e3o, o Parlamento conclui o processo de reaprecia\u00e7\u00e3o exigido ap\u00f3s o chumbo parcial do Tribunal Constitucional, abrindo caminho para a entrada em vigor de um regime mais exigente e compat\u00edvel com princ\u00edpios constitucionais.<\/li>\n<\/ul>\n","protected":false},"author":2,"featured_media":429646,"comment_status":"closed","ping_status":"closed","sticky":false,"template":"","format":"standard","meta":{"footnotes":""},"categories":[6815,1],"tags":[2142,4057,6337,34,1482,2435],"class_list":["post-429641","post","type-post","status-publish","format-standard","has-post-thumbnail","hentry","category-justica","category-noticias","tag-chega","tag-constituicao","tag-direito","tag-governo","tag-iniciativa-liberal","tag-nacionalidade"],"yoast_head":"<!-- This site is optimized with the Yoast SEO plugin v27.2 - https:\/\/yoast.com\/product\/yoast-seo-wordpress\/ -->\n<title>IL junta-se ao Governo e ao Chega para aprovar lei da nacionalidade - Portal Tela Portugal<\/title>\n<meta name=\"robots\" content=\"index, follow, max-snippet:-1, max-image-preview:large, max-video-preview:-1\" \/>\n<meta property=\"og:locale\" content=\"pt_PT\" \/>\n<meta property=\"og:type\" content=\"article\" \/>\n<meta property=\"og:title\" content=\"IL junta-se ao Governo e ao Chega para aprovar lei da nacionalidade - Portal Tela Portugal\" \/>\n<meta property=\"og:description\" content=\"A Assembleia da Rep\u00fablica aprovou, esta quarta-feira, as altera\u00e7\u00f5es \u00e0 lei da nacionalidade ap\u00f3s reaprecia\u00e7\u00e3o de diplomas considerados parcialmente inconstitucionais pelos ju\u00edzes do Pal\u00e1cio Ratton. A aprova\u00e7\u00e3o foi viabilizada pelo Chega e pela Iniciativa Liberal, o que garantiu os votos necess\u00e1rios para a passagem dos diplomas do Governo, que incluem altera\u00e7\u00f5es ao C\u00f3digo Penal. As mudan\u00e7as mant\u00eam a possibilidade de perda de nacionalidade como pena acess\u00f3ria, mas com crit\u00e9rios mais exigentes e um elenco de crimes abrangidos mais restrito. O Partido Socialista votou contra o diploma, mantendo a oposi\u00e7\u00e3o \u00e0 introdu\u00e7\u00e3o da perda de nacionalidade como san\u00e7\u00e3o acess\u00f3ria. Com a aprova\u00e7\u00e3o, o Parlamento conclui o processo de reaprecia\u00e7\u00e3o exigido ap\u00f3s o chumbo parcial do Tribunal Constitucional, abrindo caminho para a entrada em vigor de um regime mais exigente e compat\u00edvel com princ\u00edpios constitucionais.\" \/>\n<meta property=\"og:url\" content=\"https:\/\/portaltela.pt\/noticias\/2026\/04\/01\/il-junta-se-ao-governo-e-ao-chega-para-aprovar-lei-da-nacionalidade\/\" \/>\n<meta property=\"og:site_name\" content=\"Portal Tela Portugal\" \/>\n<meta property=\"article:published_time\" content=\"2026-04-01T18:47:24+00:00\" \/>\n<meta name=\"author\" content=\"Telinha\" \/>\n<meta name=\"twitter:card\" content=\"summary_large_image\" \/>\n<meta name=\"twitter:label1\" content=\"Escrito por\" \/>\n\t<meta name=\"twitter:data1\" content=\"Telinha\" \/>\n\t<meta name=\"twitter:label2\" content=\"Tempo estimado de leitura\" \/>\n\t<meta name=\"twitter:data2\" content=\"1 minuto\" \/>\n<script type=\"application\/ld+json\" class=\"yoast-schema-graph\">{\"@context\":\"https:\/\/schema.org\",\"@graph\":[{\"@type\":\"Article\",\"@id\":\"https:\/\/portaltela.pt\/noticias\/2026\/04\/01\/il-junta-se-ao-governo-e-ao-chega-para-aprovar-lei-da-nacionalidade\/#article\",\"isPartOf\":{\"@id\":\"https:\/\/portaltela.pt\/noticias\/2026\/04\/01\/il-junta-se-ao-governo-e-ao-chega-para-aprovar-lei-da-nacionalidade\/\"},\"author\":{\"name\":\"Telinha\",\"@id\":\"https:\/\/portaltela.pt\/#\/schema\/person\/c4278d4a6028830caff9ee44b42d32ed\"},\"headline\":\"IL junta-se ao Governo e ao Chega para aprovar lei da nacionalidade\",\"datePublished\":\"2026-04-01T18:47:24+00:00\",\"mainEntityOfPage\":{\"@id\":\"https:\/\/portaltela.pt\/noticias\/2026\/04\/01\/il-junta-se-ao-governo-e-ao-chega-para-aprovar-lei-da-nacionalidade\/\"},\"wordCount\":187,\"image\":{\"@id\":\"https:\/\/portaltela.pt\/noticias\/2026\/04\/01\/il-junta-se-ao-governo-e-ao-chega-para-aprovar-lei-da-nacionalidade\/#primaryimage\"},\"thumbnailUrl\":\"https:\/\/portaltela.pt\/s.01k8rhncp4jt1\/2026\/04\/image-48.jpg\",\"keywords\":[\"CHEGA\",\"constitui\u00e7\u00e3o\",\"direito\",\"governo\",\"Iniciativa Liberal\",\"nacionalidade\"],\"articleSection\":[\"Justi\u00e7a\",\"Not\u00edcias\"],\"inLanguage\":\"pt-PT\"},{\"@type\":\"WebPage\",\"@id\":\"https:\/\/portaltela.pt\/noticias\/2026\/04\/01\/il-junta-se-ao-governo-e-ao-chega-para-aprovar-lei-da-nacionalidade\/\",\"url\":\"https:\/\/portaltela.pt\/noticias\/2026\/04\/01\/il-junta-se-ao-governo-e-ao-chega-para-aprovar-lei-da-nacionalidade\/\",\"name\":\"IL junta-se ao Governo e ao Chega para aprovar lei da nacionalidade - Portal Tela Portugal\",\"isPartOf\":{\"@id\":\"https:\/\/portaltela.pt\/#website\"},\"primaryImageOfPage\":{\"@id\":\"https:\/\/portaltela.pt\/noticias\/2026\/04\/01\/il-junta-se-ao-governo-e-ao-chega-para-aprovar-lei-da-nacionalidade\/#primaryimage\"},\"image\":{\"@id\":\"https:\/\/portaltela.pt\/noticias\/2026\/04\/01\/il-junta-se-ao-governo-e-ao-chega-para-aprovar-lei-da-nacionalidade\/#primaryimage\"},\"thumbnailUrl\":\"https:\/\/portaltela.pt\/s.01k8rhncp4jt1\/2026\/04\/image-48.jpg\",\"datePublished\":\"2026-04-01T18:47:24+00:00\",\"author\":{\"@id\":\"https:\/\/portaltela.pt\/#\/schema\/person\/c4278d4a6028830caff9ee44b42d32ed\"},\"breadcrumb\":{\"@id\":\"https:\/\/portaltela.pt\/noticias\/2026\/04\/01\/il-junta-se-ao-governo-e-ao-chega-para-aprovar-lei-da-nacionalidade\/#breadcrumb\"},\"inLanguage\":\"pt-PT\",\"potentialAction\":[{\"@type\":\"ReadAction\",\"target\":[\"https:\/\/portaltela.pt\/noticias\/2026\/04\/01\/il-junta-se-ao-governo-e-ao-chega-para-aprovar-lei-da-nacionalidade\/\"]}]},{\"@type\":\"ImageObject\",\"inLanguage\":\"pt-PT\",\"@id\":\"https:\/\/portaltela.pt\/noticias\/2026\/04\/01\/il-junta-se-ao-governo-e-ao-chega-para-aprovar-lei-da-nacionalidade\/#primaryimage\",\"url\":\"https:\/\/portaltela.pt\/s.01k8rhncp4jt1\/2026\/04\/image-48.jpg\",\"contentUrl\":\"https:\/\/portaltela.pt\/s.01k8rhncp4jt1\/2026\/04\/image-48.jpg\",\"width\":796,\"height\":448,\"caption\":\"As altera\u00e7\u00f5es \u00e0 lei da nacionalidade foram aprovadas, esta quarta-feira, no Parlamento\"},{\"@type\":\"BreadcrumbList\",\"@id\":\"https:\/\/portaltela.pt\/noticias\/2026\/04\/01\/il-junta-se-ao-governo-e-ao-chega-para-aprovar-lei-da-nacionalidade\/#breadcrumb\",\"itemListElement\":[{\"@type\":\"ListItem\",\"position\":1,\"name\":\"In\u00edcio\",\"item\":\"https:\/\/portaltela.pt\/\"},{\"@type\":\"ListItem\",\"position\":2,\"name\":\"IL junta-se ao Governo e ao Chega para aprovar lei da nacionalidade\"}]},{\"@type\":\"WebSite\",\"@id\":\"https:\/\/portaltela.pt\/#website\",\"url\":\"https:\/\/portaltela.pt\/\",\"name\":\"Portal Tela Portugal\",\"description\":\"\",\"potentialAction\":[{\"@type\":\"SearchAction\",\"target\":{\"@type\":\"EntryPoint\",\"urlTemplate\":\"https:\/\/portaltela.pt\/?s={search_term_string}\"},\"query-input\":{\"@type\":\"PropertyValueSpecification\",\"valueRequired\":true,\"valueName\":\"search_term_string\"}}],\"inLanguage\":\"pt-PT\"},{\"@type\":\"Person\",\"@id\":\"https:\/\/portaltela.pt\/#\/schema\/person\/c4278d4a6028830caff9ee44b42d32ed\",\"name\":\"Telinha\",\"image\":{\"@type\":\"ImageObject\",\"inLanguage\":\"pt-PT\",\"@id\":\"https:\/\/portaltela.pt\/s.01k8rhncp4jt1\/2025\/11\/talking-bot-125x125.png\",\"url\":\"https:\/\/portaltela.pt\/s.01k8rhncp4jt1\/2025\/11\/talking-bot-125x125.png\",\"contentUrl\":\"https:\/\/portaltela.pt\/s.01k8rhncp4jt1\/2025\/11\/talking-bot-125x125.png\",\"caption\":\"Telinha\"},\"sameAs\":[\"https:\/\/portaltela.pt\/\"],\"url\":\"https:\/\/portaltela.pt\/por\/367410592786\/\"}]}<\/script>\n<!-- \/ Yoast SEO plugin. -->","yoast_head_json":{"title":"IL junta-se ao Governo e ao Chega para aprovar lei da nacionalidade - Portal Tela Portugal","robots":{"index":"index","follow":"follow","max-snippet":"max-snippet:-1","max-image-preview":"max-image-preview:large","max-video-preview":"max-video-preview:-1"},"og_locale":"pt_PT","og_type":"article","og_title":"IL junta-se ao Governo e ao Chega para aprovar lei da nacionalidade - Portal Tela Portugal","og_description":"A Assembleia da Rep\u00fablica aprovou, esta quarta-feira, as altera\u00e7\u00f5es \u00e0 lei da nacionalidade ap\u00f3s reaprecia\u00e7\u00e3o de diplomas considerados parcialmente inconstitucionais pelos ju\u00edzes do Pal\u00e1cio Ratton. A aprova\u00e7\u00e3o foi viabilizada pelo Chega e pela Iniciativa Liberal, o que garantiu os votos necess\u00e1rios para a passagem dos diplomas do Governo, que incluem altera\u00e7\u00f5es ao C\u00f3digo Penal. As mudan\u00e7as mant\u00eam a possibilidade de perda de nacionalidade como pena acess\u00f3ria, mas com crit\u00e9rios mais exigentes e um elenco de crimes abrangidos mais restrito. O Partido Socialista votou contra o diploma, mantendo a oposi\u00e7\u00e3o \u00e0 introdu\u00e7\u00e3o da perda de nacionalidade como san\u00e7\u00e3o acess\u00f3ria. Com a aprova\u00e7\u00e3o, o Parlamento conclui o processo de reaprecia\u00e7\u00e3o exigido ap\u00f3s o chumbo parcial do Tribunal Constitucional, abrindo caminho para a entrada em vigor de um regime mais exigente e compat\u00edvel com princ\u00edpios constitucionais.","og_url":"https:\/\/portaltela.pt\/noticias\/2026\/04\/01\/il-junta-se-ao-governo-e-ao-chega-para-aprovar-lei-da-nacionalidade\/","og_site_name":"Portal Tela Portugal","article_published_time":"2026-04-01T18:47:24+00:00","author":"Telinha","twitter_card":"summary_large_image","twitter_misc":{"Escrito por":"Telinha","Tempo estimado de leitura":"1 minuto"},"schema":{"@context":"https:\/\/schema.org","@graph":[{"@type":"Article","@id":"https:\/\/portaltela.pt\/noticias\/2026\/04\/01\/il-junta-se-ao-governo-e-ao-chega-para-aprovar-lei-da-nacionalidade\/#article","isPartOf":{"@id":"https:\/\/portaltela.pt\/noticias\/2026\/04\/01\/il-junta-se-ao-governo-e-ao-chega-para-aprovar-lei-da-nacionalidade\/"},"author":{"name":"Telinha","@id":"https:\/\/portaltela.pt\/#\/schema\/person\/c4278d4a6028830caff9ee44b42d32ed"},"headline":"IL junta-se ao Governo e ao Chega para aprovar lei da nacionalidade","datePublished":"2026-04-01T18:47:24+00:00","mainEntityOfPage":{"@id":"https:\/\/portaltela.pt\/noticias\/2026\/04\/01\/il-junta-se-ao-governo-e-ao-chega-para-aprovar-lei-da-nacionalidade\/"},"wordCount":187,"image":{"@id":"https:\/\/portaltela.pt\/noticias\/2026\/04\/01\/il-junta-se-ao-governo-e-ao-chega-para-aprovar-lei-da-nacionalidade\/#primaryimage"},"thumbnailUrl":"https:\/\/portaltela.pt\/s.01k8rhncp4jt1\/2026\/04\/image-48.jpg","keywords":["CHEGA","constitui\u00e7\u00e3o","direito","governo","Iniciativa Liberal","nacionalidade"],"articleSection":["Justi\u00e7a","Not\u00edcias"],"inLanguage":"pt-PT"},{"@type":"WebPage","@id":"https:\/\/portaltela.pt\/noticias\/2026\/04\/01\/il-junta-se-ao-governo-e-ao-chega-para-aprovar-lei-da-nacionalidade\/","url":"https:\/\/portaltela.pt\/noticias\/2026\/04\/01\/il-junta-se-ao-governo-e-ao-chega-para-aprovar-lei-da-nacionalidade\/","name":"IL junta-se ao Governo e ao Chega para aprovar lei da nacionalidade - Portal Tela Portugal","isPartOf":{"@id":"https:\/\/portaltela.pt\/#website"},"primaryImageOfPage":{"@id":"https:\/\/portaltela.pt\/noticias\/2026\/04\/01\/il-junta-se-ao-governo-e-ao-chega-para-aprovar-lei-da-nacionalidade\/#primaryimage"},"image":{"@id":"https:\/\/portaltela.pt\/noticias\/2026\/04\/01\/il-junta-se-ao-governo-e-ao-chega-para-aprovar-lei-da-nacionalidade\/#primaryimage"},"thumbnailUrl":"https:\/\/portaltela.pt\/s.01k8rhncp4jt1\/2026\/04\/image-48.jpg","datePublished":"2026-04-01T18:47:24+00:00","author":{"@id":"https:\/\/portaltela.pt\/#\/schema\/person\/c4278d4a6028830caff9ee44b42d32ed"},"breadcrumb":{"@id":"https:\/\/portaltela.pt\/noticias\/2026\/04\/01\/il-junta-se-ao-governo-e-ao-chega-para-aprovar-lei-da-nacionalidade\/#breadcrumb"},"inLanguage":"pt-PT","potentialAction":[{"@type":"ReadAction","target":["https:\/\/portaltela.pt\/noticias\/2026\/04\/01\/il-junta-se-ao-governo-e-ao-chega-para-aprovar-lei-da-nacionalidade\/"]}]},{"@type":"ImageObject","inLanguage":"pt-PT","@id":"https:\/\/portaltela.pt\/noticias\/2026\/04\/01\/il-junta-se-ao-governo-e-ao-chega-para-aprovar-lei-da-nacionalidade\/#primaryimage","url":"https:\/\/portaltela.pt\/s.01k8rhncp4jt1\/2026\/04\/image-48.jpg","contentUrl":"https:\/\/portaltela.pt\/s.01k8rhncp4jt1\/2026\/04\/image-48.jpg","width":796,"height":448,"caption":"As altera\u00e7\u00f5es \u00e0 lei da nacionalidade foram aprovadas, esta quarta-feira, no Parlamento"},{"@type":"BreadcrumbList","@id":"https:\/\/portaltela.pt\/noticias\/2026\/04\/01\/il-junta-se-ao-governo-e-ao-chega-para-aprovar-lei-da-nacionalidade\/#breadcrumb","itemListElement":[{"@type":"ListItem","position":1,"name":"In\u00edcio","item":"https:\/\/portaltela.pt\/"},{"@type":"ListItem","position":2,"name":"IL junta-se ao Governo e ao Chega para aprovar lei da nacionalidade"}]},{"@type":"WebSite","@id":"https:\/\/portaltela.pt\/#website","url":"https:\/\/portaltela.pt\/","name":"Portal Tela Portugal","description":"","potentialAction":[{"@type":"SearchAction","target":{"@type":"EntryPoint","urlTemplate":"https:\/\/portaltela.pt\/?s={search_term_string}"},"query-input":{"@type":"PropertyValueSpecification","valueRequired":true,"valueName":"search_term_string"}}],"inLanguage":"pt-PT"},{"@type":"Person","@id":"https:\/\/portaltela.pt\/#\/schema\/person\/c4278d4a6028830caff9ee44b42d32ed","name":"Telinha","image":{"@type":"ImageObject","inLanguage":"pt-PT","@id":"https:\/\/portaltela.pt\/s.01k8rhncp4jt1\/2025\/11\/talking-bot-125x125.png","url":"https:\/\/portaltela.pt\/s.01k8rhncp4jt1\/2025\/11\/talking-bot-125x125.png","contentUrl":"https:\/\/portaltela.pt\/s.01k8rhncp4jt1\/2025\/11\/talking-bot-125x125.png","caption":"Telinha"},"sameAs":["https:\/\/portaltela.pt\/"],"url":"https:\/\/portaltela.pt\/por\/367410592786\/"}]}},"_links":{"self":[{"href":"https:\/\/portaltela.pt\/api\/wp\/v2\/posts\/429641","targetHints":{"allow":["GET"]}}],"collection":[{"href":"https:\/\/portaltela.pt\/api\/wp\/v2\/posts"}],"about":[{"href":"https:\/\/portaltela.pt\/api\/wp\/v2\/types\/post"}],"author":[{"embeddable":true,"href":"https:\/\/portaltela.pt\/api\/wp\/v2\/users\/2"}],"replies":[{"embeddable":true,"href":"https:\/\/portaltela.pt\/api\/wp\/v2\/comments?post=429641"}],"version-history":[{"count":0,"href":"https:\/\/portaltela.pt\/api\/wp\/v2\/posts\/429641\/revisions"}],"wp:featuredmedia":[{"embeddable":true,"href":"https:\/\/portaltela.pt\/api\/wp\/v2\/media\/429646"}],"wp:attachment":[{"href":"https:\/\/portaltela.pt\/api\/wp\/v2\/media?parent=429641"}],"wp:term":[{"taxonomy":"category","embeddable":true,"href":"https:\/\/portaltela.pt\/api\/wp\/v2\/categories?post=429641"},{"taxonomy":"post_tag","embeddable":true,"href":"https:\/\/portaltela.pt\/api\/wp\/v2\/tags?post=429641"}],"curies":[{"name":"wp","href":"https:\/\/api.w.org\/{rel}","templated":true}]}}