{"id":429636,"date":"2026-04-01T15:47:23","date_gmt":"2026-04-01T18:47:23","guid":{"rendered":"https:\/\/portaltela.pt\/noticias\/2026\/04\/01\/lukebakio-extremo-do-benfica-brilha-pela-belgica-e-evolui-no-fc26\/"},"modified":"2026-04-01T15:47:23","modified_gmt":"2026-04-01T18:47:23","slug":"lukebakio-extremo-do-benfica-brilha-pela-belgica-e-evolui-no-fc26","status":"publish","type":"post","link":"https:\/\/portaltela.pt\/desporto\/futebol\/2026\/04\/01\/lukebakio-extremo-do-benfica-brilha-pela-belgica-e-evolui-no-fc26\/","title":{"rendered":"Lukebakio, extremo do Benfica, brilha pela B\u00e9lgica e evolui no FC26"},"content":{"rendered":"<p>Lukebakio esteve em foco durante a pausa internacional, com atua\u00e7\u00e3o decisiva para a B\u00e9lgica. O extremo marcou quatro golos em dois jogos, incluindo um bis na vit\u00f3ria por 5-2 frente aos Estados Unidos e o golo na igualdade frente ao M\u00e9xico. O desempenho repercutiu tanto na sele\u00e7\u00e3o como no FC26, clube associado ao jogador.<\/p>\n<p>A import\u00e2ncia do momento ultrapassou o terreno de jogo, influenciando a perce\u00e7\u00e3o p\u00fablica sobre o seu impacto nas duas frentes. O desempenho da B\u00e9lgica durante o est\u00e1gio ganhaza refor\u00e7a a relev\u00e2ncia do atleta no plantel e no conjunto FC26, onde tamb\u00e9m tem chamadas de aten\u00e7\u00e3o.<\/p>\n<h3>Repercussos no videojogo e nas perspetivas futuras<\/h3>\n<p>Foi tamb\u00e9m publicada a nomea\u00e7\u00e3o de Lukebakio para a equipa da semana de um conhecido videojogo de futebol, elevando a carta do jogador para 86. A evolu\u00e7\u00e3o no jogo acompanha a visibilidade criada pelos golos pela B\u00e9lgica.<\/p>\n<h3>Considera\u00e7\u00f5es sobre a forma e o impacto<\/h3>\n<p>A equipa de Lukebakio tem demonstrado consist\u00eancia durante o est\u00e1gio, com o extremo a destacar-se pela capacidade de finaliza\u00e7\u00e3o. O resultado coloca o jogador numa posi\u00e7\u00e3o de destaque para o Mundial, segundo declara\u00e7\u00f5es associadas \u00e0 sele\u00e7\u00e3o.<\/p>\n","protected":false},"excerpt":{"rendered":"<ul>\n<li>Dodi Lukebakio, extremo do Benfica, marcou tr\u00eas golos pela B\u00e9lgica durante a pausa FIFA, incluindo dom\u00ednio na vit\u00f3ria por 5-2 sobre os Estados Unidos.<\/li>\n<li>O jogador tamb\u00e9m aponta o golo da B\u00e9lgica no empate frente ao M\u00e9xico, refor\u00e7ando a sua participa\u00e7\u00e3o na sele\u00e7\u00e3o nacional.<\/li>\n<li>A presta\u00e7\u00e3o na equipa nacional impactou o seu desempenho no videojogo FC26, tendo a carta do jogador subido para 86.<\/li>\n<li>A valoriza\u00e7\u00e3o no jogo surge ap\u00f3s o desempenho internacional, que pode influenciar decis\u00f5es de mercado no que diz respeito ao ataque benfiquista.<\/li>\n<li>Os f\u00e3s do Benfica passam a ter uma refer\u00eancia para o impacto de Lukebakio tanto no plano real como no virtual, especialmente durante o est\u00e1gio preparat\u00f3rio para competi\u00e7\u00f5es.<\/li>\n<\/ul>\n","protected":false},"author":2,"featured_media":429643,"comment_status":"closed","ping_status":"closed","sticky":false,"template":"","format":"standard","meta":{"footnotes":""},"categories":[21,24],"tags":[1599,1946,2129,32,3338,242],"class_list":["post-429636","post","type-post","status-publish","format-standard","has-post-thumbnail","hentry","category-desporto","category-futebol","tag-belgica","tag-benfica","tag-esports","tag-futebol","tag-futebol-internacional","tag-jogadores"],"yoast_head":"<!-- This site is optimized with the Yoast SEO plugin v27.2 - https:\/\/yoast.com\/product\/yoast-seo-wordpress\/ -->\n<title>Lukebakio, extremo do Benfica, brilha pela B\u00e9lgica e evolui no FC26 - Portal Tela Portugal<\/title>\n<meta name=\"robots\" content=\"index, follow, max-snippet:-1, max-image-preview:large, max-video-preview:-1\" \/>\n<meta property=\"og:locale\" content=\"pt_PT\" \/>\n<meta property=\"og:type\" content=\"article\" \/>\n<meta property=\"og:title\" content=\"Lukebakio, extremo do Benfica, brilha pela B\u00e9lgica e evolui no FC26 - Portal Tela Portugal\" \/>\n<meta property=\"og:description\" content=\"Dodi Lukebakio, extremo do Benfica, marcou tr\u00eas golos pela B\u00e9lgica durante a pausa FIFA, incluindo dom\u00ednio na vit\u00f3ria por 5-2 sobre os Estados Unidos. O jogador tamb\u00e9m aponta o golo da B\u00e9lgica no empate frente ao M\u00e9xico, refor\u00e7ando a sua participa\u00e7\u00e3o na sele\u00e7\u00e3o nacional. A presta\u00e7\u00e3o na equipa nacional impactou o seu desempenho no videojogo FC26, tendo a carta do jogador subido para 86. A valoriza\u00e7\u00e3o no jogo surge ap\u00f3s o desempenho internacional, que pode influenciar decis\u00f5es de mercado no que diz respeito ao ataque benfiquista. Os f\u00e3s do Benfica passam a ter uma refer\u00eancia para o impacto de Lukebakio tanto no plano real como no virtual, especialmente durante o est\u00e1gio preparat\u00f3rio para competi\u00e7\u00f5es.\" \/>\n<meta property=\"og:url\" content=\"https:\/\/portaltela.pt\/noticias\/2026\/04\/01\/lukebakio-extremo-do-benfica-brilha-pela-belgica-e-evolui-no-fc26\/\" \/>\n<meta property=\"og:site_name\" content=\"Portal Tela Portugal\" \/>\n<meta property=\"article:published_time\" content=\"2026-04-01T18:47:23+00:00\" \/>\n<meta name=\"author\" content=\"Telinha\" \/>\n<meta name=\"twitter:card\" content=\"summary_large_image\" \/>\n<meta name=\"twitter:label1\" content=\"Escrito por\" \/>\n\t<meta name=\"twitter:data1\" content=\"Telinha\" \/>\n\t<meta name=\"twitter:label2\" content=\"Tempo estimado de leitura\" \/>\n\t<meta name=\"twitter:data2\" content=\"1 minuto\" \/>\n<script type=\"application\/ld+json\" class=\"yoast-schema-graph\">{\"@context\":\"https:\/\/schema.org\",\"@graph\":[{\"@type\":\"Article\",\"@id\":\"https:\/\/portaltela.pt\/noticias\/2026\/04\/01\/lukebakio-extremo-do-benfica-brilha-pela-belgica-e-evolui-no-fc26\/#article\",\"isPartOf\":{\"@id\":\"https:\/\/portaltela.pt\/noticias\/2026\/04\/01\/lukebakio-extremo-do-benfica-brilha-pela-belgica-e-evolui-no-fc26\/\"},\"author\":{\"name\":\"Telinha\",\"@id\":\"https:\/\/portaltela.pt\/#\/schema\/person\/c4278d4a6028830caff9ee44b42d32ed\"},\"headline\":\"Lukebakio, extremo do Benfica, brilha pela B\u00e9lgica e evolui no FC26\",\"datePublished\":\"2026-04-01T18:47:23+00:00\",\"mainEntityOfPage\":{\"@id\":\"https:\/\/portaltela.pt\/noticias\/2026\/04\/01\/lukebakio-extremo-do-benfica-brilha-pela-belgica-e-evolui-no-fc26\/\"},\"wordCount\":221,\"image\":{\"@id\":\"https:\/\/portaltela.pt\/noticias\/2026\/04\/01\/lukebakio-extremo-do-benfica-brilha-pela-belgica-e-evolui-no-fc26\/#primaryimage\"},\"thumbnailUrl\":\"https:\/\/portaltela.pt\/s.01k8rhncp4jt1\/2026\/04\/img_920x518uu2026-04-01-19-37-34-2430560-im-639106690733522161.jpg\",\"keywords\":[\"B\u00e9lgica\",\"Benfica\",\"eSports\",\"futebol\",\"futebol internacional\",\"jogadores\"],\"articleSection\":[\"Desporto\",\"Futebol\"],\"inLanguage\":\"pt-PT\"},{\"@type\":\"WebPage\",\"@id\":\"https:\/\/portaltela.pt\/noticias\/2026\/04\/01\/lukebakio-extremo-do-benfica-brilha-pela-belgica-e-evolui-no-fc26\/\",\"url\":\"https:\/\/portaltela.pt\/noticias\/2026\/04\/01\/lukebakio-extremo-do-benfica-brilha-pela-belgica-e-evolui-no-fc26\/\",\"name\":\"Lukebakio, extremo do Benfica, brilha pela B\u00e9lgica e evolui no FC26 - Portal Tela Portugal\",\"isPartOf\":{\"@id\":\"https:\/\/portaltela.pt\/#website\"},\"primaryImageOfPage\":{\"@id\":\"https:\/\/portaltela.pt\/noticias\/2026\/04\/01\/lukebakio-extremo-do-benfica-brilha-pela-belgica-e-evolui-no-fc26\/#primaryimage\"},\"image\":{\"@id\":\"https:\/\/portaltela.pt\/noticias\/2026\/04\/01\/lukebakio-extremo-do-benfica-brilha-pela-belgica-e-evolui-no-fc26\/#primaryimage\"},\"thumbnailUrl\":\"https:\/\/portaltela.pt\/s.01k8rhncp4jt1\/2026\/04\/img_920x518uu2026-04-01-19-37-34-2430560-im-639106690733522161.jpg\",\"datePublished\":\"2026-04-01T18:47:23+00:00\",\"author\":{\"@id\":\"https:\/\/portaltela.pt\/#\/schema\/person\/c4278d4a6028830caff9ee44b42d32ed\"},\"breadcrumb\":{\"@id\":\"https:\/\/portaltela.pt\/noticias\/2026\/04\/01\/lukebakio-extremo-do-benfica-brilha-pela-belgica-e-evolui-no-fc26\/#breadcrumb\"},\"inLanguage\":\"pt-PT\",\"potentialAction\":[{\"@type\":\"ReadAction\",\"target\":[\"https:\/\/portaltela.pt\/noticias\/2026\/04\/01\/lukebakio-extremo-do-benfica-brilha-pela-belgica-e-evolui-no-fc26\/\"]}]},{\"@type\":\"ImageObject\",\"inLanguage\":\"pt-PT\",\"@id\":\"https:\/\/portaltela.pt\/noticias\/2026\/04\/01\/lukebakio-extremo-do-benfica-brilha-pela-belgica-e-evolui-no-fc26\/#primaryimage\",\"url\":\"https:\/\/portaltela.pt\/s.01k8rhncp4jt1\/2026\/04\/img_920x518uu2026-04-01-19-37-34-2430560-im-639106690733522161.jpg\",\"contentUrl\":\"https:\/\/portaltela.pt\/s.01k8rhncp4jt1\/2026\/04\/img_920x518uu2026-04-01-19-37-34-2430560-im-639106690733522161.jpg\",\"width\":796,\"height\":448,\"caption\":\"Lukebakio em a\u00e7\u00e3o\"},{\"@type\":\"BreadcrumbList\",\"@id\":\"https:\/\/portaltela.pt\/noticias\/2026\/04\/01\/lukebakio-extremo-do-benfica-brilha-pela-belgica-e-evolui-no-fc26\/#breadcrumb\",\"itemListElement\":[{\"@type\":\"ListItem\",\"position\":1,\"name\":\"In\u00edcio\",\"item\":\"https:\/\/portaltela.pt\/\"},{\"@type\":\"ListItem\",\"position\":2,\"name\":\"Lukebakio, extremo do Benfica, brilha pela B\u00e9lgica e evolui no FC26\"}]},{\"@type\":\"WebSite\",\"@id\":\"https:\/\/portaltela.pt\/#website\",\"url\":\"https:\/\/portaltela.pt\/\",\"name\":\"Portal Tela Portugal\",\"description\":\"\",\"potentialAction\":[{\"@type\":\"SearchAction\",\"target\":{\"@type\":\"EntryPoint\",\"urlTemplate\":\"https:\/\/portaltela.pt\/?s={search_term_string}\"},\"query-input\":{\"@type\":\"PropertyValueSpecification\",\"valueRequired\":true,\"valueName\":\"search_term_string\"}}],\"inLanguage\":\"pt-PT\"},{\"@type\":\"Person\",\"@id\":\"https:\/\/portaltela.pt\/#\/schema\/person\/c4278d4a6028830caff9ee44b42d32ed\",\"name\":\"Telinha\",\"image\":{\"@type\":\"ImageObject\",\"inLanguage\":\"pt-PT\",\"@id\":\"https:\/\/portaltela.pt\/s.01k8rhncp4jt1\/2025\/11\/talking-bot-125x125.png\",\"url\":\"https:\/\/portaltela.pt\/s.01k8rhncp4jt1\/2025\/11\/talking-bot-125x125.png\",\"contentUrl\":\"https:\/\/portaltela.pt\/s.01k8rhncp4jt1\/2025\/11\/talking-bot-125x125.png\",\"caption\":\"Telinha\"},\"sameAs\":[\"https:\/\/portaltela.pt\/\"],\"url\":\"https:\/\/portaltela.pt\/por\/367410592786\/\"}]}<\/script>\n<!-- \/ Yoast SEO plugin. -->","yoast_head_json":{"title":"Lukebakio, extremo do Benfica, brilha pela B\u00e9lgica e evolui no FC26 - Portal Tela Portugal","robots":{"index":"index","follow":"follow","max-snippet":"max-snippet:-1","max-image-preview":"max-image-preview:large","max-video-preview":"max-video-preview:-1"},"og_locale":"pt_PT","og_type":"article","og_title":"Lukebakio, extremo do Benfica, brilha pela B\u00e9lgica e evolui no FC26 - Portal Tela Portugal","og_description":"Dodi Lukebakio, extremo do Benfica, marcou tr\u00eas golos pela B\u00e9lgica durante a pausa FIFA, incluindo dom\u00ednio na vit\u00f3ria por 5-2 sobre os Estados Unidos. O jogador tamb\u00e9m aponta o golo da B\u00e9lgica no empate frente ao M\u00e9xico, refor\u00e7ando a sua participa\u00e7\u00e3o na sele\u00e7\u00e3o nacional. A presta\u00e7\u00e3o na equipa nacional impactou o seu desempenho no videojogo FC26, tendo a carta do jogador subido para 86. A valoriza\u00e7\u00e3o no jogo surge ap\u00f3s o desempenho internacional, que pode influenciar decis\u00f5es de mercado no que diz respeito ao ataque benfiquista. Os f\u00e3s do Benfica passam a ter uma refer\u00eancia para o impacto de Lukebakio tanto no plano real como no virtual, especialmente durante o est\u00e1gio preparat\u00f3rio para competi\u00e7\u00f5es.","og_url":"https:\/\/portaltela.pt\/noticias\/2026\/04\/01\/lukebakio-extremo-do-benfica-brilha-pela-belgica-e-evolui-no-fc26\/","og_site_name":"Portal Tela Portugal","article_published_time":"2026-04-01T18:47:23+00:00","author":"Telinha","twitter_card":"summary_large_image","twitter_misc":{"Escrito por":"Telinha","Tempo estimado de leitura":"1 minuto"},"schema":{"@context":"https:\/\/schema.org","@graph":[{"@type":"Article","@id":"https:\/\/portaltela.pt\/noticias\/2026\/04\/01\/lukebakio-extremo-do-benfica-brilha-pela-belgica-e-evolui-no-fc26\/#article","isPartOf":{"@id":"https:\/\/portaltela.pt\/noticias\/2026\/04\/01\/lukebakio-extremo-do-benfica-brilha-pela-belgica-e-evolui-no-fc26\/"},"author":{"name":"Telinha","@id":"https:\/\/portaltela.pt\/#\/schema\/person\/c4278d4a6028830caff9ee44b42d32ed"},"headline":"Lukebakio, extremo do Benfica, brilha pela B\u00e9lgica e evolui no FC26","datePublished":"2026-04-01T18:47:23+00:00","mainEntityOfPage":{"@id":"https:\/\/portaltela.pt\/noticias\/2026\/04\/01\/lukebakio-extremo-do-benfica-brilha-pela-belgica-e-evolui-no-fc26\/"},"wordCount":221,"image":{"@id":"https:\/\/portaltela.pt\/noticias\/2026\/04\/01\/lukebakio-extremo-do-benfica-brilha-pela-belgica-e-evolui-no-fc26\/#primaryimage"},"thumbnailUrl":"https:\/\/portaltela.pt\/s.01k8rhncp4jt1\/2026\/04\/img_920x518uu2026-04-01-19-37-34-2430560-im-639106690733522161.jpg","keywords":["B\u00e9lgica","Benfica","eSports","futebol","futebol internacional","jogadores"],"articleSection":["Desporto","Futebol"],"inLanguage":"pt-PT"},{"@type":"WebPage","@id":"https:\/\/portaltela.pt\/noticias\/2026\/04\/01\/lukebakio-extremo-do-benfica-brilha-pela-belgica-e-evolui-no-fc26\/","url":"https:\/\/portaltela.pt\/noticias\/2026\/04\/01\/lukebakio-extremo-do-benfica-brilha-pela-belgica-e-evolui-no-fc26\/","name":"Lukebakio, extremo do Benfica, brilha pela B\u00e9lgica e evolui no FC26 - Portal Tela Portugal","isPartOf":{"@id":"https:\/\/portaltela.pt\/#website"},"primaryImageOfPage":{"@id":"https:\/\/portaltela.pt\/noticias\/2026\/04\/01\/lukebakio-extremo-do-benfica-brilha-pela-belgica-e-evolui-no-fc26\/#primaryimage"},"image":{"@id":"https:\/\/portaltela.pt\/noticias\/2026\/04\/01\/lukebakio-extremo-do-benfica-brilha-pela-belgica-e-evolui-no-fc26\/#primaryimage"},"thumbnailUrl":"https:\/\/portaltela.pt\/s.01k8rhncp4jt1\/2026\/04\/img_920x518uu2026-04-01-19-37-34-2430560-im-639106690733522161.jpg","datePublished":"2026-04-01T18:47:23+00:00","author":{"@id":"https:\/\/portaltela.pt\/#\/schema\/person\/c4278d4a6028830caff9ee44b42d32ed"},"breadcrumb":{"@id":"https:\/\/portaltela.pt\/noticias\/2026\/04\/01\/lukebakio-extremo-do-benfica-brilha-pela-belgica-e-evolui-no-fc26\/#breadcrumb"},"inLanguage":"pt-PT","potentialAction":[{"@type":"ReadAction","target":["https:\/\/portaltela.pt\/noticias\/2026\/04\/01\/lukebakio-extremo-do-benfica-brilha-pela-belgica-e-evolui-no-fc26\/"]}]},{"@type":"ImageObject","inLanguage":"pt-PT","@id":"https:\/\/portaltela.pt\/noticias\/2026\/04\/01\/lukebakio-extremo-do-benfica-brilha-pela-belgica-e-evolui-no-fc26\/#primaryimage","url":"https:\/\/portaltela.pt\/s.01k8rhncp4jt1\/2026\/04\/img_920x518uu2026-04-01-19-37-34-2430560-im-639106690733522161.jpg","contentUrl":"https:\/\/portaltela.pt\/s.01k8rhncp4jt1\/2026\/04\/img_920x518uu2026-04-01-19-37-34-2430560-im-639106690733522161.jpg","width":796,"height":448,"caption":"Lukebakio em a\u00e7\u00e3o"},{"@type":"BreadcrumbList","@id":"https:\/\/portaltela.pt\/noticias\/2026\/04\/01\/lukebakio-extremo-do-benfica-brilha-pela-belgica-e-evolui-no-fc26\/#breadcrumb","itemListElement":[{"@type":"ListItem","position":1,"name":"In\u00edcio","item":"https:\/\/portaltela.pt\/"},{"@type":"ListItem","position":2,"name":"Lukebakio, extremo do Benfica, brilha pela B\u00e9lgica e evolui no FC26"}]},{"@type":"WebSite","@id":"https:\/\/portaltela.pt\/#website","url":"https:\/\/portaltela.pt\/","name":"Portal Tela Portugal","description":"","potentialAction":[{"@type":"SearchAction","target":{"@type":"EntryPoint","urlTemplate":"https:\/\/portaltela.pt\/?s={search_term_string}"},"query-input":{"@type":"PropertyValueSpecification","valueRequired":true,"valueName":"search_term_string"}}],"inLanguage":"pt-PT"},{"@type":"Person","@id":"https:\/\/portaltela.pt\/#\/schema\/person\/c4278d4a6028830caff9ee44b42d32ed","name":"Telinha","image":{"@type":"ImageObject","inLanguage":"pt-PT","@id":"https:\/\/portaltela.pt\/s.01k8rhncp4jt1\/2025\/11\/talking-bot-125x125.png","url":"https:\/\/portaltela.pt\/s.01k8rhncp4jt1\/2025\/11\/talking-bot-125x125.png","contentUrl":"https:\/\/portaltela.pt\/s.01k8rhncp4jt1\/2025\/11\/talking-bot-125x125.png","caption":"Telinha"},"sameAs":["https:\/\/portaltela.pt\/"],"url":"https:\/\/portaltela.pt\/por\/367410592786\/"}]}},"_links":{"self":[{"href":"https:\/\/portaltela.pt\/api\/wp\/v2\/posts\/429636","targetHints":{"allow":["GET"]}}],"collection":[{"href":"https:\/\/portaltela.pt\/api\/wp\/v2\/posts"}],"about":[{"href":"https:\/\/portaltela.pt\/api\/wp\/v2\/types\/post"}],"author":[{"embeddable":true,"href":"https:\/\/portaltela.pt\/api\/wp\/v2\/users\/2"}],"replies":[{"embeddable":true,"href":"https:\/\/portaltela.pt\/api\/wp\/v2\/comments?post=429636"}],"version-history":[{"count":0,"href":"https:\/\/portaltela.pt\/api\/wp\/v2\/posts\/429636\/revisions"}],"wp:featuredmedia":[{"embeddable":true,"href":"https:\/\/portaltela.pt\/api\/wp\/v2\/media\/429643"}],"wp:attachment":[{"href":"https:\/\/portaltela.pt\/api\/wp\/v2\/media?parent=429636"}],"wp:term":[{"taxonomy":"category","embeddable":true,"href":"https:\/\/portaltela.pt\/api\/wp\/v2\/categories?post=429636"},{"taxonomy":"post_tag","embeddable":true,"href":"https:\/\/portaltela.pt\/api\/wp\/v2\/tags?post=429636"}],"curies":[{"name":"wp","href":"https:\/\/api.w.org\/{rel}","templated":true}]}}