{"id":429617,"date":"2026-04-01T15:32:18","date_gmt":"2026-04-01T18:32:18","guid":{"rendered":"https:\/\/portaltela.pt\/noticias\/2026\/04\/01\/quinta-feira-conhecer-o-sr-engenheiro-e-o-mestre-vasco-granja\/"},"modified":"2026-04-01T15:32:18","modified_gmt":"2026-04-01T18:32:18","slug":"quinta-feira-conhecer-o-sr-engenheiro-e-o-mestre-vasco-granja","status":"publish","type":"post","link":"https:\/\/portaltela.pt\/noticias\/2026\/04\/01\/quinta-feira-conhecer-o-sr-engenheiro-e-o-mestre-vasco-granja\/","title":{"rendered":"Quinta-feira: conhecer o Sr. Engenheiro e o mestre Vasco Granja"},"content":{"rendered":"<p>O que fazer esta quinta-feira re\u00fane v\u00e1rias propostas no pa\u00eds. Entre teatro, exposi\u00e7\u00f5es, m\u00fasica e festival gastron\u00f3mico, h\u00e1 op\u00e7\u00f5es para p\u00fablico adulto e familiar. As programa\u00e7\u00e3o v\u00e3o desde Lisboa ao Porto e ao norte, com destaque para estreias, pe\u00e7as baseadas em figuras p\u00fablicas e mostras de cinema.<\/p>\n<p>Em Lisboa, o Teatro Tivoli BBVA recebe a pe\u00e7a Sr. Engenheiro, entre 1 e 12 de abril. A encena\u00e7\u00e3o \u00e9 de Rui Melo, com Texto de Henrique Dias e elenco liderado por Manuel Marques. A produ\u00e7\u00e3o comenta cenas de fotoc\u00f3pias, escutas e c\u00edrculos de amizades no panorama pol\u00edtico portugu\u00eas.<\/p>\n<p>Tamb\u00e9m em Lisboa, a exposi\u00e7\u00e3o Ol\u00e1, Vasco Granja fica patente na Sociedade Nacional de Belas-Artes de 7 de mar\u00e7o a 4 de abril. A mostra, em parceria com o Monstra, celebra o esp\u00f3lio do apresentador e cineclubista, com curadoria de Fernando Galrito e entrada livre.<\/p>\n<h3>Teatro e m\u00fasica em foco<\/h3>\n<p>No distrito de Portalegre, Manel Cruz apresenta-se a solo na Penedo do Cimo, dia 2 de abril, no Penafiel Ponto C. O concerto integra o caminho da digress\u00e3o Cru e inclui o novo single Constela\u00e7\u00e3o, bem como temas de Vida Nova.<\/p>\n<p>Em Porto, o Coliseu Porto Ageas recebe Dominguinho no dia 2 de abril, \u00e0s 21h30. O espet\u00e1culo re\u00fane Jo\u00e3o Gomes, Jota.P\u00ea e Mestrinho, inspirado no \u00e1lbum hom\u00f3nimo. Segue-se passagem ao Casino Estoril nos dias 3 e 4 de abril.<\/p>\n<h3>M\u00fasica cl\u00e1ssica e cinema<\/h3>\n<p>Em Matosinhos, o Teatro Municipal de Matosinhos Constantino Nery recebe o Quarteto de Cordas de Matosinhos no dia 2 de abril, \u00e0s 21h30, com a interpreta\u00e7\u00e3o de As Sete \u00daltimas Palavras de Cristo na Cruz, de Haydn. Jo\u00e3o Reis l\u00ea cita\u00e7\u00f5es de Jesus, Saramago e Panikkar.<\/p>\n<p>Em Vila Real, O Amor \u00c9 Fodido chega ao Teatro de Vila Real no dia 2 de abril, \u00e0s 21h30. Trata-se de um mon\u00f3logo tragic\u00f3mico com base no livro de Miguel Esteves Cardoso, explorando amor e desilus\u00e3o.<\/p>\n<h3>Gastronomia regional<\/h3>\n<p>No norte, o VII Festival Gastron\u00f3mico do Cabrito e do Borrego das Serras de Aire e Candeeiros decorre em Porto de M\u00f3s de 21 de mar\u00e7o a 5 de abril. Oit0 restaurantes aderem \u00e0 iniciativa, com um programa ligado ao folar e \u00e0 am\u00eandoa artesanal at\u00e9 4 de abril.<\/p>\n","protected":false},"excerpt":{"rendered":"<ul>\n<li>Sr. Engenheiro, pe\u00e7a em Lisboa no Teatro Tivoli BBVA, de 1 a 12 de abril, com v\u00e1rias sess\u00f5es di\u00e1rias e idades M\/14; bilhetes entre 23 e 37,50 euros.<\/li>\n<li>Exposi\u00e7\u00e3o Ol\u00e1, Vasco Granja, em Lisboa, na Sociedade Nacional de Belas-Artes, de 7 de mar\u00e7o a 4 de abril, entrada livre, em parceria com o Monstra; curadoria de Fernando Galrito.<\/li>\n<li>Dominguinho, concerto no Porto Coliseu Ageas, dia 2 de abril \u00e0s 21h30, pre\u00e7o entre 20 e 40 euros; segue depois para o Casino Estoril nos dias 3 e 4 de abril.<\/li>\n<li>Quarteto de Cordas de Matosinhos, no Teatro Municipal de Matosinhos Constantino Nery, dia 2 de abril \u00e0s 21h30, bilheteira a 7,50 euros; leitura de textos por Jo\u00e3o Reis durante o espet\u00e1culo.<\/li>\n<li>VII Festival Gastron\u00f3mico do Cabrito e do Borrego das Serras de Aire e Candeeiros, em Porto de M\u00f3s, de 21 de mar\u00e7o a 5 de abril, com oito restaurantes participantes; parceria com o V Festival do Folar e da Am\u00eandoa Artesanal (27 de mar\u00e7o a 4 de abril).<\/li>\n<\/ul>\n","protected":false},"author":2,"featured_media":429619,"comment_status":"closed","ping_status":"closed","sticky":false,"template":"","format":"standard","meta":{"footnotes":""},"categories":[7375,1],"tags":[112,1397,219,981,122,119],"class_list":["post-429617","post","type-post","status-publish","format-standard","has-post-thumbnail","hentry","category-cultura","category-noticias","tag-cinema","tag-exposicoes","tag-gastronomia","tag-lisboa","tag-musica","tag-teatro"],"yoast_head":"<!-- This site is optimized with the Yoast SEO plugin v27.2 - https:\/\/yoast.com\/product\/yoast-seo-wordpress\/ -->\n<title>Quinta-feira: conhecer o Sr. Engenheiro e o mestre Vasco Granja - Portal Tela Portugal<\/title>\n<meta name=\"robots\" content=\"index, follow, max-snippet:-1, max-image-preview:large, max-video-preview:-1\" \/>\n<meta property=\"og:locale\" content=\"pt_PT\" \/>\n<meta property=\"og:type\" content=\"article\" \/>\n<meta property=\"og:title\" content=\"Quinta-feira: conhecer o Sr. Engenheiro e o mestre Vasco Granja - Portal Tela Portugal\" \/>\n<meta property=\"og:description\" content=\"Sr. Engenheiro, pe\u00e7a em Lisboa no Teatro Tivoli BBVA, de 1 a 12 de abril, com v\u00e1rias sess\u00f5es di\u00e1rias e idades M\/14; bilhetes entre 23 e 37,50 euros. Exposi\u00e7\u00e3o Ol\u00e1, Vasco Granja, em Lisboa, na Sociedade Nacional de Belas-Artes, de 7 de mar\u00e7o a 4 de abril, entrada livre, em parceria com o Monstra; curadoria de Fernando Galrito. Dominguinho, concerto no Porto Coliseu Ageas, dia 2 de abril \u00e0s 21h30, pre\u00e7o entre 20 e 40 euros; segue depois para o Casino Estoril nos dias 3 e 4 de abril. Quarteto de Cordas de Matosinhos, no Teatro Municipal de Matosinhos Constantino Nery, dia 2 de abril \u00e0s 21h30, bilheteira a 7,50 euros; leitura de textos por Jo\u00e3o Reis durante o espet\u00e1culo. VII Festival Gastron\u00f3mico do Cabrito e do Borrego das Serras de Aire e Candeeiros, em Porto de M\u00f3s, de 21 de mar\u00e7o a 5 de abril, com oito restaurantes participantes; parceria com o V Festival do Folar e da Am\u00eandoa Artesanal (27 de mar\u00e7o a 4 de abril).\" \/>\n<meta property=\"og:url\" content=\"https:\/\/portaltela.pt\/noticias\/2026\/04\/01\/quinta-feira-conhecer-o-sr-engenheiro-e-o-mestre-vasco-granja\/\" \/>\n<meta property=\"og:site_name\" content=\"Portal Tela Portugal\" \/>\n<meta property=\"article:published_time\" content=\"2026-04-01T18:32:18+00:00\" \/>\n<meta name=\"author\" content=\"Telinha\" \/>\n<meta name=\"twitter:card\" content=\"summary_large_image\" \/>\n<meta name=\"twitter:label1\" content=\"Escrito por\" \/>\n\t<meta name=\"twitter:data1\" content=\"Telinha\" \/>\n\t<meta name=\"twitter:label2\" content=\"Tempo estimado de leitura\" \/>\n\t<meta name=\"twitter:data2\" content=\"2 minutos\" \/>\n<script type=\"application\/ld+json\" class=\"yoast-schema-graph\">{\"@context\":\"https:\/\/schema.org\",\"@graph\":[{\"@type\":\"Article\",\"@id\":\"https:\/\/portaltela.pt\/noticias\/2026\/04\/01\/quinta-feira-conhecer-o-sr-engenheiro-e-o-mestre-vasco-granja\/#article\",\"isPartOf\":{\"@id\":\"https:\/\/portaltela.pt\/noticias\/2026\/04\/01\/quinta-feira-conhecer-o-sr-engenheiro-e-o-mestre-vasco-granja\/\"},\"author\":{\"name\":\"Telinha\",\"@id\":\"https:\/\/portaltela.pt\/#\/schema\/person\/c4278d4a6028830caff9ee44b42d32ed\"},\"headline\":\"Quinta-feira: conhecer o Sr. Engenheiro e o mestre Vasco Granja\",\"datePublished\":\"2026-04-01T18:32:18+00:00\",\"mainEntityOfPage\":{\"@id\":\"https:\/\/portaltela.pt\/noticias\/2026\/04\/01\/quinta-feira-conhecer-o-sr-engenheiro-e-o-mestre-vasco-granja\/\"},\"wordCount\":400,\"image\":{\"@id\":\"https:\/\/portaltela.pt\/noticias\/2026\/04\/01\/quinta-feira-conhecer-o-sr-engenheiro-e-o-mestre-vasco-granja\/#primaryimage\"},\"thumbnailUrl\":\"https:\/\/portaltela.pt\/s.01k8rhncp4jt1\/2026\/04\/2078698.jpg\",\"keywords\":[\"cinema\",\"exposi\u00e7\u00f5es\",\"gastronomia\",\"Lisboa\",\"m\u00fasica\",\"teatro\"],\"articleSection\":[\"Cultura\",\"Not\u00edcias\"],\"inLanguage\":\"pt-PT\"},{\"@type\":\"WebPage\",\"@id\":\"https:\/\/portaltela.pt\/noticias\/2026\/04\/01\/quinta-feira-conhecer-o-sr-engenheiro-e-o-mestre-vasco-granja\/\",\"url\":\"https:\/\/portaltela.pt\/noticias\/2026\/04\/01\/quinta-feira-conhecer-o-sr-engenheiro-e-o-mestre-vasco-granja\/\",\"name\":\"Quinta-feira: conhecer o Sr. Engenheiro e o mestre Vasco Granja - Portal Tela Portugal\",\"isPartOf\":{\"@id\":\"https:\/\/portaltela.pt\/#website\"},\"primaryImageOfPage\":{\"@id\":\"https:\/\/portaltela.pt\/noticias\/2026\/04\/01\/quinta-feira-conhecer-o-sr-engenheiro-e-o-mestre-vasco-granja\/#primaryimage\"},\"image\":{\"@id\":\"https:\/\/portaltela.pt\/noticias\/2026\/04\/01\/quinta-feira-conhecer-o-sr-engenheiro-e-o-mestre-vasco-granja\/#primaryimage\"},\"thumbnailUrl\":\"https:\/\/portaltela.pt\/s.01k8rhncp4jt1\/2026\/04\/2078698.jpg\",\"datePublished\":\"2026-04-01T18:32:18+00:00\",\"author\":{\"@id\":\"https:\/\/portaltela.pt\/#\/schema\/person\/c4278d4a6028830caff9ee44b42d32ed\"},\"breadcrumb\":{\"@id\":\"https:\/\/portaltela.pt\/noticias\/2026\/04\/01\/quinta-feira-conhecer-o-sr-engenheiro-e-o-mestre-vasco-granja\/#breadcrumb\"},\"inLanguage\":\"pt-PT\",\"potentialAction\":[{\"@type\":\"ReadAction\",\"target\":[\"https:\/\/portaltela.pt\/noticias\/2026\/04\/01\/quinta-feira-conhecer-o-sr-engenheiro-e-o-mestre-vasco-granja\/\"]}]},{\"@type\":\"ImageObject\",\"inLanguage\":\"pt-PT\",\"@id\":\"https:\/\/portaltela.pt\/noticias\/2026\/04\/01\/quinta-feira-conhecer-o-sr-engenheiro-e-o-mestre-vasco-granja\/#primaryimage\",\"url\":\"https:\/\/portaltela.pt\/s.01k8rhncp4jt1\/2026\/04\/2078698.jpg\",\"contentUrl\":\"https:\/\/portaltela.pt\/s.01k8rhncp4jt1\/2026\/04\/2078698.jpg\",\"width\":796,\"height\":448,\"caption\":\"Sr. Engenheiro - Alegadamente Um Musical\"},{\"@type\":\"BreadcrumbList\",\"@id\":\"https:\/\/portaltela.pt\/noticias\/2026\/04\/01\/quinta-feira-conhecer-o-sr-engenheiro-e-o-mestre-vasco-granja\/#breadcrumb\",\"itemListElement\":[{\"@type\":\"ListItem\",\"position\":1,\"name\":\"In\u00edcio\",\"item\":\"https:\/\/portaltela.pt\/\"},{\"@type\":\"ListItem\",\"position\":2,\"name\":\"Quinta-feira: conhecer o Sr. Engenheiro e o mestre Vasco Granja\"}]},{\"@type\":\"WebSite\",\"@id\":\"https:\/\/portaltela.pt\/#website\",\"url\":\"https:\/\/portaltela.pt\/\",\"name\":\"Portal Tela Portugal\",\"description\":\"\",\"potentialAction\":[{\"@type\":\"SearchAction\",\"target\":{\"@type\":\"EntryPoint\",\"urlTemplate\":\"https:\/\/portaltela.pt\/?s={search_term_string}\"},\"query-input\":{\"@type\":\"PropertyValueSpecification\",\"valueRequired\":true,\"valueName\":\"search_term_string\"}}],\"inLanguage\":\"pt-PT\"},{\"@type\":\"Person\",\"@id\":\"https:\/\/portaltela.pt\/#\/schema\/person\/c4278d4a6028830caff9ee44b42d32ed\",\"name\":\"Telinha\",\"image\":{\"@type\":\"ImageObject\",\"inLanguage\":\"pt-PT\",\"@id\":\"https:\/\/portaltela.pt\/s.01k8rhncp4jt1\/2025\/11\/talking-bot-125x125.png\",\"url\":\"https:\/\/portaltela.pt\/s.01k8rhncp4jt1\/2025\/11\/talking-bot-125x125.png\",\"contentUrl\":\"https:\/\/portaltela.pt\/s.01k8rhncp4jt1\/2025\/11\/talking-bot-125x125.png\",\"caption\":\"Telinha\"},\"sameAs\":[\"https:\/\/portaltela.pt\/\"],\"url\":\"https:\/\/portaltela.pt\/por\/367410592786\/\"}]}<\/script>\n<!-- \/ Yoast SEO plugin. -->","yoast_head_json":{"title":"Quinta-feira: conhecer o Sr. Engenheiro e o mestre Vasco Granja - Portal Tela Portugal","robots":{"index":"index","follow":"follow","max-snippet":"max-snippet:-1","max-image-preview":"max-image-preview:large","max-video-preview":"max-video-preview:-1"},"og_locale":"pt_PT","og_type":"article","og_title":"Quinta-feira: conhecer o Sr. Engenheiro e o mestre Vasco Granja - Portal Tela Portugal","og_description":"Sr. Engenheiro, pe\u00e7a em Lisboa no Teatro Tivoli BBVA, de 1 a 12 de abril, com v\u00e1rias sess\u00f5es di\u00e1rias e idades M\/14; bilhetes entre 23 e 37,50 euros. Exposi\u00e7\u00e3o Ol\u00e1, Vasco Granja, em Lisboa, na Sociedade Nacional de Belas-Artes, de 7 de mar\u00e7o a 4 de abril, entrada livre, em parceria com o Monstra; curadoria de Fernando Galrito. Dominguinho, concerto no Porto Coliseu Ageas, dia 2 de abril \u00e0s 21h30, pre\u00e7o entre 20 e 40 euros; segue depois para o Casino Estoril nos dias 3 e 4 de abril. Quarteto de Cordas de Matosinhos, no Teatro Municipal de Matosinhos Constantino Nery, dia 2 de abril \u00e0s 21h30, bilheteira a 7,50 euros; leitura de textos por Jo\u00e3o Reis durante o espet\u00e1culo. VII Festival Gastron\u00f3mico do Cabrito e do Borrego das Serras de Aire e Candeeiros, em Porto de M\u00f3s, de 21 de mar\u00e7o a 5 de abril, com oito restaurantes participantes; parceria com o V Festival do Folar e da Am\u00eandoa Artesanal (27 de mar\u00e7o a 4 de abril).","og_url":"https:\/\/portaltela.pt\/noticias\/2026\/04\/01\/quinta-feira-conhecer-o-sr-engenheiro-e-o-mestre-vasco-granja\/","og_site_name":"Portal Tela Portugal","article_published_time":"2026-04-01T18:32:18+00:00","author":"Telinha","twitter_card":"summary_large_image","twitter_misc":{"Escrito por":"Telinha","Tempo estimado de leitura":"2 minutos"},"schema":{"@context":"https:\/\/schema.org","@graph":[{"@type":"Article","@id":"https:\/\/portaltela.pt\/noticias\/2026\/04\/01\/quinta-feira-conhecer-o-sr-engenheiro-e-o-mestre-vasco-granja\/#article","isPartOf":{"@id":"https:\/\/portaltela.pt\/noticias\/2026\/04\/01\/quinta-feira-conhecer-o-sr-engenheiro-e-o-mestre-vasco-granja\/"},"author":{"name":"Telinha","@id":"https:\/\/portaltela.pt\/#\/schema\/person\/c4278d4a6028830caff9ee44b42d32ed"},"headline":"Quinta-feira: conhecer o Sr. Engenheiro e o mestre Vasco Granja","datePublished":"2026-04-01T18:32:18+00:00","mainEntityOfPage":{"@id":"https:\/\/portaltela.pt\/noticias\/2026\/04\/01\/quinta-feira-conhecer-o-sr-engenheiro-e-o-mestre-vasco-granja\/"},"wordCount":400,"image":{"@id":"https:\/\/portaltela.pt\/noticias\/2026\/04\/01\/quinta-feira-conhecer-o-sr-engenheiro-e-o-mestre-vasco-granja\/#primaryimage"},"thumbnailUrl":"https:\/\/portaltela.pt\/s.01k8rhncp4jt1\/2026\/04\/2078698.jpg","keywords":["cinema","exposi\u00e7\u00f5es","gastronomia","Lisboa","m\u00fasica","teatro"],"articleSection":["Cultura","Not\u00edcias"],"inLanguage":"pt-PT"},{"@type":"WebPage","@id":"https:\/\/portaltela.pt\/noticias\/2026\/04\/01\/quinta-feira-conhecer-o-sr-engenheiro-e-o-mestre-vasco-granja\/","url":"https:\/\/portaltela.pt\/noticias\/2026\/04\/01\/quinta-feira-conhecer-o-sr-engenheiro-e-o-mestre-vasco-granja\/","name":"Quinta-feira: conhecer o Sr. Engenheiro e o mestre Vasco Granja - Portal Tela Portugal","isPartOf":{"@id":"https:\/\/portaltela.pt\/#website"},"primaryImageOfPage":{"@id":"https:\/\/portaltela.pt\/noticias\/2026\/04\/01\/quinta-feira-conhecer-o-sr-engenheiro-e-o-mestre-vasco-granja\/#primaryimage"},"image":{"@id":"https:\/\/portaltela.pt\/noticias\/2026\/04\/01\/quinta-feira-conhecer-o-sr-engenheiro-e-o-mestre-vasco-granja\/#primaryimage"},"thumbnailUrl":"https:\/\/portaltela.pt\/s.01k8rhncp4jt1\/2026\/04\/2078698.jpg","datePublished":"2026-04-01T18:32:18+00:00","author":{"@id":"https:\/\/portaltela.pt\/#\/schema\/person\/c4278d4a6028830caff9ee44b42d32ed"},"breadcrumb":{"@id":"https:\/\/portaltela.pt\/noticias\/2026\/04\/01\/quinta-feira-conhecer-o-sr-engenheiro-e-o-mestre-vasco-granja\/#breadcrumb"},"inLanguage":"pt-PT","potentialAction":[{"@type":"ReadAction","target":["https:\/\/portaltela.pt\/noticias\/2026\/04\/01\/quinta-feira-conhecer-o-sr-engenheiro-e-o-mestre-vasco-granja\/"]}]},{"@type":"ImageObject","inLanguage":"pt-PT","@id":"https:\/\/portaltela.pt\/noticias\/2026\/04\/01\/quinta-feira-conhecer-o-sr-engenheiro-e-o-mestre-vasco-granja\/#primaryimage","url":"https:\/\/portaltela.pt\/s.01k8rhncp4jt1\/2026\/04\/2078698.jpg","contentUrl":"https:\/\/portaltela.pt\/s.01k8rhncp4jt1\/2026\/04\/2078698.jpg","width":796,"height":448,"caption":"Sr. Engenheiro - Alegadamente Um Musical"},{"@type":"BreadcrumbList","@id":"https:\/\/portaltela.pt\/noticias\/2026\/04\/01\/quinta-feira-conhecer-o-sr-engenheiro-e-o-mestre-vasco-granja\/#breadcrumb","itemListElement":[{"@type":"ListItem","position":1,"name":"In\u00edcio","item":"https:\/\/portaltela.pt\/"},{"@type":"ListItem","position":2,"name":"Quinta-feira: conhecer o Sr. Engenheiro e o mestre Vasco Granja"}]},{"@type":"WebSite","@id":"https:\/\/portaltela.pt\/#website","url":"https:\/\/portaltela.pt\/","name":"Portal Tela Portugal","description":"","potentialAction":[{"@type":"SearchAction","target":{"@type":"EntryPoint","urlTemplate":"https:\/\/portaltela.pt\/?s={search_term_string}"},"query-input":{"@type":"PropertyValueSpecification","valueRequired":true,"valueName":"search_term_string"}}],"inLanguage":"pt-PT"},{"@type":"Person","@id":"https:\/\/portaltela.pt\/#\/schema\/person\/c4278d4a6028830caff9ee44b42d32ed","name":"Telinha","image":{"@type":"ImageObject","inLanguage":"pt-PT","@id":"https:\/\/portaltela.pt\/s.01k8rhncp4jt1\/2025\/11\/talking-bot-125x125.png","url":"https:\/\/portaltela.pt\/s.01k8rhncp4jt1\/2025\/11\/talking-bot-125x125.png","contentUrl":"https:\/\/portaltela.pt\/s.01k8rhncp4jt1\/2025\/11\/talking-bot-125x125.png","caption":"Telinha"},"sameAs":["https:\/\/portaltela.pt\/"],"url":"https:\/\/portaltela.pt\/por\/367410592786\/"}]}},"_links":{"self":[{"href":"https:\/\/portaltela.pt\/api\/wp\/v2\/posts\/429617","targetHints":{"allow":["GET"]}}],"collection":[{"href":"https:\/\/portaltela.pt\/api\/wp\/v2\/posts"}],"about":[{"href":"https:\/\/portaltela.pt\/api\/wp\/v2\/types\/post"}],"author":[{"embeddable":true,"href":"https:\/\/portaltela.pt\/api\/wp\/v2\/users\/2"}],"replies":[{"embeddable":true,"href":"https:\/\/portaltela.pt\/api\/wp\/v2\/comments?post=429617"}],"version-history":[{"count":0,"href":"https:\/\/portaltela.pt\/api\/wp\/v2\/posts\/429617\/revisions"}],"wp:featuredmedia":[{"embeddable":true,"href":"https:\/\/portaltela.pt\/api\/wp\/v2\/media\/429619"}],"wp:attachment":[{"href":"https:\/\/portaltela.pt\/api\/wp\/v2\/media?parent=429617"}],"wp:term":[{"taxonomy":"category","embeddable":true,"href":"https:\/\/portaltela.pt\/api\/wp\/v2\/categories?post=429617"},{"taxonomy":"post_tag","embeddable":true,"href":"https:\/\/portaltela.pt\/api\/wp\/v2\/tags?post=429617"}],"curies":[{"name":"wp","href":"https:\/\/api.w.org\/{rel}","templated":true}]}}