{"id":429609,"date":"2026-04-01T15:32:02","date_gmt":"2026-04-01T18:32:02","guid":{"rendered":"https:\/\/portaltela.pt\/noticias\/2026\/04\/01\/ps-acusa-psd-cds-e-chega-de-nao-resolverem-falhas-na-lei-da-nacionalidade\/"},"modified":"2026-04-01T15:32:02","modified_gmt":"2026-04-01T18:32:02","slug":"ps-acusa-psd-cds-e-chega-de-nao-resolverem-falhas-na-lei-da-nacionalidade","status":"publish","type":"post","link":"https:\/\/portaltela.pt\/noticias\/politica\/2026\/04\/01\/ps-acusa-psd-cds-e-chega-de-nao-resolverem-falhas-na-lei-da-nacionalidade\/","title":{"rendered":"PS acusa PSD, CDS e Chega de n\u00e3o resolverem falhas na lei da nacionalidade"},"content":{"rendered":"<p>O Partido Socialista (PS) acusa o PSD, o CDS e o Chega de n\u00e3o resolverem parte das inconstitucionalidades da lei da nacionalidade. A den\u00fancia centra-se na alega\u00e7\u00e3o de que estes partidos n\u00e3o ter\u00e3o mitigado quest\u00f5es constitucionais associadas \u00e0 legisla\u00e7\u00e3o.<\/p>\n<p>A discuss\u00e3o envolve a interpreta\u00e7\u00e3o e a aplica\u00e7\u00e3o da lei da nacionalidade, com implica\u00e7\u00f5es para cidad\u00e3os e processos judiciais ligados \u00e0 cidadania. A acusa\u00e7\u00e3o aponta para omiss\u00f5es consideradas relevantes pelo PS no funcionamento do regime.<\/p>\n<p>Segundo a mensagem da fonte, o conte\u00fado completo da not\u00edcia est\u00e1 acess\u00edvel apenas para subscritores. A ag\u00eancia respons\u00e1vel pela divulga\u00e7\u00e3o \u00e9 a Lusa, que publicou o material originalmente.<\/p>\n","protected":false},"excerpt":{"rendered":"<ul>\n<li>O PS acusa o PSD, CDS e o Chega de n\u00e3o resolverem parte das inconstitucionalidades da lei da nacionalidade.<\/li>\n<li>A not\u00edcia indica que o conte\u00fado completo est\u00e1 dispon\u00edvel apenas para subscritores.<\/li>\n<li>O tema em foco \u00e9 uma dissid\u00eancia entre os partidos sobre a constitucionalidade da legisla\u00e7\u00e3o de nacionalidade.<\/li>\n<li>N\u00e3o s\u00e3o fornecidos detalhes adicionais no trecho dispon\u00edvel.<\/li>\n<li>Fonte: Lusa.<\/li>\n<\/ul>\n","protected":false},"author":2,"featured_media":429610,"comment_status":"closed","ping_status":"closed","sticky":false,"template":"","format":"standard","meta":{"footnotes":""},"categories":[1,5],"tags":[2478,2142,2435,2832,2144,3695],"class_list":["post-429609","post","type-post","status-publish","format-standard","has-post-thumbnail","hentry","category-noticias","category-politica","tag-cds","tag-chega","tag-nacionalidade","tag-politica","tag-ps","tag-psd"],"yoast_head":"<!-- This site is optimized with the Yoast SEO plugin v27.2 - https:\/\/yoast.com\/product\/yoast-seo-wordpress\/ -->\n<title>PS acusa PSD, CDS e Chega de n\u00e3o resolverem falhas na lei da nacionalidade - Portal Tela Portugal<\/title>\n<meta name=\"robots\" content=\"index, follow, max-snippet:-1, max-image-preview:large, max-video-preview:-1\" \/>\n<meta property=\"og:locale\" content=\"pt_PT\" \/>\n<meta property=\"og:type\" content=\"article\" \/>\n<meta property=\"og:title\" content=\"PS acusa PSD, CDS e Chega de n\u00e3o resolverem falhas na lei da nacionalidade - Portal Tela Portugal\" \/>\n<meta property=\"og:description\" content=\"O PS acusa o PSD, CDS e o Chega de n\u00e3o resolverem parte das inconstitucionalidades da lei da nacionalidade. A not\u00edcia indica que o conte\u00fado completo est\u00e1 dispon\u00edvel apenas para subscritores. O tema em foco \u00e9 uma dissid\u00eancia entre os partidos sobre a constitucionalidade da legisla\u00e7\u00e3o de nacionalidade. N\u00e3o s\u00e3o fornecidos detalhes adicionais no trecho dispon\u00edvel. Fonte: Lusa.\" \/>\n<meta property=\"og:url\" content=\"https:\/\/portaltela.pt\/noticias\/2026\/04\/01\/ps-acusa-psd-cds-e-chega-de-nao-resolverem-falhas-na-lei-da-nacionalidade\/\" \/>\n<meta property=\"og:site_name\" content=\"Portal Tela Portugal\" \/>\n<meta property=\"article:published_time\" content=\"2026-04-01T18:32:02+00:00\" \/>\n<meta name=\"author\" content=\"Telinha\" \/>\n<meta name=\"twitter:card\" content=\"summary_large_image\" \/>\n<meta name=\"twitter:label1\" content=\"Escrito por\" \/>\n\t<meta name=\"twitter:data1\" content=\"Telinha\" \/>\n\t<meta name=\"twitter:label2\" content=\"Tempo estimado de leitura\" \/>\n\t<meta name=\"twitter:data2\" content=\"1 minuto\" \/>\n<script type=\"application\/ld+json\" class=\"yoast-schema-graph\">{\"@context\":\"https:\/\/schema.org\",\"@graph\":[{\"@type\":\"Article\",\"@id\":\"https:\/\/portaltela.pt\/noticias\/2026\/04\/01\/ps-acusa-psd-cds-e-chega-de-nao-resolverem-falhas-na-lei-da-nacionalidade\/#article\",\"isPartOf\":{\"@id\":\"https:\/\/portaltela.pt\/noticias\/2026\/04\/01\/ps-acusa-psd-cds-e-chega-de-nao-resolverem-falhas-na-lei-da-nacionalidade\/\"},\"author\":{\"name\":\"Telinha\",\"@id\":\"https:\/\/portaltela.pt\/#\/schema\/person\/c4278d4a6028830caff9ee44b42d32ed\"},\"headline\":\"PS acusa PSD, CDS e Chega de n\u00e3o resolverem falhas na lei da nacionalidade\",\"datePublished\":\"2026-04-01T18:32:02+00:00\",\"mainEntityOfPage\":{\"@id\":\"https:\/\/portaltela.pt\/noticias\/2026\/04\/01\/ps-acusa-psd-cds-e-chega-de-nao-resolverem-falhas-na-lei-da-nacionalidade\/\"},\"wordCount\":134,\"image\":{\"@id\":\"https:\/\/portaltela.pt\/noticias\/2026\/04\/01\/ps-acusa-psd-cds-e-chega-de-nao-resolverem-falhas-na-lei-da-nacionalidade\/#primaryimage\"},\"thumbnailUrl\":\"https:\/\/portaltela.pt\/s.01k8rhncp4jt1\/2026\/04\/CACHE_780X1200_ANALOG_WATERMARKED_46864337_7253168_01042026061512.jpg\",\"keywords\":[\"CDS\",\"CHEGA\",\"nacionalidade\",\"pol\u00edtica\",\"PS\",\"PSD\"],\"articleSection\":[\"Not\u00edcias\",\"Pol\u00edtica\"],\"inLanguage\":\"pt-PT\"},{\"@type\":\"WebPage\",\"@id\":\"https:\/\/portaltela.pt\/noticias\/2026\/04\/01\/ps-acusa-psd-cds-e-chega-de-nao-resolverem-falhas-na-lei-da-nacionalidade\/\",\"url\":\"https:\/\/portaltela.pt\/noticias\/2026\/04\/01\/ps-acusa-psd-cds-e-chega-de-nao-resolverem-falhas-na-lei-da-nacionalidade\/\",\"name\":\"PS acusa PSD, CDS e Chega de n\u00e3o resolverem falhas na lei da nacionalidade - Portal Tela Portugal\",\"isPartOf\":{\"@id\":\"https:\/\/portaltela.pt\/#website\"},\"primaryImageOfPage\":{\"@id\":\"https:\/\/portaltela.pt\/noticias\/2026\/04\/01\/ps-acusa-psd-cds-e-chega-de-nao-resolverem-falhas-na-lei-da-nacionalidade\/#primaryimage\"},\"image\":{\"@id\":\"https:\/\/portaltela.pt\/noticias\/2026\/04\/01\/ps-acusa-psd-cds-e-chega-de-nao-resolverem-falhas-na-lei-da-nacionalidade\/#primaryimage\"},\"thumbnailUrl\":\"https:\/\/portaltela.pt\/s.01k8rhncp4jt1\/2026\/04\/CACHE_780X1200_ANALOG_WATERMARKED_46864337_7253168_01042026061512.jpg\",\"datePublished\":\"2026-04-01T18:32:02+00:00\",\"author\":{\"@id\":\"https:\/\/portaltela.pt\/#\/schema\/person\/c4278d4a6028830caff9ee44b42d32ed\"},\"breadcrumb\":{\"@id\":\"https:\/\/portaltela.pt\/noticias\/2026\/04\/01\/ps-acusa-psd-cds-e-chega-de-nao-resolverem-falhas-na-lei-da-nacionalidade\/#breadcrumb\"},\"inLanguage\":\"pt-PT\",\"potentialAction\":[{\"@type\":\"ReadAction\",\"target\":[\"https:\/\/portaltela.pt\/noticias\/2026\/04\/01\/ps-acusa-psd-cds-e-chega-de-nao-resolverem-falhas-na-lei-da-nacionalidade\/\"]}]},{\"@type\":\"ImageObject\",\"inLanguage\":\"pt-PT\",\"@id\":\"https:\/\/portaltela.pt\/noticias\/2026\/04\/01\/ps-acusa-psd-cds-e-chega-de-nao-resolverem-falhas-na-lei-da-nacionalidade\/#primaryimage\",\"url\":\"https:\/\/portaltela.pt\/s.01k8rhncp4jt1\/2026\/04\/CACHE_780X1200_ANALOG_WATERMARKED_46864337_7253168_01042026061512.jpg\",\"contentUrl\":\"https:\/\/portaltela.pt\/s.01k8rhncp4jt1\/2026\/04\/CACHE_780X1200_ANALOG_WATERMARKED_46864337_7253168_01042026061512.jpg\",\"width\":796,\"height\":448,\"caption\":\"PS acusa PSD, CDS e Chega de n\u00e3o resolverem parte das inconstitucionalidades da lei da nacionalidade\"},{\"@type\":\"BreadcrumbList\",\"@id\":\"https:\/\/portaltela.pt\/noticias\/2026\/04\/01\/ps-acusa-psd-cds-e-chega-de-nao-resolverem-falhas-na-lei-da-nacionalidade\/#breadcrumb\",\"itemListElement\":[{\"@type\":\"ListItem\",\"position\":1,\"name\":\"In\u00edcio\",\"item\":\"https:\/\/portaltela.pt\/\"},{\"@type\":\"ListItem\",\"position\":2,\"name\":\"PS acusa PSD, CDS e Chega de n\u00e3o resolverem falhas na lei da nacionalidade\"}]},{\"@type\":\"WebSite\",\"@id\":\"https:\/\/portaltela.pt\/#website\",\"url\":\"https:\/\/portaltela.pt\/\",\"name\":\"Portal Tela Portugal\",\"description\":\"\",\"potentialAction\":[{\"@type\":\"SearchAction\",\"target\":{\"@type\":\"EntryPoint\",\"urlTemplate\":\"https:\/\/portaltela.pt\/?s={search_term_string}\"},\"query-input\":{\"@type\":\"PropertyValueSpecification\",\"valueRequired\":true,\"valueName\":\"search_term_string\"}}],\"inLanguage\":\"pt-PT\"},{\"@type\":\"Person\",\"@id\":\"https:\/\/portaltela.pt\/#\/schema\/person\/c4278d4a6028830caff9ee44b42d32ed\",\"name\":\"Telinha\",\"image\":{\"@type\":\"ImageObject\",\"inLanguage\":\"pt-PT\",\"@id\":\"https:\/\/portaltela.pt\/s.01k8rhncp4jt1\/2025\/11\/talking-bot-125x125.png\",\"url\":\"https:\/\/portaltela.pt\/s.01k8rhncp4jt1\/2025\/11\/talking-bot-125x125.png\",\"contentUrl\":\"https:\/\/portaltela.pt\/s.01k8rhncp4jt1\/2025\/11\/talking-bot-125x125.png\",\"caption\":\"Telinha\"},\"sameAs\":[\"https:\/\/portaltela.pt\/\"],\"url\":\"https:\/\/portaltela.pt\/por\/367410592786\/\"}]}<\/script>\n<!-- \/ Yoast SEO plugin. -->","yoast_head_json":{"title":"PS acusa PSD, CDS e Chega de n\u00e3o resolverem falhas na lei da nacionalidade - Portal Tela Portugal","robots":{"index":"index","follow":"follow","max-snippet":"max-snippet:-1","max-image-preview":"max-image-preview:large","max-video-preview":"max-video-preview:-1"},"og_locale":"pt_PT","og_type":"article","og_title":"PS acusa PSD, CDS e Chega de n\u00e3o resolverem falhas na lei da nacionalidade - Portal Tela Portugal","og_description":"O PS acusa o PSD, CDS e o Chega de n\u00e3o resolverem parte das inconstitucionalidades da lei da nacionalidade. A not\u00edcia indica que o conte\u00fado completo est\u00e1 dispon\u00edvel apenas para subscritores. O tema em foco \u00e9 uma dissid\u00eancia entre os partidos sobre a constitucionalidade da legisla\u00e7\u00e3o de nacionalidade. N\u00e3o s\u00e3o fornecidos detalhes adicionais no trecho dispon\u00edvel. Fonte: Lusa.","og_url":"https:\/\/portaltela.pt\/noticias\/2026\/04\/01\/ps-acusa-psd-cds-e-chega-de-nao-resolverem-falhas-na-lei-da-nacionalidade\/","og_site_name":"Portal Tela Portugal","article_published_time":"2026-04-01T18:32:02+00:00","author":"Telinha","twitter_card":"summary_large_image","twitter_misc":{"Escrito por":"Telinha","Tempo estimado de leitura":"1 minuto"},"schema":{"@context":"https:\/\/schema.org","@graph":[{"@type":"Article","@id":"https:\/\/portaltela.pt\/noticias\/2026\/04\/01\/ps-acusa-psd-cds-e-chega-de-nao-resolverem-falhas-na-lei-da-nacionalidade\/#article","isPartOf":{"@id":"https:\/\/portaltela.pt\/noticias\/2026\/04\/01\/ps-acusa-psd-cds-e-chega-de-nao-resolverem-falhas-na-lei-da-nacionalidade\/"},"author":{"name":"Telinha","@id":"https:\/\/portaltela.pt\/#\/schema\/person\/c4278d4a6028830caff9ee44b42d32ed"},"headline":"PS acusa PSD, CDS e Chega de n\u00e3o resolverem falhas na lei da nacionalidade","datePublished":"2026-04-01T18:32:02+00:00","mainEntityOfPage":{"@id":"https:\/\/portaltela.pt\/noticias\/2026\/04\/01\/ps-acusa-psd-cds-e-chega-de-nao-resolverem-falhas-na-lei-da-nacionalidade\/"},"wordCount":134,"image":{"@id":"https:\/\/portaltela.pt\/noticias\/2026\/04\/01\/ps-acusa-psd-cds-e-chega-de-nao-resolverem-falhas-na-lei-da-nacionalidade\/#primaryimage"},"thumbnailUrl":"https:\/\/portaltela.pt\/s.01k8rhncp4jt1\/2026\/04\/CACHE_780X1200_ANALOG_WATERMARKED_46864337_7253168_01042026061512.jpg","keywords":["CDS","CHEGA","nacionalidade","pol\u00edtica","PS","PSD"],"articleSection":["Not\u00edcias","Pol\u00edtica"],"inLanguage":"pt-PT"},{"@type":"WebPage","@id":"https:\/\/portaltela.pt\/noticias\/2026\/04\/01\/ps-acusa-psd-cds-e-chega-de-nao-resolverem-falhas-na-lei-da-nacionalidade\/","url":"https:\/\/portaltela.pt\/noticias\/2026\/04\/01\/ps-acusa-psd-cds-e-chega-de-nao-resolverem-falhas-na-lei-da-nacionalidade\/","name":"PS acusa PSD, CDS e Chega de n\u00e3o resolverem falhas na lei da nacionalidade - Portal Tela Portugal","isPartOf":{"@id":"https:\/\/portaltela.pt\/#website"},"primaryImageOfPage":{"@id":"https:\/\/portaltela.pt\/noticias\/2026\/04\/01\/ps-acusa-psd-cds-e-chega-de-nao-resolverem-falhas-na-lei-da-nacionalidade\/#primaryimage"},"image":{"@id":"https:\/\/portaltela.pt\/noticias\/2026\/04\/01\/ps-acusa-psd-cds-e-chega-de-nao-resolverem-falhas-na-lei-da-nacionalidade\/#primaryimage"},"thumbnailUrl":"https:\/\/portaltela.pt\/s.01k8rhncp4jt1\/2026\/04\/CACHE_780X1200_ANALOG_WATERMARKED_46864337_7253168_01042026061512.jpg","datePublished":"2026-04-01T18:32:02+00:00","author":{"@id":"https:\/\/portaltela.pt\/#\/schema\/person\/c4278d4a6028830caff9ee44b42d32ed"},"breadcrumb":{"@id":"https:\/\/portaltela.pt\/noticias\/2026\/04\/01\/ps-acusa-psd-cds-e-chega-de-nao-resolverem-falhas-na-lei-da-nacionalidade\/#breadcrumb"},"inLanguage":"pt-PT","potentialAction":[{"@type":"ReadAction","target":["https:\/\/portaltela.pt\/noticias\/2026\/04\/01\/ps-acusa-psd-cds-e-chega-de-nao-resolverem-falhas-na-lei-da-nacionalidade\/"]}]},{"@type":"ImageObject","inLanguage":"pt-PT","@id":"https:\/\/portaltela.pt\/noticias\/2026\/04\/01\/ps-acusa-psd-cds-e-chega-de-nao-resolverem-falhas-na-lei-da-nacionalidade\/#primaryimage","url":"https:\/\/portaltela.pt\/s.01k8rhncp4jt1\/2026\/04\/CACHE_780X1200_ANALOG_WATERMARKED_46864337_7253168_01042026061512.jpg","contentUrl":"https:\/\/portaltela.pt\/s.01k8rhncp4jt1\/2026\/04\/CACHE_780X1200_ANALOG_WATERMARKED_46864337_7253168_01042026061512.jpg","width":796,"height":448,"caption":"PS acusa PSD, CDS e Chega de n\u00e3o resolverem parte das inconstitucionalidades da lei da nacionalidade"},{"@type":"BreadcrumbList","@id":"https:\/\/portaltela.pt\/noticias\/2026\/04\/01\/ps-acusa-psd-cds-e-chega-de-nao-resolverem-falhas-na-lei-da-nacionalidade\/#breadcrumb","itemListElement":[{"@type":"ListItem","position":1,"name":"In\u00edcio","item":"https:\/\/portaltela.pt\/"},{"@type":"ListItem","position":2,"name":"PS acusa PSD, CDS e Chega de n\u00e3o resolverem falhas na lei da nacionalidade"}]},{"@type":"WebSite","@id":"https:\/\/portaltela.pt\/#website","url":"https:\/\/portaltela.pt\/","name":"Portal Tela Portugal","description":"","potentialAction":[{"@type":"SearchAction","target":{"@type":"EntryPoint","urlTemplate":"https:\/\/portaltela.pt\/?s={search_term_string}"},"query-input":{"@type":"PropertyValueSpecification","valueRequired":true,"valueName":"search_term_string"}}],"inLanguage":"pt-PT"},{"@type":"Person","@id":"https:\/\/portaltela.pt\/#\/schema\/person\/c4278d4a6028830caff9ee44b42d32ed","name":"Telinha","image":{"@type":"ImageObject","inLanguage":"pt-PT","@id":"https:\/\/portaltela.pt\/s.01k8rhncp4jt1\/2025\/11\/talking-bot-125x125.png","url":"https:\/\/portaltela.pt\/s.01k8rhncp4jt1\/2025\/11\/talking-bot-125x125.png","contentUrl":"https:\/\/portaltela.pt\/s.01k8rhncp4jt1\/2025\/11\/talking-bot-125x125.png","caption":"Telinha"},"sameAs":["https:\/\/portaltela.pt\/"],"url":"https:\/\/portaltela.pt\/por\/367410592786\/"}]}},"_links":{"self":[{"href":"https:\/\/portaltela.pt\/api\/wp\/v2\/posts\/429609","targetHints":{"allow":["GET"]}}],"collection":[{"href":"https:\/\/portaltela.pt\/api\/wp\/v2\/posts"}],"about":[{"href":"https:\/\/portaltela.pt\/api\/wp\/v2\/types\/post"}],"author":[{"embeddable":true,"href":"https:\/\/portaltela.pt\/api\/wp\/v2\/users\/2"}],"replies":[{"embeddable":true,"href":"https:\/\/portaltela.pt\/api\/wp\/v2\/comments?post=429609"}],"version-history":[{"count":0,"href":"https:\/\/portaltela.pt\/api\/wp\/v2\/posts\/429609\/revisions"}],"wp:featuredmedia":[{"embeddable":true,"href":"https:\/\/portaltela.pt\/api\/wp\/v2\/media\/429610"}],"wp:attachment":[{"href":"https:\/\/portaltela.pt\/api\/wp\/v2\/media?parent=429609"}],"wp:term":[{"taxonomy":"category","embeddable":true,"href":"https:\/\/portaltela.pt\/api\/wp\/v2\/categories?post=429609"},{"taxonomy":"post_tag","embeddable":true,"href":"https:\/\/portaltela.pt\/api\/wp\/v2\/tags?post=429609"}],"curies":[{"name":"wp","href":"https:\/\/api.w.org\/{rel}","templated":true}]}}