{"id":429576,"date":"2026-04-01T15:02:21","date_gmt":"2026-04-01T18:02:21","guid":{"rendered":"https:\/\/portaltela.pt\/noticias\/2026\/04\/01\/villas-boas-mira-o-sporting-e-critica-reuniao-com-ministra-sobre-logistica\/"},"modified":"2026-04-01T15:02:21","modified_gmt":"2026-04-01T18:02:21","slug":"villas-boas-mira-o-sporting-e-critica-reuniao-com-ministra-sobre-logistica","status":"publish","type":"post","link":"https:\/\/portaltela.pt\/desporto\/futebol\/2026\/04\/01\/villas-boas-mira-o-sporting-e-critica-reuniao-com-ministra-sobre-logistica\/","title":{"rendered":"Villas-Boas mira o Sporting e critica reuni\u00e3o com ministra sobre log\u00edstica"},"content":{"rendered":"<p>A reuni\u00e3o entre a direc\u00e7\u00e3o do FC Porto e a ministra da Cultura, da Juventude e do Desporto decorreu em Lisboa, nesta quarta-feira. O tema foi o incidente do Drag\u00e3o Arena, ligado ao \u00faltimo jogo de h\u00f3quei em patins entre FC Porto e Sporting.<\/p>\n<p>O presidente dos drag\u00f5es, Andr\u00e9 Villas-Boas, afirmou ter provas cabais de que nada de irregular ocorreu. Garantiu que o clube promoveu uma auditoria interna e externa, com documenta\u00e7\u00e3o detalhada desde o momento da entrada at\u00e9 \u00e0 sa\u00edda dos balne\u00e1rios.<\/p>\n<p>Villas-Boas descreveu as conclus\u00f5es preliminares de CCTV e escreveu que n\u00e3o houve prevarica\u00e7\u00f5es nem qualquer sabotagem com produtos de limpeza ou t\u00f3xicos. Afirmou ainda que o Minist\u00e9rio P\u00fablico j\u00e1 abriu um inqu\u00e9rito, ao qual o FC Porto est\u00e1 \u00e0 espera de colaborar de forma plena.<\/p>\n<p>O dirigente fez refer\u00eancia \u00e0s queixas de respons\u00e1veis do andebol do Sporting relativamente ao jogo em casa dos portistas, que levou a assist\u00eancia m\u00e9dica a dois elementos da equipa advers\u00e1ria. O presidente do FC Porto relatou que houve tens\u00e3o, mas que n\u00e3o houve responsabilidade do clube.<\/p>\n<p>Para o FC Porto, a actua\u00e7\u00e3o das autoridades tem sido adequada. Villas-Boas sublinhou que as mensagens p\u00fablicas do clube t\u00eam como objetivo defender o bom nome da institui\u00e7\u00e3o e preparar o territ\u00f3rio para a continuidade da investiga\u00e7\u00e3o.<\/p>\n<h3>Auditoria e pr\u00f3xima fase<\/h3>\n<p>O l\u00edder portista destacou que a auditoria, que decorre com a participa\u00e7\u00e3o de partes internas e externas, pretende clarificar todos os aspetos do caso. O FC Porto pretende manter a coopera\u00e7\u00e3o com as autoridades e assegurar transpar\u00eancia total do processo.<\/p>\n<p>Villas-Boas criticou ainda a forma como o Sporting comunicou o incidente, referindo que o tema foi transformado em algo diferente de um complexo conjunto de factos desportivos. Garantiu que o clube continuar\u00e1 a colaborar para esclarecer o que aconteceu.<\/p>\n","protected":false},"excerpt":{"rendered":"<ul>\n<li>A reuni\u00e3o entre o FC Porto e a ministra da Cultura, Juventude e Desporto, realizada em Lisboa, tratou do incidente no Drag\u00e3o Arena.<\/li>\n<li>O presidente Andr\u00e9 Villas-Boas disse que h\u00e1 provas cabais de que n\u00e3o houve qualquer pr\u00e1tica desleal, com uma auditoria interna e externa conclu\u00edda; o CCTV mostrou aus\u00eancia de prevarica\u00e7\u00f5es com produtos de limpeza ou t\u00f3xicos.<\/li>\n<li>O clube afirma que n\u00e3o houve sabotagem e que o Minist\u00e9rio P\u00fablico abriu um inqu\u00e9rito, mantendo os factos, imagens e documentos do FC Porto como evid\u00eancia.<\/li>\n<li>Villas-Boas disse que o FC Porto ser\u00e1 implac\u00e1vel com o Sporting em rela\u00e7\u00e3o a difama\u00e7\u00e3o, cal\u00fania e danos \u00e0 reputa\u00e7\u00e3o do clube.<\/li>\n<li>O dirigente criticou a forma como o Sporting pediu a reuni\u00e3o, classificando-a de pat\u00e9tica e alegando que o caso ficou reduzido a cones, bolas e toalhas.<\/li>\n<\/ul>\n","protected":false},"author":2,"featured_media":429581,"comment_status":"closed","ping_status":"closed","sticky":false,"template":"","format":"standard","meta":{"footnotes":""},"categories":[21,24],"tags":[4683,2028,273,217,982,1652],"class_list":["post-429576","post","type-post","status-publish","format-standard","has-post-thumbnail","hentry","category-desporto","category-futebol","tag-auditoria-interna","tag-fc-porto","tag-hoquei","tag-investigacao-criminal","tag-porto","tag-sporting"],"yoast_head":"<!-- This site is optimized with the Yoast SEO plugin v27.2 - https:\/\/yoast.com\/product\/yoast-seo-wordpress\/ -->\n<title>Villas-Boas mira o Sporting e critica reuni\u00e3o com ministra sobre log\u00edstica - Portal Tela Portugal<\/title>\n<meta name=\"robots\" content=\"index, follow, max-snippet:-1, max-image-preview:large, max-video-preview:-1\" \/>\n<meta property=\"og:locale\" content=\"pt_PT\" \/>\n<meta property=\"og:type\" content=\"article\" \/>\n<meta property=\"og:title\" content=\"Villas-Boas mira o Sporting e critica reuni\u00e3o com ministra sobre log\u00edstica - Portal Tela Portugal\" \/>\n<meta property=\"og:description\" content=\"A reuni\u00e3o entre o FC Porto e a ministra da Cultura, Juventude e Desporto, realizada em Lisboa, tratou do incidente no Drag\u00e3o Arena. O presidente Andr\u00e9 Villas-Boas disse que h\u00e1 provas cabais de que n\u00e3o houve qualquer pr\u00e1tica desleal, com uma auditoria interna e externa conclu\u00edda; o CCTV mostrou aus\u00eancia de prevarica\u00e7\u00f5es com produtos de limpeza ou t\u00f3xicos. O clube afirma que n\u00e3o houve sabotagem e que o Minist\u00e9rio P\u00fablico abriu um inqu\u00e9rito, mantendo os factos, imagens e documentos do FC Porto como evid\u00eancia. Villas-Boas disse que o FC Porto ser\u00e1 implac\u00e1vel com o Sporting em rela\u00e7\u00e3o a difama\u00e7\u00e3o, cal\u00fania e danos \u00e0 reputa\u00e7\u00e3o do clube. O dirigente criticou a forma como o Sporting pediu a reuni\u00e3o, classificando-a de pat\u00e9tica e alegando que o caso ficou reduzido a cones, bolas e toalhas.\" \/>\n<meta property=\"og:url\" content=\"https:\/\/portaltela.pt\/noticias\/2026\/04\/01\/villas-boas-mira-o-sporting-e-critica-reuniao-com-ministra-sobre-logistica\/\" \/>\n<meta property=\"og:site_name\" content=\"Portal Tela Portugal\" \/>\n<meta property=\"article:published_time\" content=\"2026-04-01T18:02:21+00:00\" \/>\n<meta name=\"author\" content=\"Telinha\" \/>\n<meta name=\"twitter:card\" content=\"summary_large_image\" \/>\n<meta name=\"twitter:label1\" content=\"Escrito por\" \/>\n\t<meta name=\"twitter:data1\" content=\"Telinha\" \/>\n\t<meta name=\"twitter:label2\" content=\"Tempo estimado de leitura\" \/>\n\t<meta name=\"twitter:data2\" content=\"2 minutos\" \/>\n<script type=\"application\/ld+json\" class=\"yoast-schema-graph\">{\"@context\":\"https:\/\/schema.org\",\"@graph\":[{\"@type\":\"Article\",\"@id\":\"https:\/\/portaltela.pt\/noticias\/2026\/04\/01\/villas-boas-mira-o-sporting-e-critica-reuniao-com-ministra-sobre-logistica\/#article\",\"isPartOf\":{\"@id\":\"https:\/\/portaltela.pt\/noticias\/2026\/04\/01\/villas-boas-mira-o-sporting-e-critica-reuniao-com-ministra-sobre-logistica\/\"},\"author\":{\"name\":\"Telinha\",\"@id\":\"https:\/\/portaltela.pt\/#\/schema\/person\/c4278d4a6028830caff9ee44b42d32ed\"},\"headline\":\"Villas-Boas mira o Sporting e critica reuni\u00e3o com ministra sobre log\u00edstica\",\"datePublished\":\"2026-04-01T18:02:21+00:00\",\"mainEntityOfPage\":{\"@id\":\"https:\/\/portaltela.pt\/noticias\/2026\/04\/01\/villas-boas-mira-o-sporting-e-critica-reuniao-com-ministra-sobre-logistica\/\"},\"wordCount\":338,\"image\":{\"@id\":\"https:\/\/portaltela.pt\/noticias\/2026\/04\/01\/villas-boas-mira-o-sporting-e-critica-reuniao-com-ministra-sobre-logistica\/#primaryimage\"},\"thumbnailUrl\":\"https:\/\/portaltela.pt\/s.01k8rhncp4jt1\/2026\/04\/2078652.jpg\",\"keywords\":[\"auditoria interna\",\"FC Porto\",\"h\u00f3quei\",\"investiga\u00e7\u00e3o criminal\",\"Porto\",\"Sporting\"],\"articleSection\":[\"Desporto\",\"Futebol\"],\"inLanguage\":\"pt-PT\"},{\"@type\":\"WebPage\",\"@id\":\"https:\/\/portaltela.pt\/noticias\/2026\/04\/01\/villas-boas-mira-o-sporting-e-critica-reuniao-com-ministra-sobre-logistica\/\",\"url\":\"https:\/\/portaltela.pt\/noticias\/2026\/04\/01\/villas-boas-mira-o-sporting-e-critica-reuniao-com-ministra-sobre-logistica\/\",\"name\":\"Villas-Boas mira o Sporting e critica reuni\u00e3o com ministra sobre log\u00edstica - Portal Tela Portugal\",\"isPartOf\":{\"@id\":\"https:\/\/portaltela.pt\/#website\"},\"primaryImageOfPage\":{\"@id\":\"https:\/\/portaltela.pt\/noticias\/2026\/04\/01\/villas-boas-mira-o-sporting-e-critica-reuniao-com-ministra-sobre-logistica\/#primaryimage\"},\"image\":{\"@id\":\"https:\/\/portaltela.pt\/noticias\/2026\/04\/01\/villas-boas-mira-o-sporting-e-critica-reuniao-com-ministra-sobre-logistica\/#primaryimage\"},\"thumbnailUrl\":\"https:\/\/portaltela.pt\/s.01k8rhncp4jt1\/2026\/04\/2078652.jpg\",\"datePublished\":\"2026-04-01T18:02:21+00:00\",\"author\":{\"@id\":\"https:\/\/portaltela.pt\/#\/schema\/person\/c4278d4a6028830caff9ee44b42d32ed\"},\"breadcrumb\":{\"@id\":\"https:\/\/portaltela.pt\/noticias\/2026\/04\/01\/villas-boas-mira-o-sporting-e-critica-reuniao-com-ministra-sobre-logistica\/#breadcrumb\"},\"inLanguage\":\"pt-PT\",\"potentialAction\":[{\"@type\":\"ReadAction\",\"target\":[\"https:\/\/portaltela.pt\/noticias\/2026\/04\/01\/villas-boas-mira-o-sporting-e-critica-reuniao-com-ministra-sobre-logistica\/\"]}]},{\"@type\":\"ImageObject\",\"inLanguage\":\"pt-PT\",\"@id\":\"https:\/\/portaltela.pt\/noticias\/2026\/04\/01\/villas-boas-mira-o-sporting-e-critica-reuniao-com-ministra-sobre-logistica\/#primaryimage\",\"url\":\"https:\/\/portaltela.pt\/s.01k8rhncp4jt1\/2026\/04\/2078652.jpg\",\"contentUrl\":\"https:\/\/portaltela.pt\/s.01k8rhncp4jt1\/2026\/04\/2078652.jpg\",\"width\":796,\"height\":448,\"caption\":\"Andr\u00e9 Villas-Boas garante que o FC Porto est\u00e1 totalmente defendido no incidente do andebol\"},{\"@type\":\"BreadcrumbList\",\"@id\":\"https:\/\/portaltela.pt\/noticias\/2026\/04\/01\/villas-boas-mira-o-sporting-e-critica-reuniao-com-ministra-sobre-logistica\/#breadcrumb\",\"itemListElement\":[{\"@type\":\"ListItem\",\"position\":1,\"name\":\"In\u00edcio\",\"item\":\"https:\/\/portaltela.pt\/\"},{\"@type\":\"ListItem\",\"position\":2,\"name\":\"Villas-Boas mira o Sporting e critica reuni\u00e3o com ministra sobre log\u00edstica\"}]},{\"@type\":\"WebSite\",\"@id\":\"https:\/\/portaltela.pt\/#website\",\"url\":\"https:\/\/portaltela.pt\/\",\"name\":\"Portal Tela Portugal\",\"description\":\"\",\"potentialAction\":[{\"@type\":\"SearchAction\",\"target\":{\"@type\":\"EntryPoint\",\"urlTemplate\":\"https:\/\/portaltela.pt\/?s={search_term_string}\"},\"query-input\":{\"@type\":\"PropertyValueSpecification\",\"valueRequired\":true,\"valueName\":\"search_term_string\"}}],\"inLanguage\":\"pt-PT\"},{\"@type\":\"Person\",\"@id\":\"https:\/\/portaltela.pt\/#\/schema\/person\/c4278d4a6028830caff9ee44b42d32ed\",\"name\":\"Telinha\",\"image\":{\"@type\":\"ImageObject\",\"inLanguage\":\"pt-PT\",\"@id\":\"https:\/\/portaltela.pt\/s.01k8rhncp4jt1\/2025\/11\/talking-bot-125x125.png\",\"url\":\"https:\/\/portaltela.pt\/s.01k8rhncp4jt1\/2025\/11\/talking-bot-125x125.png\",\"contentUrl\":\"https:\/\/portaltela.pt\/s.01k8rhncp4jt1\/2025\/11\/talking-bot-125x125.png\",\"caption\":\"Telinha\"},\"sameAs\":[\"https:\/\/portaltela.pt\/\"],\"url\":\"https:\/\/portaltela.pt\/por\/367410592786\/\"}]}<\/script>\n<!-- \/ Yoast SEO plugin. -->","yoast_head_json":{"title":"Villas-Boas mira o Sporting e critica reuni\u00e3o com ministra sobre log\u00edstica - Portal Tela Portugal","robots":{"index":"index","follow":"follow","max-snippet":"max-snippet:-1","max-image-preview":"max-image-preview:large","max-video-preview":"max-video-preview:-1"},"og_locale":"pt_PT","og_type":"article","og_title":"Villas-Boas mira o Sporting e critica reuni\u00e3o com ministra sobre log\u00edstica - Portal Tela Portugal","og_description":"A reuni\u00e3o entre o FC Porto e a ministra da Cultura, Juventude e Desporto, realizada em Lisboa, tratou do incidente no Drag\u00e3o Arena. O presidente Andr\u00e9 Villas-Boas disse que h\u00e1 provas cabais de que n\u00e3o houve qualquer pr\u00e1tica desleal, com uma auditoria interna e externa conclu\u00edda; o CCTV mostrou aus\u00eancia de prevarica\u00e7\u00f5es com produtos de limpeza ou t\u00f3xicos. O clube afirma que n\u00e3o houve sabotagem e que o Minist\u00e9rio P\u00fablico abriu um inqu\u00e9rito, mantendo os factos, imagens e documentos do FC Porto como evid\u00eancia. Villas-Boas disse que o FC Porto ser\u00e1 implac\u00e1vel com o Sporting em rela\u00e7\u00e3o a difama\u00e7\u00e3o, cal\u00fania e danos \u00e0 reputa\u00e7\u00e3o do clube. O dirigente criticou a forma como o Sporting pediu a reuni\u00e3o, classificando-a de pat\u00e9tica e alegando que o caso ficou reduzido a cones, bolas e toalhas.","og_url":"https:\/\/portaltela.pt\/noticias\/2026\/04\/01\/villas-boas-mira-o-sporting-e-critica-reuniao-com-ministra-sobre-logistica\/","og_site_name":"Portal Tela Portugal","article_published_time":"2026-04-01T18:02:21+00:00","author":"Telinha","twitter_card":"summary_large_image","twitter_misc":{"Escrito por":"Telinha","Tempo estimado de leitura":"2 minutos"},"schema":{"@context":"https:\/\/schema.org","@graph":[{"@type":"Article","@id":"https:\/\/portaltela.pt\/noticias\/2026\/04\/01\/villas-boas-mira-o-sporting-e-critica-reuniao-com-ministra-sobre-logistica\/#article","isPartOf":{"@id":"https:\/\/portaltela.pt\/noticias\/2026\/04\/01\/villas-boas-mira-o-sporting-e-critica-reuniao-com-ministra-sobre-logistica\/"},"author":{"name":"Telinha","@id":"https:\/\/portaltela.pt\/#\/schema\/person\/c4278d4a6028830caff9ee44b42d32ed"},"headline":"Villas-Boas mira o Sporting e critica reuni\u00e3o com ministra sobre log\u00edstica","datePublished":"2026-04-01T18:02:21+00:00","mainEntityOfPage":{"@id":"https:\/\/portaltela.pt\/noticias\/2026\/04\/01\/villas-boas-mira-o-sporting-e-critica-reuniao-com-ministra-sobre-logistica\/"},"wordCount":338,"image":{"@id":"https:\/\/portaltela.pt\/noticias\/2026\/04\/01\/villas-boas-mira-o-sporting-e-critica-reuniao-com-ministra-sobre-logistica\/#primaryimage"},"thumbnailUrl":"https:\/\/portaltela.pt\/s.01k8rhncp4jt1\/2026\/04\/2078652.jpg","keywords":["auditoria interna","FC Porto","h\u00f3quei","investiga\u00e7\u00e3o criminal","Porto","Sporting"],"articleSection":["Desporto","Futebol"],"inLanguage":"pt-PT"},{"@type":"WebPage","@id":"https:\/\/portaltela.pt\/noticias\/2026\/04\/01\/villas-boas-mira-o-sporting-e-critica-reuniao-com-ministra-sobre-logistica\/","url":"https:\/\/portaltela.pt\/noticias\/2026\/04\/01\/villas-boas-mira-o-sporting-e-critica-reuniao-com-ministra-sobre-logistica\/","name":"Villas-Boas mira o Sporting e critica reuni\u00e3o com ministra sobre log\u00edstica - Portal Tela Portugal","isPartOf":{"@id":"https:\/\/portaltela.pt\/#website"},"primaryImageOfPage":{"@id":"https:\/\/portaltela.pt\/noticias\/2026\/04\/01\/villas-boas-mira-o-sporting-e-critica-reuniao-com-ministra-sobre-logistica\/#primaryimage"},"image":{"@id":"https:\/\/portaltela.pt\/noticias\/2026\/04\/01\/villas-boas-mira-o-sporting-e-critica-reuniao-com-ministra-sobre-logistica\/#primaryimage"},"thumbnailUrl":"https:\/\/portaltela.pt\/s.01k8rhncp4jt1\/2026\/04\/2078652.jpg","datePublished":"2026-04-01T18:02:21+00:00","author":{"@id":"https:\/\/portaltela.pt\/#\/schema\/person\/c4278d4a6028830caff9ee44b42d32ed"},"breadcrumb":{"@id":"https:\/\/portaltela.pt\/noticias\/2026\/04\/01\/villas-boas-mira-o-sporting-e-critica-reuniao-com-ministra-sobre-logistica\/#breadcrumb"},"inLanguage":"pt-PT","potentialAction":[{"@type":"ReadAction","target":["https:\/\/portaltela.pt\/noticias\/2026\/04\/01\/villas-boas-mira-o-sporting-e-critica-reuniao-com-ministra-sobre-logistica\/"]}]},{"@type":"ImageObject","inLanguage":"pt-PT","@id":"https:\/\/portaltela.pt\/noticias\/2026\/04\/01\/villas-boas-mira-o-sporting-e-critica-reuniao-com-ministra-sobre-logistica\/#primaryimage","url":"https:\/\/portaltela.pt\/s.01k8rhncp4jt1\/2026\/04\/2078652.jpg","contentUrl":"https:\/\/portaltela.pt\/s.01k8rhncp4jt1\/2026\/04\/2078652.jpg","width":796,"height":448,"caption":"Andr\u00e9 Villas-Boas garante que o FC Porto est\u00e1 totalmente defendido no incidente do andebol"},{"@type":"BreadcrumbList","@id":"https:\/\/portaltela.pt\/noticias\/2026\/04\/01\/villas-boas-mira-o-sporting-e-critica-reuniao-com-ministra-sobre-logistica\/#breadcrumb","itemListElement":[{"@type":"ListItem","position":1,"name":"In\u00edcio","item":"https:\/\/portaltela.pt\/"},{"@type":"ListItem","position":2,"name":"Villas-Boas mira o Sporting e critica reuni\u00e3o com ministra sobre log\u00edstica"}]},{"@type":"WebSite","@id":"https:\/\/portaltela.pt\/#website","url":"https:\/\/portaltela.pt\/","name":"Portal Tela Portugal","description":"","potentialAction":[{"@type":"SearchAction","target":{"@type":"EntryPoint","urlTemplate":"https:\/\/portaltela.pt\/?s={search_term_string}"},"query-input":{"@type":"PropertyValueSpecification","valueRequired":true,"valueName":"search_term_string"}}],"inLanguage":"pt-PT"},{"@type":"Person","@id":"https:\/\/portaltela.pt\/#\/schema\/person\/c4278d4a6028830caff9ee44b42d32ed","name":"Telinha","image":{"@type":"ImageObject","inLanguage":"pt-PT","@id":"https:\/\/portaltela.pt\/s.01k8rhncp4jt1\/2025\/11\/talking-bot-125x125.png","url":"https:\/\/portaltela.pt\/s.01k8rhncp4jt1\/2025\/11\/talking-bot-125x125.png","contentUrl":"https:\/\/portaltela.pt\/s.01k8rhncp4jt1\/2025\/11\/talking-bot-125x125.png","caption":"Telinha"},"sameAs":["https:\/\/portaltela.pt\/"],"url":"https:\/\/portaltela.pt\/por\/367410592786\/"}]}},"_links":{"self":[{"href":"https:\/\/portaltela.pt\/api\/wp\/v2\/posts\/429576","targetHints":{"allow":["GET"]}}],"collection":[{"href":"https:\/\/portaltela.pt\/api\/wp\/v2\/posts"}],"about":[{"href":"https:\/\/portaltela.pt\/api\/wp\/v2\/types\/post"}],"author":[{"embeddable":true,"href":"https:\/\/portaltela.pt\/api\/wp\/v2\/users\/2"}],"replies":[{"embeddable":true,"href":"https:\/\/portaltela.pt\/api\/wp\/v2\/comments?post=429576"}],"version-history":[{"count":0,"href":"https:\/\/portaltela.pt\/api\/wp\/v2\/posts\/429576\/revisions"}],"wp:featuredmedia":[{"embeddable":true,"href":"https:\/\/portaltela.pt\/api\/wp\/v2\/media\/429581"}],"wp:attachment":[{"href":"https:\/\/portaltela.pt\/api\/wp\/v2\/media?parent=429576"}],"wp:term":[{"taxonomy":"category","embeddable":true,"href":"https:\/\/portaltela.pt\/api\/wp\/v2\/categories?post=429576"},{"taxonomy":"post_tag","embeddable":true,"href":"https:\/\/portaltela.pt\/api\/wp\/v2\/tags?post=429576"}],"curies":[{"name":"wp","href":"https:\/\/api.w.org\/{rel}","templated":true}]}}