{"id":429567,"date":"2026-04-01T14:47:18","date_gmt":"2026-04-01T17:47:18","guid":{"rendered":"https:\/\/portaltela.pt\/noticias\/2026\/04\/01\/paulo-henrique-quer-subida-a-1-a-liga-com-equipa-a-responder-bem\/"},"modified":"2026-04-01T14:47:18","modified_gmt":"2026-04-01T17:47:18","slug":"paulo-henrique-quer-subida-a-1-a-liga-com-equipa-a-responder-bem","status":"publish","type":"post","link":"https:\/\/portaltela.pt\/desporto\/futebol\/2026\/04\/01\/paulo-henrique-quer-subida-a-1-a-liga-com-equipa-a-responder-bem\/","title":{"rendered":"Paulo Henrique quer subida \u00e0 1.\u00aa Liga com equipa a responder bem"},"content":{"rendered":"<p>O Mar\u00edtimo mant\u00e9m a lideran\u00e7a da 2.\u00aa Liga \u00e0 27.\u00aa jornada, com 56 pontos, ap\u00f3s uma s\u00e9rie de tr\u00eas vit\u00f3rias. A equipa verde-rubra aproxima-se da subida \u00e0 Liga Betclic, com o objetivo claro de manter o rendimento at\u00e9 ao final da \u00e9poca.<\/p>\n<p>Paulo Henrique, defesa da equipa, mostra confian\u00e7a na meta tra\u00e7ada no in\u00edcio da \u00e9poca. O jogador salienta a necessidade de manter concentra\u00e7\u00e3o nas sete finais que restam, mantendo o n\u00edvel de desempenho atual.<\/p>\n<p>O lateral de 29 anos recorda que o campeonato \u00e9 competitivo em toda a parte da tabela e que n\u00e3o est\u00e1 decidido ainda o que falta para celebrar a subida. O foco est\u00e1 na consist\u00eancia e na resposta mostrada at\u00e9 aqui.<\/p>\n<h3>Forma e motiva\u00e7\u00e3o<\/h3>\n<p>O jogador destaca que a paragem competitiva recente veio para a equipa recuperar energia e equil\u00edbrio mental. A equipa reconhece o desgaste semanal e valoriza o per\u00edodo para reabastecer energias com as fam\u00edlias.<\/p>\n<p>A meio da entrevista, surge a ideia de que existe uma press\u00e3o positiva pela posi\u00e7\u00e3o atual. A equipa admite gosto pela disputa semanal e a vontade de manter o topo, sem menosprezar o advers\u00e1rio.<\/p>\n<h3>Regresso ao futebol portugu\u00eas<\/h3>\n<p>Paulo Henrique descreve o regresso ao futebol luso ap\u00f3s passagem pela Pol\u00f3nia como motivante. Enaltece o ambiente no balne\u00e1rio e o facto de os colegas se sentirem valorizados, o que facilita o trabalho di\u00e1rio.<\/p>\n<p>O defesa n\u00e3o adianta planos a longo prazo e concentrou-se integralmente nos sete jogos que faltam. Reitera a import\u00e2ncia de manter o foco no presente e na resposta ao fim de semana.<\/p>\n<h3>Lesionados e pr\u00f3ximos passos<\/h3>\n<p>Alexandre Guedes j\u00e1 trabalha no relvado, e Rodrigo Borges mant\u00e9m treino condicionado. Ainda assim, os dois n\u00e3o devem estar dispon\u00edveis para a pr\u00f3xima jornada frente ao Pa\u00e7os de Ferreira.<\/p>\n<p>O plantel treina amanh\u00e3 \u00e0 porta fechada, no Est\u00e1dio, com o lan\u00e7amento da pr\u00f3xima partida agendado para o Audit\u00f3rio Lu\u00eds Calisto, ao meio-dia e quarenta e cinco minutos.<\/p>\n","protected":false},"excerpt":{"rendered":"<ul>\n<li>O Mar\u00edtimo lidera a 2.\u00aa Liga \u00e0 27.\u00aa jornada com 56 pontos, ap\u00f3s uma sequ\u00eancia de tr\u00eas vit\u00f3rias.<\/li>\n<li>Paulo Henrique sublinha que ainda n\u00e3o houve contas feitas para a subida, restando sete jogos, e pede foco m\u00e1ximo at\u00e9 ao fim.<\/li>\n<li>O defesa celebra o regresso ao futebol portugu\u00eas e destaca o esp\u00edrito do balne\u00e1rio e o apoio da massa associativa.<\/li>\n<li>A paragem atual \u00e9 vista como oportunidade para recuperar energia f\u00edsica e mental, frente ao desgaste semanal.<\/li>\n<li>Sobre les\u00f5es, Alexandre Guedes e Rodrigo Borges treinam condicionado e n\u00e3o devem entrar na pr\u00f3xima jornada; treino \u00e9 amanh\u00e3 \u00e0 porta fechada, com o jogo frente ao Pa\u00e7os de Ferreira a aproximar-se.<\/li>\n<\/ul>\n","protected":false},"author":2,"featured_media":429568,"comment_status":"closed","ping_status":"closed","sticky":false,"template":"","format":"standard","meta":{"footnotes":""},"categories":[21,24],"tags":[4059,4175,32,3097,1499,1014],"class_list":["post-429567","post","type-post","status-publish","format-standard","has-post-thumbnail","hentry","category-desporto","category-futebol","tag-1-a-liga","tag-2-a-liga","tag-futebol","tag-maritimo","tag-pacos-de-ferreira","tag-portugal"],"yoast_head":"<!-- This site is optimized with the Yoast SEO plugin v27.2 - https:\/\/yoast.com\/product\/yoast-seo-wordpress\/ -->\n<title>Paulo Henrique quer subida \u00e0 1.\u00aa Liga com equipa a responder bem - Portal Tela Portugal<\/title>\n<meta name=\"robots\" content=\"index, follow, max-snippet:-1, max-image-preview:large, max-video-preview:-1\" \/>\n<meta property=\"og:locale\" content=\"pt_PT\" \/>\n<meta property=\"og:type\" content=\"article\" \/>\n<meta property=\"og:title\" content=\"Paulo Henrique quer subida \u00e0 1.\u00aa Liga com equipa a responder bem - Portal Tela Portugal\" \/>\n<meta property=\"og:description\" content=\"O Mar\u00edtimo lidera a 2.\u00aa Liga \u00e0 27.\u00aa jornada com 56 pontos, ap\u00f3s uma sequ\u00eancia de tr\u00eas vit\u00f3rias. Paulo Henrique sublinha que ainda n\u00e3o houve contas feitas para a subida, restando sete jogos, e pede foco m\u00e1ximo at\u00e9 ao fim. O defesa celebra o regresso ao futebol portugu\u00eas e destaca o esp\u00edrito do balne\u00e1rio e o apoio da massa associativa. A paragem atual \u00e9 vista como oportunidade para recuperar energia f\u00edsica e mental, frente ao desgaste semanal. Sobre les\u00f5es, Alexandre Guedes e Rodrigo Borges treinam condicionado e n\u00e3o devem entrar na pr\u00f3xima jornada; treino \u00e9 amanh\u00e3 \u00e0 porta fechada, com o jogo frente ao Pa\u00e7os de Ferreira a aproximar-se.\" \/>\n<meta property=\"og:url\" content=\"https:\/\/portaltela.pt\/noticias\/2026\/04\/01\/paulo-henrique-quer-subida-a-1-a-liga-com-equipa-a-responder-bem\/\" \/>\n<meta property=\"og:site_name\" content=\"Portal Tela Portugal\" \/>\n<meta property=\"article:published_time\" content=\"2026-04-01T17:47:18+00:00\" \/>\n<meta name=\"author\" content=\"Telinha\" \/>\n<meta name=\"twitter:card\" content=\"summary_large_image\" \/>\n<meta name=\"twitter:label1\" content=\"Escrito por\" \/>\n\t<meta name=\"twitter:data1\" content=\"Telinha\" \/>\n\t<meta name=\"twitter:label2\" content=\"Tempo estimado de leitura\" \/>\n\t<meta name=\"twitter:data2\" content=\"2 minutos\" \/>\n<script type=\"application\/ld+json\" class=\"yoast-schema-graph\">{\"@context\":\"https:\/\/schema.org\",\"@graph\":[{\"@type\":\"Article\",\"@id\":\"https:\/\/portaltela.pt\/noticias\/2026\/04\/01\/paulo-henrique-quer-subida-a-1-a-liga-com-equipa-a-responder-bem\/#article\",\"isPartOf\":{\"@id\":\"https:\/\/portaltela.pt\/noticias\/2026\/04\/01\/paulo-henrique-quer-subida-a-1-a-liga-com-equipa-a-responder-bem\/\"},\"author\":{\"name\":\"Telinha\",\"@id\":\"https:\/\/portaltela.pt\/#\/schema\/person\/c4278d4a6028830caff9ee44b42d32ed\"},\"headline\":\"Paulo Henrique quer subida \u00e0 1.\u00aa Liga com equipa a responder bem\",\"datePublished\":\"2026-04-01T17:47:18+00:00\",\"mainEntityOfPage\":{\"@id\":\"https:\/\/portaltela.pt\/noticias\/2026\/04\/01\/paulo-henrique-quer-subida-a-1-a-liga-com-equipa-a-responder-bem\/\"},\"wordCount\":358,\"image\":{\"@id\":\"https:\/\/portaltela.pt\/noticias\/2026\/04\/01\/paulo-henrique-quer-subida-a-1-a-liga-com-equipa-a-responder-bem\/#primaryimage\"},\"thumbnailUrl\":\"https:\/\/portaltela.pt\/s.01k8rhncp4jt1\/2026\/04\/img_920x518uu2026-03-21-23-06-41-2428637-im-639106656704720324.jpg\",\"keywords\":[\"1.\u00aa Liga\",\"2.\u00aa Liga\",\"futebol\",\"Mar\u00edtimo\",\"Pa\u00e7os de Ferreira\",\"Portugal\"],\"articleSection\":[\"Desporto\",\"Futebol\"],\"inLanguage\":\"pt-PT\"},{\"@type\":\"WebPage\",\"@id\":\"https:\/\/portaltela.pt\/noticias\/2026\/04\/01\/paulo-henrique-quer-subida-a-1-a-liga-com-equipa-a-responder-bem\/\",\"url\":\"https:\/\/portaltela.pt\/noticias\/2026\/04\/01\/paulo-henrique-quer-subida-a-1-a-liga-com-equipa-a-responder-bem\/\",\"name\":\"Paulo Henrique quer subida \u00e0 1.\u00aa Liga com equipa a responder bem - Portal Tela Portugal\",\"isPartOf\":{\"@id\":\"https:\/\/portaltela.pt\/#website\"},\"primaryImageOfPage\":{\"@id\":\"https:\/\/portaltela.pt\/noticias\/2026\/04\/01\/paulo-henrique-quer-subida-a-1-a-liga-com-equipa-a-responder-bem\/#primaryimage\"},\"image\":{\"@id\":\"https:\/\/portaltela.pt\/noticias\/2026\/04\/01\/paulo-henrique-quer-subida-a-1-a-liga-com-equipa-a-responder-bem\/#primaryimage\"},\"thumbnailUrl\":\"https:\/\/portaltela.pt\/s.01k8rhncp4jt1\/2026\/04\/img_920x518uu2026-03-21-23-06-41-2428637-im-639106656704720324.jpg\",\"datePublished\":\"2026-04-01T17:47:18+00:00\",\"author\":{\"@id\":\"https:\/\/portaltela.pt\/#\/schema\/person\/c4278d4a6028830caff9ee44b42d32ed\"},\"breadcrumb\":{\"@id\":\"https:\/\/portaltela.pt\/noticias\/2026\/04\/01\/paulo-henrique-quer-subida-a-1-a-liga-com-equipa-a-responder-bem\/#breadcrumb\"},\"inLanguage\":\"pt-PT\",\"potentialAction\":[{\"@type\":\"ReadAction\",\"target\":[\"https:\/\/portaltela.pt\/noticias\/2026\/04\/01\/paulo-henrique-quer-subida-a-1-a-liga-com-equipa-a-responder-bem\/\"]}]},{\"@type\":\"ImageObject\",\"inLanguage\":\"pt-PT\",\"@id\":\"https:\/\/portaltela.pt\/noticias\/2026\/04\/01\/paulo-henrique-quer-subida-a-1-a-liga-com-equipa-a-responder-bem\/#primaryimage\",\"url\":\"https:\/\/portaltela.pt\/s.01k8rhncp4jt1\/2026\/04\/img_920x518uu2026-03-21-23-06-41-2428637-im-639106656704720324.jpg\",\"contentUrl\":\"https:\/\/portaltela.pt\/s.01k8rhncp4jt1\/2026\/04\/img_920x518uu2026-03-21-23-06-41-2428637-im-639106656704720324.jpg\",\"width\":920,\"height\":518,\"caption\":\"Paulo Henrique iniciou a jogada do golo da vit\u00f3ria\"},{\"@type\":\"BreadcrumbList\",\"@id\":\"https:\/\/portaltela.pt\/noticias\/2026\/04\/01\/paulo-henrique-quer-subida-a-1-a-liga-com-equipa-a-responder-bem\/#breadcrumb\",\"itemListElement\":[{\"@type\":\"ListItem\",\"position\":1,\"name\":\"In\u00edcio\",\"item\":\"https:\/\/portaltela.pt\/\"},{\"@type\":\"ListItem\",\"position\":2,\"name\":\"Paulo Henrique quer subida \u00e0 1.\u00aa Liga com equipa a responder bem\"}]},{\"@type\":\"WebSite\",\"@id\":\"https:\/\/portaltela.pt\/#website\",\"url\":\"https:\/\/portaltela.pt\/\",\"name\":\"Portal Tela Portugal\",\"description\":\"\",\"potentialAction\":[{\"@type\":\"SearchAction\",\"target\":{\"@type\":\"EntryPoint\",\"urlTemplate\":\"https:\/\/portaltela.pt\/?s={search_term_string}\"},\"query-input\":{\"@type\":\"PropertyValueSpecification\",\"valueRequired\":true,\"valueName\":\"search_term_string\"}}],\"inLanguage\":\"pt-PT\"},{\"@type\":\"Person\",\"@id\":\"https:\/\/portaltela.pt\/#\/schema\/person\/c4278d4a6028830caff9ee44b42d32ed\",\"name\":\"Telinha\",\"image\":{\"@type\":\"ImageObject\",\"inLanguage\":\"pt-PT\",\"@id\":\"https:\/\/portaltela.pt\/s.01k8rhncp4jt1\/2025\/11\/talking-bot-125x125.png\",\"url\":\"https:\/\/portaltela.pt\/s.01k8rhncp4jt1\/2025\/11\/talking-bot-125x125.png\",\"contentUrl\":\"https:\/\/portaltela.pt\/s.01k8rhncp4jt1\/2025\/11\/talking-bot-125x125.png\",\"caption\":\"Telinha\"},\"sameAs\":[\"https:\/\/portaltela.pt\/\"],\"url\":\"https:\/\/portaltela.pt\/por\/367410592786\/\"}]}<\/script>\n<!-- \/ Yoast SEO plugin. -->","yoast_head_json":{"title":"Paulo Henrique quer subida \u00e0 1.\u00aa Liga com equipa a responder bem - Portal Tela Portugal","robots":{"index":"index","follow":"follow","max-snippet":"max-snippet:-1","max-image-preview":"max-image-preview:large","max-video-preview":"max-video-preview:-1"},"og_locale":"pt_PT","og_type":"article","og_title":"Paulo Henrique quer subida \u00e0 1.\u00aa Liga com equipa a responder bem - Portal Tela Portugal","og_description":"O Mar\u00edtimo lidera a 2.\u00aa Liga \u00e0 27.\u00aa jornada com 56 pontos, ap\u00f3s uma sequ\u00eancia de tr\u00eas vit\u00f3rias. Paulo Henrique sublinha que ainda n\u00e3o houve contas feitas para a subida, restando sete jogos, e pede foco m\u00e1ximo at\u00e9 ao fim. O defesa celebra o regresso ao futebol portugu\u00eas e destaca o esp\u00edrito do balne\u00e1rio e o apoio da massa associativa. A paragem atual \u00e9 vista como oportunidade para recuperar energia f\u00edsica e mental, frente ao desgaste semanal. Sobre les\u00f5es, Alexandre Guedes e Rodrigo Borges treinam condicionado e n\u00e3o devem entrar na pr\u00f3xima jornada; treino \u00e9 amanh\u00e3 \u00e0 porta fechada, com o jogo frente ao Pa\u00e7os de Ferreira a aproximar-se.","og_url":"https:\/\/portaltela.pt\/noticias\/2026\/04\/01\/paulo-henrique-quer-subida-a-1-a-liga-com-equipa-a-responder-bem\/","og_site_name":"Portal Tela Portugal","article_published_time":"2026-04-01T17:47:18+00:00","author":"Telinha","twitter_card":"summary_large_image","twitter_misc":{"Escrito por":"Telinha","Tempo estimado de leitura":"2 minutos"},"schema":{"@context":"https:\/\/schema.org","@graph":[{"@type":"Article","@id":"https:\/\/portaltela.pt\/noticias\/2026\/04\/01\/paulo-henrique-quer-subida-a-1-a-liga-com-equipa-a-responder-bem\/#article","isPartOf":{"@id":"https:\/\/portaltela.pt\/noticias\/2026\/04\/01\/paulo-henrique-quer-subida-a-1-a-liga-com-equipa-a-responder-bem\/"},"author":{"name":"Telinha","@id":"https:\/\/portaltela.pt\/#\/schema\/person\/c4278d4a6028830caff9ee44b42d32ed"},"headline":"Paulo Henrique quer subida \u00e0 1.\u00aa Liga com equipa a responder bem","datePublished":"2026-04-01T17:47:18+00:00","mainEntityOfPage":{"@id":"https:\/\/portaltela.pt\/noticias\/2026\/04\/01\/paulo-henrique-quer-subida-a-1-a-liga-com-equipa-a-responder-bem\/"},"wordCount":358,"image":{"@id":"https:\/\/portaltela.pt\/noticias\/2026\/04\/01\/paulo-henrique-quer-subida-a-1-a-liga-com-equipa-a-responder-bem\/#primaryimage"},"thumbnailUrl":"https:\/\/portaltela.pt\/s.01k8rhncp4jt1\/2026\/04\/img_920x518uu2026-03-21-23-06-41-2428637-im-639106656704720324.jpg","keywords":["1.\u00aa Liga","2.\u00aa Liga","futebol","Mar\u00edtimo","Pa\u00e7os de Ferreira","Portugal"],"articleSection":["Desporto","Futebol"],"inLanguage":"pt-PT"},{"@type":"WebPage","@id":"https:\/\/portaltela.pt\/noticias\/2026\/04\/01\/paulo-henrique-quer-subida-a-1-a-liga-com-equipa-a-responder-bem\/","url":"https:\/\/portaltela.pt\/noticias\/2026\/04\/01\/paulo-henrique-quer-subida-a-1-a-liga-com-equipa-a-responder-bem\/","name":"Paulo Henrique quer subida \u00e0 1.\u00aa Liga com equipa a responder bem - Portal Tela Portugal","isPartOf":{"@id":"https:\/\/portaltela.pt\/#website"},"primaryImageOfPage":{"@id":"https:\/\/portaltela.pt\/noticias\/2026\/04\/01\/paulo-henrique-quer-subida-a-1-a-liga-com-equipa-a-responder-bem\/#primaryimage"},"image":{"@id":"https:\/\/portaltela.pt\/noticias\/2026\/04\/01\/paulo-henrique-quer-subida-a-1-a-liga-com-equipa-a-responder-bem\/#primaryimage"},"thumbnailUrl":"https:\/\/portaltela.pt\/s.01k8rhncp4jt1\/2026\/04\/img_920x518uu2026-03-21-23-06-41-2428637-im-639106656704720324.jpg","datePublished":"2026-04-01T17:47:18+00:00","author":{"@id":"https:\/\/portaltela.pt\/#\/schema\/person\/c4278d4a6028830caff9ee44b42d32ed"},"breadcrumb":{"@id":"https:\/\/portaltela.pt\/noticias\/2026\/04\/01\/paulo-henrique-quer-subida-a-1-a-liga-com-equipa-a-responder-bem\/#breadcrumb"},"inLanguage":"pt-PT","potentialAction":[{"@type":"ReadAction","target":["https:\/\/portaltela.pt\/noticias\/2026\/04\/01\/paulo-henrique-quer-subida-a-1-a-liga-com-equipa-a-responder-bem\/"]}]},{"@type":"ImageObject","inLanguage":"pt-PT","@id":"https:\/\/portaltela.pt\/noticias\/2026\/04\/01\/paulo-henrique-quer-subida-a-1-a-liga-com-equipa-a-responder-bem\/#primaryimage","url":"https:\/\/portaltela.pt\/s.01k8rhncp4jt1\/2026\/04\/img_920x518uu2026-03-21-23-06-41-2428637-im-639106656704720324.jpg","contentUrl":"https:\/\/portaltela.pt\/s.01k8rhncp4jt1\/2026\/04\/img_920x518uu2026-03-21-23-06-41-2428637-im-639106656704720324.jpg","width":920,"height":518,"caption":"Paulo Henrique iniciou a jogada do golo da vit\u00f3ria"},{"@type":"BreadcrumbList","@id":"https:\/\/portaltela.pt\/noticias\/2026\/04\/01\/paulo-henrique-quer-subida-a-1-a-liga-com-equipa-a-responder-bem\/#breadcrumb","itemListElement":[{"@type":"ListItem","position":1,"name":"In\u00edcio","item":"https:\/\/portaltela.pt\/"},{"@type":"ListItem","position":2,"name":"Paulo Henrique quer subida \u00e0 1.\u00aa Liga com equipa a responder bem"}]},{"@type":"WebSite","@id":"https:\/\/portaltela.pt\/#website","url":"https:\/\/portaltela.pt\/","name":"Portal Tela Portugal","description":"","potentialAction":[{"@type":"SearchAction","target":{"@type":"EntryPoint","urlTemplate":"https:\/\/portaltela.pt\/?s={search_term_string}"},"query-input":{"@type":"PropertyValueSpecification","valueRequired":true,"valueName":"search_term_string"}}],"inLanguage":"pt-PT"},{"@type":"Person","@id":"https:\/\/portaltela.pt\/#\/schema\/person\/c4278d4a6028830caff9ee44b42d32ed","name":"Telinha","image":{"@type":"ImageObject","inLanguage":"pt-PT","@id":"https:\/\/portaltela.pt\/s.01k8rhncp4jt1\/2025\/11\/talking-bot-125x125.png","url":"https:\/\/portaltela.pt\/s.01k8rhncp4jt1\/2025\/11\/talking-bot-125x125.png","contentUrl":"https:\/\/portaltela.pt\/s.01k8rhncp4jt1\/2025\/11\/talking-bot-125x125.png","caption":"Telinha"},"sameAs":["https:\/\/portaltela.pt\/"],"url":"https:\/\/portaltela.pt\/por\/367410592786\/"}]}},"_links":{"self":[{"href":"https:\/\/portaltela.pt\/api\/wp\/v2\/posts\/429567","targetHints":{"allow":["GET"]}}],"collection":[{"href":"https:\/\/portaltela.pt\/api\/wp\/v2\/posts"}],"about":[{"href":"https:\/\/portaltela.pt\/api\/wp\/v2\/types\/post"}],"author":[{"embeddable":true,"href":"https:\/\/portaltela.pt\/api\/wp\/v2\/users\/2"}],"replies":[{"embeddable":true,"href":"https:\/\/portaltela.pt\/api\/wp\/v2\/comments?post=429567"}],"version-history":[{"count":0,"href":"https:\/\/portaltela.pt\/api\/wp\/v2\/posts\/429567\/revisions"}],"wp:featuredmedia":[{"embeddable":true,"href":"https:\/\/portaltela.pt\/api\/wp\/v2\/media\/429568"}],"wp:attachment":[{"href":"https:\/\/portaltela.pt\/api\/wp\/v2\/media?parent=429567"}],"wp:term":[{"taxonomy":"category","embeddable":true,"href":"https:\/\/portaltela.pt\/api\/wp\/v2\/categories?post=429567"},{"taxonomy":"post_tag","embeddable":true,"href":"https:\/\/portaltela.pt\/api\/wp\/v2\/tags?post=429567"}],"curies":[{"name":"wp","href":"https:\/\/api.w.org\/{rel}","templated":true}]}}