{"id":429561,"date":"2026-04-01T14:47:07","date_gmt":"2026-04-01T17:47:07","guid":{"rendered":"https:\/\/portaltela.pt\/noticias\/2026\/04\/01\/psd-e-chega-chegam-a-acordo-sobre-lei-da-nacionalidade\/"},"modified":"2026-04-01T14:47:07","modified_gmt":"2026-04-01T17:47:07","slug":"psd-e-chega-chegam-a-acordo-sobre-lei-da-nacionalidade","status":"publish","type":"post","link":"https:\/\/portaltela.pt\/noticias\/politica\/2026\/04\/01\/psd-e-chega-chegam-a-acordo-sobre-lei-da-nacionalidade\/","title":{"rendered":"PSD e Chega chegam a acordo sobre lei da nacionalidade"},"content":{"rendered":"<p>A continuidade do processo de Lei da Nacionalidade ganhou uma nova orienta\u00e7\u00e3o ap\u00f3s uma reuni\u00e3o interpartid\u00e1ria entre o PSD e o Chega. O encontro, que ocorreu nesta quarta-feira, terminou com a indica\u00e7\u00e3o de acordo entre os dois partidos, sem a obten\u00e7\u00e3o de entendimento com o PS. A inten\u00e7\u00e3o \u00e9 avan\u00e7ar com a aprova\u00e7\u00e3o do diploma no Parlamento.<\/p>\n<p>A proposta partilha o terreno de algumas mat\u00e9rias-chave, incluindo os prazos e a forma de aplica\u00e7\u00e3o das condi\u00e7\u00f5es para perda da nacionalidade. O Chega viu com bons olhos a inclus\u00e3o de crimes como associa\u00e7\u00e3o criminosa, tr\u00e1fico de drogas e tr\u00e1fico de armas como fatores que podem ditar a perda da nacionalidade. Tamb\u00e9m ficou acordada uma redu\u00e7\u00e3o de 5 para 3 anos de condena\u00e7\u00e3o criminal como barreira \u00e0 aquisi\u00e7\u00e3o da nacionalidade.<\/p>\n<p>Hugo Soares, l\u00edder parlamentar do PSD, declarou que as mudan\u00e7as parecem razo\u00e1veis e compat\u00edveis com princ\u00edpios constitucionais. Reiterou que n\u00e3o houve discuss\u00e3o sobre apoios sociais, respondendo a uma das exig\u00eancias do Chega sobre a prova de meios de subsist\u00eancia para requerentes.<\/p>\n<h3>Detalhes da proposta<\/h3>\n<p>O PSD reconheceu o fraco acordo com o PS, destacando que as propostas para ultrapassar inconstitucionalidades eram semelhantes \u00e0s que hoje v\u00e3o a vota\u00e7\u00e3o. O PS pretendia recuperar conversas anteriores, mas o PSD afirmou que apenas seekava suprir as inconstitucionalidades.<\/p>\n<p>Soares expressou confian\u00e7a no texto final e afastou a possibilidade de chumbo pelo Tribunal Constitucional, afirmando que as propostas atuais superam as reservas constitucionais. Acrescentou que apresentar normas inconstitucionais seria pouco inteligente e que, se houvesse receio, n\u00e3o seriam apresentadas.<\/p>\n<p>O l\u00edder parlamentar refor\u00e7ou que o dia \u00e9 visto como positivo para o pa\u00eds, lembrando uma nota do passado sobre o que a lei pode significar para a integra\u00e7\u00e3o de quem pretende ser portugu\u00eas, dentro de padr\u00f5es de normalidade. A vota\u00e7\u00e3o parlamentar para a Lei da Nacionalidade est\u00e1 marcada para hoje, com expectativa de aprova\u00e7\u00e3o, segundo a avalia\u00e7\u00e3o de Soares.<\/p>\n","protected":false},"excerpt":{"rendered":"<ul>\n<li>PSD e Chega chegaram a acordo sobre a Lei da Nacionalidade ap\u00f3s reuni\u00e3o interpartid\u00e1ria; o PS ficou sem entendimento.<\/li>\n<li>Inclu\u00eddas no texto, entre outras mat\u00e9rias, est\u00e3o as situa\u00e7\u00f5es que podem levar \u00e0 perda da nacionalidade, como associa\u00e7\u00e3o criminosa, tr\u00e1fico de drogas ou tr\u00e1fico de armas.<\/li>\n<li>Foi acordada a redu\u00e7\u00e3o de cinco para tr\u00eas anos de condena\u00e7\u00e3o criminal como fator impeditivo da obten\u00e7\u00e3o da nacionalidade.<\/li>\n<li>O Chega afirmou que n\u00e3o foram discutidas quest\u00f5es sobre apoios sociais; o PSD acredita que as inconstitucionalidades foram ultrapassadas.<\/li>\n<li>O Parlamento vota hoje a Lei da Nacionalidade; Hugo Soares mostrou-se confiante de que a lei ser\u00e1 aprovada.<\/li>\n<\/ul>\n","protected":false},"author":2,"featured_media":429563,"comment_status":"closed","ping_status":"closed","sticky":false,"template":"","format":"standard","meta":{"footnotes":""},"categories":[1,5],"tags":[370,177,2633,2178,2435,2832],"class_list":["post-429561","post","type-post","status-publish","format-standard","has-post-thumbnail","hentry","category-noticias","category-politica","tag-cidadania","tag-crimes","tag-direitos-humanos","tag-lei-de-estrangeiros","tag-nacionalidade","tag-politica"],"yoast_head":"<!-- This site is optimized with the Yoast SEO plugin v27.2 - https:\/\/yoast.com\/product\/yoast-seo-wordpress\/ -->\n<title>PSD e Chega chegam a acordo sobre lei da nacionalidade - Portal Tela Portugal<\/title>\n<meta name=\"robots\" content=\"index, follow, max-snippet:-1, max-image-preview:large, max-video-preview:-1\" \/>\n<meta property=\"og:locale\" content=\"pt_PT\" \/>\n<meta property=\"og:type\" content=\"article\" \/>\n<meta property=\"og:title\" content=\"PSD e Chega chegam a acordo sobre lei da nacionalidade - Portal Tela Portugal\" \/>\n<meta property=\"og:description\" content=\"PSD e Chega chegaram a acordo sobre a Lei da Nacionalidade ap\u00f3s reuni\u00e3o interpartid\u00e1ria; o PS ficou sem entendimento. Inclu\u00eddas no texto, entre outras mat\u00e9rias, est\u00e3o as situa\u00e7\u00f5es que podem levar \u00e0 perda da nacionalidade, como associa\u00e7\u00e3o criminosa, tr\u00e1fico de drogas ou tr\u00e1fico de armas. Foi acordada a redu\u00e7\u00e3o de cinco para tr\u00eas anos de condena\u00e7\u00e3o criminal como fator impeditivo da obten\u00e7\u00e3o da nacionalidade. O Chega afirmou que n\u00e3o foram discutidas quest\u00f5es sobre apoios sociais; o PSD acredita que as inconstitucionalidades foram ultrapassadas. O Parlamento vota hoje a Lei da Nacionalidade; Hugo Soares mostrou-se confiante de que a lei ser\u00e1 aprovada.\" \/>\n<meta property=\"og:url\" content=\"https:\/\/portaltela.pt\/noticias\/2026\/04\/01\/psd-e-chega-chegam-a-acordo-sobre-lei-da-nacionalidade\/\" \/>\n<meta property=\"og:site_name\" content=\"Portal Tela Portugal\" \/>\n<meta property=\"article:published_time\" content=\"2026-04-01T17:47:07+00:00\" \/>\n<meta name=\"author\" content=\"Telinha\" \/>\n<meta name=\"twitter:card\" content=\"summary_large_image\" \/>\n<meta name=\"twitter:label1\" content=\"Escrito por\" \/>\n\t<meta name=\"twitter:data1\" content=\"Telinha\" \/>\n\t<meta name=\"twitter:label2\" content=\"Tempo estimado de leitura\" \/>\n\t<meta name=\"twitter:data2\" content=\"2 minutos\" \/>\n<script type=\"application\/ld+json\" class=\"yoast-schema-graph\">{\"@context\":\"https:\/\/schema.org\",\"@graph\":[{\"@type\":\"Article\",\"@id\":\"https:\/\/portaltela.pt\/noticias\/2026\/04\/01\/psd-e-chega-chegam-a-acordo-sobre-lei-da-nacionalidade\/#article\",\"isPartOf\":{\"@id\":\"https:\/\/portaltela.pt\/noticias\/2026\/04\/01\/psd-e-chega-chegam-a-acordo-sobre-lei-da-nacionalidade\/\"},\"author\":{\"name\":\"Telinha\",\"@id\":\"https:\/\/portaltela.pt\/#\/schema\/person\/c4278d4a6028830caff9ee44b42d32ed\"},\"headline\":\"PSD e Chega chegam a acordo sobre lei da nacionalidade\",\"datePublished\":\"2026-04-01T17:47:07+00:00\",\"mainEntityOfPage\":{\"@id\":\"https:\/\/portaltela.pt\/noticias\/2026\/04\/01\/psd-e-chega-chegam-a-acordo-sobre-lei-da-nacionalidade\/\"},\"wordCount\":358,\"image\":{\"@id\":\"https:\/\/portaltela.pt\/noticias\/2026\/04\/01\/psd-e-chega-chegam-a-acordo-sobre-lei-da-nacionalidade\/#primaryimage\"},\"thumbnailUrl\":\"https:\/\/portaltela.pt\/s.01k8rhncp4jt1\/2026\/04\/1536x864_cmsv2_5bbfab31-822a-59ce-99f5-0a4301089ff2-9707205.jpg\",\"keywords\":[\"cidadania\",\"crimes\",\"direitos humanos\",\"Lei de Estrangeiros\",\"nacionalidade\",\"pol\u00edtica\"],\"articleSection\":[\"Not\u00edcias\",\"Pol\u00edtica\"],\"inLanguage\":\"pt-PT\"},{\"@type\":\"WebPage\",\"@id\":\"https:\/\/portaltela.pt\/noticias\/2026\/04\/01\/psd-e-chega-chegam-a-acordo-sobre-lei-da-nacionalidade\/\",\"url\":\"https:\/\/portaltela.pt\/noticias\/2026\/04\/01\/psd-e-chega-chegam-a-acordo-sobre-lei-da-nacionalidade\/\",\"name\":\"PSD e Chega chegam a acordo sobre lei da nacionalidade - Portal Tela Portugal\",\"isPartOf\":{\"@id\":\"https:\/\/portaltela.pt\/#website\"},\"primaryImageOfPage\":{\"@id\":\"https:\/\/portaltela.pt\/noticias\/2026\/04\/01\/psd-e-chega-chegam-a-acordo-sobre-lei-da-nacionalidade\/#primaryimage\"},\"image\":{\"@id\":\"https:\/\/portaltela.pt\/noticias\/2026\/04\/01\/psd-e-chega-chegam-a-acordo-sobre-lei-da-nacionalidade\/#primaryimage\"},\"thumbnailUrl\":\"https:\/\/portaltela.pt\/s.01k8rhncp4jt1\/2026\/04\/1536x864_cmsv2_5bbfab31-822a-59ce-99f5-0a4301089ff2-9707205.jpg\",\"datePublished\":\"2026-04-01T17:47:07+00:00\",\"author\":{\"@id\":\"https:\/\/portaltela.pt\/#\/schema\/person\/c4278d4a6028830caff9ee44b42d32ed\"},\"breadcrumb\":{\"@id\":\"https:\/\/portaltela.pt\/noticias\/2026\/04\/01\/psd-e-chega-chegam-a-acordo-sobre-lei-da-nacionalidade\/#breadcrumb\"},\"inLanguage\":\"pt-PT\",\"potentialAction\":[{\"@type\":\"ReadAction\",\"target\":[\"https:\/\/portaltela.pt\/noticias\/2026\/04\/01\/psd-e-chega-chegam-a-acordo-sobre-lei-da-nacionalidade\/\"]}]},{\"@type\":\"ImageObject\",\"inLanguage\":\"pt-PT\",\"@id\":\"https:\/\/portaltela.pt\/noticias\/2026\/04\/01\/psd-e-chega-chegam-a-acordo-sobre-lei-da-nacionalidade\/#primaryimage\",\"url\":\"https:\/\/portaltela.pt\/s.01k8rhncp4jt1\/2026\/04\/1536x864_cmsv2_5bbfab31-822a-59ce-99f5-0a4301089ff2-9707205.jpg\",\"contentUrl\":\"https:\/\/portaltela.pt\/s.01k8rhncp4jt1\/2026\/04\/1536x864_cmsv2_5bbfab31-822a-59ce-99f5-0a4301089ff2-9707205.jpg\",\"width\":796,\"height\":448,\"caption\":\"Photo\"},{\"@type\":\"BreadcrumbList\",\"@id\":\"https:\/\/portaltela.pt\/noticias\/2026\/04\/01\/psd-e-chega-chegam-a-acordo-sobre-lei-da-nacionalidade\/#breadcrumb\",\"itemListElement\":[{\"@type\":\"ListItem\",\"position\":1,\"name\":\"In\u00edcio\",\"item\":\"https:\/\/portaltela.pt\/\"},{\"@type\":\"ListItem\",\"position\":2,\"name\":\"PSD e Chega chegam a acordo sobre lei da nacionalidade\"}]},{\"@type\":\"WebSite\",\"@id\":\"https:\/\/portaltela.pt\/#website\",\"url\":\"https:\/\/portaltela.pt\/\",\"name\":\"Portal Tela Portugal\",\"description\":\"\",\"potentialAction\":[{\"@type\":\"SearchAction\",\"target\":{\"@type\":\"EntryPoint\",\"urlTemplate\":\"https:\/\/portaltela.pt\/?s={search_term_string}\"},\"query-input\":{\"@type\":\"PropertyValueSpecification\",\"valueRequired\":true,\"valueName\":\"search_term_string\"}}],\"inLanguage\":\"pt-PT\"},{\"@type\":\"Person\",\"@id\":\"https:\/\/portaltela.pt\/#\/schema\/person\/c4278d4a6028830caff9ee44b42d32ed\",\"name\":\"Telinha\",\"image\":{\"@type\":\"ImageObject\",\"inLanguage\":\"pt-PT\",\"@id\":\"https:\/\/portaltela.pt\/s.01k8rhncp4jt1\/2025\/11\/talking-bot-125x125.png\",\"url\":\"https:\/\/portaltela.pt\/s.01k8rhncp4jt1\/2025\/11\/talking-bot-125x125.png\",\"contentUrl\":\"https:\/\/portaltela.pt\/s.01k8rhncp4jt1\/2025\/11\/talking-bot-125x125.png\",\"caption\":\"Telinha\"},\"sameAs\":[\"https:\/\/portaltela.pt\/\"],\"url\":\"https:\/\/portaltela.pt\/por\/367410592786\/\"}]}<\/script>\n<!-- \/ Yoast SEO plugin. -->","yoast_head_json":{"title":"PSD e Chega chegam a acordo sobre lei da nacionalidade - Portal Tela Portugal","robots":{"index":"index","follow":"follow","max-snippet":"max-snippet:-1","max-image-preview":"max-image-preview:large","max-video-preview":"max-video-preview:-1"},"og_locale":"pt_PT","og_type":"article","og_title":"PSD e Chega chegam a acordo sobre lei da nacionalidade - Portal Tela Portugal","og_description":"PSD e Chega chegaram a acordo sobre a Lei da Nacionalidade ap\u00f3s reuni\u00e3o interpartid\u00e1ria; o PS ficou sem entendimento. Inclu\u00eddas no texto, entre outras mat\u00e9rias, est\u00e3o as situa\u00e7\u00f5es que podem levar \u00e0 perda da nacionalidade, como associa\u00e7\u00e3o criminosa, tr\u00e1fico de drogas ou tr\u00e1fico de armas. Foi acordada a redu\u00e7\u00e3o de cinco para tr\u00eas anos de condena\u00e7\u00e3o criminal como fator impeditivo da obten\u00e7\u00e3o da nacionalidade. O Chega afirmou que n\u00e3o foram discutidas quest\u00f5es sobre apoios sociais; o PSD acredita que as inconstitucionalidades foram ultrapassadas. O Parlamento vota hoje a Lei da Nacionalidade; Hugo Soares mostrou-se confiante de que a lei ser\u00e1 aprovada.","og_url":"https:\/\/portaltela.pt\/noticias\/2026\/04\/01\/psd-e-chega-chegam-a-acordo-sobre-lei-da-nacionalidade\/","og_site_name":"Portal Tela Portugal","article_published_time":"2026-04-01T17:47:07+00:00","author":"Telinha","twitter_card":"summary_large_image","twitter_misc":{"Escrito por":"Telinha","Tempo estimado de leitura":"2 minutos"},"schema":{"@context":"https:\/\/schema.org","@graph":[{"@type":"Article","@id":"https:\/\/portaltela.pt\/noticias\/2026\/04\/01\/psd-e-chega-chegam-a-acordo-sobre-lei-da-nacionalidade\/#article","isPartOf":{"@id":"https:\/\/portaltela.pt\/noticias\/2026\/04\/01\/psd-e-chega-chegam-a-acordo-sobre-lei-da-nacionalidade\/"},"author":{"name":"Telinha","@id":"https:\/\/portaltela.pt\/#\/schema\/person\/c4278d4a6028830caff9ee44b42d32ed"},"headline":"PSD e Chega chegam a acordo sobre lei da nacionalidade","datePublished":"2026-04-01T17:47:07+00:00","mainEntityOfPage":{"@id":"https:\/\/portaltela.pt\/noticias\/2026\/04\/01\/psd-e-chega-chegam-a-acordo-sobre-lei-da-nacionalidade\/"},"wordCount":358,"image":{"@id":"https:\/\/portaltela.pt\/noticias\/2026\/04\/01\/psd-e-chega-chegam-a-acordo-sobre-lei-da-nacionalidade\/#primaryimage"},"thumbnailUrl":"https:\/\/portaltela.pt\/s.01k8rhncp4jt1\/2026\/04\/1536x864_cmsv2_5bbfab31-822a-59ce-99f5-0a4301089ff2-9707205.jpg","keywords":["cidadania","crimes","direitos humanos","Lei de Estrangeiros","nacionalidade","pol\u00edtica"],"articleSection":["Not\u00edcias","Pol\u00edtica"],"inLanguage":"pt-PT"},{"@type":"WebPage","@id":"https:\/\/portaltela.pt\/noticias\/2026\/04\/01\/psd-e-chega-chegam-a-acordo-sobre-lei-da-nacionalidade\/","url":"https:\/\/portaltela.pt\/noticias\/2026\/04\/01\/psd-e-chega-chegam-a-acordo-sobre-lei-da-nacionalidade\/","name":"PSD e Chega chegam a acordo sobre lei da nacionalidade - Portal Tela Portugal","isPartOf":{"@id":"https:\/\/portaltela.pt\/#website"},"primaryImageOfPage":{"@id":"https:\/\/portaltela.pt\/noticias\/2026\/04\/01\/psd-e-chega-chegam-a-acordo-sobre-lei-da-nacionalidade\/#primaryimage"},"image":{"@id":"https:\/\/portaltela.pt\/noticias\/2026\/04\/01\/psd-e-chega-chegam-a-acordo-sobre-lei-da-nacionalidade\/#primaryimage"},"thumbnailUrl":"https:\/\/portaltela.pt\/s.01k8rhncp4jt1\/2026\/04\/1536x864_cmsv2_5bbfab31-822a-59ce-99f5-0a4301089ff2-9707205.jpg","datePublished":"2026-04-01T17:47:07+00:00","author":{"@id":"https:\/\/portaltela.pt\/#\/schema\/person\/c4278d4a6028830caff9ee44b42d32ed"},"breadcrumb":{"@id":"https:\/\/portaltela.pt\/noticias\/2026\/04\/01\/psd-e-chega-chegam-a-acordo-sobre-lei-da-nacionalidade\/#breadcrumb"},"inLanguage":"pt-PT","potentialAction":[{"@type":"ReadAction","target":["https:\/\/portaltela.pt\/noticias\/2026\/04\/01\/psd-e-chega-chegam-a-acordo-sobre-lei-da-nacionalidade\/"]}]},{"@type":"ImageObject","inLanguage":"pt-PT","@id":"https:\/\/portaltela.pt\/noticias\/2026\/04\/01\/psd-e-chega-chegam-a-acordo-sobre-lei-da-nacionalidade\/#primaryimage","url":"https:\/\/portaltela.pt\/s.01k8rhncp4jt1\/2026\/04\/1536x864_cmsv2_5bbfab31-822a-59ce-99f5-0a4301089ff2-9707205.jpg","contentUrl":"https:\/\/portaltela.pt\/s.01k8rhncp4jt1\/2026\/04\/1536x864_cmsv2_5bbfab31-822a-59ce-99f5-0a4301089ff2-9707205.jpg","width":796,"height":448,"caption":"Photo"},{"@type":"BreadcrumbList","@id":"https:\/\/portaltela.pt\/noticias\/2026\/04\/01\/psd-e-chega-chegam-a-acordo-sobre-lei-da-nacionalidade\/#breadcrumb","itemListElement":[{"@type":"ListItem","position":1,"name":"In\u00edcio","item":"https:\/\/portaltela.pt\/"},{"@type":"ListItem","position":2,"name":"PSD e Chega chegam a acordo sobre lei da nacionalidade"}]},{"@type":"WebSite","@id":"https:\/\/portaltela.pt\/#website","url":"https:\/\/portaltela.pt\/","name":"Portal Tela Portugal","description":"","potentialAction":[{"@type":"SearchAction","target":{"@type":"EntryPoint","urlTemplate":"https:\/\/portaltela.pt\/?s={search_term_string}"},"query-input":{"@type":"PropertyValueSpecification","valueRequired":true,"valueName":"search_term_string"}}],"inLanguage":"pt-PT"},{"@type":"Person","@id":"https:\/\/portaltela.pt\/#\/schema\/person\/c4278d4a6028830caff9ee44b42d32ed","name":"Telinha","image":{"@type":"ImageObject","inLanguage":"pt-PT","@id":"https:\/\/portaltela.pt\/s.01k8rhncp4jt1\/2025\/11\/talking-bot-125x125.png","url":"https:\/\/portaltela.pt\/s.01k8rhncp4jt1\/2025\/11\/talking-bot-125x125.png","contentUrl":"https:\/\/portaltela.pt\/s.01k8rhncp4jt1\/2025\/11\/talking-bot-125x125.png","caption":"Telinha"},"sameAs":["https:\/\/portaltela.pt\/"],"url":"https:\/\/portaltela.pt\/por\/367410592786\/"}]}},"_links":{"self":[{"href":"https:\/\/portaltela.pt\/api\/wp\/v2\/posts\/429561","targetHints":{"allow":["GET"]}}],"collection":[{"href":"https:\/\/portaltela.pt\/api\/wp\/v2\/posts"}],"about":[{"href":"https:\/\/portaltela.pt\/api\/wp\/v2\/types\/post"}],"author":[{"embeddable":true,"href":"https:\/\/portaltela.pt\/api\/wp\/v2\/users\/2"}],"replies":[{"embeddable":true,"href":"https:\/\/portaltela.pt\/api\/wp\/v2\/comments?post=429561"}],"version-history":[{"count":0,"href":"https:\/\/portaltela.pt\/api\/wp\/v2\/posts\/429561\/revisions"}],"wp:featuredmedia":[{"embeddable":true,"href":"https:\/\/portaltela.pt\/api\/wp\/v2\/media\/429563"}],"wp:attachment":[{"href":"https:\/\/portaltela.pt\/api\/wp\/v2\/media?parent=429561"}],"wp:term":[{"taxonomy":"category","embeddable":true,"href":"https:\/\/portaltela.pt\/api\/wp\/v2\/categories?post=429561"},{"taxonomy":"post_tag","embeddable":true,"href":"https:\/\/portaltela.pt\/api\/wp\/v2\/tags?post=429561"}],"curies":[{"name":"wp","href":"https:\/\/api.w.org\/{rel}","templated":true}]}}