{"id":429537,"date":"2026-04-01T14:32:25","date_gmt":"2026-04-01T17:32:25","guid":{"rendered":"https:\/\/portaltela.pt\/noticias\/2026\/04\/01\/portugal-regressa-ao-baltico-e-forca-aerea-assume-patrulhamento-da-nato\/"},"modified":"2026-04-01T14:32:25","modified_gmt":"2026-04-01T17:32:25","slug":"portugal-regressa-ao-baltico-e-forca-aerea-assume-patrulhamento-da-nato","status":"publish","type":"post","link":"https:\/\/portaltela.pt\/noticias\/internacional\/2026\/04\/01\/portugal-regressa-ao-baltico-e-forca-aerea-assume-patrulhamento-da-nato\/","title":{"rendered":"Portugal regressa ao B\u00e1ltico e For\u00e7a A\u00e9rea assume patrulhamento da NATO"},"content":{"rendered":"<p>Portugal regressa ao B\u00e1ltico para patrulhar o espa\u00e7o a\u00e9reo da NATO<\/p>\n<p>Ca\u00e7as F-16M da For\u00e7a A\u00e9rea Portuguesa j\u00e1 est\u00e3o na Est\u00f3nia para come\u00e7ar mais uma miss\u00e3o de patrulhamento do B\u00e1ltico. Portugal assume o comando rotativo da Base A\u00e9rea de Amari, no \u00e2mbito da NATO, por quatro meses.<\/p>\n<p>A passagem de testemunho ocorreu na Base A\u00e9rea de \u00c4mari, na Est\u00f3nia, numa cerim\u00f3nia entre a FAP e a For\u00e7a A\u00e9rea Italiana, que liderou a miss\u00e3o nos \u00faltimos quatro meses. O contingente portugu\u00eas \u00e9 composto por 4 ca\u00e7as F-16M e 95 militares.<\/p>\n<h3>Contingente e objetivos<\/h3>\n<p>A miss\u00e3o visa a seguran\u00e7a e dissuas\u00e3o no flanco leste da NATO, com foco na prote\u00e7\u00e3o das infraestruturas da Est\u00f3nia, Let\u00f3nia e Litu\u00e2nia, que fazem fronteira com a R\u00fassia. O destacamento tamb\u00e9m tem como finalidade salvaguardar o espa\u00e7o a\u00e9reo dos tr\u00eas Estados b\u00e1lticos e incluir exerc\u00edcios de treino com for\u00e7as locais e de outras na\u00e7\u00f5es da alian\u00e7a.<\/p>\n<p>A For\u00e7a A\u00e9rea Portuguesa explicou que a presen\u00e7a portuguesa contribui para a seguran\u00e7a da regi\u00e3o por meio de exerc\u00edcios de treino a\u00e9reo, terrestre e naval, realizados em coopera\u00e7\u00e3o com for\u00e7as da NATO. A tomada de comando rotativo fica vigente entre 1 de abril e 31 de julho.<\/p>\n<h3>Contexto e hist\u00f3ria da participa\u00e7\u00e3o<\/h3>\n<p>Esta \u00e9 a nona participa\u00e7\u00e3o portuguesa em patrulhas a\u00e9reas dos B\u00e1lticos no \u00e2mbito da NATO. Desde 2007, Portugal tem integrado miss\u00f5es rotativas para manter a dissuas\u00e3o e o apoio \u00e0s opera\u00e7\u00f5es da alian\u00e7a na regi\u00e3o. O ministro da Defesa est\u00f3nio destacou a import\u00e2ncia da coopera\u00e7\u00e3o entre Estados-membros, citando o refor\u00e7o da unidade da NATO com a presen\u00e7a de for\u00e7as vindas de Portugal.<\/p>\n","protected":false},"excerpt":{"rendered":"<ul>\n<li>Os ca\u00e7as F-16M da For\u00e7a A\u00e9rea Portuguesa j\u00e1 est\u00e3o na Est\u00f3nia para patrulhamento do B\u00e1ltico, sob comando rotativo da Base A\u00e9rea de Amari.<\/li>\n<li>Portugal assume a lideran\u00e7a da miss\u00e3o de Pol\u00edcia A\u00e9rea do B\u00e1ltico da NATO, numa passagem de testemunho realizada a 31 de mar\u00e7o, na Base A\u00e9rea de \u00c4mari.<\/li>\n<li>O contingente portugu\u00eas \u00e9 composto por quatro ca\u00e7as F-16M e 95 militares, substituindo o contingente italiano ap\u00f3s quatro meses de miss\u00e3o.<\/li>\n<li>A miss\u00e3o visa contribuir para a seguran\u00e7a e dissuas\u00e3o na regi\u00e3o, protegendo infraestruturas da Est\u00f3nia, Let\u00f3nia e Litu\u00e2nia e salvaguardando o espa\u00e7o a\u00e9reo dos tr\u00eas estados do B\u00e1ltico, com exerc\u00edcios conjuntos.<\/li>\n<li>Esta \u00e9 a nona participa\u00e7\u00e3o da For\u00e7a A\u00e9rea Portuguesa em patrulhas a\u00e9reas dos B\u00e1lticos desde 2007, com o destacamento a decorrer entre 1 de abril e 31 de julho.<\/li>\n<\/ul>\n","protected":false},"author":2,"featured_media":429538,"comment_status":"closed","ping_status":"closed","sticky":false,"template":"","format":"standard","meta":{"footnotes":""},"categories":[6814,4],"tags":[3496,3486,2487,6169,1014,4536],"class_list":["post-429537","post","type-post","status-publish","format-standard","has-post-thumbnail","hentry","category-geopolitica","category-internacional","tag-aliancas-internacionais","tag-estonia","tag-europa","tag-forca-aerea-portuguesa","tag-portugal","tag-seguranca"],"yoast_head":"<!-- This site is optimized with the Yoast SEO plugin v27.2 - https:\/\/yoast.com\/product\/yoast-seo-wordpress\/ -->\n<title>Portugal regressa ao B\u00e1ltico e For\u00e7a A\u00e9rea assume patrulhamento da NATO - Portal Tela Portugal<\/title>\n<meta name=\"robots\" content=\"index, follow, max-snippet:-1, max-image-preview:large, max-video-preview:-1\" \/>\n<meta property=\"og:locale\" content=\"pt_PT\" \/>\n<meta property=\"og:type\" content=\"article\" \/>\n<meta property=\"og:title\" content=\"Portugal regressa ao B\u00e1ltico e For\u00e7a A\u00e9rea assume patrulhamento da NATO - Portal Tela Portugal\" \/>\n<meta property=\"og:description\" content=\"Os ca\u00e7as F-16M da For\u00e7a A\u00e9rea Portuguesa j\u00e1 est\u00e3o na Est\u00f3nia para patrulhamento do B\u00e1ltico, sob comando rotativo da Base A\u00e9rea de Amari. Portugal assume a lideran\u00e7a da miss\u00e3o de Pol\u00edcia A\u00e9rea do B\u00e1ltico da NATO, numa passagem de testemunho realizada a 31 de mar\u00e7o, na Base A\u00e9rea de \u00c4mari. O contingente portugu\u00eas \u00e9 composto por quatro ca\u00e7as F-16M e 95 militares, substituindo o contingente italiano ap\u00f3s quatro meses de miss\u00e3o. A miss\u00e3o visa contribuir para a seguran\u00e7a e dissuas\u00e3o na regi\u00e3o, protegendo infraestruturas da Est\u00f3nia, Let\u00f3nia e Litu\u00e2nia e salvaguardando o espa\u00e7o a\u00e9reo dos tr\u00eas estados do B\u00e1ltico, com exerc\u00edcios conjuntos. Esta \u00e9 a nona participa\u00e7\u00e3o da For\u00e7a A\u00e9rea Portuguesa em patrulhas a\u00e9reas dos B\u00e1lticos desde 2007, com o destacamento a decorrer entre 1 de abril e 31 de julho.\" \/>\n<meta property=\"og:url\" content=\"https:\/\/portaltela.pt\/noticias\/2026\/04\/01\/portugal-regressa-ao-baltico-e-forca-aerea-assume-patrulhamento-da-nato\/\" \/>\n<meta property=\"og:site_name\" content=\"Portal Tela Portugal\" \/>\n<meta property=\"article:published_time\" content=\"2026-04-01T17:32:25+00:00\" \/>\n<meta name=\"author\" content=\"Telinha\" \/>\n<meta name=\"twitter:card\" content=\"summary_large_image\" \/>\n<meta name=\"twitter:label1\" content=\"Escrito por\" \/>\n\t<meta name=\"twitter:data1\" content=\"Telinha\" \/>\n\t<meta name=\"twitter:label2\" content=\"Tempo estimado de leitura\" \/>\n\t<meta name=\"twitter:data2\" content=\"2 minutos\" \/>\n<script type=\"application\/ld+json\" class=\"yoast-schema-graph\">{\"@context\":\"https:\/\/schema.org\",\"@graph\":[{\"@type\":\"Article\",\"@id\":\"https:\/\/portaltela.pt\/noticias\/2026\/04\/01\/portugal-regressa-ao-baltico-e-forca-aerea-assume-patrulhamento-da-nato\/#article\",\"isPartOf\":{\"@id\":\"https:\/\/portaltela.pt\/noticias\/2026\/04\/01\/portugal-regressa-ao-baltico-e-forca-aerea-assume-patrulhamento-da-nato\/\"},\"author\":{\"name\":\"Telinha\",\"@id\":\"https:\/\/portaltela.pt\/#\/schema\/person\/c4278d4a6028830caff9ee44b42d32ed\"},\"headline\":\"Portugal regressa ao B\u00e1ltico e For\u00e7a A\u00e9rea assume patrulhamento da NATO\",\"datePublished\":\"2026-04-01T17:32:25+00:00\",\"mainEntityOfPage\":{\"@id\":\"https:\/\/portaltela.pt\/noticias\/2026\/04\/01\/portugal-regressa-ao-baltico-e-forca-aerea-assume-patrulhamento-da-nato\/\"},\"wordCount\":334,\"image\":{\"@id\":\"https:\/\/portaltela.pt\/noticias\/2026\/04\/01\/portugal-regressa-ao-baltico-e-forca-aerea-assume-patrulhamento-da-nato\/#primaryimage\"},\"thumbnailUrl\":\"https:\/\/portaltela.pt\/s.01k8rhncp4jt1\/2026\/04\/1536x864_cmsv2_ce1c6605-7886-5464-80d7-291581b97926-9707211.jpg\",\"keywords\":[\"alian\u00e7as internacionais\",\"Est\u00f3nia\",\"Europa\",\"For\u00e7a A\u00e9rea Portuguesa\",\"Portugal\",\"seguran\u00e7a\"],\"articleSection\":[\"Geopol\u00edtica\",\"Internacional\"],\"inLanguage\":\"pt-PT\"},{\"@type\":\"WebPage\",\"@id\":\"https:\/\/portaltela.pt\/noticias\/2026\/04\/01\/portugal-regressa-ao-baltico-e-forca-aerea-assume-patrulhamento-da-nato\/\",\"url\":\"https:\/\/portaltela.pt\/noticias\/2026\/04\/01\/portugal-regressa-ao-baltico-e-forca-aerea-assume-patrulhamento-da-nato\/\",\"name\":\"Portugal regressa ao B\u00e1ltico e For\u00e7a A\u00e9rea assume patrulhamento da NATO - Portal Tela Portugal\",\"isPartOf\":{\"@id\":\"https:\/\/portaltela.pt\/#website\"},\"primaryImageOfPage\":{\"@id\":\"https:\/\/portaltela.pt\/noticias\/2026\/04\/01\/portugal-regressa-ao-baltico-e-forca-aerea-assume-patrulhamento-da-nato\/#primaryimage\"},\"image\":{\"@id\":\"https:\/\/portaltela.pt\/noticias\/2026\/04\/01\/portugal-regressa-ao-baltico-e-forca-aerea-assume-patrulhamento-da-nato\/#primaryimage\"},\"thumbnailUrl\":\"https:\/\/portaltela.pt\/s.01k8rhncp4jt1\/2026\/04\/1536x864_cmsv2_ce1c6605-7886-5464-80d7-291581b97926-9707211.jpg\",\"datePublished\":\"2026-04-01T17:32:25+00:00\",\"author\":{\"@id\":\"https:\/\/portaltela.pt\/#\/schema\/person\/c4278d4a6028830caff9ee44b42d32ed\"},\"breadcrumb\":{\"@id\":\"https:\/\/portaltela.pt\/noticias\/2026\/04\/01\/portugal-regressa-ao-baltico-e-forca-aerea-assume-patrulhamento-da-nato\/#breadcrumb\"},\"inLanguage\":\"pt-PT\",\"potentialAction\":[{\"@type\":\"ReadAction\",\"target\":[\"https:\/\/portaltela.pt\/noticias\/2026\/04\/01\/portugal-regressa-ao-baltico-e-forca-aerea-assume-patrulhamento-da-nato\/\"]}]},{\"@type\":\"ImageObject\",\"inLanguage\":\"pt-PT\",\"@id\":\"https:\/\/portaltela.pt\/noticias\/2026\/04\/01\/portugal-regressa-ao-baltico-e-forca-aerea-assume-patrulhamento-da-nato\/#primaryimage\",\"url\":\"https:\/\/portaltela.pt\/s.01k8rhncp4jt1\/2026\/04\/1536x864_cmsv2_ce1c6605-7886-5464-80d7-291581b97926-9707211.jpg\",\"contentUrl\":\"https:\/\/portaltela.pt\/s.01k8rhncp4jt1\/2026\/04\/1536x864_cmsv2_ce1c6605-7886-5464-80d7-291581b97926-9707211.jpg\",\"width\":796,\"height\":448,\"caption\":\"Ca\u00e7a F16M da For\u00e7a A\u00e9rea Portuguesa na Base A\u00e9rea de \u00c4mari. Foto X: Sgt. Triinu Liis Mullaste\/Ex\u00e9rcito da Est\u00f3nia\"},{\"@type\":\"BreadcrumbList\",\"@id\":\"https:\/\/portaltela.pt\/noticias\/2026\/04\/01\/portugal-regressa-ao-baltico-e-forca-aerea-assume-patrulhamento-da-nato\/#breadcrumb\",\"itemListElement\":[{\"@type\":\"ListItem\",\"position\":1,\"name\":\"In\u00edcio\",\"item\":\"https:\/\/portaltela.pt\/\"},{\"@type\":\"ListItem\",\"position\":2,\"name\":\"Portugal regressa ao B\u00e1ltico e For\u00e7a A\u00e9rea assume patrulhamento da NATO\"}]},{\"@type\":\"WebSite\",\"@id\":\"https:\/\/portaltela.pt\/#website\",\"url\":\"https:\/\/portaltela.pt\/\",\"name\":\"Portal Tela Portugal\",\"description\":\"\",\"potentialAction\":[{\"@type\":\"SearchAction\",\"target\":{\"@type\":\"EntryPoint\",\"urlTemplate\":\"https:\/\/portaltela.pt\/?s={search_term_string}\"},\"query-input\":{\"@type\":\"PropertyValueSpecification\",\"valueRequired\":true,\"valueName\":\"search_term_string\"}}],\"inLanguage\":\"pt-PT\"},{\"@type\":\"Person\",\"@id\":\"https:\/\/portaltela.pt\/#\/schema\/person\/c4278d4a6028830caff9ee44b42d32ed\",\"name\":\"Telinha\",\"image\":{\"@type\":\"ImageObject\",\"inLanguage\":\"pt-PT\",\"@id\":\"https:\/\/portaltela.pt\/s.01k8rhncp4jt1\/2025\/11\/talking-bot-125x125.png\",\"url\":\"https:\/\/portaltela.pt\/s.01k8rhncp4jt1\/2025\/11\/talking-bot-125x125.png\",\"contentUrl\":\"https:\/\/portaltela.pt\/s.01k8rhncp4jt1\/2025\/11\/talking-bot-125x125.png\",\"caption\":\"Telinha\"},\"sameAs\":[\"https:\/\/portaltela.pt\/\"],\"url\":\"https:\/\/portaltela.pt\/por\/367410592786\/\"}]}<\/script>\n<!-- \/ Yoast SEO plugin. -->","yoast_head_json":{"title":"Portugal regressa ao B\u00e1ltico e For\u00e7a A\u00e9rea assume patrulhamento da NATO - Portal Tela Portugal","robots":{"index":"index","follow":"follow","max-snippet":"max-snippet:-1","max-image-preview":"max-image-preview:large","max-video-preview":"max-video-preview:-1"},"og_locale":"pt_PT","og_type":"article","og_title":"Portugal regressa ao B\u00e1ltico e For\u00e7a A\u00e9rea assume patrulhamento da NATO - Portal Tela Portugal","og_description":"Os ca\u00e7as F-16M da For\u00e7a A\u00e9rea Portuguesa j\u00e1 est\u00e3o na Est\u00f3nia para patrulhamento do B\u00e1ltico, sob comando rotativo da Base A\u00e9rea de Amari. Portugal assume a lideran\u00e7a da miss\u00e3o de Pol\u00edcia A\u00e9rea do B\u00e1ltico da NATO, numa passagem de testemunho realizada a 31 de mar\u00e7o, na Base A\u00e9rea de \u00c4mari. O contingente portugu\u00eas \u00e9 composto por quatro ca\u00e7as F-16M e 95 militares, substituindo o contingente italiano ap\u00f3s quatro meses de miss\u00e3o. A miss\u00e3o visa contribuir para a seguran\u00e7a e dissuas\u00e3o na regi\u00e3o, protegendo infraestruturas da Est\u00f3nia, Let\u00f3nia e Litu\u00e2nia e salvaguardando o espa\u00e7o a\u00e9reo dos tr\u00eas estados do B\u00e1ltico, com exerc\u00edcios conjuntos. Esta \u00e9 a nona participa\u00e7\u00e3o da For\u00e7a A\u00e9rea Portuguesa em patrulhas a\u00e9reas dos B\u00e1lticos desde 2007, com o destacamento a decorrer entre 1 de abril e 31 de julho.","og_url":"https:\/\/portaltela.pt\/noticias\/2026\/04\/01\/portugal-regressa-ao-baltico-e-forca-aerea-assume-patrulhamento-da-nato\/","og_site_name":"Portal Tela Portugal","article_published_time":"2026-04-01T17:32:25+00:00","author":"Telinha","twitter_card":"summary_large_image","twitter_misc":{"Escrito por":"Telinha","Tempo estimado de leitura":"2 minutos"},"schema":{"@context":"https:\/\/schema.org","@graph":[{"@type":"Article","@id":"https:\/\/portaltela.pt\/noticias\/2026\/04\/01\/portugal-regressa-ao-baltico-e-forca-aerea-assume-patrulhamento-da-nato\/#article","isPartOf":{"@id":"https:\/\/portaltela.pt\/noticias\/2026\/04\/01\/portugal-regressa-ao-baltico-e-forca-aerea-assume-patrulhamento-da-nato\/"},"author":{"name":"Telinha","@id":"https:\/\/portaltela.pt\/#\/schema\/person\/c4278d4a6028830caff9ee44b42d32ed"},"headline":"Portugal regressa ao B\u00e1ltico e For\u00e7a A\u00e9rea assume patrulhamento da NATO","datePublished":"2026-04-01T17:32:25+00:00","mainEntityOfPage":{"@id":"https:\/\/portaltela.pt\/noticias\/2026\/04\/01\/portugal-regressa-ao-baltico-e-forca-aerea-assume-patrulhamento-da-nato\/"},"wordCount":334,"image":{"@id":"https:\/\/portaltela.pt\/noticias\/2026\/04\/01\/portugal-regressa-ao-baltico-e-forca-aerea-assume-patrulhamento-da-nato\/#primaryimage"},"thumbnailUrl":"https:\/\/portaltela.pt\/s.01k8rhncp4jt1\/2026\/04\/1536x864_cmsv2_ce1c6605-7886-5464-80d7-291581b97926-9707211.jpg","keywords":["alian\u00e7as internacionais","Est\u00f3nia","Europa","For\u00e7a A\u00e9rea Portuguesa","Portugal","seguran\u00e7a"],"articleSection":["Geopol\u00edtica","Internacional"],"inLanguage":"pt-PT"},{"@type":"WebPage","@id":"https:\/\/portaltela.pt\/noticias\/2026\/04\/01\/portugal-regressa-ao-baltico-e-forca-aerea-assume-patrulhamento-da-nato\/","url":"https:\/\/portaltela.pt\/noticias\/2026\/04\/01\/portugal-regressa-ao-baltico-e-forca-aerea-assume-patrulhamento-da-nato\/","name":"Portugal regressa ao B\u00e1ltico e For\u00e7a A\u00e9rea assume patrulhamento da NATO - Portal Tela Portugal","isPartOf":{"@id":"https:\/\/portaltela.pt\/#website"},"primaryImageOfPage":{"@id":"https:\/\/portaltela.pt\/noticias\/2026\/04\/01\/portugal-regressa-ao-baltico-e-forca-aerea-assume-patrulhamento-da-nato\/#primaryimage"},"image":{"@id":"https:\/\/portaltela.pt\/noticias\/2026\/04\/01\/portugal-regressa-ao-baltico-e-forca-aerea-assume-patrulhamento-da-nato\/#primaryimage"},"thumbnailUrl":"https:\/\/portaltela.pt\/s.01k8rhncp4jt1\/2026\/04\/1536x864_cmsv2_ce1c6605-7886-5464-80d7-291581b97926-9707211.jpg","datePublished":"2026-04-01T17:32:25+00:00","author":{"@id":"https:\/\/portaltela.pt\/#\/schema\/person\/c4278d4a6028830caff9ee44b42d32ed"},"breadcrumb":{"@id":"https:\/\/portaltela.pt\/noticias\/2026\/04\/01\/portugal-regressa-ao-baltico-e-forca-aerea-assume-patrulhamento-da-nato\/#breadcrumb"},"inLanguage":"pt-PT","potentialAction":[{"@type":"ReadAction","target":["https:\/\/portaltela.pt\/noticias\/2026\/04\/01\/portugal-regressa-ao-baltico-e-forca-aerea-assume-patrulhamento-da-nato\/"]}]},{"@type":"ImageObject","inLanguage":"pt-PT","@id":"https:\/\/portaltela.pt\/noticias\/2026\/04\/01\/portugal-regressa-ao-baltico-e-forca-aerea-assume-patrulhamento-da-nato\/#primaryimage","url":"https:\/\/portaltela.pt\/s.01k8rhncp4jt1\/2026\/04\/1536x864_cmsv2_ce1c6605-7886-5464-80d7-291581b97926-9707211.jpg","contentUrl":"https:\/\/portaltela.pt\/s.01k8rhncp4jt1\/2026\/04\/1536x864_cmsv2_ce1c6605-7886-5464-80d7-291581b97926-9707211.jpg","width":796,"height":448,"caption":"Ca\u00e7a F16M da For\u00e7a A\u00e9rea Portuguesa na Base A\u00e9rea de \u00c4mari. Foto X: Sgt. Triinu Liis Mullaste\/Ex\u00e9rcito da Est\u00f3nia"},{"@type":"BreadcrumbList","@id":"https:\/\/portaltela.pt\/noticias\/2026\/04\/01\/portugal-regressa-ao-baltico-e-forca-aerea-assume-patrulhamento-da-nato\/#breadcrumb","itemListElement":[{"@type":"ListItem","position":1,"name":"In\u00edcio","item":"https:\/\/portaltela.pt\/"},{"@type":"ListItem","position":2,"name":"Portugal regressa ao B\u00e1ltico e For\u00e7a A\u00e9rea assume patrulhamento da NATO"}]},{"@type":"WebSite","@id":"https:\/\/portaltela.pt\/#website","url":"https:\/\/portaltela.pt\/","name":"Portal Tela Portugal","description":"","potentialAction":[{"@type":"SearchAction","target":{"@type":"EntryPoint","urlTemplate":"https:\/\/portaltela.pt\/?s={search_term_string}"},"query-input":{"@type":"PropertyValueSpecification","valueRequired":true,"valueName":"search_term_string"}}],"inLanguage":"pt-PT"},{"@type":"Person","@id":"https:\/\/portaltela.pt\/#\/schema\/person\/c4278d4a6028830caff9ee44b42d32ed","name":"Telinha","image":{"@type":"ImageObject","inLanguage":"pt-PT","@id":"https:\/\/portaltela.pt\/s.01k8rhncp4jt1\/2025\/11\/talking-bot-125x125.png","url":"https:\/\/portaltela.pt\/s.01k8rhncp4jt1\/2025\/11\/talking-bot-125x125.png","contentUrl":"https:\/\/portaltela.pt\/s.01k8rhncp4jt1\/2025\/11\/talking-bot-125x125.png","caption":"Telinha"},"sameAs":["https:\/\/portaltela.pt\/"],"url":"https:\/\/portaltela.pt\/por\/367410592786\/"}]}},"_links":{"self":[{"href":"https:\/\/portaltela.pt\/api\/wp\/v2\/posts\/429537","targetHints":{"allow":["GET"]}}],"collection":[{"href":"https:\/\/portaltela.pt\/api\/wp\/v2\/posts"}],"about":[{"href":"https:\/\/portaltela.pt\/api\/wp\/v2\/types\/post"}],"author":[{"embeddable":true,"href":"https:\/\/portaltela.pt\/api\/wp\/v2\/users\/2"}],"replies":[{"embeddable":true,"href":"https:\/\/portaltela.pt\/api\/wp\/v2\/comments?post=429537"}],"version-history":[{"count":0,"href":"https:\/\/portaltela.pt\/api\/wp\/v2\/posts\/429537\/revisions"}],"wp:featuredmedia":[{"embeddable":true,"href":"https:\/\/portaltela.pt\/api\/wp\/v2\/media\/429538"}],"wp:attachment":[{"href":"https:\/\/portaltela.pt\/api\/wp\/v2\/media?parent=429537"}],"wp:term":[{"taxonomy":"category","embeddable":true,"href":"https:\/\/portaltela.pt\/api\/wp\/v2\/categories?post=429537"},{"taxonomy":"post_tag","embeddable":true,"href":"https:\/\/portaltela.pt\/api\/wp\/v2\/tags?post=429537"}],"curies":[{"name":"wp","href":"https:\/\/api.w.org\/{rel}","templated":true}]}}