{"id":429533,"date":"2026-04-01T14:17:27","date_gmt":"2026-04-01T17:17:27","guid":{"rendered":"https:\/\/portaltela.pt\/noticias\/2026\/04\/01\/camara-de-lisboa-aprova-concurso-de-transporte-escolar-por-31-milhoes-de-euros\/"},"modified":"2026-04-01T14:17:27","modified_gmt":"2026-04-01T17:17:27","slug":"camara-de-lisboa-aprova-concurso-de-transporte-escolar-por-31-milhoes-de-euros","status":"publish","type":"post","link":"https:\/\/portaltela.pt\/saude\/2026\/04\/01\/camara-de-lisboa-aprova-concurso-de-transporte-escolar-por-31-milhoes-de-euros\/","title":{"rendered":"C\u00e2mara de Lisboa aprova concurso de transporte escolar por 3,1 milh\u00f5es de euros"},"content":{"rendered":"<p>A C\u00e2mara Municipal de Lisboa aprovou, nesta quarta-feira, um concurso para a aquisi\u00e7\u00e3o do servi\u00e7o de transporte escolar da rede p\u00fablica, para jardins-de-inf\u00e2ncia, ensino b\u00e1sico e secund\u00e1rio, nos dois pr\u00f3ximos anos letivos. O valor base \u00e9 de 3,1 milh\u00f5es de euros. A decis\u00e3o ocorreu em reuni\u00e3o extraordin\u00e1ria privada, com absten\u00e7\u00f5es do Livre e do PCP, visando suprir a insufici\u00eancia de resposta aos pedidos do Departamento de Educa\u00e7\u00e3o.<\/p>\n<p>Segundo a autarquia, a medida pretende assegurar o transporte de 1.\u00ba ciclo entre as 08:00 e as 09:00 e entre as 17:00 e as 18:30, com vigilante, bem como o transporte para educa\u00e7\u00e3o f\u00edsica entre o EB Lu\u00eds de Cam\u00f5es e o EB Parque das Na\u00e7\u00f5es para o Pavilh\u00e3o do Casal Vistoso e o Pavilh\u00e3o dos L\u00f3ios. Inclui ainda o apoio \u00e0 educa\u00e7\u00e3o f\u00edsica e ao programa de nata\u00e7\u00e3o curricular, com uma m\u00e9dia de 18 autocarros envolvidos.<\/p>\n<h3>Apoios sociais e outros investimentos<\/h3>\n<p>Entre asires, foram aprovadas medidas de apoio social e financeiro. Cerca de 260 mil euros destinam-se ao O Companheiro &#8211; Associa\u00e7\u00e3o de Fraternidade Crist\u00e3 para colocar 21 reclusos em regime aberto e ex-reclusos em fun\u00e7\u00f5es operacionais, nomeadamente na higiene urbana. A autarquia refor\u00e7ou a continuidade de trabalho iniciado em 1997, com ganhos de efic\u00e1cia e reinser\u00e7\u00e3o social.<\/p>\n<p>Foi aprovado tamb\u00e9m o concurso para atribui\u00e7\u00e3o de apoio financeiro at\u00e9 395.400 euros a um projeto de acompanhamento e integra\u00e7\u00e3o de 50 benefici\u00e1rios de prote\u00e7\u00e3o internacional, no \u00e2mbito do Programa Municipal de Acolhimento de Refugiados. Adicionalmente, foram aprovados 91.367 euros para o Centro de Alojamento Tempor\u00e1rio dos Albergues Noturnos e 344.132 euros para o CAEM da Manuten\u00e7\u00e3o Militar, entre outros.<\/p>\n<p>Outra aprova\u00e7\u00e3o diz respeito a 73.876 euros para o projeto Apartamentos de Transi\u00e7\u00e3o. A reuni\u00e3o autorizou ainda a delega\u00e7\u00e3o de compet\u00eancias \u00e0s juntas de freguesia de Bel\u00e9m, Carnide, Marvila e Santo Ant\u00f3nio, para apoio log\u00edstico, financeiro e administrativo \u00e0s Comiss\u00f5es de Prote\u00e7\u00e3o de Crian\u00e7as e Jovens, no valor de 1,12 milh\u00f5es de euros at\u00e9 2029, a ser submetido \u00e0 Assembleia Municipal.<\/p>\n","protected":false},"excerpt":{"rendered":"<ul>\n<li>A C\u00e2mara de Lisboa aprovou um concurso de 3,1 milh\u00f5es de euros para o servi\u00e7o de transporte escolar da rede p\u00fablica, nos pr\u00f3ximos dois anos letivos, com 26 autocarros dispon\u00edveis.<\/li>\n<li>A vota\u00e7\u00e3o ocorreu em reuni\u00e3o extraordin\u00e1ria privada, com absten\u00e7\u00e3o do Livre e do PCP, e visa suprir a insufici\u00eancia na resposta aos pedidos do Departamento de Educa\u00e7\u00e3o.<\/li>\n<li>O programa inclui transporte para o 1.\u00ba ciclo entre as 08:00 e as 09:00 e entre as 17:00 e as 18:30 com vigilante, transporte para aulas de educa\u00e7\u00e3o f\u00edsica em alguns polos e apoio \u00e0 nata\u00e7\u00e3o curricular, com uma disponibilidade m\u00e9dia de 18 autocarros.<\/li>\n<li>Em fun\u00e7\u00e3o social, foram aprovados cerca de 260 mil euros ao O Companheiro &#8211; Associa\u00e7\u00e3o de Fraternidade Crist\u00e3 para colocar 21 reclusos em regime aberto e ex-reclusos em fun\u00e7\u00f5es operacionais; tamb\u00e9m h\u00e1 apoio a 50 benefici\u00e1rios de prote\u00e7\u00e3o internacional at\u00e9 395,4 mil euros.<\/li>\n<li>Ainda foram aprovados 91.367 euros para o Centro de Alojamento Tempor\u00e1rio dos Albergues Noturnos, 344.132 euros para o CAEM da Manuten\u00e7\u00e3o Militar (Ares do Pinhal) e 73.876 euros para os Apartamentos de Transi\u00e7\u00e3o, al\u00e9m de uma delega\u00e7\u00e3o de compet\u00eancias no valor de 1,12 milh\u00f5es at\u00e9 2029 \u00e0s juntas de freguesia para apoio \u00e0s Comiss\u00f5es de Prote\u00e7\u00e3o de Crian\u00e7as e Jovens.<\/li>\n<\/ul>\n","protected":false},"author":2,"featured_media":429534,"comment_status":"closed","ping_status":"closed","sticky":false,"template":"","format":"standard","meta":{"footnotes":""},"categories":[7372,6745],"tags":[1211,163,981,3786,2659,192],"class_list":["post-429533","post","type-post","status-publish","format-standard","has-post-thumbnail","hentry","category-comunidade","category-saude","tag-apoio-social","tag-educacao","tag-lisboa","tag-refugiados-internos","tag-reinsercao-social","tag-transporte"],"yoast_head":"<!-- This site is optimized with the Yoast SEO plugin v27.2 - https:\/\/yoast.com\/product\/yoast-seo-wordpress\/ -->\n<title>C\u00e2mara de Lisboa aprova concurso de transporte escolar por 3,1 milh\u00f5es de euros - Portal Tela Portugal<\/title>\n<meta name=\"robots\" content=\"index, follow, max-snippet:-1, max-image-preview:large, max-video-preview:-1\" \/>\n<meta property=\"og:locale\" content=\"pt_PT\" \/>\n<meta property=\"og:type\" content=\"article\" \/>\n<meta property=\"og:title\" content=\"C\u00e2mara de Lisboa aprova concurso de transporte escolar por 3,1 milh\u00f5es de euros - Portal Tela Portugal\" \/>\n<meta property=\"og:description\" content=\"A C\u00e2mara de Lisboa aprovou um concurso de 3,1 milh\u00f5es de euros para o servi\u00e7o de transporte escolar da rede p\u00fablica, nos pr\u00f3ximos dois anos letivos, com 26 autocarros dispon\u00edveis. A vota\u00e7\u00e3o ocorreu em reuni\u00e3o extraordin\u00e1ria privada, com absten\u00e7\u00e3o do Livre e do PCP, e visa suprir a insufici\u00eancia na resposta aos pedidos do Departamento de Educa\u00e7\u00e3o. O programa inclui transporte para o 1.\u00ba ciclo entre as 08:00 e as 09:00 e entre as 17:00 e as 18:30 com vigilante, transporte para aulas de educa\u00e7\u00e3o f\u00edsica em alguns polos e apoio \u00e0 nata\u00e7\u00e3o curricular, com uma disponibilidade m\u00e9dia de 18 autocarros. Em fun\u00e7\u00e3o social, foram aprovados cerca de 260 mil euros ao O Companheiro - Associa\u00e7\u00e3o de Fraternidade Crist\u00e3 para colocar 21 reclusos em regime aberto e ex-reclusos em fun\u00e7\u00f5es operacionais; tamb\u00e9m h\u00e1 apoio a 50 benefici\u00e1rios de prote\u00e7\u00e3o internacional at\u00e9 395,4 mil euros. Ainda foram aprovados 91.367 euros para o Centro de Alojamento Tempor\u00e1rio dos Albergues Noturnos, 344.132 euros para o CAEM da Manuten\u00e7\u00e3o Militar (Ares do Pinhal) e 73.876 euros para os Apartamentos de Transi\u00e7\u00e3o, al\u00e9m de uma delega\u00e7\u00e3o de compet\u00eancias no valor de 1,12 milh\u00f5es at\u00e9 2029 \u00e0s juntas de freguesia para apoio \u00e0s Comiss\u00f5es de Prote\u00e7\u00e3o de Crian\u00e7as e Jovens.\" \/>\n<meta property=\"og:url\" content=\"https:\/\/portaltela.pt\/noticias\/2026\/04\/01\/camara-de-lisboa-aprova-concurso-de-transporte-escolar-por-31-milhoes-de-euros\/\" \/>\n<meta property=\"og:site_name\" content=\"Portal Tela Portugal\" \/>\n<meta property=\"article:published_time\" content=\"2026-04-01T17:17:27+00:00\" \/>\n<meta name=\"author\" content=\"Telinha\" \/>\n<meta name=\"twitter:card\" content=\"summary_large_image\" \/>\n<meta name=\"twitter:label1\" content=\"Escrito por\" \/>\n\t<meta name=\"twitter:data1\" content=\"Telinha\" \/>\n\t<meta name=\"twitter:label2\" content=\"Tempo estimado de leitura\" \/>\n\t<meta name=\"twitter:data2\" content=\"2 minutos\" \/>\n<script type=\"application\/ld+json\" class=\"yoast-schema-graph\">{\"@context\":\"https:\/\/schema.org\",\"@graph\":[{\"@type\":\"Article\",\"@id\":\"https:\/\/portaltela.pt\/noticias\/2026\/04\/01\/camara-de-lisboa-aprova-concurso-de-transporte-escolar-por-31-milhoes-de-euros\/#article\",\"isPartOf\":{\"@id\":\"https:\/\/portaltela.pt\/noticias\/2026\/04\/01\/camara-de-lisboa-aprova-concurso-de-transporte-escolar-por-31-milhoes-de-euros\/\"},\"author\":{\"name\":\"Telinha\",\"@id\":\"https:\/\/portaltela.pt\/#\/schema\/person\/c4278d4a6028830caff9ee44b42d32ed\"},\"headline\":\"C\u00e2mara de Lisboa aprova concurso de transporte escolar por 3,1 milh\u00f5es de euros\",\"datePublished\":\"2026-04-01T17:17:27+00:00\",\"mainEntityOfPage\":{\"@id\":\"https:\/\/portaltela.pt\/noticias\/2026\/04\/01\/camara-de-lisboa-aprova-concurso-de-transporte-escolar-por-31-milhoes-de-euros\/\"},\"wordCount\":372,\"image\":{\"@id\":\"https:\/\/portaltela.pt\/noticias\/2026\/04\/01\/camara-de-lisboa-aprova-concurso-de-transporte-escolar-por-31-milhoes-de-euros\/#primaryimage\"},\"thumbnailUrl\":\"https:\/\/portaltela.pt\/s.01k8rhncp4jt1\/2026\/04\/img_1500x1000uu2022-10-03-19-33-01-1189822.jpg\",\"keywords\":[\"Apoio Social\",\"educa\u00e7\u00e3o\",\"Lisboa\",\"refugiados internos\",\"Reinser\u00e7\u00e3o Social\",\"transporte\"],\"articleSection\":[\"Comunidade\",\"Sa\u00fade\"],\"inLanguage\":\"pt-PT\"},{\"@type\":\"WebPage\",\"@id\":\"https:\/\/portaltela.pt\/noticias\/2026\/04\/01\/camara-de-lisboa-aprova-concurso-de-transporte-escolar-por-31-milhoes-de-euros\/\",\"url\":\"https:\/\/portaltela.pt\/noticias\/2026\/04\/01\/camara-de-lisboa-aprova-concurso-de-transporte-escolar-por-31-milhoes-de-euros\/\",\"name\":\"C\u00e2mara de Lisboa aprova concurso de transporte escolar por 3,1 milh\u00f5es de euros - Portal Tela Portugal\",\"isPartOf\":{\"@id\":\"https:\/\/portaltela.pt\/#website\"},\"primaryImageOfPage\":{\"@id\":\"https:\/\/portaltela.pt\/noticias\/2026\/04\/01\/camara-de-lisboa-aprova-concurso-de-transporte-escolar-por-31-milhoes-de-euros\/#primaryimage\"},\"image\":{\"@id\":\"https:\/\/portaltela.pt\/noticias\/2026\/04\/01\/camara-de-lisboa-aprova-concurso-de-transporte-escolar-por-31-milhoes-de-euros\/#primaryimage\"},\"thumbnailUrl\":\"https:\/\/portaltela.pt\/s.01k8rhncp4jt1\/2026\/04\/img_1500x1000uu2022-10-03-19-33-01-1189822.jpg\",\"datePublished\":\"2026-04-01T17:17:27+00:00\",\"author\":{\"@id\":\"https:\/\/portaltela.pt\/#\/schema\/person\/c4278d4a6028830caff9ee44b42d32ed\"},\"breadcrumb\":{\"@id\":\"https:\/\/portaltela.pt\/noticias\/2026\/04\/01\/camara-de-lisboa-aprova-concurso-de-transporte-escolar-por-31-milhoes-de-euros\/#breadcrumb\"},\"inLanguage\":\"pt-PT\",\"potentialAction\":[{\"@type\":\"ReadAction\",\"target\":[\"https:\/\/portaltela.pt\/noticias\/2026\/04\/01\/camara-de-lisboa-aprova-concurso-de-transporte-escolar-por-31-milhoes-de-euros\/\"]}]},{\"@type\":\"ImageObject\",\"inLanguage\":\"pt-PT\",\"@id\":\"https:\/\/portaltela.pt\/noticias\/2026\/04\/01\/camara-de-lisboa-aprova-concurso-de-transporte-escolar-por-31-milhoes-de-euros\/#primaryimage\",\"url\":\"https:\/\/portaltela.pt\/s.01k8rhncp4jt1\/2026\/04\/img_1500x1000uu2022-10-03-19-33-01-1189822.jpg\",\"contentUrl\":\"https:\/\/portaltela.pt\/s.01k8rhncp4jt1\/2026\/04\/img_1500x1000uu2022-10-03-19-33-01-1189822.jpg\",\"width\":796,\"height\":448,\"caption\":\"Transporte escolar\"},{\"@type\":\"BreadcrumbList\",\"@id\":\"https:\/\/portaltela.pt\/noticias\/2026\/04\/01\/camara-de-lisboa-aprova-concurso-de-transporte-escolar-por-31-milhoes-de-euros\/#breadcrumb\",\"itemListElement\":[{\"@type\":\"ListItem\",\"position\":1,\"name\":\"In\u00edcio\",\"item\":\"https:\/\/portaltela.pt\/\"},{\"@type\":\"ListItem\",\"position\":2,\"name\":\"C\u00e2mara de Lisboa aprova concurso de transporte escolar por 3,1 milh\u00f5es de euros\"}]},{\"@type\":\"WebSite\",\"@id\":\"https:\/\/portaltela.pt\/#website\",\"url\":\"https:\/\/portaltela.pt\/\",\"name\":\"Portal Tela Portugal\",\"description\":\"\",\"potentialAction\":[{\"@type\":\"SearchAction\",\"target\":{\"@type\":\"EntryPoint\",\"urlTemplate\":\"https:\/\/portaltela.pt\/?s={search_term_string}\"},\"query-input\":{\"@type\":\"PropertyValueSpecification\",\"valueRequired\":true,\"valueName\":\"search_term_string\"}}],\"inLanguage\":\"pt-PT\"},{\"@type\":\"Person\",\"@id\":\"https:\/\/portaltela.pt\/#\/schema\/person\/c4278d4a6028830caff9ee44b42d32ed\",\"name\":\"Telinha\",\"image\":{\"@type\":\"ImageObject\",\"inLanguage\":\"pt-PT\",\"@id\":\"https:\/\/portaltela.pt\/s.01k8rhncp4jt1\/2025\/11\/talking-bot-125x125.png\",\"url\":\"https:\/\/portaltela.pt\/s.01k8rhncp4jt1\/2025\/11\/talking-bot-125x125.png\",\"contentUrl\":\"https:\/\/portaltela.pt\/s.01k8rhncp4jt1\/2025\/11\/talking-bot-125x125.png\",\"caption\":\"Telinha\"},\"sameAs\":[\"https:\/\/portaltela.pt\/\"],\"url\":\"https:\/\/portaltela.pt\/por\/367410592786\/\"}]}<\/script>\n<!-- \/ Yoast SEO plugin. -->","yoast_head_json":{"title":"C\u00e2mara de Lisboa aprova concurso de transporte escolar por 3,1 milh\u00f5es de euros - Portal Tela Portugal","robots":{"index":"index","follow":"follow","max-snippet":"max-snippet:-1","max-image-preview":"max-image-preview:large","max-video-preview":"max-video-preview:-1"},"og_locale":"pt_PT","og_type":"article","og_title":"C\u00e2mara de Lisboa aprova concurso de transporte escolar por 3,1 milh\u00f5es de euros - Portal Tela Portugal","og_description":"A C\u00e2mara de Lisboa aprovou um concurso de 3,1 milh\u00f5es de euros para o servi\u00e7o de transporte escolar da rede p\u00fablica, nos pr\u00f3ximos dois anos letivos, com 26 autocarros dispon\u00edveis. A vota\u00e7\u00e3o ocorreu em reuni\u00e3o extraordin\u00e1ria privada, com absten\u00e7\u00e3o do Livre e do PCP, e visa suprir a insufici\u00eancia na resposta aos pedidos do Departamento de Educa\u00e7\u00e3o. O programa inclui transporte para o 1.\u00ba ciclo entre as 08:00 e as 09:00 e entre as 17:00 e as 18:30 com vigilante, transporte para aulas de educa\u00e7\u00e3o f\u00edsica em alguns polos e apoio \u00e0 nata\u00e7\u00e3o curricular, com uma disponibilidade m\u00e9dia de 18 autocarros. Em fun\u00e7\u00e3o social, foram aprovados cerca de 260 mil euros ao O Companheiro - Associa\u00e7\u00e3o de Fraternidade Crist\u00e3 para colocar 21 reclusos em regime aberto e ex-reclusos em fun\u00e7\u00f5es operacionais; tamb\u00e9m h\u00e1 apoio a 50 benefici\u00e1rios de prote\u00e7\u00e3o internacional at\u00e9 395,4 mil euros. Ainda foram aprovados 91.367 euros para o Centro de Alojamento Tempor\u00e1rio dos Albergues Noturnos, 344.132 euros para o CAEM da Manuten\u00e7\u00e3o Militar (Ares do Pinhal) e 73.876 euros para os Apartamentos de Transi\u00e7\u00e3o, al\u00e9m de uma delega\u00e7\u00e3o de compet\u00eancias no valor de 1,12 milh\u00f5es at\u00e9 2029 \u00e0s juntas de freguesia para apoio \u00e0s Comiss\u00f5es de Prote\u00e7\u00e3o de Crian\u00e7as e Jovens.","og_url":"https:\/\/portaltela.pt\/noticias\/2026\/04\/01\/camara-de-lisboa-aprova-concurso-de-transporte-escolar-por-31-milhoes-de-euros\/","og_site_name":"Portal Tela Portugal","article_published_time":"2026-04-01T17:17:27+00:00","author":"Telinha","twitter_card":"summary_large_image","twitter_misc":{"Escrito por":"Telinha","Tempo estimado de leitura":"2 minutos"},"schema":{"@context":"https:\/\/schema.org","@graph":[{"@type":"Article","@id":"https:\/\/portaltela.pt\/noticias\/2026\/04\/01\/camara-de-lisboa-aprova-concurso-de-transporte-escolar-por-31-milhoes-de-euros\/#article","isPartOf":{"@id":"https:\/\/portaltela.pt\/noticias\/2026\/04\/01\/camara-de-lisboa-aprova-concurso-de-transporte-escolar-por-31-milhoes-de-euros\/"},"author":{"name":"Telinha","@id":"https:\/\/portaltela.pt\/#\/schema\/person\/c4278d4a6028830caff9ee44b42d32ed"},"headline":"C\u00e2mara de Lisboa aprova concurso de transporte escolar por 3,1 milh\u00f5es de euros","datePublished":"2026-04-01T17:17:27+00:00","mainEntityOfPage":{"@id":"https:\/\/portaltela.pt\/noticias\/2026\/04\/01\/camara-de-lisboa-aprova-concurso-de-transporte-escolar-por-31-milhoes-de-euros\/"},"wordCount":372,"image":{"@id":"https:\/\/portaltela.pt\/noticias\/2026\/04\/01\/camara-de-lisboa-aprova-concurso-de-transporte-escolar-por-31-milhoes-de-euros\/#primaryimage"},"thumbnailUrl":"https:\/\/portaltela.pt\/s.01k8rhncp4jt1\/2026\/04\/img_1500x1000uu2022-10-03-19-33-01-1189822.jpg","keywords":["Apoio Social","educa\u00e7\u00e3o","Lisboa","refugiados internos","Reinser\u00e7\u00e3o Social","transporte"],"articleSection":["Comunidade","Sa\u00fade"],"inLanguage":"pt-PT"},{"@type":"WebPage","@id":"https:\/\/portaltela.pt\/noticias\/2026\/04\/01\/camara-de-lisboa-aprova-concurso-de-transporte-escolar-por-31-milhoes-de-euros\/","url":"https:\/\/portaltela.pt\/noticias\/2026\/04\/01\/camara-de-lisboa-aprova-concurso-de-transporte-escolar-por-31-milhoes-de-euros\/","name":"C\u00e2mara de Lisboa aprova concurso de transporte escolar por 3,1 milh\u00f5es de euros - Portal Tela Portugal","isPartOf":{"@id":"https:\/\/portaltela.pt\/#website"},"primaryImageOfPage":{"@id":"https:\/\/portaltela.pt\/noticias\/2026\/04\/01\/camara-de-lisboa-aprova-concurso-de-transporte-escolar-por-31-milhoes-de-euros\/#primaryimage"},"image":{"@id":"https:\/\/portaltela.pt\/noticias\/2026\/04\/01\/camara-de-lisboa-aprova-concurso-de-transporte-escolar-por-31-milhoes-de-euros\/#primaryimage"},"thumbnailUrl":"https:\/\/portaltela.pt\/s.01k8rhncp4jt1\/2026\/04\/img_1500x1000uu2022-10-03-19-33-01-1189822.jpg","datePublished":"2026-04-01T17:17:27+00:00","author":{"@id":"https:\/\/portaltela.pt\/#\/schema\/person\/c4278d4a6028830caff9ee44b42d32ed"},"breadcrumb":{"@id":"https:\/\/portaltela.pt\/noticias\/2026\/04\/01\/camara-de-lisboa-aprova-concurso-de-transporte-escolar-por-31-milhoes-de-euros\/#breadcrumb"},"inLanguage":"pt-PT","potentialAction":[{"@type":"ReadAction","target":["https:\/\/portaltela.pt\/noticias\/2026\/04\/01\/camara-de-lisboa-aprova-concurso-de-transporte-escolar-por-31-milhoes-de-euros\/"]}]},{"@type":"ImageObject","inLanguage":"pt-PT","@id":"https:\/\/portaltela.pt\/noticias\/2026\/04\/01\/camara-de-lisboa-aprova-concurso-de-transporte-escolar-por-31-milhoes-de-euros\/#primaryimage","url":"https:\/\/portaltela.pt\/s.01k8rhncp4jt1\/2026\/04\/img_1500x1000uu2022-10-03-19-33-01-1189822.jpg","contentUrl":"https:\/\/portaltela.pt\/s.01k8rhncp4jt1\/2026\/04\/img_1500x1000uu2022-10-03-19-33-01-1189822.jpg","width":796,"height":448,"caption":"Transporte escolar"},{"@type":"BreadcrumbList","@id":"https:\/\/portaltela.pt\/noticias\/2026\/04\/01\/camara-de-lisboa-aprova-concurso-de-transporte-escolar-por-31-milhoes-de-euros\/#breadcrumb","itemListElement":[{"@type":"ListItem","position":1,"name":"In\u00edcio","item":"https:\/\/portaltela.pt\/"},{"@type":"ListItem","position":2,"name":"C\u00e2mara de Lisboa aprova concurso de transporte escolar por 3,1 milh\u00f5es de euros"}]},{"@type":"WebSite","@id":"https:\/\/portaltela.pt\/#website","url":"https:\/\/portaltela.pt\/","name":"Portal Tela Portugal","description":"","potentialAction":[{"@type":"SearchAction","target":{"@type":"EntryPoint","urlTemplate":"https:\/\/portaltela.pt\/?s={search_term_string}"},"query-input":{"@type":"PropertyValueSpecification","valueRequired":true,"valueName":"search_term_string"}}],"inLanguage":"pt-PT"},{"@type":"Person","@id":"https:\/\/portaltela.pt\/#\/schema\/person\/c4278d4a6028830caff9ee44b42d32ed","name":"Telinha","image":{"@type":"ImageObject","inLanguage":"pt-PT","@id":"https:\/\/portaltela.pt\/s.01k8rhncp4jt1\/2025\/11\/talking-bot-125x125.png","url":"https:\/\/portaltela.pt\/s.01k8rhncp4jt1\/2025\/11\/talking-bot-125x125.png","contentUrl":"https:\/\/portaltela.pt\/s.01k8rhncp4jt1\/2025\/11\/talking-bot-125x125.png","caption":"Telinha"},"sameAs":["https:\/\/portaltela.pt\/"],"url":"https:\/\/portaltela.pt\/por\/367410592786\/"}]}},"_links":{"self":[{"href":"https:\/\/portaltela.pt\/api\/wp\/v2\/posts\/429533","targetHints":{"allow":["GET"]}}],"collection":[{"href":"https:\/\/portaltela.pt\/api\/wp\/v2\/posts"}],"about":[{"href":"https:\/\/portaltela.pt\/api\/wp\/v2\/types\/post"}],"author":[{"embeddable":true,"href":"https:\/\/portaltela.pt\/api\/wp\/v2\/users\/2"}],"replies":[{"embeddable":true,"href":"https:\/\/portaltela.pt\/api\/wp\/v2\/comments?post=429533"}],"version-history":[{"count":0,"href":"https:\/\/portaltela.pt\/api\/wp\/v2\/posts\/429533\/revisions"}],"wp:featuredmedia":[{"embeddable":true,"href":"https:\/\/portaltela.pt\/api\/wp\/v2\/media\/429534"}],"wp:attachment":[{"href":"https:\/\/portaltela.pt\/api\/wp\/v2\/media?parent=429533"}],"wp:term":[{"taxonomy":"category","embeddable":true,"href":"https:\/\/portaltela.pt\/api\/wp\/v2\/categories?post=429533"},{"taxonomy":"post_tag","embeddable":true,"href":"https:\/\/portaltela.pt\/api\/wp\/v2\/tags?post=429533"}],"curies":[{"name":"wp","href":"https:\/\/api.w.org\/{rel}","templated":true}]}}