{"id":429524,"date":"2026-04-01T14:17:22","date_gmt":"2026-04-01T17:17:22","guid":{"rendered":"https:\/\/portaltela.pt\/noticias\/2026\/04\/01\/e-mails-partilhados-nao-comprovam-que-gates-e-epstein-planearam-pandemias\/"},"modified":"2026-04-01T14:17:22","modified_gmt":"2026-04-01T17:17:22","slug":"e-mails-partilhados-nao-comprovam-que-gates-e-epstein-planearam-pandemias","status":"publish","type":"post","link":"https:\/\/portaltela.pt\/saude\/2026\/04\/01\/e-mails-partilhados-nao-comprovam-que-gates-e-epstein-planearam-pandemias\/","title":{"rendered":"E-mails partilhados n\u00e3o comprovam que Gates e Epstein planearam pandemias"},"content":{"rendered":"<p>O P\u00daBLICO reproduz uma verifica\u00e7\u00e3o de factos sobre a alega\u00e7\u00e3o de que emails partilhados nas redes sociais provam que Bill Gates e Jeffrey Epstein teriam planeado pandemias em 2017. A pe\u00e7a analisa o conte\u00fado publicado a 30 de Mar\u00e7o de 2026 e contextualiza as mensagens com documentos oficiais. A conclus\u00e3o preliminar \u00e9 de que as mensagens n\u00e3o comprovam tal planeamento.<\/p>\n<p>Os emails usados como prova referem datas de 19 e 20 de Mar\u00e7o de 2015 e 3 de Mar\u00e7o de 2017. O Departamento da Justi\u00e7a dos EUA disponibilizou documentos oficiais, incluindo os pr\u00f3prios emails, para consulta p\u00fablica. Procuradores indicam que as mensagens descrevem prepara\u00e7\u00e3o para pandemias, com men\u00e7\u00e3o a organismos de sa\u00fade, mas n\u00e3o ligam explicitamente Gates a qualquer plano.<\/p>\n<p>Alega\u00e7\u00f5es associam-se a um encontro em Genebra em 2015 promovido pelo Instituto Internacional da Paz, cujo objetivo era discutir li\u00e7\u00f5es de gest\u00e3o de pandemias. O texto oficial do IPI cita o envolvimento de v\u00e1rias organiza\u00e7\u00f5es, incluindo a OMS e a Cruz Vermelha Internacional, e menciona uma colabora\u00e7\u00e3o com a Funda\u00e7\u00e3o Bill e Melinda Gates no contexto de sa\u00fade global.<\/p>\n<p>Outra mensagem de 2017 mostra apenas o nome de Gates na lista de destinat\u00e1rios, com o remetente parcialmente rasurado. O conte\u00fado refere entreg\u00e1veis sobre uma hipot\u00e9tica simula\u00e7\u00e3o de pandemia. N\u00e3o h\u00e1 evid\u00eancia de que Epstein e Gates estivessem a planear uma pandemia concreta a partir dessas comunica\u00e7\u00f5es.<\/p>\n<p>V\u00e1rios fact-checkers, incluindo a AFP e o Observador, j\u00e1 esclareceram que os emails citados n\u00e3o comprovam um plano de Bill Gates com Epstein para desencadear pandemias. Exerc\u00edcios de simula\u00e7\u00e3o de pandemias s\u00e3o comuns e, por si s\u00f3, n\u00e3o implicam previs\u00f5es ou a\u00e7\u00f5es reais.<\/p>\n<p>O contexto global inclui iniciativas anteriores \u00e0 Covid-19, como exerc\u00edcios realizados pela OMS em 2018 e o evento Event 201 em 2019, envolvendo diversas organiza\u00e7\u00f5es e a divulga\u00e7\u00e3o de cen\u00e1rios hipot\u00e9ticos. Os organizadores explicaram que tais exerc\u00edcios s\u00e3o para treino e n\u00e3o representam previs\u00f5es oficiais.<\/p>\n<p>O veredito das verifica\u00e7\u00f5es \u00e9 claro: os emails n\u00e3o demonstram que Gates e Epstein planeavam pandemias. Em vez disso, tratam-se de discuss\u00f5es sobre prepara\u00e7\u00e3o e simula\u00e7\u00e3o de respostas a surtos hipot\u00e9ticos, sem liga\u00e7\u00e3o direta a a\u00e7\u00f5es reais ou estrat\u00e9gias conjuntas entre as partes envolvidas.<\/p>\n","protected":false},"excerpt":{"rendered":"<ul>\n<li>Publica\u00e7\u00e3o nas redes sociais afirma ter e-mails entre Bill Gates e Jeffrey Epstein para \u201cplanear pandemias\u201d em 2017, mas n\u00e3o h\u00e1 provas no material p\u00fablico.<\/li>\n<li>Os e-mails citados t\u00eam datas de 19 e 20 de mar\u00e7o de 2015 e 3 de mar\u00e7o de 2017; o conte\u00fado n\u00e3o descreve Gates como destinat\u00e1rio em todos os  casos.<\/li>\n<li>Em 2015 falava-se de prepara\u00e7\u00e3o para pandemias e de envolver a Organiza\u00e7\u00e3o Mundial de Sa\u00fade e a Cruz Vermelha Internacional; n\u00e3o h\u00e1 men\u00e7\u00e3o ao CDC.<\/li>\n<li>Existe um encontro em Genebra em 2015 sobre pandemias, organizado pelo Instituto Internacional da Paz, com participa\u00e7\u00e3o de OMS e Cruz Vermelha, e men\u00e7\u00e3o ao trabalho com a Funda\u00e7\u00e3o Bill e Melinda Gates para combater a poliomielite.<\/li>\n<li>Exerc\u00edcios de simula\u00e7\u00e3o de pandemias s\u00e3o comuns e n\u00e3o constituem previs\u00e3o ou planeamento de eventos reais; verifica\u00e7\u00f5es de fontes independentes conclu\u00edram que os e-mails n\u00e3o comprovam a ideia de que Gates e Epstein planeavam pandemias.<\/li>\n<\/ul>\n","protected":false},"author":2,"featured_media":429529,"comment_status":"closed","ping_status":"closed","sticky":false,"template":"","format":"standard","meta":{"footnotes":""},"categories":[7371,6745],"tags":[134,1992,1469,5547,5563,41],"class_list":["post-429524","post","type-post","status-publish","format-standard","has-post-thumbnail","hentry","category-medicina","category-saude","tag-analysis","tag-ciencia","tag-desinformacao","tag-informacao-internacional","tag-informacao-publica","tag-noticia"],"yoast_head":"<!-- This site is optimized with the Yoast SEO plugin v27.2 - https:\/\/yoast.com\/product\/yoast-seo-wordpress\/ -->\n<title>E-mails partilhados n\u00e3o comprovam que Gates e Epstein planearam pandemias - Portal Tela Portugal<\/title>\n<meta name=\"robots\" content=\"index, follow, max-snippet:-1, max-image-preview:large, max-video-preview:-1\" \/>\n<meta property=\"og:locale\" content=\"pt_PT\" \/>\n<meta property=\"og:type\" content=\"article\" \/>\n<meta property=\"og:title\" content=\"E-mails partilhados n\u00e3o comprovam que Gates e Epstein planearam pandemias - Portal Tela Portugal\" \/>\n<meta property=\"og:description\" content=\"Publica\u00e7\u00e3o nas redes sociais afirma ter e-mails entre Bill Gates e Jeffrey Epstein para \u201cplanear pandemias\u201d em 2017, mas n\u00e3o h\u00e1 provas no material p\u00fablico. Os e-mails citados t\u00eam datas de 19 e 20 de mar\u00e7o de 2015 e 3 de mar\u00e7o de 2017; o conte\u00fado n\u00e3o descreve Gates como destinat\u00e1rio em todos os casos. Em 2015 falava-se de prepara\u00e7\u00e3o para pandemias e de envolver a Organiza\u00e7\u00e3o Mundial de Sa\u00fade e a Cruz Vermelha Internacional; n\u00e3o h\u00e1 men\u00e7\u00e3o ao CDC. Existe um encontro em Genebra em 2015 sobre pandemias, organizado pelo Instituto Internacional da Paz, com participa\u00e7\u00e3o de OMS e Cruz Vermelha, e men\u00e7\u00e3o ao trabalho com a Funda\u00e7\u00e3o Bill e Melinda Gates para combater a poliomielite. Exerc\u00edcios de simula\u00e7\u00e3o de pandemias s\u00e3o comuns e n\u00e3o constituem previs\u00e3o ou planeamento de eventos reais; verifica\u00e7\u00f5es de fontes independentes conclu\u00edram que os e-mails n\u00e3o comprovam a ideia de que Gates e Epstein planeavam pandemias.\" \/>\n<meta property=\"og:url\" content=\"https:\/\/portaltela.pt\/noticias\/2026\/04\/01\/e-mails-partilhados-nao-comprovam-que-gates-e-epstein-planearam-pandemias\/\" \/>\n<meta property=\"og:site_name\" content=\"Portal Tela Portugal\" \/>\n<meta property=\"article:published_time\" content=\"2026-04-01T17:17:22+00:00\" \/>\n<meta name=\"author\" content=\"Telinha\" \/>\n<meta name=\"twitter:card\" content=\"summary_large_image\" \/>\n<meta name=\"twitter:label1\" content=\"Escrito por\" \/>\n\t<meta name=\"twitter:data1\" content=\"Telinha\" \/>\n\t<meta name=\"twitter:label2\" content=\"Tempo estimado de leitura\" \/>\n\t<meta name=\"twitter:data2\" content=\"2 minutos\" \/>\n<script type=\"application\/ld+json\" class=\"yoast-schema-graph\">{\"@context\":\"https:\/\/schema.org\",\"@graph\":[{\"@type\":\"Article\",\"@id\":\"https:\/\/portaltela.pt\/noticias\/2026\/04\/01\/e-mails-partilhados-nao-comprovam-que-gates-e-epstein-planearam-pandemias\/#article\",\"isPartOf\":{\"@id\":\"https:\/\/portaltela.pt\/noticias\/2026\/04\/01\/e-mails-partilhados-nao-comprovam-que-gates-e-epstein-planearam-pandemias\/\"},\"author\":{\"name\":\"Telinha\",\"@id\":\"https:\/\/portaltela.pt\/#\/schema\/person\/c4278d4a6028830caff9ee44b42d32ed\"},\"headline\":\"E-mails partilhados n\u00e3o comprovam que Gates e Epstein planearam pandemias\",\"datePublished\":\"2026-04-01T17:17:22+00:00\",\"mainEntityOfPage\":{\"@id\":\"https:\/\/portaltela.pt\/noticias\/2026\/04\/01\/e-mails-partilhados-nao-comprovam-que-gates-e-epstein-planearam-pandemias\/\"},\"wordCount\":412,\"image\":{\"@id\":\"https:\/\/portaltela.pt\/noticias\/2026\/04\/01\/e-mails-partilhados-nao-comprovam-que-gates-e-epstein-planearam-pandemias\/#primaryimage\"},\"thumbnailUrl\":\"https:\/\/portaltela.pt\/s.01k8rhncp4jt1\/2026\/04\/2078537.jpg\",\"keywords\":[\"@analysis\",\"ci\u00eancia\",\"desinforma\u00e7\u00e3o\",\"informa\u00e7\u00e3o internacional\",\"informa\u00e7\u00e3o p\u00fablica\",\"not\u00edcia\"],\"articleSection\":[\"Medicina\",\"Sa\u00fade\"],\"inLanguage\":\"pt-PT\"},{\"@type\":\"WebPage\",\"@id\":\"https:\/\/portaltela.pt\/noticias\/2026\/04\/01\/e-mails-partilhados-nao-comprovam-que-gates-e-epstein-planearam-pandemias\/\",\"url\":\"https:\/\/portaltela.pt\/noticias\/2026\/04\/01\/e-mails-partilhados-nao-comprovam-que-gates-e-epstein-planearam-pandemias\/\",\"name\":\"E-mails partilhados n\u00e3o comprovam que Gates e Epstein planearam pandemias - Portal Tela Portugal\",\"isPartOf\":{\"@id\":\"https:\/\/portaltela.pt\/#website\"},\"primaryImageOfPage\":{\"@id\":\"https:\/\/portaltela.pt\/noticias\/2026\/04\/01\/e-mails-partilhados-nao-comprovam-que-gates-e-epstein-planearam-pandemias\/#primaryimage\"},\"image\":{\"@id\":\"https:\/\/portaltela.pt\/noticias\/2026\/04\/01\/e-mails-partilhados-nao-comprovam-que-gates-e-epstein-planearam-pandemias\/#primaryimage\"},\"thumbnailUrl\":\"https:\/\/portaltela.pt\/s.01k8rhncp4jt1\/2026\/04\/2078537.jpg\",\"datePublished\":\"2026-04-01T17:17:22+00:00\",\"author\":{\"@id\":\"https:\/\/portaltela.pt\/#\/schema\/person\/c4278d4a6028830caff9ee44b42d32ed\"},\"breadcrumb\":{\"@id\":\"https:\/\/portaltela.pt\/noticias\/2026\/04\/01\/e-mails-partilhados-nao-comprovam-que-gates-e-epstein-planearam-pandemias\/#breadcrumb\"},\"inLanguage\":\"pt-PT\",\"potentialAction\":[{\"@type\":\"ReadAction\",\"target\":[\"https:\/\/portaltela.pt\/noticias\/2026\/04\/01\/e-mails-partilhados-nao-comprovam-que-gates-e-epstein-planearam-pandemias\/\"]}]},{\"@type\":\"ImageObject\",\"inLanguage\":\"pt-PT\",\"@id\":\"https:\/\/portaltela.pt\/noticias\/2026\/04\/01\/e-mails-partilhados-nao-comprovam-que-gates-e-epstein-planearam-pandemias\/#primaryimage\",\"url\":\"https:\/\/portaltela.pt\/s.01k8rhncp4jt1\/2026\/04\/2078537.jpg\",\"contentUrl\":\"https:\/\/portaltela.pt\/s.01k8rhncp4jt1\/2026\/04\/2078537.jpg\",\"width\":796,\"height\":448,\"caption\":\"Publica\u00e7\u00f5es nas redes associam *e-mails* entre Epstein e Gates a alegadas \\\"simula\u00e7\u00f5es de pandemias\\\"\"},{\"@type\":\"BreadcrumbList\",\"@id\":\"https:\/\/portaltela.pt\/noticias\/2026\/04\/01\/e-mails-partilhados-nao-comprovam-que-gates-e-epstein-planearam-pandemias\/#breadcrumb\",\"itemListElement\":[{\"@type\":\"ListItem\",\"position\":1,\"name\":\"In\u00edcio\",\"item\":\"https:\/\/portaltela.pt\/\"},{\"@type\":\"ListItem\",\"position\":2,\"name\":\"E-mails partilhados n\u00e3o comprovam que Gates e Epstein planearam pandemias\"}]},{\"@type\":\"WebSite\",\"@id\":\"https:\/\/portaltela.pt\/#website\",\"url\":\"https:\/\/portaltela.pt\/\",\"name\":\"Portal Tela Portugal\",\"description\":\"\",\"potentialAction\":[{\"@type\":\"SearchAction\",\"target\":{\"@type\":\"EntryPoint\",\"urlTemplate\":\"https:\/\/portaltela.pt\/?s={search_term_string}\"},\"query-input\":{\"@type\":\"PropertyValueSpecification\",\"valueRequired\":true,\"valueName\":\"search_term_string\"}}],\"inLanguage\":\"pt-PT\"},{\"@type\":\"Person\",\"@id\":\"https:\/\/portaltela.pt\/#\/schema\/person\/c4278d4a6028830caff9ee44b42d32ed\",\"name\":\"Telinha\",\"image\":{\"@type\":\"ImageObject\",\"inLanguage\":\"pt-PT\",\"@id\":\"https:\/\/portaltela.pt\/s.01k8rhncp4jt1\/2025\/11\/talking-bot-125x125.png\",\"url\":\"https:\/\/portaltela.pt\/s.01k8rhncp4jt1\/2025\/11\/talking-bot-125x125.png\",\"contentUrl\":\"https:\/\/portaltela.pt\/s.01k8rhncp4jt1\/2025\/11\/talking-bot-125x125.png\",\"caption\":\"Telinha\"},\"sameAs\":[\"https:\/\/portaltela.pt\/\"],\"url\":\"https:\/\/portaltela.pt\/por\/367410592786\/\"}]}<\/script>\n<!-- \/ Yoast SEO plugin. -->","yoast_head_json":{"title":"E-mails partilhados n\u00e3o comprovam que Gates e Epstein planearam pandemias - Portal Tela Portugal","robots":{"index":"index","follow":"follow","max-snippet":"max-snippet:-1","max-image-preview":"max-image-preview:large","max-video-preview":"max-video-preview:-1"},"og_locale":"pt_PT","og_type":"article","og_title":"E-mails partilhados n\u00e3o comprovam que Gates e Epstein planearam pandemias - Portal Tela Portugal","og_description":"Publica\u00e7\u00e3o nas redes sociais afirma ter e-mails entre Bill Gates e Jeffrey Epstein para \u201cplanear pandemias\u201d em 2017, mas n\u00e3o h\u00e1 provas no material p\u00fablico. Os e-mails citados t\u00eam datas de 19 e 20 de mar\u00e7o de 2015 e 3 de mar\u00e7o de 2017; o conte\u00fado n\u00e3o descreve Gates como destinat\u00e1rio em todos os casos. Em 2015 falava-se de prepara\u00e7\u00e3o para pandemias e de envolver a Organiza\u00e7\u00e3o Mundial de Sa\u00fade e a Cruz Vermelha Internacional; n\u00e3o h\u00e1 men\u00e7\u00e3o ao CDC. Existe um encontro em Genebra em 2015 sobre pandemias, organizado pelo Instituto Internacional da Paz, com participa\u00e7\u00e3o de OMS e Cruz Vermelha, e men\u00e7\u00e3o ao trabalho com a Funda\u00e7\u00e3o Bill e Melinda Gates para combater a poliomielite. Exerc\u00edcios de simula\u00e7\u00e3o de pandemias s\u00e3o comuns e n\u00e3o constituem previs\u00e3o ou planeamento de eventos reais; verifica\u00e7\u00f5es de fontes independentes conclu\u00edram que os e-mails n\u00e3o comprovam a ideia de que Gates e Epstein planeavam pandemias.","og_url":"https:\/\/portaltela.pt\/noticias\/2026\/04\/01\/e-mails-partilhados-nao-comprovam-que-gates-e-epstein-planearam-pandemias\/","og_site_name":"Portal Tela Portugal","article_published_time":"2026-04-01T17:17:22+00:00","author":"Telinha","twitter_card":"summary_large_image","twitter_misc":{"Escrito por":"Telinha","Tempo estimado de leitura":"2 minutos"},"schema":{"@context":"https:\/\/schema.org","@graph":[{"@type":"Article","@id":"https:\/\/portaltela.pt\/noticias\/2026\/04\/01\/e-mails-partilhados-nao-comprovam-que-gates-e-epstein-planearam-pandemias\/#article","isPartOf":{"@id":"https:\/\/portaltela.pt\/noticias\/2026\/04\/01\/e-mails-partilhados-nao-comprovam-que-gates-e-epstein-planearam-pandemias\/"},"author":{"name":"Telinha","@id":"https:\/\/portaltela.pt\/#\/schema\/person\/c4278d4a6028830caff9ee44b42d32ed"},"headline":"E-mails partilhados n\u00e3o comprovam que Gates e Epstein planearam pandemias","datePublished":"2026-04-01T17:17:22+00:00","mainEntityOfPage":{"@id":"https:\/\/portaltela.pt\/noticias\/2026\/04\/01\/e-mails-partilhados-nao-comprovam-que-gates-e-epstein-planearam-pandemias\/"},"wordCount":412,"image":{"@id":"https:\/\/portaltela.pt\/noticias\/2026\/04\/01\/e-mails-partilhados-nao-comprovam-que-gates-e-epstein-planearam-pandemias\/#primaryimage"},"thumbnailUrl":"https:\/\/portaltela.pt\/s.01k8rhncp4jt1\/2026\/04\/2078537.jpg","keywords":["@analysis","ci\u00eancia","desinforma\u00e7\u00e3o","informa\u00e7\u00e3o internacional","informa\u00e7\u00e3o p\u00fablica","not\u00edcia"],"articleSection":["Medicina","Sa\u00fade"],"inLanguage":"pt-PT"},{"@type":"WebPage","@id":"https:\/\/portaltela.pt\/noticias\/2026\/04\/01\/e-mails-partilhados-nao-comprovam-que-gates-e-epstein-planearam-pandemias\/","url":"https:\/\/portaltela.pt\/noticias\/2026\/04\/01\/e-mails-partilhados-nao-comprovam-que-gates-e-epstein-planearam-pandemias\/","name":"E-mails partilhados n\u00e3o comprovam que Gates e Epstein planearam pandemias - Portal Tela Portugal","isPartOf":{"@id":"https:\/\/portaltela.pt\/#website"},"primaryImageOfPage":{"@id":"https:\/\/portaltela.pt\/noticias\/2026\/04\/01\/e-mails-partilhados-nao-comprovam-que-gates-e-epstein-planearam-pandemias\/#primaryimage"},"image":{"@id":"https:\/\/portaltela.pt\/noticias\/2026\/04\/01\/e-mails-partilhados-nao-comprovam-que-gates-e-epstein-planearam-pandemias\/#primaryimage"},"thumbnailUrl":"https:\/\/portaltela.pt\/s.01k8rhncp4jt1\/2026\/04\/2078537.jpg","datePublished":"2026-04-01T17:17:22+00:00","author":{"@id":"https:\/\/portaltela.pt\/#\/schema\/person\/c4278d4a6028830caff9ee44b42d32ed"},"breadcrumb":{"@id":"https:\/\/portaltela.pt\/noticias\/2026\/04\/01\/e-mails-partilhados-nao-comprovam-que-gates-e-epstein-planearam-pandemias\/#breadcrumb"},"inLanguage":"pt-PT","potentialAction":[{"@type":"ReadAction","target":["https:\/\/portaltela.pt\/noticias\/2026\/04\/01\/e-mails-partilhados-nao-comprovam-que-gates-e-epstein-planearam-pandemias\/"]}]},{"@type":"ImageObject","inLanguage":"pt-PT","@id":"https:\/\/portaltela.pt\/noticias\/2026\/04\/01\/e-mails-partilhados-nao-comprovam-que-gates-e-epstein-planearam-pandemias\/#primaryimage","url":"https:\/\/portaltela.pt\/s.01k8rhncp4jt1\/2026\/04\/2078537.jpg","contentUrl":"https:\/\/portaltela.pt\/s.01k8rhncp4jt1\/2026\/04\/2078537.jpg","width":796,"height":448,"caption":"Publica\u00e7\u00f5es nas redes associam *e-mails* entre Epstein e Gates a alegadas \"simula\u00e7\u00f5es de pandemias\""},{"@type":"BreadcrumbList","@id":"https:\/\/portaltela.pt\/noticias\/2026\/04\/01\/e-mails-partilhados-nao-comprovam-que-gates-e-epstein-planearam-pandemias\/#breadcrumb","itemListElement":[{"@type":"ListItem","position":1,"name":"In\u00edcio","item":"https:\/\/portaltela.pt\/"},{"@type":"ListItem","position":2,"name":"E-mails partilhados n\u00e3o comprovam que Gates e Epstein planearam pandemias"}]},{"@type":"WebSite","@id":"https:\/\/portaltela.pt\/#website","url":"https:\/\/portaltela.pt\/","name":"Portal Tela Portugal","description":"","potentialAction":[{"@type":"SearchAction","target":{"@type":"EntryPoint","urlTemplate":"https:\/\/portaltela.pt\/?s={search_term_string}"},"query-input":{"@type":"PropertyValueSpecification","valueRequired":true,"valueName":"search_term_string"}}],"inLanguage":"pt-PT"},{"@type":"Person","@id":"https:\/\/portaltela.pt\/#\/schema\/person\/c4278d4a6028830caff9ee44b42d32ed","name":"Telinha","image":{"@type":"ImageObject","inLanguage":"pt-PT","@id":"https:\/\/portaltela.pt\/s.01k8rhncp4jt1\/2025\/11\/talking-bot-125x125.png","url":"https:\/\/portaltela.pt\/s.01k8rhncp4jt1\/2025\/11\/talking-bot-125x125.png","contentUrl":"https:\/\/portaltela.pt\/s.01k8rhncp4jt1\/2025\/11\/talking-bot-125x125.png","caption":"Telinha"},"sameAs":["https:\/\/portaltela.pt\/"],"url":"https:\/\/portaltela.pt\/por\/367410592786\/"}]}},"_links":{"self":[{"href":"https:\/\/portaltela.pt\/api\/wp\/v2\/posts\/429524","targetHints":{"allow":["GET"]}}],"collection":[{"href":"https:\/\/portaltela.pt\/api\/wp\/v2\/posts"}],"about":[{"href":"https:\/\/portaltela.pt\/api\/wp\/v2\/types\/post"}],"author":[{"embeddable":true,"href":"https:\/\/portaltela.pt\/api\/wp\/v2\/users\/2"}],"replies":[{"embeddable":true,"href":"https:\/\/portaltela.pt\/api\/wp\/v2\/comments?post=429524"}],"version-history":[{"count":0,"href":"https:\/\/portaltela.pt\/api\/wp\/v2\/posts\/429524\/revisions"}],"wp:featuredmedia":[{"embeddable":true,"href":"https:\/\/portaltela.pt\/api\/wp\/v2\/media\/429529"}],"wp:attachment":[{"href":"https:\/\/portaltela.pt\/api\/wp\/v2\/media?parent=429524"}],"wp:term":[{"taxonomy":"category","embeddable":true,"href":"https:\/\/portaltela.pt\/api\/wp\/v2\/categories?post=429524"},{"taxonomy":"post_tag","embeddable":true,"href":"https:\/\/portaltela.pt\/api\/wp\/v2\/tags?post=429524"}],"curies":[{"name":"wp","href":"https:\/\/api.w.org\/{rel}","templated":true}]}}