{"id":429516,"date":"2026-04-01T14:17:16","date_gmt":"2026-04-01T17:17:16","guid":{"rendered":"https:\/\/portaltela.pt\/noticias\/2026\/04\/01\/albufeiras-mantem-elevados-niveis-de-agua\/"},"modified":"2026-04-01T14:17:16","modified_gmt":"2026-04-01T17:17:16","slug":"albufeiras-mantem-elevados-niveis-de-agua","status":"publish","type":"post","link":"https:\/\/portaltela.pt\/noticias\/2026\/04\/01\/albufeiras-mantem-elevados-niveis-de-agua\/","title":{"rendered":"Albufeiras mant\u00eam elevados n\u00edveis de \u00e1gua"},"content":{"rendered":"<p>As albufeiras nacionais mant\u00eam significativo volume de \u00e1gua armazenada, gra\u00e7as ao inverno chuvoso. Dados do Sistema Nacional de Informa\u00e7\u00e3o de Recursos H\u00eddricos, relativos a 31 de mar\u00e7o, mostram que, entre 59 barragens monitorizadas, 51 t\u00eam disponibilidades h\u00eddricas superiores a 80% do volume total. N\u00e3o existem barragens com menos de 40%.<\/p>\n<p>O estudo tamb\u00e9m indica que os armazenamentos de mar\u00e7o, por bacia hidrogr\u00e1fica, est\u00e3o, em geral, acima das m\u00e9dias de 1991 a 2025, com exce\u00e7\u00e3o da bacia do Ave. Em compara\u00e7\u00e3o com o \u00faltimo dia de fevereiro, houve aumento do volume armazenado em cinco bacias e redu\u00e7\u00e3o em seis.<\/p>\n<h3>Situa\u00e7\u00e3o por grandes albufeiras<\/h3>\n<p>Aguieira, em Mort\u00e1gua, est\u00e1 com 86,5% de armazenamento. Alqueva, em Moura, registra 97,9%, a apenas quatro cent\u00edmetros da cota de pleno armazenamento. Alto Rabag\u00e3o, em Montalegre, alcan\u00e7a 99,7% (a 9 cent\u00edmetros do n\u00edvel pleno). Castelo de Bode, em Tomar, situa-se a 91,4%.<\/p>\n","protected":false},"excerpt":{"rendered":"<ul>\n<li>Em 31 de mar\u00e7o, 51 das 59 albufeiras monitorizadas tinham disponibilidades h\u00eddricas superiores a 80% do volume total, e nenhuma ficava abaixo de 40%.<\/li>\n<li>Os armazenamentos de mar\u00e7o, por bacia, ficaram acima da m\u00e9dia de 1991 a 2025, com exce\u00e7\u00e3o da bacia do Ave.<\/li>\n<li>Em rela\u00e7\u00e3o ao \u00faltimo dia de fevereiro, houve aumento do volume armazenado em cinco bacias e diminui\u00e7\u00e3o em seis.<\/li>\n<li>Entre as maiores albufeiras, Aguieira est\u00e1 com 86,5% de armazenamento; Alqueva, 97,9% (a apenas quatro cent\u00edmetros do pleno); Alto Rabag\u00e3o, 99,7% (a nove cent\u00edmetros do pleno); Castelo de Bode, 91,4%.<\/li>\n<li>O inverno chuvoso sustenta os n\u00edveis de \u00e1gua nas albufeiras nacionais.<\/li>\n<\/ul>\n","protected":false},"author":2,"featured_media":429518,"comment_status":"closed","ping_status":"closed","sticky":false,"template":"","format":"standard","meta":{"footnotes":""},"categories":[6725,1],"tags":[1503,1090,5080,2097,2396,1088],"class_list":["post-429516","post","type-post","status-publish","format-standard","has-post-thumbnail","hentry","category-meio-ambiente","category-noticias","tag-abastecimento-de-agua","tag-agua","tag-alqueva","tag-mortagua","tag-moura","tag-tomar"],"yoast_head":"<!-- This site is optimized with the Yoast SEO plugin v27.2 - https:\/\/yoast.com\/product\/yoast-seo-wordpress\/ -->\n<title>Albufeiras mant\u00eam elevados n\u00edveis de \u00e1gua - Portal Tela Portugal<\/title>\n<meta name=\"robots\" content=\"index, follow, max-snippet:-1, max-image-preview:large, max-video-preview:-1\" \/>\n<meta property=\"og:locale\" content=\"pt_PT\" \/>\n<meta property=\"og:type\" content=\"article\" \/>\n<meta property=\"og:title\" content=\"Albufeiras mant\u00eam elevados n\u00edveis de \u00e1gua - Portal Tela Portugal\" \/>\n<meta property=\"og:description\" content=\"Em 31 de mar\u00e7o, 51 das 59 albufeiras monitorizadas tinham disponibilidades h\u00eddricas superiores a 80% do volume total, e nenhuma ficava abaixo de 40%. Os armazenamentos de mar\u00e7o, por bacia, ficaram acima da m\u00e9dia de 1991 a 2025, com exce\u00e7\u00e3o da bacia do Ave. Em rela\u00e7\u00e3o ao \u00faltimo dia de fevereiro, houve aumento do volume armazenado em cinco bacias e diminui\u00e7\u00e3o em seis. Entre as maiores albufeiras, Aguieira est\u00e1 com 86,5% de armazenamento; Alqueva, 97,9% (a apenas quatro cent\u00edmetros do pleno); Alto Rabag\u00e3o, 99,7% (a nove cent\u00edmetros do pleno); Castelo de Bode, 91,4%. O inverno chuvoso sustenta os n\u00edveis de \u00e1gua nas albufeiras nacionais.\" \/>\n<meta property=\"og:url\" content=\"https:\/\/portaltela.pt\/noticias\/2026\/04\/01\/albufeiras-mantem-elevados-niveis-de-agua\/\" \/>\n<meta property=\"og:site_name\" content=\"Portal Tela Portugal\" \/>\n<meta property=\"article:published_time\" content=\"2026-04-01T17:17:16+00:00\" \/>\n<meta name=\"author\" content=\"Telinha\" \/>\n<meta name=\"twitter:card\" content=\"summary_large_image\" \/>\n<meta name=\"twitter:label1\" content=\"Escrito por\" \/>\n\t<meta name=\"twitter:data1\" content=\"Telinha\" \/>\n\t<meta name=\"twitter:label2\" content=\"Tempo estimado de leitura\" \/>\n\t<meta name=\"twitter:data2\" content=\"1 minuto\" \/>\n<script type=\"application\/ld+json\" class=\"yoast-schema-graph\">{\"@context\":\"https:\/\/schema.org\",\"@graph\":[{\"@type\":\"Article\",\"@id\":\"https:\/\/portaltela.pt\/noticias\/2026\/04\/01\/albufeiras-mantem-elevados-niveis-de-agua\/#article\",\"isPartOf\":{\"@id\":\"https:\/\/portaltela.pt\/noticias\/2026\/04\/01\/albufeiras-mantem-elevados-niveis-de-agua\/\"},\"author\":{\"name\":\"Telinha\",\"@id\":\"https:\/\/portaltela.pt\/#\/schema\/person\/c4278d4a6028830caff9ee44b42d32ed\"},\"headline\":\"Albufeiras mant\u00eam elevados n\u00edveis de \u00e1gua\",\"datePublished\":\"2026-04-01T17:17:16+00:00\",\"mainEntityOfPage\":{\"@id\":\"https:\/\/portaltela.pt\/noticias\/2026\/04\/01\/albufeiras-mantem-elevados-niveis-de-agua\/\"},\"wordCount\":163,\"image\":{\"@id\":\"https:\/\/portaltela.pt\/noticias\/2026\/04\/01\/albufeiras-mantem-elevados-niveis-de-agua\/#primaryimage\"},\"thumbnailUrl\":\"https:\/\/portaltela.pt\/s.01k8rhncp4jt1\/2026\/04\/img_1500x1000uu2023-10-22-20-02-19-1474190.jpg\",\"keywords\":[\"abastecimento de \u00e1gua\",\"\u00e1gua\",\"Alqueva\",\"Mort\u00e1gua\",\"Moura\",\"Tomar\"],\"articleSection\":[\"Meio Ambiente\",\"Not\u00edcias\"],\"inLanguage\":\"pt-PT\"},{\"@type\":\"WebPage\",\"@id\":\"https:\/\/portaltela.pt\/noticias\/2026\/04\/01\/albufeiras-mantem-elevados-niveis-de-agua\/\",\"url\":\"https:\/\/portaltela.pt\/noticias\/2026\/04\/01\/albufeiras-mantem-elevados-niveis-de-agua\/\",\"name\":\"Albufeiras mant\u00eam elevados n\u00edveis de \u00e1gua - Portal Tela Portugal\",\"isPartOf\":{\"@id\":\"https:\/\/portaltela.pt\/#website\"},\"primaryImageOfPage\":{\"@id\":\"https:\/\/portaltela.pt\/noticias\/2026\/04\/01\/albufeiras-mantem-elevados-niveis-de-agua\/#primaryimage\"},\"image\":{\"@id\":\"https:\/\/portaltela.pt\/noticias\/2026\/04\/01\/albufeiras-mantem-elevados-niveis-de-agua\/#primaryimage\"},\"thumbnailUrl\":\"https:\/\/portaltela.pt\/s.01k8rhncp4jt1\/2026\/04\/img_1500x1000uu2023-10-22-20-02-19-1474190.jpg\",\"datePublished\":\"2026-04-01T17:17:16+00:00\",\"author\":{\"@id\":\"https:\/\/portaltela.pt\/#\/schema\/person\/c4278d4a6028830caff9ee44b42d32ed\"},\"breadcrumb\":{\"@id\":\"https:\/\/portaltela.pt\/noticias\/2026\/04\/01\/albufeiras-mantem-elevados-niveis-de-agua\/#breadcrumb\"},\"inLanguage\":\"pt-PT\",\"potentialAction\":[{\"@type\":\"ReadAction\",\"target\":[\"https:\/\/portaltela.pt\/noticias\/2026\/04\/01\/albufeiras-mantem-elevados-niveis-de-agua\/\"]}]},{\"@type\":\"ImageObject\",\"inLanguage\":\"pt-PT\",\"@id\":\"https:\/\/portaltela.pt\/noticias\/2026\/04\/01\/albufeiras-mantem-elevados-niveis-de-agua\/#primaryimage\",\"url\":\"https:\/\/portaltela.pt\/s.01k8rhncp4jt1\/2026\/04\/img_1500x1000uu2023-10-22-20-02-19-1474190.jpg\",\"contentUrl\":\"https:\/\/portaltela.pt\/s.01k8rhncp4jt1\/2026\/04\/img_1500x1000uu2023-10-22-20-02-19-1474190.jpg\",\"width\":796,\"height\":448,\"caption\":\"Barragem de Alqueva est\u00e1 quase na cota m\u00e1xima de armazenamento\"},{\"@type\":\"BreadcrumbList\",\"@id\":\"https:\/\/portaltela.pt\/noticias\/2026\/04\/01\/albufeiras-mantem-elevados-niveis-de-agua\/#breadcrumb\",\"itemListElement\":[{\"@type\":\"ListItem\",\"position\":1,\"name\":\"In\u00edcio\",\"item\":\"https:\/\/portaltela.pt\/\"},{\"@type\":\"ListItem\",\"position\":2,\"name\":\"Albufeiras mant\u00eam elevados n\u00edveis de \u00e1gua\"}]},{\"@type\":\"WebSite\",\"@id\":\"https:\/\/portaltela.pt\/#website\",\"url\":\"https:\/\/portaltela.pt\/\",\"name\":\"Portal Tela Portugal\",\"description\":\"\",\"potentialAction\":[{\"@type\":\"SearchAction\",\"target\":{\"@type\":\"EntryPoint\",\"urlTemplate\":\"https:\/\/portaltela.pt\/?s={search_term_string}\"},\"query-input\":{\"@type\":\"PropertyValueSpecification\",\"valueRequired\":true,\"valueName\":\"search_term_string\"}}],\"inLanguage\":\"pt-PT\"},{\"@type\":\"Person\",\"@id\":\"https:\/\/portaltela.pt\/#\/schema\/person\/c4278d4a6028830caff9ee44b42d32ed\",\"name\":\"Telinha\",\"image\":{\"@type\":\"ImageObject\",\"inLanguage\":\"pt-PT\",\"@id\":\"https:\/\/portaltela.pt\/s.01k8rhncp4jt1\/2025\/11\/talking-bot-125x125.png\",\"url\":\"https:\/\/portaltela.pt\/s.01k8rhncp4jt1\/2025\/11\/talking-bot-125x125.png\",\"contentUrl\":\"https:\/\/portaltela.pt\/s.01k8rhncp4jt1\/2025\/11\/talking-bot-125x125.png\",\"caption\":\"Telinha\"},\"sameAs\":[\"https:\/\/portaltela.pt\/\"],\"url\":\"https:\/\/portaltela.pt\/por\/367410592786\/\"}]}<\/script>\n<!-- \/ Yoast SEO plugin. -->","yoast_head_json":{"title":"Albufeiras mant\u00eam elevados n\u00edveis de \u00e1gua - Portal Tela Portugal","robots":{"index":"index","follow":"follow","max-snippet":"max-snippet:-1","max-image-preview":"max-image-preview:large","max-video-preview":"max-video-preview:-1"},"og_locale":"pt_PT","og_type":"article","og_title":"Albufeiras mant\u00eam elevados n\u00edveis de \u00e1gua - Portal Tela Portugal","og_description":"Em 31 de mar\u00e7o, 51 das 59 albufeiras monitorizadas tinham disponibilidades h\u00eddricas superiores a 80% do volume total, e nenhuma ficava abaixo de 40%. Os armazenamentos de mar\u00e7o, por bacia, ficaram acima da m\u00e9dia de 1991 a 2025, com exce\u00e7\u00e3o da bacia do Ave. Em rela\u00e7\u00e3o ao \u00faltimo dia de fevereiro, houve aumento do volume armazenado em cinco bacias e diminui\u00e7\u00e3o em seis. Entre as maiores albufeiras, Aguieira est\u00e1 com 86,5% de armazenamento; Alqueva, 97,9% (a apenas quatro cent\u00edmetros do pleno); Alto Rabag\u00e3o, 99,7% (a nove cent\u00edmetros do pleno); Castelo de Bode, 91,4%. O inverno chuvoso sustenta os n\u00edveis de \u00e1gua nas albufeiras nacionais.","og_url":"https:\/\/portaltela.pt\/noticias\/2026\/04\/01\/albufeiras-mantem-elevados-niveis-de-agua\/","og_site_name":"Portal Tela Portugal","article_published_time":"2026-04-01T17:17:16+00:00","author":"Telinha","twitter_card":"summary_large_image","twitter_misc":{"Escrito por":"Telinha","Tempo estimado de leitura":"1 minuto"},"schema":{"@context":"https:\/\/schema.org","@graph":[{"@type":"Article","@id":"https:\/\/portaltela.pt\/noticias\/2026\/04\/01\/albufeiras-mantem-elevados-niveis-de-agua\/#article","isPartOf":{"@id":"https:\/\/portaltela.pt\/noticias\/2026\/04\/01\/albufeiras-mantem-elevados-niveis-de-agua\/"},"author":{"name":"Telinha","@id":"https:\/\/portaltela.pt\/#\/schema\/person\/c4278d4a6028830caff9ee44b42d32ed"},"headline":"Albufeiras mant\u00eam elevados n\u00edveis de \u00e1gua","datePublished":"2026-04-01T17:17:16+00:00","mainEntityOfPage":{"@id":"https:\/\/portaltela.pt\/noticias\/2026\/04\/01\/albufeiras-mantem-elevados-niveis-de-agua\/"},"wordCount":163,"image":{"@id":"https:\/\/portaltela.pt\/noticias\/2026\/04\/01\/albufeiras-mantem-elevados-niveis-de-agua\/#primaryimage"},"thumbnailUrl":"https:\/\/portaltela.pt\/s.01k8rhncp4jt1\/2026\/04\/img_1500x1000uu2023-10-22-20-02-19-1474190.jpg","keywords":["abastecimento de \u00e1gua","\u00e1gua","Alqueva","Mort\u00e1gua","Moura","Tomar"],"articleSection":["Meio Ambiente","Not\u00edcias"],"inLanguage":"pt-PT"},{"@type":"WebPage","@id":"https:\/\/portaltela.pt\/noticias\/2026\/04\/01\/albufeiras-mantem-elevados-niveis-de-agua\/","url":"https:\/\/portaltela.pt\/noticias\/2026\/04\/01\/albufeiras-mantem-elevados-niveis-de-agua\/","name":"Albufeiras mant\u00eam elevados n\u00edveis de \u00e1gua - Portal Tela Portugal","isPartOf":{"@id":"https:\/\/portaltela.pt\/#website"},"primaryImageOfPage":{"@id":"https:\/\/portaltela.pt\/noticias\/2026\/04\/01\/albufeiras-mantem-elevados-niveis-de-agua\/#primaryimage"},"image":{"@id":"https:\/\/portaltela.pt\/noticias\/2026\/04\/01\/albufeiras-mantem-elevados-niveis-de-agua\/#primaryimage"},"thumbnailUrl":"https:\/\/portaltela.pt\/s.01k8rhncp4jt1\/2026\/04\/img_1500x1000uu2023-10-22-20-02-19-1474190.jpg","datePublished":"2026-04-01T17:17:16+00:00","author":{"@id":"https:\/\/portaltela.pt\/#\/schema\/person\/c4278d4a6028830caff9ee44b42d32ed"},"breadcrumb":{"@id":"https:\/\/portaltela.pt\/noticias\/2026\/04\/01\/albufeiras-mantem-elevados-niveis-de-agua\/#breadcrumb"},"inLanguage":"pt-PT","potentialAction":[{"@type":"ReadAction","target":["https:\/\/portaltela.pt\/noticias\/2026\/04\/01\/albufeiras-mantem-elevados-niveis-de-agua\/"]}]},{"@type":"ImageObject","inLanguage":"pt-PT","@id":"https:\/\/portaltela.pt\/noticias\/2026\/04\/01\/albufeiras-mantem-elevados-niveis-de-agua\/#primaryimage","url":"https:\/\/portaltela.pt\/s.01k8rhncp4jt1\/2026\/04\/img_1500x1000uu2023-10-22-20-02-19-1474190.jpg","contentUrl":"https:\/\/portaltela.pt\/s.01k8rhncp4jt1\/2026\/04\/img_1500x1000uu2023-10-22-20-02-19-1474190.jpg","width":796,"height":448,"caption":"Barragem de Alqueva est\u00e1 quase na cota m\u00e1xima de armazenamento"},{"@type":"BreadcrumbList","@id":"https:\/\/portaltela.pt\/noticias\/2026\/04\/01\/albufeiras-mantem-elevados-niveis-de-agua\/#breadcrumb","itemListElement":[{"@type":"ListItem","position":1,"name":"In\u00edcio","item":"https:\/\/portaltela.pt\/"},{"@type":"ListItem","position":2,"name":"Albufeiras mant\u00eam elevados n\u00edveis de \u00e1gua"}]},{"@type":"WebSite","@id":"https:\/\/portaltela.pt\/#website","url":"https:\/\/portaltela.pt\/","name":"Portal Tela Portugal","description":"","potentialAction":[{"@type":"SearchAction","target":{"@type":"EntryPoint","urlTemplate":"https:\/\/portaltela.pt\/?s={search_term_string}"},"query-input":{"@type":"PropertyValueSpecification","valueRequired":true,"valueName":"search_term_string"}}],"inLanguage":"pt-PT"},{"@type":"Person","@id":"https:\/\/portaltela.pt\/#\/schema\/person\/c4278d4a6028830caff9ee44b42d32ed","name":"Telinha","image":{"@type":"ImageObject","inLanguage":"pt-PT","@id":"https:\/\/portaltela.pt\/s.01k8rhncp4jt1\/2025\/11\/talking-bot-125x125.png","url":"https:\/\/portaltela.pt\/s.01k8rhncp4jt1\/2025\/11\/talking-bot-125x125.png","contentUrl":"https:\/\/portaltela.pt\/s.01k8rhncp4jt1\/2025\/11\/talking-bot-125x125.png","caption":"Telinha"},"sameAs":["https:\/\/portaltela.pt\/"],"url":"https:\/\/portaltela.pt\/por\/367410592786\/"}]}},"_links":{"self":[{"href":"https:\/\/portaltela.pt\/api\/wp\/v2\/posts\/429516","targetHints":{"allow":["GET"]}}],"collection":[{"href":"https:\/\/portaltela.pt\/api\/wp\/v2\/posts"}],"about":[{"href":"https:\/\/portaltela.pt\/api\/wp\/v2\/types\/post"}],"author":[{"embeddable":true,"href":"https:\/\/portaltela.pt\/api\/wp\/v2\/users\/2"}],"replies":[{"embeddable":true,"href":"https:\/\/portaltela.pt\/api\/wp\/v2\/comments?post=429516"}],"version-history":[{"count":0,"href":"https:\/\/portaltela.pt\/api\/wp\/v2\/posts\/429516\/revisions"}],"wp:featuredmedia":[{"embeddable":true,"href":"https:\/\/portaltela.pt\/api\/wp\/v2\/media\/429518"}],"wp:attachment":[{"href":"https:\/\/portaltela.pt\/api\/wp\/v2\/media?parent=429516"}],"wp:term":[{"taxonomy":"category","embeddable":true,"href":"https:\/\/portaltela.pt\/api\/wp\/v2\/categories?post=429516"},{"taxonomy":"post_tag","embeddable":true,"href":"https:\/\/portaltela.pt\/api\/wp\/v2\/tags?post=429516"}],"curies":[{"name":"wp","href":"https:\/\/api.w.org\/{rel}","templated":true}]}}