{"id":429514,"date":"2026-04-01T14:17:14","date_gmt":"2026-04-01T17:17:14","guid":{"rendered":"https:\/\/portaltela.pt\/noticias\/2026\/04\/01\/gyokeres-marca-contra-a-polonia-e-diz-que-nao-vai-esquecer-este-golo\/"},"modified":"2026-04-01T14:17:14","modified_gmt":"2026-04-01T17:17:14","slug":"gyokeres-marca-contra-a-polonia-e-diz-que-nao-vai-esquecer-este-golo","status":"publish","type":"post","link":"https:\/\/portaltela.pt\/desporto\/copa-do-mundo\/2026\/04\/01\/gyokeres-marca-contra-a-polonia-e-diz-que-nao-vai-esquecer-este-golo\/","title":{"rendered":"Gy\u00f6keres marca contra a Pol\u00f3nia e diz que n\u00e3o vai esquecer este golo"},"content":{"rendered":"<p>Viktor Gy\u00f6keres foi a figura decisiva na qualifica\u00e7\u00e3o da Su\u00e9cia para o Mundial, ao marcar o golo que garantiu a vit\u00f3ria frente \u00e0 Pol\u00f3nia na final do playoff. O avan\u00e7ado do Arsenal somou ainda um hat-trick frente \u00e0 Ucr\u00e2nia, na meia-final, consolidando a recupera\u00e7\u00e3o sueca no pathway para o torneio. A conquista ocorreu em casa, diante dos adeptos, e o feito \u00e9 descrito como indescrit\u00edvel pelo jogador.<\/p>\n<p>O jogador sueco explicou que a mudan\u00e7a de rumo no playoff deveu-se a uma atitude coletiva positiva do grupo. A equipa, que chegou \u00e0 final ap\u00f3s somar apenas dois pontos na fase de grupos, mostrou coes\u00e3o e capacidade de resposta nos dois jogos decisivos, segundo o ponta de lan\u00e7a.<\/p>\n<p>Gy\u00f6keres apontou a import\u00e2ncia do apoio dos f\u00e3s, que entoaram o seu nome ap\u00f3s a vit\u00f3ria por 3-2 sobre a Pol\u00f3nia na final do playoff. O atleta, que tamb\u00e9m tem passado por mudan\u00e7as t\u00e9cnicas desde a chegada de Graham Potter ao comando da sele\u00e7\u00e3o, agradeceu o apoio durante as jornadas decisivas.<\/p>\n<p>O selecionador Graham Potter assumiu o papel de lideran\u00e7a no processo de reconfigura\u00e7\u00e3o da equipa, parte essencial do turning point no playoff. O treinador passou a orientar a equipa a partir de 20 de outubro, impulsionando a confian\u00e7a necess\u00e1ria para enfrentar os desafios nos jogos-chave.<\/p>\n<p>A imprensa sueca destacou ainda a emo\u00e7\u00e3o do momento para Gy\u00f6keres, que disse estar ansioso pelo arranque do Mundial e pela possibilidade de descanso entre jogos, mantendo o foco na prepara\u00e7\u00e3o at\u00e9 ao primeiro encontro da competi\u00e7\u00e3o. A imprensa tamb\u00e9m real\u00e7ou o papel do apoio dos adeptos para manter a moral elevada.<\/p>\n","protected":false},"excerpt":{"rendered":"<ul>\n<li>Viktor Gy\u00f6keres, avan\u00e7ado do Arsenal, fez hat-trick diante da Ucr\u00e2nia na meia-final do playoff e marcou o golo decisivo frente \u00e0 Pol\u00f3nia na final, dando \u00e0 Su\u00e9cia o apuramento para o Mundial.<\/li>\n<li>O golo frente \u00e0 Pol\u00f3nia, marcado em casa, foi descrito pelo jogador como indescrit\u00edvel e resultado da cren\u00e7a da equipa at\u00e9 ao fim.<\/li>\n<li>A Su\u00e9cia chegou ao Mundial gra\u00e7as \u00e0 atitude positiva do grupo e \u00e0 coes\u00e3o entre os jogadores, que tornou o conjunto dif\u00edcil de derrotar.<\/li>\n<li>Graham Potter passou a orientar a sele\u00e7\u00e3o sueca a partir de 20 de outubro, ajudando a equipa a transformar o playoff.<\/li>\n<li>Os adeptos entoaram o nome de Gy\u00f6keres ap\u00f3s a vit\u00f3ria sobre a Pol\u00f3nia, numa rea\u00e7\u00e3o que o jogador agradeceu.<\/li>\n<\/ul>\n","protected":false},"author":2,"featured_media":429517,"comment_status":"closed","ping_status":"closed","sticky":false,"template":"","format":"standard","meta":{"footnotes":""},"categories":[6695,21],"tags":[6367,32,3338,242,2057,6366],"class_list":["post-429514","post","type-post","status-publish","format-standard","has-post-thumbnail","hentry","category-copa-do-mundo","category-desporto","tag-copa2026","tag-futebol","tag-futebol-internacional","tag-jogadores","tag-selecao-nacional","tag-selecoes-da-copa-do-mundo"],"yoast_head":"<!-- This site is optimized with the Yoast SEO plugin v27.2 - https:\/\/yoast.com\/product\/yoast-seo-wordpress\/ -->\n<title>Gy\u00f6keres marca contra a Pol\u00f3nia e diz que n\u00e3o vai esquecer este golo - Portal Tela Portugal<\/title>\n<meta name=\"robots\" content=\"index, follow, max-snippet:-1, max-image-preview:large, max-video-preview:-1\" \/>\n<meta property=\"og:locale\" content=\"pt_PT\" \/>\n<meta property=\"og:type\" content=\"article\" \/>\n<meta property=\"og:title\" content=\"Gy\u00f6keres marca contra a Pol\u00f3nia e diz que n\u00e3o vai esquecer este golo - Portal Tela Portugal\" \/>\n<meta property=\"og:description\" content=\"Viktor Gy\u00f6keres, avan\u00e7ado do Arsenal, fez hat-trick diante da Ucr\u00e2nia na meia-final do playoff e marcou o golo decisivo frente \u00e0 Pol\u00f3nia na final, dando \u00e0 Su\u00e9cia o apuramento para o Mundial. O golo frente \u00e0 Pol\u00f3nia, marcado em casa, foi descrito pelo jogador como indescrit\u00edvel e resultado da cren\u00e7a da equipa at\u00e9 ao fim. A Su\u00e9cia chegou ao Mundial gra\u00e7as \u00e0 atitude positiva do grupo e \u00e0 coes\u00e3o entre os jogadores, que tornou o conjunto dif\u00edcil de derrotar. Graham Potter passou a orientar a sele\u00e7\u00e3o sueca a partir de 20 de outubro, ajudando a equipa a transformar o playoff. Os adeptos entoaram o nome de Gy\u00f6keres ap\u00f3s a vit\u00f3ria sobre a Pol\u00f3nia, numa rea\u00e7\u00e3o que o jogador agradeceu.\" \/>\n<meta property=\"og:url\" content=\"https:\/\/portaltela.pt\/noticias\/2026\/04\/01\/gyokeres-marca-contra-a-polonia-e-diz-que-nao-vai-esquecer-este-golo\/\" \/>\n<meta property=\"og:site_name\" content=\"Portal Tela Portugal\" \/>\n<meta property=\"article:published_time\" content=\"2026-04-01T17:17:14+00:00\" \/>\n<meta name=\"author\" content=\"Telinha\" \/>\n<meta name=\"twitter:card\" content=\"summary_large_image\" \/>\n<meta name=\"twitter:label1\" content=\"Escrito por\" \/>\n\t<meta name=\"twitter:data1\" content=\"Telinha\" \/>\n\t<meta name=\"twitter:label2\" content=\"Tempo estimado de leitura\" \/>\n\t<meta name=\"twitter:data2\" content=\"1 minuto\" \/>\n<script type=\"application\/ld+json\" class=\"yoast-schema-graph\">{\"@context\":\"https:\/\/schema.org\",\"@graph\":[{\"@type\":\"Article\",\"@id\":\"https:\/\/portaltela.pt\/noticias\/2026\/04\/01\/gyokeres-marca-contra-a-polonia-e-diz-que-nao-vai-esquecer-este-golo\/#article\",\"isPartOf\":{\"@id\":\"https:\/\/portaltela.pt\/noticias\/2026\/04\/01\/gyokeres-marca-contra-a-polonia-e-diz-que-nao-vai-esquecer-este-golo\/\"},\"author\":{\"name\":\"Telinha\",\"@id\":\"https:\/\/portaltela.pt\/#\/schema\/person\/c4278d4a6028830caff9ee44b42d32ed\"},\"headline\":\"Gy\u00f6keres marca contra a Pol\u00f3nia e diz que n\u00e3o vai esquecer este golo\",\"datePublished\":\"2026-04-01T17:17:14+00:00\",\"mainEntityOfPage\":{\"@id\":\"https:\/\/portaltela.pt\/noticias\/2026\/04\/01\/gyokeres-marca-contra-a-polonia-e-diz-que-nao-vai-esquecer-este-golo\/\"},\"wordCount\":308,\"image\":{\"@id\":\"https:\/\/portaltela.pt\/noticias\/2026\/04\/01\/gyokeres-marca-contra-a-polonia-e-diz-que-nao-vai-esquecer-este-golo\/#primaryimage\"},\"thumbnailUrl\":\"https:\/\/portaltela.pt\/s.01k8rhncp4jt1\/2026\/04\/img_920x518uu2026-04-01-18-09-24-2430531.jpg\",\"keywords\":[\"#copa2026\",\"futebol\",\"futebol internacional\",\"jogadores\",\"Sele\u00e7\u00e3o Nacional\",\"Sele\u00e7\u00f5es da Copa do Mundo\"],\"articleSection\":[\"Copa do Mundo\",\"Desporto\"],\"inLanguage\":\"pt-PT\"},{\"@type\":\"WebPage\",\"@id\":\"https:\/\/portaltela.pt\/noticias\/2026\/04\/01\/gyokeres-marca-contra-a-polonia-e-diz-que-nao-vai-esquecer-este-golo\/\",\"url\":\"https:\/\/portaltela.pt\/noticias\/2026\/04\/01\/gyokeres-marca-contra-a-polonia-e-diz-que-nao-vai-esquecer-este-golo\/\",\"name\":\"Gy\u00f6keres marca contra a Pol\u00f3nia e diz que n\u00e3o vai esquecer este golo - Portal Tela Portugal\",\"isPartOf\":{\"@id\":\"https:\/\/portaltela.pt\/#website\"},\"primaryImageOfPage\":{\"@id\":\"https:\/\/portaltela.pt\/noticias\/2026\/04\/01\/gyokeres-marca-contra-a-polonia-e-diz-que-nao-vai-esquecer-este-golo\/#primaryimage\"},\"image\":{\"@id\":\"https:\/\/portaltela.pt\/noticias\/2026\/04\/01\/gyokeres-marca-contra-a-polonia-e-diz-que-nao-vai-esquecer-este-golo\/#primaryimage\"},\"thumbnailUrl\":\"https:\/\/portaltela.pt\/s.01k8rhncp4jt1\/2026\/04\/img_920x518uu2026-04-01-18-09-24-2430531.jpg\",\"datePublished\":\"2026-04-01T17:17:14+00:00\",\"author\":{\"@id\":\"https:\/\/portaltela.pt\/#\/schema\/person\/c4278d4a6028830caff9ee44b42d32ed\"},\"breadcrumb\":{\"@id\":\"https:\/\/portaltela.pt\/noticias\/2026\/04\/01\/gyokeres-marca-contra-a-polonia-e-diz-que-nao-vai-esquecer-este-golo\/#breadcrumb\"},\"inLanguage\":\"pt-PT\",\"potentialAction\":[{\"@type\":\"ReadAction\",\"target\":[\"https:\/\/portaltela.pt\/noticias\/2026\/04\/01\/gyokeres-marca-contra-a-polonia-e-diz-que-nao-vai-esquecer-este-golo\/\"]}]},{\"@type\":\"ImageObject\",\"inLanguage\":\"pt-PT\",\"@id\":\"https:\/\/portaltela.pt\/noticias\/2026\/04\/01\/gyokeres-marca-contra-a-polonia-e-diz-que-nao-vai-esquecer-este-golo\/#primaryimage\",\"url\":\"https:\/\/portaltela.pt\/s.01k8rhncp4jt1\/2026\/04\/img_920x518uu2026-04-01-18-09-24-2430531.jpg\",\"contentUrl\":\"https:\/\/portaltela.pt\/s.01k8rhncp4jt1\/2026\/04\/img_920x518uu2026-04-01-18-09-24-2430531.jpg\",\"width\":796,\"height\":448,\"caption\":\"Viktor Gy\u00f6keres foi o her\u00f3i da Su\u00e9cia no playoff\"},{\"@type\":\"BreadcrumbList\",\"@id\":\"https:\/\/portaltela.pt\/noticias\/2026\/04\/01\/gyokeres-marca-contra-a-polonia-e-diz-que-nao-vai-esquecer-este-golo\/#breadcrumb\",\"itemListElement\":[{\"@type\":\"ListItem\",\"position\":1,\"name\":\"In\u00edcio\",\"item\":\"https:\/\/portaltela.pt\/\"},{\"@type\":\"ListItem\",\"position\":2,\"name\":\"Gy\u00f6keres marca contra a Pol\u00f3nia e diz que n\u00e3o vai esquecer este golo\"}]},{\"@type\":\"WebSite\",\"@id\":\"https:\/\/portaltela.pt\/#website\",\"url\":\"https:\/\/portaltela.pt\/\",\"name\":\"Portal Tela Portugal\",\"description\":\"\",\"potentialAction\":[{\"@type\":\"SearchAction\",\"target\":{\"@type\":\"EntryPoint\",\"urlTemplate\":\"https:\/\/portaltela.pt\/?s={search_term_string}\"},\"query-input\":{\"@type\":\"PropertyValueSpecification\",\"valueRequired\":true,\"valueName\":\"search_term_string\"}}],\"inLanguage\":\"pt-PT\"},{\"@type\":\"Person\",\"@id\":\"https:\/\/portaltela.pt\/#\/schema\/person\/c4278d4a6028830caff9ee44b42d32ed\",\"name\":\"Telinha\",\"image\":{\"@type\":\"ImageObject\",\"inLanguage\":\"pt-PT\",\"@id\":\"https:\/\/portaltela.pt\/s.01k8rhncp4jt1\/2025\/11\/talking-bot-125x125.png\",\"url\":\"https:\/\/portaltela.pt\/s.01k8rhncp4jt1\/2025\/11\/talking-bot-125x125.png\",\"contentUrl\":\"https:\/\/portaltela.pt\/s.01k8rhncp4jt1\/2025\/11\/talking-bot-125x125.png\",\"caption\":\"Telinha\"},\"sameAs\":[\"https:\/\/portaltela.pt\/\"],\"url\":\"https:\/\/portaltela.pt\/por\/367410592786\/\"}]}<\/script>\n<!-- \/ Yoast SEO plugin. -->","yoast_head_json":{"title":"Gy\u00f6keres marca contra a Pol\u00f3nia e diz que n\u00e3o vai esquecer este golo - Portal Tela Portugal","robots":{"index":"index","follow":"follow","max-snippet":"max-snippet:-1","max-image-preview":"max-image-preview:large","max-video-preview":"max-video-preview:-1"},"og_locale":"pt_PT","og_type":"article","og_title":"Gy\u00f6keres marca contra a Pol\u00f3nia e diz que n\u00e3o vai esquecer este golo - Portal Tela Portugal","og_description":"Viktor Gy\u00f6keres, avan\u00e7ado do Arsenal, fez hat-trick diante da Ucr\u00e2nia na meia-final do playoff e marcou o golo decisivo frente \u00e0 Pol\u00f3nia na final, dando \u00e0 Su\u00e9cia o apuramento para o Mundial. O golo frente \u00e0 Pol\u00f3nia, marcado em casa, foi descrito pelo jogador como indescrit\u00edvel e resultado da cren\u00e7a da equipa at\u00e9 ao fim. A Su\u00e9cia chegou ao Mundial gra\u00e7as \u00e0 atitude positiva do grupo e \u00e0 coes\u00e3o entre os jogadores, que tornou o conjunto dif\u00edcil de derrotar. Graham Potter passou a orientar a sele\u00e7\u00e3o sueca a partir de 20 de outubro, ajudando a equipa a transformar o playoff. Os adeptos entoaram o nome de Gy\u00f6keres ap\u00f3s a vit\u00f3ria sobre a Pol\u00f3nia, numa rea\u00e7\u00e3o que o jogador agradeceu.","og_url":"https:\/\/portaltela.pt\/noticias\/2026\/04\/01\/gyokeres-marca-contra-a-polonia-e-diz-que-nao-vai-esquecer-este-golo\/","og_site_name":"Portal Tela Portugal","article_published_time":"2026-04-01T17:17:14+00:00","author":"Telinha","twitter_card":"summary_large_image","twitter_misc":{"Escrito por":"Telinha","Tempo estimado de leitura":"1 minuto"},"schema":{"@context":"https:\/\/schema.org","@graph":[{"@type":"Article","@id":"https:\/\/portaltela.pt\/noticias\/2026\/04\/01\/gyokeres-marca-contra-a-polonia-e-diz-que-nao-vai-esquecer-este-golo\/#article","isPartOf":{"@id":"https:\/\/portaltela.pt\/noticias\/2026\/04\/01\/gyokeres-marca-contra-a-polonia-e-diz-que-nao-vai-esquecer-este-golo\/"},"author":{"name":"Telinha","@id":"https:\/\/portaltela.pt\/#\/schema\/person\/c4278d4a6028830caff9ee44b42d32ed"},"headline":"Gy\u00f6keres marca contra a Pol\u00f3nia e diz que n\u00e3o vai esquecer este golo","datePublished":"2026-04-01T17:17:14+00:00","mainEntityOfPage":{"@id":"https:\/\/portaltela.pt\/noticias\/2026\/04\/01\/gyokeres-marca-contra-a-polonia-e-diz-que-nao-vai-esquecer-este-golo\/"},"wordCount":308,"image":{"@id":"https:\/\/portaltela.pt\/noticias\/2026\/04\/01\/gyokeres-marca-contra-a-polonia-e-diz-que-nao-vai-esquecer-este-golo\/#primaryimage"},"thumbnailUrl":"https:\/\/portaltela.pt\/s.01k8rhncp4jt1\/2026\/04\/img_920x518uu2026-04-01-18-09-24-2430531.jpg","keywords":["#copa2026","futebol","futebol internacional","jogadores","Sele\u00e7\u00e3o Nacional","Sele\u00e7\u00f5es da Copa do Mundo"],"articleSection":["Copa do Mundo","Desporto"],"inLanguage":"pt-PT"},{"@type":"WebPage","@id":"https:\/\/portaltela.pt\/noticias\/2026\/04\/01\/gyokeres-marca-contra-a-polonia-e-diz-que-nao-vai-esquecer-este-golo\/","url":"https:\/\/portaltela.pt\/noticias\/2026\/04\/01\/gyokeres-marca-contra-a-polonia-e-diz-que-nao-vai-esquecer-este-golo\/","name":"Gy\u00f6keres marca contra a Pol\u00f3nia e diz que n\u00e3o vai esquecer este golo - Portal Tela Portugal","isPartOf":{"@id":"https:\/\/portaltela.pt\/#website"},"primaryImageOfPage":{"@id":"https:\/\/portaltela.pt\/noticias\/2026\/04\/01\/gyokeres-marca-contra-a-polonia-e-diz-que-nao-vai-esquecer-este-golo\/#primaryimage"},"image":{"@id":"https:\/\/portaltela.pt\/noticias\/2026\/04\/01\/gyokeres-marca-contra-a-polonia-e-diz-que-nao-vai-esquecer-este-golo\/#primaryimage"},"thumbnailUrl":"https:\/\/portaltela.pt\/s.01k8rhncp4jt1\/2026\/04\/img_920x518uu2026-04-01-18-09-24-2430531.jpg","datePublished":"2026-04-01T17:17:14+00:00","author":{"@id":"https:\/\/portaltela.pt\/#\/schema\/person\/c4278d4a6028830caff9ee44b42d32ed"},"breadcrumb":{"@id":"https:\/\/portaltela.pt\/noticias\/2026\/04\/01\/gyokeres-marca-contra-a-polonia-e-diz-que-nao-vai-esquecer-este-golo\/#breadcrumb"},"inLanguage":"pt-PT","potentialAction":[{"@type":"ReadAction","target":["https:\/\/portaltela.pt\/noticias\/2026\/04\/01\/gyokeres-marca-contra-a-polonia-e-diz-que-nao-vai-esquecer-este-golo\/"]}]},{"@type":"ImageObject","inLanguage":"pt-PT","@id":"https:\/\/portaltela.pt\/noticias\/2026\/04\/01\/gyokeres-marca-contra-a-polonia-e-diz-que-nao-vai-esquecer-este-golo\/#primaryimage","url":"https:\/\/portaltela.pt\/s.01k8rhncp4jt1\/2026\/04\/img_920x518uu2026-04-01-18-09-24-2430531.jpg","contentUrl":"https:\/\/portaltela.pt\/s.01k8rhncp4jt1\/2026\/04\/img_920x518uu2026-04-01-18-09-24-2430531.jpg","width":796,"height":448,"caption":"Viktor Gy\u00f6keres foi o her\u00f3i da Su\u00e9cia no playoff"},{"@type":"BreadcrumbList","@id":"https:\/\/portaltela.pt\/noticias\/2026\/04\/01\/gyokeres-marca-contra-a-polonia-e-diz-que-nao-vai-esquecer-este-golo\/#breadcrumb","itemListElement":[{"@type":"ListItem","position":1,"name":"In\u00edcio","item":"https:\/\/portaltela.pt\/"},{"@type":"ListItem","position":2,"name":"Gy\u00f6keres marca contra a Pol\u00f3nia e diz que n\u00e3o vai esquecer este golo"}]},{"@type":"WebSite","@id":"https:\/\/portaltela.pt\/#website","url":"https:\/\/portaltela.pt\/","name":"Portal Tela Portugal","description":"","potentialAction":[{"@type":"SearchAction","target":{"@type":"EntryPoint","urlTemplate":"https:\/\/portaltela.pt\/?s={search_term_string}"},"query-input":{"@type":"PropertyValueSpecification","valueRequired":true,"valueName":"search_term_string"}}],"inLanguage":"pt-PT"},{"@type":"Person","@id":"https:\/\/portaltela.pt\/#\/schema\/person\/c4278d4a6028830caff9ee44b42d32ed","name":"Telinha","image":{"@type":"ImageObject","inLanguage":"pt-PT","@id":"https:\/\/portaltela.pt\/s.01k8rhncp4jt1\/2025\/11\/talking-bot-125x125.png","url":"https:\/\/portaltela.pt\/s.01k8rhncp4jt1\/2025\/11\/talking-bot-125x125.png","contentUrl":"https:\/\/portaltela.pt\/s.01k8rhncp4jt1\/2025\/11\/talking-bot-125x125.png","caption":"Telinha"},"sameAs":["https:\/\/portaltela.pt\/"],"url":"https:\/\/portaltela.pt\/por\/367410592786\/"}]}},"_links":{"self":[{"href":"https:\/\/portaltela.pt\/api\/wp\/v2\/posts\/429514","targetHints":{"allow":["GET"]}}],"collection":[{"href":"https:\/\/portaltela.pt\/api\/wp\/v2\/posts"}],"about":[{"href":"https:\/\/portaltela.pt\/api\/wp\/v2\/types\/post"}],"author":[{"embeddable":true,"href":"https:\/\/portaltela.pt\/api\/wp\/v2\/users\/2"}],"replies":[{"embeddable":true,"href":"https:\/\/portaltela.pt\/api\/wp\/v2\/comments?post=429514"}],"version-history":[{"count":0,"href":"https:\/\/portaltela.pt\/api\/wp\/v2\/posts\/429514\/revisions"}],"wp:featuredmedia":[{"embeddable":true,"href":"https:\/\/portaltela.pt\/api\/wp\/v2\/media\/429517"}],"wp:attachment":[{"href":"https:\/\/portaltela.pt\/api\/wp\/v2\/media?parent=429514"}],"wp:term":[{"taxonomy":"category","embeddable":true,"href":"https:\/\/portaltela.pt\/api\/wp\/v2\/categories?post=429514"},{"taxonomy":"post_tag","embeddable":true,"href":"https:\/\/portaltela.pt\/api\/wp\/v2\/tags?post=429514"}],"curies":[{"name":"wp","href":"https:\/\/api.w.org\/{rel}","templated":true}]}}