{"id":429512,"date":"2026-04-01T12:57:00","date_gmt":"2026-04-01T15:57:00","guid":{"rendered":"https:\/\/portaltela.pt\/noticias\/2026\/04\/01\/portugal-ja-entregou-reprogramacao-do-prr-a-bruxelas-apos-tempestades\/"},"modified":"2026-04-01T12:57:00","modified_gmt":"2026-04-01T15:57:00","slug":"portugal-ja-entregou-reprogramacao-do-prr-a-bruxelas-apos-tempestades","status":"publish","type":"post","link":"https:\/\/portaltela.pt\/noticias\/internacional\/2026\/04\/01\/portugal-ja-entregou-reprogramacao-do-prr-a-bruxelas-apos-tempestades\/","title":{"rendered":"Portugal j\u00e1 entregou reprograma\u00e7\u00e3o do PRR a Bruxelas ap\u00f3s tempestades"},"content":{"rendered":"<p>Portugal entregou \u00e0 Comiss\u00e3o Europeia, em Bruxelas, a reprograma\u00e7\u00e3o do PRR, no seguimento das tempestades que afetaram o pa\u00eds. A entrega foi efetuada pela delega\u00e7\u00e3o nacional, em data n\u00e3o especificada no an\u00fancio.<\/p>\n<p>O objetivo da reprograma\u00e7\u00e3o \u00e9 ajustar os investimentos previstos no PRR para refletir as necessidades causadas pelas tempestades. O Governo n\u00e3o detalha, no comunicado dispon\u00edvel, as \u00e1reas de maior impacto.<\/p>\n<p>A medida insere-se no procedimento habitual de alinhamento entre o plano de recupera\u00e7\u00e3o e a realidade pr\u00e1tica provocada por eventos clim\u00e1ticos extremos. O preenchimento do documento era aguardado por entidades do pa\u00eds.<\/p>\n<p>N\u00e3o foram divulgados quaisquer prazos adicionais ou datas de aprova\u00e7\u00e3o por parte da Comiss\u00e3o Europeia. Mant\u00e9m-se, para j\u00e1, o foco na adequa\u00e7\u00e3o de recursos e metas nacionais ao PRR.<\/p>\n","protected":false},"excerpt":{"rendered":"<ul>\n<li>Portugal j\u00e1 entregou em Bruxelas a reprograma\u00e7\u00e3o do Plano de Recupera\u00e7\u00e3o e Resili\u00eancia (PRR) ap\u00f3s as tempestades.<\/li>\n<li>A entrega foi feita junto da Comiss\u00e3o Europeia, em Bruxelas.<\/li>\n<li>O objetivo \u00e9 ajustar o PRR em resposta aos impactos causados pelas tempestades.<\/li>\n<li>O conte\u00fado completo permanece dispon\u00edvel apenas para subscritores.<\/li>\n<\/ul>\n","protected":false},"author":2,"featured_media":429515,"comment_status":"closed","ping_status":"closed","sticky":false,"template":"","format":"standard","meta":{"footnotes":""},"categories":[4,1],"tags":[2665,3161,1638,28,5529,1014],"class_list":["post-429512","post","type-post","status-publish","format-standard","has-post-thumbnail","hentry","category-internacional","category-noticias","tag-alteracoes-climaticas","tag-bruxelas","tag-comissao-europeia","tag-economia","tag-investimentos","tag-portugal"],"yoast_head":"<!-- This site is optimized with the Yoast SEO plugin v27.2 - https:\/\/yoast.com\/product\/yoast-seo-wordpress\/ -->\n<title>Portugal j\u00e1 entregou reprograma\u00e7\u00e3o do PRR a Bruxelas ap\u00f3s tempestades - Portal Tela Portugal<\/title>\n<meta name=\"robots\" content=\"index, follow, max-snippet:-1, max-image-preview:large, max-video-preview:-1\" \/>\n<meta property=\"og:locale\" content=\"pt_PT\" \/>\n<meta property=\"og:type\" content=\"article\" \/>\n<meta property=\"og:title\" content=\"Portugal j\u00e1 entregou reprograma\u00e7\u00e3o do PRR a Bruxelas ap\u00f3s tempestades - Portal Tela Portugal\" \/>\n<meta property=\"og:description\" content=\"Portugal j\u00e1 entregou em Bruxelas a reprograma\u00e7\u00e3o do Plano de Recupera\u00e7\u00e3o e Resili\u00eancia (PRR) ap\u00f3s as tempestades. A entrega foi feita junto da Comiss\u00e3o Europeia, em Bruxelas. O objetivo \u00e9 ajustar o PRR em resposta aos impactos causados pelas tempestades. O conte\u00fado completo permanece dispon\u00edvel apenas para subscritores.\" \/>\n<meta property=\"og:url\" content=\"https:\/\/portaltela.pt\/noticias\/2026\/04\/01\/portugal-ja-entregou-reprogramacao-do-prr-a-bruxelas-apos-tempestades\/\" \/>\n<meta property=\"og:site_name\" content=\"Portal Tela Portugal\" \/>\n<meta property=\"article:published_time\" content=\"2026-04-01T15:57:00+00:00\" \/>\n<meta name=\"author\" content=\"Telinha\" \/>\n<meta name=\"twitter:card\" content=\"summary_large_image\" \/>\n<meta name=\"twitter:label1\" content=\"Escrito por\" \/>\n\t<meta name=\"twitter:data1\" content=\"Telinha\" \/>\n\t<meta name=\"twitter:label2\" content=\"Tempo estimado de leitura\" \/>\n\t<meta name=\"twitter:data2\" content=\"1 minuto\" \/>\n<script type=\"application\/ld+json\" class=\"yoast-schema-graph\">{\"@context\":\"https:\/\/schema.org\",\"@graph\":[{\"@type\":\"Article\",\"@id\":\"https:\/\/portaltela.pt\/noticias\/2026\/04\/01\/portugal-ja-entregou-reprogramacao-do-prr-a-bruxelas-apos-tempestades\/#article\",\"isPartOf\":{\"@id\":\"https:\/\/portaltela.pt\/noticias\/2026\/04\/01\/portugal-ja-entregou-reprogramacao-do-prr-a-bruxelas-apos-tempestades\/\"},\"author\":{\"name\":\"Telinha\",\"@id\":\"https:\/\/portaltela.pt\/#\/schema\/person\/c4278d4a6028830caff9ee44b42d32ed\"},\"headline\":\"Portugal j\u00e1 entregou reprograma\u00e7\u00e3o do PRR a Bruxelas ap\u00f3s tempestades\",\"datePublished\":\"2026-04-01T15:57:00+00:00\",\"mainEntityOfPage\":{\"@id\":\"https:\/\/portaltela.pt\/noticias\/2026\/04\/01\/portugal-ja-entregou-reprogramacao-do-prr-a-bruxelas-apos-tempestades\/\"},\"wordCount\":151,\"image\":{\"@id\":\"https:\/\/portaltela.pt\/noticias\/2026\/04\/01\/portugal-ja-entregou-reprogramacao-do-prr-a-bruxelas-apos-tempestades\/#primaryimage\"},\"thumbnailUrl\":\"https:\/\/portaltela.pt\/s.01k8rhncp4jt1\/2026\/04\/CACHE_780X1200_ANALOG_WATERMARKED_46610927_4613854_20022026094926.jpg\",\"keywords\":[\"Altera\u00e7\u00f5es Clim\u00e1ticas\",\"Bruxelas\",\"Comiss\u00e3o Europeia\",\"economia\",\"investimentos\",\"Portugal\"],\"articleSection\":[\"Internacional\",\"Not\u00edcias\"],\"inLanguage\":\"pt-PT\"},{\"@type\":\"WebPage\",\"@id\":\"https:\/\/portaltela.pt\/noticias\/2026\/04\/01\/portugal-ja-entregou-reprogramacao-do-prr-a-bruxelas-apos-tempestades\/\",\"url\":\"https:\/\/portaltela.pt\/noticias\/2026\/04\/01\/portugal-ja-entregou-reprogramacao-do-prr-a-bruxelas-apos-tempestades\/\",\"name\":\"Portugal j\u00e1 entregou reprograma\u00e7\u00e3o do PRR a Bruxelas ap\u00f3s tempestades - Portal Tela Portugal\",\"isPartOf\":{\"@id\":\"https:\/\/portaltela.pt\/#website\"},\"primaryImageOfPage\":{\"@id\":\"https:\/\/portaltela.pt\/noticias\/2026\/04\/01\/portugal-ja-entregou-reprogramacao-do-prr-a-bruxelas-apos-tempestades\/#primaryimage\"},\"image\":{\"@id\":\"https:\/\/portaltela.pt\/noticias\/2026\/04\/01\/portugal-ja-entregou-reprogramacao-do-prr-a-bruxelas-apos-tempestades\/#primaryimage\"},\"thumbnailUrl\":\"https:\/\/portaltela.pt\/s.01k8rhncp4jt1\/2026\/04\/CACHE_780X1200_ANALOG_WATERMARKED_46610927_4613854_20022026094926.jpg\",\"datePublished\":\"2026-04-01T15:57:00+00:00\",\"author\":{\"@id\":\"https:\/\/portaltela.pt\/#\/schema\/person\/c4278d4a6028830caff9ee44b42d32ed\"},\"breadcrumb\":{\"@id\":\"https:\/\/portaltela.pt\/noticias\/2026\/04\/01\/portugal-ja-entregou-reprogramacao-do-prr-a-bruxelas-apos-tempestades\/#breadcrumb\"},\"inLanguage\":\"pt-PT\",\"potentialAction\":[{\"@type\":\"ReadAction\",\"target\":[\"https:\/\/portaltela.pt\/noticias\/2026\/04\/01\/portugal-ja-entregou-reprogramacao-do-prr-a-bruxelas-apos-tempestades\/\"]}]},{\"@type\":\"ImageObject\",\"inLanguage\":\"pt-PT\",\"@id\":\"https:\/\/portaltela.pt\/noticias\/2026\/04\/01\/portugal-ja-entregou-reprogramacao-do-prr-a-bruxelas-apos-tempestades\/#primaryimage\",\"url\":\"https:\/\/portaltela.pt\/s.01k8rhncp4jt1\/2026\/04\/CACHE_780X1200_ANALOG_WATERMARKED_46610927_4613854_20022026094926.jpg\",\"contentUrl\":\"https:\/\/portaltela.pt\/s.01k8rhncp4jt1\/2026\/04\/CACHE_780X1200_ANALOG_WATERMARKED_46610927_4613854_20022026094926.jpg\",\"width\":796,\"height\":448,\"caption\":\"Portugal j\u00e1 entregou em Bruxelas reprograma\u00e7\u00e3o do PRR ap\u00f3s tempestades\"},{\"@type\":\"BreadcrumbList\",\"@id\":\"https:\/\/portaltela.pt\/noticias\/2026\/04\/01\/portugal-ja-entregou-reprogramacao-do-prr-a-bruxelas-apos-tempestades\/#breadcrumb\",\"itemListElement\":[{\"@type\":\"ListItem\",\"position\":1,\"name\":\"In\u00edcio\",\"item\":\"https:\/\/portaltela.pt\/\"},{\"@type\":\"ListItem\",\"position\":2,\"name\":\"Portugal j\u00e1 entregou reprograma\u00e7\u00e3o do PRR a Bruxelas ap\u00f3s tempestades\"}]},{\"@type\":\"WebSite\",\"@id\":\"https:\/\/portaltela.pt\/#website\",\"url\":\"https:\/\/portaltela.pt\/\",\"name\":\"Portal Tela Portugal\",\"description\":\"\",\"potentialAction\":[{\"@type\":\"SearchAction\",\"target\":{\"@type\":\"EntryPoint\",\"urlTemplate\":\"https:\/\/portaltela.pt\/?s={search_term_string}\"},\"query-input\":{\"@type\":\"PropertyValueSpecification\",\"valueRequired\":true,\"valueName\":\"search_term_string\"}}],\"inLanguage\":\"pt-PT\"},{\"@type\":\"Person\",\"@id\":\"https:\/\/portaltela.pt\/#\/schema\/person\/c4278d4a6028830caff9ee44b42d32ed\",\"name\":\"Telinha\",\"image\":{\"@type\":\"ImageObject\",\"inLanguage\":\"pt-PT\",\"@id\":\"https:\/\/portaltela.pt\/s.01k8rhncp4jt1\/2025\/11\/talking-bot-125x125.png\",\"url\":\"https:\/\/portaltela.pt\/s.01k8rhncp4jt1\/2025\/11\/talking-bot-125x125.png\",\"contentUrl\":\"https:\/\/portaltela.pt\/s.01k8rhncp4jt1\/2025\/11\/talking-bot-125x125.png\",\"caption\":\"Telinha\"},\"sameAs\":[\"https:\/\/portaltela.pt\/\"],\"url\":\"https:\/\/portaltela.pt\/por\/367410592786\/\"}]}<\/script>\n<!-- \/ Yoast SEO plugin. -->","yoast_head_json":{"title":"Portugal j\u00e1 entregou reprograma\u00e7\u00e3o do PRR a Bruxelas ap\u00f3s tempestades - Portal Tela Portugal","robots":{"index":"index","follow":"follow","max-snippet":"max-snippet:-1","max-image-preview":"max-image-preview:large","max-video-preview":"max-video-preview:-1"},"og_locale":"pt_PT","og_type":"article","og_title":"Portugal j\u00e1 entregou reprograma\u00e7\u00e3o do PRR a Bruxelas ap\u00f3s tempestades - Portal Tela Portugal","og_description":"Portugal j\u00e1 entregou em Bruxelas a reprograma\u00e7\u00e3o do Plano de Recupera\u00e7\u00e3o e Resili\u00eancia (PRR) ap\u00f3s as tempestades. A entrega foi feita junto da Comiss\u00e3o Europeia, em Bruxelas. O objetivo \u00e9 ajustar o PRR em resposta aos impactos causados pelas tempestades. O conte\u00fado completo permanece dispon\u00edvel apenas para subscritores.","og_url":"https:\/\/portaltela.pt\/noticias\/2026\/04\/01\/portugal-ja-entregou-reprogramacao-do-prr-a-bruxelas-apos-tempestades\/","og_site_name":"Portal Tela Portugal","article_published_time":"2026-04-01T15:57:00+00:00","author":"Telinha","twitter_card":"summary_large_image","twitter_misc":{"Escrito por":"Telinha","Tempo estimado de leitura":"1 minuto"},"schema":{"@context":"https:\/\/schema.org","@graph":[{"@type":"Article","@id":"https:\/\/portaltela.pt\/noticias\/2026\/04\/01\/portugal-ja-entregou-reprogramacao-do-prr-a-bruxelas-apos-tempestades\/#article","isPartOf":{"@id":"https:\/\/portaltela.pt\/noticias\/2026\/04\/01\/portugal-ja-entregou-reprogramacao-do-prr-a-bruxelas-apos-tempestades\/"},"author":{"name":"Telinha","@id":"https:\/\/portaltela.pt\/#\/schema\/person\/c4278d4a6028830caff9ee44b42d32ed"},"headline":"Portugal j\u00e1 entregou reprograma\u00e7\u00e3o do PRR a Bruxelas ap\u00f3s tempestades","datePublished":"2026-04-01T15:57:00+00:00","mainEntityOfPage":{"@id":"https:\/\/portaltela.pt\/noticias\/2026\/04\/01\/portugal-ja-entregou-reprogramacao-do-prr-a-bruxelas-apos-tempestades\/"},"wordCount":151,"image":{"@id":"https:\/\/portaltela.pt\/noticias\/2026\/04\/01\/portugal-ja-entregou-reprogramacao-do-prr-a-bruxelas-apos-tempestades\/#primaryimage"},"thumbnailUrl":"https:\/\/portaltela.pt\/s.01k8rhncp4jt1\/2026\/04\/CACHE_780X1200_ANALOG_WATERMARKED_46610927_4613854_20022026094926.jpg","keywords":["Altera\u00e7\u00f5es Clim\u00e1ticas","Bruxelas","Comiss\u00e3o Europeia","economia","investimentos","Portugal"],"articleSection":["Internacional","Not\u00edcias"],"inLanguage":"pt-PT"},{"@type":"WebPage","@id":"https:\/\/portaltela.pt\/noticias\/2026\/04\/01\/portugal-ja-entregou-reprogramacao-do-prr-a-bruxelas-apos-tempestades\/","url":"https:\/\/portaltela.pt\/noticias\/2026\/04\/01\/portugal-ja-entregou-reprogramacao-do-prr-a-bruxelas-apos-tempestades\/","name":"Portugal j\u00e1 entregou reprograma\u00e7\u00e3o do PRR a Bruxelas ap\u00f3s tempestades - Portal Tela Portugal","isPartOf":{"@id":"https:\/\/portaltela.pt\/#website"},"primaryImageOfPage":{"@id":"https:\/\/portaltela.pt\/noticias\/2026\/04\/01\/portugal-ja-entregou-reprogramacao-do-prr-a-bruxelas-apos-tempestades\/#primaryimage"},"image":{"@id":"https:\/\/portaltela.pt\/noticias\/2026\/04\/01\/portugal-ja-entregou-reprogramacao-do-prr-a-bruxelas-apos-tempestades\/#primaryimage"},"thumbnailUrl":"https:\/\/portaltela.pt\/s.01k8rhncp4jt1\/2026\/04\/CACHE_780X1200_ANALOG_WATERMARKED_46610927_4613854_20022026094926.jpg","datePublished":"2026-04-01T15:57:00+00:00","author":{"@id":"https:\/\/portaltela.pt\/#\/schema\/person\/c4278d4a6028830caff9ee44b42d32ed"},"breadcrumb":{"@id":"https:\/\/portaltela.pt\/noticias\/2026\/04\/01\/portugal-ja-entregou-reprogramacao-do-prr-a-bruxelas-apos-tempestades\/#breadcrumb"},"inLanguage":"pt-PT","potentialAction":[{"@type":"ReadAction","target":["https:\/\/portaltela.pt\/noticias\/2026\/04\/01\/portugal-ja-entregou-reprogramacao-do-prr-a-bruxelas-apos-tempestades\/"]}]},{"@type":"ImageObject","inLanguage":"pt-PT","@id":"https:\/\/portaltela.pt\/noticias\/2026\/04\/01\/portugal-ja-entregou-reprogramacao-do-prr-a-bruxelas-apos-tempestades\/#primaryimage","url":"https:\/\/portaltela.pt\/s.01k8rhncp4jt1\/2026\/04\/CACHE_780X1200_ANALOG_WATERMARKED_46610927_4613854_20022026094926.jpg","contentUrl":"https:\/\/portaltela.pt\/s.01k8rhncp4jt1\/2026\/04\/CACHE_780X1200_ANALOG_WATERMARKED_46610927_4613854_20022026094926.jpg","width":796,"height":448,"caption":"Portugal j\u00e1 entregou em Bruxelas reprograma\u00e7\u00e3o do PRR ap\u00f3s tempestades"},{"@type":"BreadcrumbList","@id":"https:\/\/portaltela.pt\/noticias\/2026\/04\/01\/portugal-ja-entregou-reprogramacao-do-prr-a-bruxelas-apos-tempestades\/#breadcrumb","itemListElement":[{"@type":"ListItem","position":1,"name":"In\u00edcio","item":"https:\/\/portaltela.pt\/"},{"@type":"ListItem","position":2,"name":"Portugal j\u00e1 entregou reprograma\u00e7\u00e3o do PRR a Bruxelas ap\u00f3s tempestades"}]},{"@type":"WebSite","@id":"https:\/\/portaltela.pt\/#website","url":"https:\/\/portaltela.pt\/","name":"Portal Tela Portugal","description":"","potentialAction":[{"@type":"SearchAction","target":{"@type":"EntryPoint","urlTemplate":"https:\/\/portaltela.pt\/?s={search_term_string}"},"query-input":{"@type":"PropertyValueSpecification","valueRequired":true,"valueName":"search_term_string"}}],"inLanguage":"pt-PT"},{"@type":"Person","@id":"https:\/\/portaltela.pt\/#\/schema\/person\/c4278d4a6028830caff9ee44b42d32ed","name":"Telinha","image":{"@type":"ImageObject","inLanguage":"pt-PT","@id":"https:\/\/portaltela.pt\/s.01k8rhncp4jt1\/2025\/11\/talking-bot-125x125.png","url":"https:\/\/portaltela.pt\/s.01k8rhncp4jt1\/2025\/11\/talking-bot-125x125.png","contentUrl":"https:\/\/portaltela.pt\/s.01k8rhncp4jt1\/2025\/11\/talking-bot-125x125.png","caption":"Telinha"},"sameAs":["https:\/\/portaltela.pt\/"],"url":"https:\/\/portaltela.pt\/por\/367410592786\/"}]}},"_links":{"self":[{"href":"https:\/\/portaltela.pt\/api\/wp\/v2\/posts\/429512","targetHints":{"allow":["GET"]}}],"collection":[{"href":"https:\/\/portaltela.pt\/api\/wp\/v2\/posts"}],"about":[{"href":"https:\/\/portaltela.pt\/api\/wp\/v2\/types\/post"}],"author":[{"embeddable":true,"href":"https:\/\/portaltela.pt\/api\/wp\/v2\/users\/2"}],"replies":[{"embeddable":true,"href":"https:\/\/portaltela.pt\/api\/wp\/v2\/comments?post=429512"}],"version-history":[{"count":0,"href":"https:\/\/portaltela.pt\/api\/wp\/v2\/posts\/429512\/revisions"}],"wp:featuredmedia":[{"embeddable":true,"href":"https:\/\/portaltela.pt\/api\/wp\/v2\/media\/429515"}],"wp:attachment":[{"href":"https:\/\/portaltela.pt\/api\/wp\/v2\/media?parent=429512"}],"wp:term":[{"taxonomy":"category","embeddable":true,"href":"https:\/\/portaltela.pt\/api\/wp\/v2\/categories?post=429512"},{"taxonomy":"post_tag","embeddable":true,"href":"https:\/\/portaltela.pt\/api\/wp\/v2\/tags?post=429512"}],"curies":[{"name":"wp","href":"https:\/\/api.w.org\/{rel}","templated":true}]}}