{"id":429479,"date":"2026-04-01T13:47:39","date_gmt":"2026-04-01T16:47:39","guid":{"rendered":"https:\/\/portaltela.pt\/noticias\/2026\/04\/01\/varandas-acusa-um-clube-de-ter-estado-miseravel-nos-ultimos-cinco-meses\/"},"modified":"2026-04-01T13:47:39","modified_gmt":"2026-04-01T16:47:39","slug":"varandas-acusa-um-clube-de-ter-estado-miseravel-nos-ultimos-cinco-meses","status":"publish","type":"post","link":"https:\/\/portaltela.pt\/desporto\/futebol\/2026\/04\/01\/varandas-acusa-um-clube-de-ter-estado-miseravel-nos-ultimos-cinco-meses\/","title":{"rendered":"Varandas acusa um clube de ter estado miser\u00e1vel nos \u00faltimos cinco meses"},"content":{"rendered":"<p>Frederico Varandas, presidente do Sporting, afirmou ap\u00f3s uma audi\u00eancia com a Ministra da Cultura, Juventude e Desporto que n\u00e3o h\u00e1 inimizade com o FC Porto ou com outros clubes, mas criticou o modo de atuar de um emblema. A reuni\u00e3o visou discutir epis\u00f3dios recentes que afetam o desporto.<\/p>\n<p>O dirigente revelou que pediu uma verifica\u00e7\u00e3o ao topo da estrutura federativa e desportiva, referindo-se a epis\u00f3dios ocorridos nos \u00faltimos cinco meses. Citou situa\u00e7\u00f5es envolvendo v\u00e1rias modalidades e ressaltou a necessidade de uma \u00e9tica mais r\u00edgida nas competi\u00e7\u00f5es.<\/p>\n<p>Varandas mencionou casos ligados ao futebol, \u00e0 arbitragem e a incidentes em est\u00e1dios, al\u00e9m de associar parte da dificuldade a um sil\u00eancio prolongado dos \u00f3rg\u00e3os diretivos. Afirmou que n\u00e3o pretende manter o sil\u00eancio quando o Sporting \u00e9 afetado por pr\u00e1ticas que ponham em causa a integridade desportiva.<\/p>\n<p>O presidente do Sporting explicou que, durante o encontro, pediu esclarecimentos sobre a\u00e7\u00f5es ocorridas no Aut\u00f3dromo de eventos recentes, sem mencionar nomes de forma direta. Refor\u00e7ou que o tema central \u00e9 a defesa de valores que assegurem justi\u00e7a e competi\u00e7\u00e3o leal.<\/p>\n<p>Sobre o jogo no Drag\u00e3o, Varandas indicou que houve controv\u00e9rsia envolvendo relatos sobre atitudes de bastidores, incluindo alega\u00e7\u00f5es de manipula\u00e7\u00e3o de imagens e de condi\u00e7\u00f5es que teriam for\u00e7ado a suspens\u00e3o tempor\u00e1ria de jogos. Disse ter informado a ministra para aprofundar a an\u00e1lise junto das federa\u00e7\u00f5es.<\/p>\n<p>O l\u00edder verde-e-branco lembrou que, no passado recente, v\u00e1rias situa\u00e7\u00f5es foram apresentadas a \u00f3rg\u00e3os competentes, queixando-se da falta de resposta inequ\u00edvoca. Afirmou que o Sporting n\u00e3o desativar\u00e1 a cr\u00edtica quando a \u00e9tica desportiva estiver em causa.<\/p>\n<p>Varandas abordou ainda declara\u00e7\u00f5es do presidente do FC Porto, pedindo que sejam esclarecidas por escrito junto do Conselho de Disciplina. Envolveu quest\u00f5es sobre relatos de epis\u00f3dios com apanha-bolas, toalhas roubadas e altera\u00e7\u00f5es t\u00e9cnicas em est\u00e1dios, que n\u00e3o podem ficar sem resposta.<\/p>\n<p>Sobre o papel das entidades, o presidente do Sporting enfatizou que a responsabilidade n\u00e3o \u00e9 apenas de uma equipa, mas de toda a estrutura que gere o desporto. Refor\u00e7ou a import\u00e2ncia de decis\u00f5es firmes para manter a credibilidade das competi\u00e7\u00f5es.<\/p>\n<p>Paulo Bento e o VAR foram referidos no \u00e2mbito de uma compara\u00e7\u00e3o entre realidades. Varandas afirmou que o sistema pode ajudar, desde que funcione de forma consistente, sem discrimina\u00e7\u00f5es entre est\u00e1dios e clubes.<\/p>\n<p>No final, o dirigente negou qualquer confronto pessoal com clubes rivais, mas confirmou que n\u00e3o pretende comentar transfer\u00eancias no momento. Garantiu apenas que o Sporting age em conson\u00e2ncia com os seus valores e com os seus s\u00f3cios.<\/p>\n","protected":false},"excerpt":{"rendered":"<ul>\n<li>Frederico Varandas, ap\u00f3s reuni\u00e3o com a Ministra da Cultura, Juventude e Desporto, criticou o \u201cmodus operandi\u201d de um clube, assegurando que o Sporting n\u00e3o tem rivalidade com grandes clubes e que n\u00e3o h\u00e1 \u201cquez\u00edlia\u201d com o FC Porto.<\/li>\n<li>O dirigente afirmou que, desde novembro, t\u00eam ocorrido v\u00e1rios epis\u00f3dios que mancham o desporto, incluindo casos no futebol e no andebol, e pediu ao topo da pir\u00e2mide que intervenha.<\/li>\n<li>Alegou que o Sporting apoiou os presidentes de federa\u00e7\u00e3o e da liga, mas criticou a posi\u00e7\u00e3o de n\u00e3o tocar nos grandes, referindo situa\u00e7\u00f5es como roubo de toalhas, oculta\u00e7\u00e3o de bolas e colunas junto ao Drag\u00e3o.<\/li>\n<li>Questionou o presidente do FC Porto sobre v\u00e1rios \u201ccasos concretos\u201d e entregou \u00e0 Ministra uma folha com perguntas para esclarecer estas situa\u00e7\u00f5es, incluindo relatos de bastidores e declara\u00e7\u00f5es de outras pe\u00e7as.<\/li>\n<li>A discuss\u00e3o tamb\u00e9m abordou o VAR, com Varandas a afirmar que ajudou o Sporting quando funciona, e a evitar falar sobre transfers ao adaptar-se ao tom da recolha de declara\u00e7\u00f5es.<\/li>\n<\/ul>\n","protected":false},"author":2,"featured_media":429481,"comment_status":"closed","ping_status":"closed","sticky":false,"template":"","format":"standard","meta":{"footnotes":""},"categories":[21,24],"tags":[1289,152,233,32,982,1652],"class_list":["post-429479","post","type-post","status-publish","format-standard","has-post-thumbnail","hentry","category-desporto","category-futebol","tag-arbitragem","tag-desporto","tag-etica-desportiva","tag-futebol","tag-porto","tag-sporting"],"yoast_head":"<!-- This site is optimized with the Yoast SEO plugin v27.2 - https:\/\/yoast.com\/product\/yoast-seo-wordpress\/ -->\n<title>Varandas acusa um clube de ter estado miser\u00e1vel nos \u00faltimos cinco meses - Portal Tela Portugal<\/title>\n<meta name=\"robots\" content=\"index, follow, max-snippet:-1, max-image-preview:large, max-video-preview:-1\" \/>\n<meta property=\"og:locale\" content=\"pt_PT\" \/>\n<meta property=\"og:type\" content=\"article\" \/>\n<meta property=\"og:title\" content=\"Varandas acusa um clube de ter estado miser\u00e1vel nos \u00faltimos cinco meses - Portal Tela Portugal\" \/>\n<meta property=\"og:description\" content=\"Frederico Varandas, ap\u00f3s reuni\u00e3o com a Ministra da Cultura, Juventude e Desporto, criticou o \u201cmodus operandi\u201d de um clube, assegurando que o Sporting n\u00e3o tem rivalidade com grandes clubes e que n\u00e3o h\u00e1 \u201cquez\u00edlia\u201d com o FC Porto. O dirigente afirmou que, desde novembro, t\u00eam ocorrido v\u00e1rios epis\u00f3dios que mancham o desporto, incluindo casos no futebol e no andebol, e pediu ao topo da pir\u00e2mide que intervenha. Alegou que o Sporting apoiou os presidentes de federa\u00e7\u00e3o e da liga, mas criticou a posi\u00e7\u00e3o de n\u00e3o tocar nos grandes, referindo situa\u00e7\u00f5es como roubo de toalhas, oculta\u00e7\u00e3o de bolas e colunas junto ao Drag\u00e3o. Questionou o presidente do FC Porto sobre v\u00e1rios \u201ccasos concretos\u201d e entregou \u00e0 Ministra uma folha com perguntas para esclarecer estas situa\u00e7\u00f5es, incluindo relatos de bastidores e declara\u00e7\u00f5es de outras pe\u00e7as. A discuss\u00e3o tamb\u00e9m abordou o VAR, com Varandas a afirmar que ajudou o Sporting quando funciona, e a evitar falar sobre transfers ao adaptar-se ao tom da recolha de declara\u00e7\u00f5es.\" \/>\n<meta property=\"og:url\" content=\"https:\/\/portaltela.pt\/noticias\/2026\/04\/01\/varandas-acusa-um-clube-de-ter-estado-miseravel-nos-ultimos-cinco-meses\/\" \/>\n<meta property=\"og:site_name\" content=\"Portal Tela Portugal\" \/>\n<meta property=\"article:published_time\" content=\"2026-04-01T16:47:39+00:00\" \/>\n<meta name=\"author\" content=\"Telinha\" \/>\n<meta name=\"twitter:card\" content=\"summary_large_image\" \/>\n<meta name=\"twitter:label1\" content=\"Escrito por\" \/>\n\t<meta name=\"twitter:data1\" content=\"Telinha\" \/>\n\t<meta name=\"twitter:label2\" content=\"Tempo estimado de leitura\" \/>\n\t<meta name=\"twitter:data2\" content=\"2 minutos\" \/>\n<script type=\"application\/ld+json\" class=\"yoast-schema-graph\">{\"@context\":\"https:\/\/schema.org\",\"@graph\":[{\"@type\":\"Article\",\"@id\":\"https:\/\/portaltela.pt\/noticias\/2026\/04\/01\/varandas-acusa-um-clube-de-ter-estado-miseravel-nos-ultimos-cinco-meses\/#article\",\"isPartOf\":{\"@id\":\"https:\/\/portaltela.pt\/noticias\/2026\/04\/01\/varandas-acusa-um-clube-de-ter-estado-miseravel-nos-ultimos-cinco-meses\/\"},\"author\":{\"name\":\"Telinha\",\"@id\":\"https:\/\/portaltela.pt\/#\/schema\/person\/c4278d4a6028830caff9ee44b42d32ed\"},\"headline\":\"Varandas acusa um clube de ter estado miser\u00e1vel nos \u00faltimos cinco meses\",\"datePublished\":\"2026-04-01T16:47:39+00:00\",\"mainEntityOfPage\":{\"@id\":\"https:\/\/portaltela.pt\/noticias\/2026\/04\/01\/varandas-acusa-um-clube-de-ter-estado-miseravel-nos-ultimos-cinco-meses\/\"},\"wordCount\":474,\"image\":{\"@id\":\"https:\/\/portaltela.pt\/noticias\/2026\/04\/01\/varandas-acusa-um-clube-de-ter-estado-miseravel-nos-ultimos-cinco-meses\/#primaryimage\"},\"thumbnailUrl\":\"https:\/\/portaltela.pt\/s.01k8rhncp4jt1\/2026\/04\/img_1500x1000uu2026-04-01-17-27-41-2276082.jpg\",\"keywords\":[\"arbitragem\",\"desporto\",\"\u00c9tica Desportiva\",\"futebol\",\"Porto\",\"Sporting\"],\"articleSection\":[\"Desporto\",\"Futebol\"],\"inLanguage\":\"pt-PT\"},{\"@type\":\"WebPage\",\"@id\":\"https:\/\/portaltela.pt\/noticias\/2026\/04\/01\/varandas-acusa-um-clube-de-ter-estado-miseravel-nos-ultimos-cinco-meses\/\",\"url\":\"https:\/\/portaltela.pt\/noticias\/2026\/04\/01\/varandas-acusa-um-clube-de-ter-estado-miseravel-nos-ultimos-cinco-meses\/\",\"name\":\"Varandas acusa um clube de ter estado miser\u00e1vel nos \u00faltimos cinco meses - Portal Tela Portugal\",\"isPartOf\":{\"@id\":\"https:\/\/portaltela.pt\/#website\"},\"primaryImageOfPage\":{\"@id\":\"https:\/\/portaltela.pt\/noticias\/2026\/04\/01\/varandas-acusa-um-clube-de-ter-estado-miseravel-nos-ultimos-cinco-meses\/#primaryimage\"},\"image\":{\"@id\":\"https:\/\/portaltela.pt\/noticias\/2026\/04\/01\/varandas-acusa-um-clube-de-ter-estado-miseravel-nos-ultimos-cinco-meses\/#primaryimage\"},\"thumbnailUrl\":\"https:\/\/portaltela.pt\/s.01k8rhncp4jt1\/2026\/04\/img_1500x1000uu2026-04-01-17-27-41-2276082.jpg\",\"datePublished\":\"2026-04-01T16:47:39+00:00\",\"author\":{\"@id\":\"https:\/\/portaltela.pt\/#\/schema\/person\/c4278d4a6028830caff9ee44b42d32ed\"},\"breadcrumb\":{\"@id\":\"https:\/\/portaltela.pt\/noticias\/2026\/04\/01\/varandas-acusa-um-clube-de-ter-estado-miseravel-nos-ultimos-cinco-meses\/#breadcrumb\"},\"inLanguage\":\"pt-PT\",\"potentialAction\":[{\"@type\":\"ReadAction\",\"target\":[\"https:\/\/portaltela.pt\/noticias\/2026\/04\/01\/varandas-acusa-um-clube-de-ter-estado-miseravel-nos-ultimos-cinco-meses\/\"]}]},{\"@type\":\"ImageObject\",\"inLanguage\":\"pt-PT\",\"@id\":\"https:\/\/portaltela.pt\/noticias\/2026\/04\/01\/varandas-acusa-um-clube-de-ter-estado-miseravel-nos-ultimos-cinco-meses\/#primaryimage\",\"url\":\"https:\/\/portaltela.pt\/s.01k8rhncp4jt1\/2026\/04\/img_1500x1000uu2026-04-01-17-27-41-2276082.jpg\",\"contentUrl\":\"https:\/\/portaltela.pt\/s.01k8rhncp4jt1\/2026\/04\/img_1500x1000uu2026-04-01-17-27-41-2276082.jpg\",\"width\":796,\"height\":448,\"caption\":\"Frederico Varandas\"},{\"@type\":\"BreadcrumbList\",\"@id\":\"https:\/\/portaltela.pt\/noticias\/2026\/04\/01\/varandas-acusa-um-clube-de-ter-estado-miseravel-nos-ultimos-cinco-meses\/#breadcrumb\",\"itemListElement\":[{\"@type\":\"ListItem\",\"position\":1,\"name\":\"In\u00edcio\",\"item\":\"https:\/\/portaltela.pt\/\"},{\"@type\":\"ListItem\",\"position\":2,\"name\":\"Varandas acusa um clube de ter estado miser\u00e1vel nos \u00faltimos cinco meses\"}]},{\"@type\":\"WebSite\",\"@id\":\"https:\/\/portaltela.pt\/#website\",\"url\":\"https:\/\/portaltela.pt\/\",\"name\":\"Portal Tela Portugal\",\"description\":\"\",\"potentialAction\":[{\"@type\":\"SearchAction\",\"target\":{\"@type\":\"EntryPoint\",\"urlTemplate\":\"https:\/\/portaltela.pt\/?s={search_term_string}\"},\"query-input\":{\"@type\":\"PropertyValueSpecification\",\"valueRequired\":true,\"valueName\":\"search_term_string\"}}],\"inLanguage\":\"pt-PT\"},{\"@type\":\"Person\",\"@id\":\"https:\/\/portaltela.pt\/#\/schema\/person\/c4278d4a6028830caff9ee44b42d32ed\",\"name\":\"Telinha\",\"image\":{\"@type\":\"ImageObject\",\"inLanguage\":\"pt-PT\",\"@id\":\"https:\/\/portaltela.pt\/s.01k8rhncp4jt1\/2025\/11\/talking-bot-125x125.png\",\"url\":\"https:\/\/portaltela.pt\/s.01k8rhncp4jt1\/2025\/11\/talking-bot-125x125.png\",\"contentUrl\":\"https:\/\/portaltela.pt\/s.01k8rhncp4jt1\/2025\/11\/talking-bot-125x125.png\",\"caption\":\"Telinha\"},\"sameAs\":[\"https:\/\/portaltela.pt\/\"],\"url\":\"https:\/\/portaltela.pt\/por\/367410592786\/\"}]}<\/script>\n<!-- \/ Yoast SEO plugin. -->","yoast_head_json":{"title":"Varandas acusa um clube de ter estado miser\u00e1vel nos \u00faltimos cinco meses - Portal Tela Portugal","robots":{"index":"index","follow":"follow","max-snippet":"max-snippet:-1","max-image-preview":"max-image-preview:large","max-video-preview":"max-video-preview:-1"},"og_locale":"pt_PT","og_type":"article","og_title":"Varandas acusa um clube de ter estado miser\u00e1vel nos \u00faltimos cinco meses - Portal Tela Portugal","og_description":"Frederico Varandas, ap\u00f3s reuni\u00e3o com a Ministra da Cultura, Juventude e Desporto, criticou o \u201cmodus operandi\u201d de um clube, assegurando que o Sporting n\u00e3o tem rivalidade com grandes clubes e que n\u00e3o h\u00e1 \u201cquez\u00edlia\u201d com o FC Porto. O dirigente afirmou que, desde novembro, t\u00eam ocorrido v\u00e1rios epis\u00f3dios que mancham o desporto, incluindo casos no futebol e no andebol, e pediu ao topo da pir\u00e2mide que intervenha. Alegou que o Sporting apoiou os presidentes de federa\u00e7\u00e3o e da liga, mas criticou a posi\u00e7\u00e3o de n\u00e3o tocar nos grandes, referindo situa\u00e7\u00f5es como roubo de toalhas, oculta\u00e7\u00e3o de bolas e colunas junto ao Drag\u00e3o. Questionou o presidente do FC Porto sobre v\u00e1rios \u201ccasos concretos\u201d e entregou \u00e0 Ministra uma folha com perguntas para esclarecer estas situa\u00e7\u00f5es, incluindo relatos de bastidores e declara\u00e7\u00f5es de outras pe\u00e7as. A discuss\u00e3o tamb\u00e9m abordou o VAR, com Varandas a afirmar que ajudou o Sporting quando funciona, e a evitar falar sobre transfers ao adaptar-se ao tom da recolha de declara\u00e7\u00f5es.","og_url":"https:\/\/portaltela.pt\/noticias\/2026\/04\/01\/varandas-acusa-um-clube-de-ter-estado-miseravel-nos-ultimos-cinco-meses\/","og_site_name":"Portal Tela Portugal","article_published_time":"2026-04-01T16:47:39+00:00","author":"Telinha","twitter_card":"summary_large_image","twitter_misc":{"Escrito por":"Telinha","Tempo estimado de leitura":"2 minutos"},"schema":{"@context":"https:\/\/schema.org","@graph":[{"@type":"Article","@id":"https:\/\/portaltela.pt\/noticias\/2026\/04\/01\/varandas-acusa-um-clube-de-ter-estado-miseravel-nos-ultimos-cinco-meses\/#article","isPartOf":{"@id":"https:\/\/portaltela.pt\/noticias\/2026\/04\/01\/varandas-acusa-um-clube-de-ter-estado-miseravel-nos-ultimos-cinco-meses\/"},"author":{"name":"Telinha","@id":"https:\/\/portaltela.pt\/#\/schema\/person\/c4278d4a6028830caff9ee44b42d32ed"},"headline":"Varandas acusa um clube de ter estado miser\u00e1vel nos \u00faltimos cinco meses","datePublished":"2026-04-01T16:47:39+00:00","mainEntityOfPage":{"@id":"https:\/\/portaltela.pt\/noticias\/2026\/04\/01\/varandas-acusa-um-clube-de-ter-estado-miseravel-nos-ultimos-cinco-meses\/"},"wordCount":474,"image":{"@id":"https:\/\/portaltela.pt\/noticias\/2026\/04\/01\/varandas-acusa-um-clube-de-ter-estado-miseravel-nos-ultimos-cinco-meses\/#primaryimage"},"thumbnailUrl":"https:\/\/portaltela.pt\/s.01k8rhncp4jt1\/2026\/04\/img_1500x1000uu2026-04-01-17-27-41-2276082.jpg","keywords":["arbitragem","desporto","\u00c9tica Desportiva","futebol","Porto","Sporting"],"articleSection":["Desporto","Futebol"],"inLanguage":"pt-PT"},{"@type":"WebPage","@id":"https:\/\/portaltela.pt\/noticias\/2026\/04\/01\/varandas-acusa-um-clube-de-ter-estado-miseravel-nos-ultimos-cinco-meses\/","url":"https:\/\/portaltela.pt\/noticias\/2026\/04\/01\/varandas-acusa-um-clube-de-ter-estado-miseravel-nos-ultimos-cinco-meses\/","name":"Varandas acusa um clube de ter estado miser\u00e1vel nos \u00faltimos cinco meses - Portal Tela Portugal","isPartOf":{"@id":"https:\/\/portaltela.pt\/#website"},"primaryImageOfPage":{"@id":"https:\/\/portaltela.pt\/noticias\/2026\/04\/01\/varandas-acusa-um-clube-de-ter-estado-miseravel-nos-ultimos-cinco-meses\/#primaryimage"},"image":{"@id":"https:\/\/portaltela.pt\/noticias\/2026\/04\/01\/varandas-acusa-um-clube-de-ter-estado-miseravel-nos-ultimos-cinco-meses\/#primaryimage"},"thumbnailUrl":"https:\/\/portaltela.pt\/s.01k8rhncp4jt1\/2026\/04\/img_1500x1000uu2026-04-01-17-27-41-2276082.jpg","datePublished":"2026-04-01T16:47:39+00:00","author":{"@id":"https:\/\/portaltela.pt\/#\/schema\/person\/c4278d4a6028830caff9ee44b42d32ed"},"breadcrumb":{"@id":"https:\/\/portaltela.pt\/noticias\/2026\/04\/01\/varandas-acusa-um-clube-de-ter-estado-miseravel-nos-ultimos-cinco-meses\/#breadcrumb"},"inLanguage":"pt-PT","potentialAction":[{"@type":"ReadAction","target":["https:\/\/portaltela.pt\/noticias\/2026\/04\/01\/varandas-acusa-um-clube-de-ter-estado-miseravel-nos-ultimos-cinco-meses\/"]}]},{"@type":"ImageObject","inLanguage":"pt-PT","@id":"https:\/\/portaltela.pt\/noticias\/2026\/04\/01\/varandas-acusa-um-clube-de-ter-estado-miseravel-nos-ultimos-cinco-meses\/#primaryimage","url":"https:\/\/portaltela.pt\/s.01k8rhncp4jt1\/2026\/04\/img_1500x1000uu2026-04-01-17-27-41-2276082.jpg","contentUrl":"https:\/\/portaltela.pt\/s.01k8rhncp4jt1\/2026\/04\/img_1500x1000uu2026-04-01-17-27-41-2276082.jpg","width":796,"height":448,"caption":"Frederico Varandas"},{"@type":"BreadcrumbList","@id":"https:\/\/portaltela.pt\/noticias\/2026\/04\/01\/varandas-acusa-um-clube-de-ter-estado-miseravel-nos-ultimos-cinco-meses\/#breadcrumb","itemListElement":[{"@type":"ListItem","position":1,"name":"In\u00edcio","item":"https:\/\/portaltela.pt\/"},{"@type":"ListItem","position":2,"name":"Varandas acusa um clube de ter estado miser\u00e1vel nos \u00faltimos cinco meses"}]},{"@type":"WebSite","@id":"https:\/\/portaltela.pt\/#website","url":"https:\/\/portaltela.pt\/","name":"Portal Tela Portugal","description":"","potentialAction":[{"@type":"SearchAction","target":{"@type":"EntryPoint","urlTemplate":"https:\/\/portaltela.pt\/?s={search_term_string}"},"query-input":{"@type":"PropertyValueSpecification","valueRequired":true,"valueName":"search_term_string"}}],"inLanguage":"pt-PT"},{"@type":"Person","@id":"https:\/\/portaltela.pt\/#\/schema\/person\/c4278d4a6028830caff9ee44b42d32ed","name":"Telinha","image":{"@type":"ImageObject","inLanguage":"pt-PT","@id":"https:\/\/portaltela.pt\/s.01k8rhncp4jt1\/2025\/11\/talking-bot-125x125.png","url":"https:\/\/portaltela.pt\/s.01k8rhncp4jt1\/2025\/11\/talking-bot-125x125.png","contentUrl":"https:\/\/portaltela.pt\/s.01k8rhncp4jt1\/2025\/11\/talking-bot-125x125.png","caption":"Telinha"},"sameAs":["https:\/\/portaltela.pt\/"],"url":"https:\/\/portaltela.pt\/por\/367410592786\/"}]}},"_links":{"self":[{"href":"https:\/\/portaltela.pt\/api\/wp\/v2\/posts\/429479","targetHints":{"allow":["GET"]}}],"collection":[{"href":"https:\/\/portaltela.pt\/api\/wp\/v2\/posts"}],"about":[{"href":"https:\/\/portaltela.pt\/api\/wp\/v2\/types\/post"}],"author":[{"embeddable":true,"href":"https:\/\/portaltela.pt\/api\/wp\/v2\/users\/2"}],"replies":[{"embeddable":true,"href":"https:\/\/portaltela.pt\/api\/wp\/v2\/comments?post=429479"}],"version-history":[{"count":0,"href":"https:\/\/portaltela.pt\/api\/wp\/v2\/posts\/429479\/revisions"}],"wp:featuredmedia":[{"embeddable":true,"href":"https:\/\/portaltela.pt\/api\/wp\/v2\/media\/429481"}],"wp:attachment":[{"href":"https:\/\/portaltela.pt\/api\/wp\/v2\/media?parent=429479"}],"wp:term":[{"taxonomy":"category","embeddable":true,"href":"https:\/\/portaltela.pt\/api\/wp\/v2\/categories?post=429479"},{"taxonomy":"post_tag","embeddable":true,"href":"https:\/\/portaltela.pt\/api\/wp\/v2\/tags?post=429479"}],"curies":[{"name":"wp","href":"https:\/\/api.w.org\/{rel}","templated":true}]}}