{"id":429475,"date":"2026-04-01T13:47:37","date_gmt":"2026-04-01T16:47:37","guid":{"rendered":"https:\/\/portaltela.pt\/noticias\/2026\/04\/01\/oposicao-em-angola-e-propriedade-do-regime-afirma-analista\/"},"modified":"2026-04-01T13:47:37","modified_gmt":"2026-04-01T16:47:37","slug":"oposicao-em-angola-e-propriedade-do-regime-afirma-analista","status":"publish","type":"post","link":"https:\/\/portaltela.pt\/noticias\/internacional\/2026\/04\/01\/oposicao-em-angola-e-propriedade-do-regime-afirma-analista\/","title":{"rendered":"Oposi\u00e7\u00e3o em Angola \u00e9 propriedade do regime, afirma analista"},"content":{"rendered":"<p>O podcast Na Terra dos Cacos, do P\u00daBLICO, analisa um manifesto que pede uma nova luta de liberta\u00e7\u00e3o em Angola. O texto \u00e9 assinado por Luzia Moniz e Domingos da Cruz, considerado um dos presos pol\u00edticos do processo 15+2 no pa\u00eds. O objetivo \u00e9 apresentar uma leitura cr\u00edtica sobre o papel da oposi\u00e7\u00e3o.<\/p>\n<p>Segundo Domingos da Cruz, a oposi\u00e7\u00e3o angolana estaria sob o controlo do regime no poder. O manifesto sustenta que as elei\u00e7\u00f5es n\u00e3o mudam a ordem existente e prop\u00f5e autoliberta\u00e7\u00e3o popular para afastar a manipula\u00e7\u00e3o partid\u00e1ria. A ideia \u00e9 mobilizar a soberania popular para al\u00e9m das institui\u00e7\u00f5es.<\/p>\n<p>Domingos da Cruz, que reside no Canad\u00e1, afirma que o equil\u00edbrio entre MPLA e UNITA beneficia apenas quem governa, deixando o povo na posi\u00e7\u00e3o de que sofre. A entrevista questiona a validade das alternativas institucionais para uma mudan\u00e7a real no quadro pol\u00edtico nacional.<\/p>\n<h3>Parceria Nam\u00edbia-R\u00fassia no nuclear<\/h3>\n<p>A conversa aborda a not\u00edcia de que a Nam\u00edbia poder\u00e1 explorar ur\u00e2nio com apoio t\u00e9cnico da R\u00fassia. O pa\u00eds africano det\u00e9m reservas significativas e interessa-se pela transfer\u00eancia de know-how em energia nuclear, tema de relev\u00e2ncia regional para Angola.<\/p>\n<p>A an\u00e1lise destaca que a coopera\u00e7\u00e3o energ\u00e9tica pode ter impactos estrat\u00e9gicos na regi\u00e3o, incluindo a estabilidade econ\u00f3mica e o controlo de recursos minerais. O debate centra-se na necessidade de percursos transparentes e legais para qualquer parceria.<\/p>\n<h3>Mo\u00e7ambique: julgamento de Ven\u00e2ncio Mondlane<\/h3>\n<p>O epis\u00f3dio tamb\u00e9m comenta a decis\u00e3o judicial em Mo\u00e7ambique de levar a julgamento Ven\u00e2ncio Mondlane, figura da oposi\u00e7\u00e3o, por cinco processos-crime relacionados com manifesta\u00e7\u00f5es alegadamente fraudulentas ap\u00f3s as elei\u00e7\u00f5es de 9 de Outubro de 2024. O tema reflete dilemas institucionais e de liberdade de express\u00e3o.<\/p>\n<p>Domingos da Cruz \u00e9 uma voz central no debate sobre a rela\u00e7\u00e3o entre poder e oposi\u00e7\u00e3o na regi\u00e3o. O podcast continua a explorar temas africanos com uma linha de an\u00e1lise cr\u00edtica e informativa, sem emitir julgamentos ou conclus\u00f5es.<\/p>\n","protected":false},"excerpt":{"rendered":"<ul>\n<li>Domingos da Cruz, um dos autores do manifesto, defende uma nova luta de liberta\u00e7\u00e3o em Angola, afirmando que a oposi\u00e7\u00e3o \u00e9 propriedade do regime.<\/li>\n<li>O manifesto sustenta que o MPLA e a UNITA s\u00e3o equivalentes e que as elei\u00e7\u00f5es n\u00e3o alteram o sistema que beneficia apenas os dirigentes.<\/li>\n<li>Prop\u00f5e a autoliberta\u00e7\u00e3o do povo da manipula\u00e7\u00e3o dos partidos, para que a soberania popular se mova fora das institui\u00e7\u00f5es e erradique a opress\u00e3o.<\/li>\n<li>O epis\u00f3dio discute a parceria entre R\u00fassia e Nam\u00edbia na explora\u00e7\u00e3o de ur\u00e2nio e partilha de know-how em energia nuclear, com impacto potencial para a regi\u00e3o.<\/li>\n<li>O programa aborda ainda a decis\u00e3o da justi\u00e7a mo\u00e7ambicana de levar a julgamento Ven\u00e2ncio Mondlane, principal rosto da oposi\u00e7\u00e3o, em cinco processos-crimes ligados a manifesta\u00e7\u00f5es ap\u00f3s as elei\u00e7\u00f5es de 9 de outubro de 2024.<\/li>\n<\/ul>\n","protected":false},"author":2,"featured_media":429477,"comment_status":"closed","ping_status":"closed","sticky":false,"template":"","format":"standard","meta":{"footnotes":""},"categories":[4,7127],"tags":[4837,1911,2631,3767,2832,3110],"class_list":["post-429475","post","type-post","status-publish","format-standard","has-post-thumbnail","hentry","category-internacional","category-politica-internacional","tag-angola","tag-mocambique","tag-namibia","tag-oposicao","tag-politica","tag-russia"],"yoast_head":"<!-- This site is optimized with the Yoast SEO plugin v27.2 - https:\/\/yoast.com\/product\/yoast-seo-wordpress\/ -->\n<title>Oposi\u00e7\u00e3o em Angola \u00e9 propriedade do regime, afirma analista - Portal Tela Portugal<\/title>\n<meta name=\"robots\" content=\"index, follow, max-snippet:-1, max-image-preview:large, max-video-preview:-1\" \/>\n<meta property=\"og:locale\" content=\"pt_PT\" \/>\n<meta property=\"og:type\" content=\"article\" \/>\n<meta property=\"og:title\" content=\"Oposi\u00e7\u00e3o em Angola \u00e9 propriedade do regime, afirma analista - Portal Tela Portugal\" \/>\n<meta property=\"og:description\" content=\"Domingos da Cruz, um dos autores do manifesto, defende uma nova luta de liberta\u00e7\u00e3o em Angola, afirmando que a oposi\u00e7\u00e3o \u00e9 propriedade do regime. O manifesto sustenta que o MPLA e a UNITA s\u00e3o equivalentes e que as elei\u00e7\u00f5es n\u00e3o alteram o sistema que beneficia apenas os dirigentes. Prop\u00f5e a autoliberta\u00e7\u00e3o do povo da manipula\u00e7\u00e3o dos partidos, para que a soberania popular se mova fora das institui\u00e7\u00f5es e erradique a opress\u00e3o. O epis\u00f3dio discute a parceria entre R\u00fassia e Nam\u00edbia na explora\u00e7\u00e3o de ur\u00e2nio e partilha de know-how em energia nuclear, com impacto potencial para a regi\u00e3o. O programa aborda ainda a decis\u00e3o da justi\u00e7a mo\u00e7ambicana de levar a julgamento Ven\u00e2ncio Mondlane, principal rosto da oposi\u00e7\u00e3o, em cinco processos-crimes ligados a manifesta\u00e7\u00f5es ap\u00f3s as elei\u00e7\u00f5es de 9 de outubro de 2024.\" \/>\n<meta property=\"og:url\" content=\"https:\/\/portaltela.pt\/noticias\/2026\/04\/01\/oposicao-em-angola-e-propriedade-do-regime-afirma-analista\/\" \/>\n<meta property=\"og:site_name\" content=\"Portal Tela Portugal\" \/>\n<meta property=\"article:published_time\" content=\"2026-04-01T16:47:37+00:00\" \/>\n<meta name=\"author\" content=\"Telinha\" \/>\n<meta name=\"twitter:card\" content=\"summary_large_image\" \/>\n<meta name=\"twitter:label1\" content=\"Escrito por\" \/>\n\t<meta name=\"twitter:data1\" content=\"Telinha\" \/>\n\t<meta name=\"twitter:label2\" content=\"Tempo estimado de leitura\" \/>\n\t<meta name=\"twitter:data2\" content=\"2 minutos\" \/>\n<script type=\"application\/ld+json\" class=\"yoast-schema-graph\">{\"@context\":\"https:\/\/schema.org\",\"@graph\":[{\"@type\":\"Article\",\"@id\":\"https:\/\/portaltela.pt\/noticias\/2026\/04\/01\/oposicao-em-angola-e-propriedade-do-regime-afirma-analista\/#article\",\"isPartOf\":{\"@id\":\"https:\/\/portaltela.pt\/noticias\/2026\/04\/01\/oposicao-em-angola-e-propriedade-do-regime-afirma-analista\/\"},\"author\":{\"name\":\"Telinha\",\"@id\":\"https:\/\/portaltela.pt\/#\/schema\/person\/c4278d4a6028830caff9ee44b42d32ed\"},\"headline\":\"Oposi\u00e7\u00e3o em Angola \u00e9 propriedade do regime, afirma analista\",\"datePublished\":\"2026-04-01T16:47:37+00:00\",\"mainEntityOfPage\":{\"@id\":\"https:\/\/portaltela.pt\/noticias\/2026\/04\/01\/oposicao-em-angola-e-propriedade-do-regime-afirma-analista\/\"},\"wordCount\":364,\"image\":{\"@id\":\"https:\/\/portaltela.pt\/noticias\/2026\/04\/01\/oposicao-em-angola-e-propriedade-do-regime-afirma-analista\/#primaryimage\"},\"thumbnailUrl\":\"https:\/\/portaltela.pt\/s.01k8rhncp4jt1\/2026\/04\/2078629.jpg\",\"keywords\":[\"Angola\",\"Mo\u00e7ambique\",\"Nam\u00edbia\",\"oposi\u00e7\u00e3o\",\"pol\u00edtica\",\"R\u00fassia\"],\"articleSection\":[\"Internacional\",\"Pol\u00edtica Internacional\"],\"inLanguage\":\"pt-PT\"},{\"@type\":\"WebPage\",\"@id\":\"https:\/\/portaltela.pt\/noticias\/2026\/04\/01\/oposicao-em-angola-e-propriedade-do-regime-afirma-analista\/\",\"url\":\"https:\/\/portaltela.pt\/noticias\/2026\/04\/01\/oposicao-em-angola-e-propriedade-do-regime-afirma-analista\/\",\"name\":\"Oposi\u00e7\u00e3o em Angola \u00e9 propriedade do regime, afirma analista - Portal Tela Portugal\",\"isPartOf\":{\"@id\":\"https:\/\/portaltela.pt\/#website\"},\"primaryImageOfPage\":{\"@id\":\"https:\/\/portaltela.pt\/noticias\/2026\/04\/01\/oposicao-em-angola-e-propriedade-do-regime-afirma-analista\/#primaryimage\"},\"image\":{\"@id\":\"https:\/\/portaltela.pt\/noticias\/2026\/04\/01\/oposicao-em-angola-e-propriedade-do-regime-afirma-analista\/#primaryimage\"},\"thumbnailUrl\":\"https:\/\/portaltela.pt\/s.01k8rhncp4jt1\/2026\/04\/2078629.jpg\",\"datePublished\":\"2026-04-01T16:47:37+00:00\",\"author\":{\"@id\":\"https:\/\/portaltela.pt\/#\/schema\/person\/c4278d4a6028830caff9ee44b42d32ed\"},\"breadcrumb\":{\"@id\":\"https:\/\/portaltela.pt\/noticias\/2026\/04\/01\/oposicao-em-angola-e-propriedade-do-regime-afirma-analista\/#breadcrumb\"},\"inLanguage\":\"pt-PT\",\"potentialAction\":[{\"@type\":\"ReadAction\",\"target\":[\"https:\/\/portaltela.pt\/noticias\/2026\/04\/01\/oposicao-em-angola-e-propriedade-do-regime-afirma-analista\/\"]}]},{\"@type\":\"ImageObject\",\"inLanguage\":\"pt-PT\",\"@id\":\"https:\/\/portaltela.pt\/noticias\/2026\/04\/01\/oposicao-em-angola-e-propriedade-do-regime-afirma-analista\/#primaryimage\",\"url\":\"https:\/\/portaltela.pt\/s.01k8rhncp4jt1\/2026\/04\/2078629.jpg\",\"contentUrl\":\"https:\/\/portaltela.pt\/s.01k8rhncp4jt1\/2026\/04\/2078629.jpg\",\"width\":796,\"height\":448,\"caption\":\"Photo\"},{\"@type\":\"BreadcrumbList\",\"@id\":\"https:\/\/portaltela.pt\/noticias\/2026\/04\/01\/oposicao-em-angola-e-propriedade-do-regime-afirma-analista\/#breadcrumb\",\"itemListElement\":[{\"@type\":\"ListItem\",\"position\":1,\"name\":\"In\u00edcio\",\"item\":\"https:\/\/portaltela.pt\/\"},{\"@type\":\"ListItem\",\"position\":2,\"name\":\"Oposi\u00e7\u00e3o em Angola \u00e9 propriedade do regime, afirma analista\"}]},{\"@type\":\"WebSite\",\"@id\":\"https:\/\/portaltela.pt\/#website\",\"url\":\"https:\/\/portaltela.pt\/\",\"name\":\"Portal Tela Portugal\",\"description\":\"\",\"potentialAction\":[{\"@type\":\"SearchAction\",\"target\":{\"@type\":\"EntryPoint\",\"urlTemplate\":\"https:\/\/portaltela.pt\/?s={search_term_string}\"},\"query-input\":{\"@type\":\"PropertyValueSpecification\",\"valueRequired\":true,\"valueName\":\"search_term_string\"}}],\"inLanguage\":\"pt-PT\"},{\"@type\":\"Person\",\"@id\":\"https:\/\/portaltela.pt\/#\/schema\/person\/c4278d4a6028830caff9ee44b42d32ed\",\"name\":\"Telinha\",\"image\":{\"@type\":\"ImageObject\",\"inLanguage\":\"pt-PT\",\"@id\":\"https:\/\/portaltela.pt\/s.01k8rhncp4jt1\/2025\/11\/talking-bot-125x125.png\",\"url\":\"https:\/\/portaltela.pt\/s.01k8rhncp4jt1\/2025\/11\/talking-bot-125x125.png\",\"contentUrl\":\"https:\/\/portaltela.pt\/s.01k8rhncp4jt1\/2025\/11\/talking-bot-125x125.png\",\"caption\":\"Telinha\"},\"sameAs\":[\"https:\/\/portaltela.pt\/\"],\"url\":\"https:\/\/portaltela.pt\/por\/367410592786\/\"}]}<\/script>\n<!-- \/ Yoast SEO plugin. -->","yoast_head_json":{"title":"Oposi\u00e7\u00e3o em Angola \u00e9 propriedade do regime, afirma analista - Portal Tela Portugal","robots":{"index":"index","follow":"follow","max-snippet":"max-snippet:-1","max-image-preview":"max-image-preview:large","max-video-preview":"max-video-preview:-1"},"og_locale":"pt_PT","og_type":"article","og_title":"Oposi\u00e7\u00e3o em Angola \u00e9 propriedade do regime, afirma analista - Portal Tela Portugal","og_description":"Domingos da Cruz, um dos autores do manifesto, defende uma nova luta de liberta\u00e7\u00e3o em Angola, afirmando que a oposi\u00e7\u00e3o \u00e9 propriedade do regime. O manifesto sustenta que o MPLA e a UNITA s\u00e3o equivalentes e que as elei\u00e7\u00f5es n\u00e3o alteram o sistema que beneficia apenas os dirigentes. Prop\u00f5e a autoliberta\u00e7\u00e3o do povo da manipula\u00e7\u00e3o dos partidos, para que a soberania popular se mova fora das institui\u00e7\u00f5es e erradique a opress\u00e3o. O epis\u00f3dio discute a parceria entre R\u00fassia e Nam\u00edbia na explora\u00e7\u00e3o de ur\u00e2nio e partilha de know-how em energia nuclear, com impacto potencial para a regi\u00e3o. O programa aborda ainda a decis\u00e3o da justi\u00e7a mo\u00e7ambicana de levar a julgamento Ven\u00e2ncio Mondlane, principal rosto da oposi\u00e7\u00e3o, em cinco processos-crimes ligados a manifesta\u00e7\u00f5es ap\u00f3s as elei\u00e7\u00f5es de 9 de outubro de 2024.","og_url":"https:\/\/portaltela.pt\/noticias\/2026\/04\/01\/oposicao-em-angola-e-propriedade-do-regime-afirma-analista\/","og_site_name":"Portal Tela Portugal","article_published_time":"2026-04-01T16:47:37+00:00","author":"Telinha","twitter_card":"summary_large_image","twitter_misc":{"Escrito por":"Telinha","Tempo estimado de leitura":"2 minutos"},"schema":{"@context":"https:\/\/schema.org","@graph":[{"@type":"Article","@id":"https:\/\/portaltela.pt\/noticias\/2026\/04\/01\/oposicao-em-angola-e-propriedade-do-regime-afirma-analista\/#article","isPartOf":{"@id":"https:\/\/portaltela.pt\/noticias\/2026\/04\/01\/oposicao-em-angola-e-propriedade-do-regime-afirma-analista\/"},"author":{"name":"Telinha","@id":"https:\/\/portaltela.pt\/#\/schema\/person\/c4278d4a6028830caff9ee44b42d32ed"},"headline":"Oposi\u00e7\u00e3o em Angola \u00e9 propriedade do regime, afirma analista","datePublished":"2026-04-01T16:47:37+00:00","mainEntityOfPage":{"@id":"https:\/\/portaltela.pt\/noticias\/2026\/04\/01\/oposicao-em-angola-e-propriedade-do-regime-afirma-analista\/"},"wordCount":364,"image":{"@id":"https:\/\/portaltela.pt\/noticias\/2026\/04\/01\/oposicao-em-angola-e-propriedade-do-regime-afirma-analista\/#primaryimage"},"thumbnailUrl":"https:\/\/portaltela.pt\/s.01k8rhncp4jt1\/2026\/04\/2078629.jpg","keywords":["Angola","Mo\u00e7ambique","Nam\u00edbia","oposi\u00e7\u00e3o","pol\u00edtica","R\u00fassia"],"articleSection":["Internacional","Pol\u00edtica Internacional"],"inLanguage":"pt-PT"},{"@type":"WebPage","@id":"https:\/\/portaltela.pt\/noticias\/2026\/04\/01\/oposicao-em-angola-e-propriedade-do-regime-afirma-analista\/","url":"https:\/\/portaltela.pt\/noticias\/2026\/04\/01\/oposicao-em-angola-e-propriedade-do-regime-afirma-analista\/","name":"Oposi\u00e7\u00e3o em Angola \u00e9 propriedade do regime, afirma analista - Portal Tela Portugal","isPartOf":{"@id":"https:\/\/portaltela.pt\/#website"},"primaryImageOfPage":{"@id":"https:\/\/portaltela.pt\/noticias\/2026\/04\/01\/oposicao-em-angola-e-propriedade-do-regime-afirma-analista\/#primaryimage"},"image":{"@id":"https:\/\/portaltela.pt\/noticias\/2026\/04\/01\/oposicao-em-angola-e-propriedade-do-regime-afirma-analista\/#primaryimage"},"thumbnailUrl":"https:\/\/portaltela.pt\/s.01k8rhncp4jt1\/2026\/04\/2078629.jpg","datePublished":"2026-04-01T16:47:37+00:00","author":{"@id":"https:\/\/portaltela.pt\/#\/schema\/person\/c4278d4a6028830caff9ee44b42d32ed"},"breadcrumb":{"@id":"https:\/\/portaltela.pt\/noticias\/2026\/04\/01\/oposicao-em-angola-e-propriedade-do-regime-afirma-analista\/#breadcrumb"},"inLanguage":"pt-PT","potentialAction":[{"@type":"ReadAction","target":["https:\/\/portaltela.pt\/noticias\/2026\/04\/01\/oposicao-em-angola-e-propriedade-do-regime-afirma-analista\/"]}]},{"@type":"ImageObject","inLanguage":"pt-PT","@id":"https:\/\/portaltela.pt\/noticias\/2026\/04\/01\/oposicao-em-angola-e-propriedade-do-regime-afirma-analista\/#primaryimage","url":"https:\/\/portaltela.pt\/s.01k8rhncp4jt1\/2026\/04\/2078629.jpg","contentUrl":"https:\/\/portaltela.pt\/s.01k8rhncp4jt1\/2026\/04\/2078629.jpg","width":796,"height":448,"caption":"Photo"},{"@type":"BreadcrumbList","@id":"https:\/\/portaltela.pt\/noticias\/2026\/04\/01\/oposicao-em-angola-e-propriedade-do-regime-afirma-analista\/#breadcrumb","itemListElement":[{"@type":"ListItem","position":1,"name":"In\u00edcio","item":"https:\/\/portaltela.pt\/"},{"@type":"ListItem","position":2,"name":"Oposi\u00e7\u00e3o em Angola \u00e9 propriedade do regime, afirma analista"}]},{"@type":"WebSite","@id":"https:\/\/portaltela.pt\/#website","url":"https:\/\/portaltela.pt\/","name":"Portal Tela Portugal","description":"","potentialAction":[{"@type":"SearchAction","target":{"@type":"EntryPoint","urlTemplate":"https:\/\/portaltela.pt\/?s={search_term_string}"},"query-input":{"@type":"PropertyValueSpecification","valueRequired":true,"valueName":"search_term_string"}}],"inLanguage":"pt-PT"},{"@type":"Person","@id":"https:\/\/portaltela.pt\/#\/schema\/person\/c4278d4a6028830caff9ee44b42d32ed","name":"Telinha","image":{"@type":"ImageObject","inLanguage":"pt-PT","@id":"https:\/\/portaltela.pt\/s.01k8rhncp4jt1\/2025\/11\/talking-bot-125x125.png","url":"https:\/\/portaltela.pt\/s.01k8rhncp4jt1\/2025\/11\/talking-bot-125x125.png","contentUrl":"https:\/\/portaltela.pt\/s.01k8rhncp4jt1\/2025\/11\/talking-bot-125x125.png","caption":"Telinha"},"sameAs":["https:\/\/portaltela.pt\/"],"url":"https:\/\/portaltela.pt\/por\/367410592786\/"}]}},"_links":{"self":[{"href":"https:\/\/portaltela.pt\/api\/wp\/v2\/posts\/429475","targetHints":{"allow":["GET"]}}],"collection":[{"href":"https:\/\/portaltela.pt\/api\/wp\/v2\/posts"}],"about":[{"href":"https:\/\/portaltela.pt\/api\/wp\/v2\/types\/post"}],"author":[{"embeddable":true,"href":"https:\/\/portaltela.pt\/api\/wp\/v2\/users\/2"}],"replies":[{"embeddable":true,"href":"https:\/\/portaltela.pt\/api\/wp\/v2\/comments?post=429475"}],"version-history":[{"count":0,"href":"https:\/\/portaltela.pt\/api\/wp\/v2\/posts\/429475\/revisions"}],"wp:featuredmedia":[{"embeddable":true,"href":"https:\/\/portaltela.pt\/api\/wp\/v2\/media\/429477"}],"wp:attachment":[{"href":"https:\/\/portaltela.pt\/api\/wp\/v2\/media?parent=429475"}],"wp:term":[{"taxonomy":"category","embeddable":true,"href":"https:\/\/portaltela.pt\/api\/wp\/v2\/categories?post=429475"},{"taxonomy":"post_tag","embeddable":true,"href":"https:\/\/portaltela.pt\/api\/wp\/v2\/tags?post=429475"}],"curies":[{"name":"wp","href":"https:\/\/api.w.org\/{rel}","templated":true}]}}