{"id":429468,"date":"2026-04-01T13:47:28","date_gmt":"2026-04-01T16:47:28","guid":{"rendered":"https:\/\/portaltela.pt\/noticias\/2026\/04\/01\/la-venus-electrique-abre-a-79-a-edicao-do-festival-de-cannes\/"},"modified":"2026-04-01T13:47:28","modified_gmt":"2026-04-01T16:47:28","slug":"la-venus-electrique-abre-a-79-a-edicao-do-festival-de-cannes","status":"publish","type":"post","link":"https:\/\/portaltela.pt\/series-e-filmes\/2026\/04\/01\/la-venus-electrique-abre-a-79-a-edicao-do-festival-de-cannes\/","title":{"rendered":"La V\u00e9nus \u00c9lectrique abre a 79.\u00aa edi\u00e7\u00e3o do Festival de Cannes"},"content":{"rendered":"<p>La 79.\u00aa edi\u00e7\u00e3o do Festival de Cannes abre a 12 de maio com a com\u00e9dia burlesca La V\u00e9nus \u00c9lectrique, de Pierre Salvadori. A Paris do in\u00edcio do s\u00e9culo XX serve de cen\u00e1rio para uma hist\u00f3ria de impostura, amor e fantasia. O filme estreia no mercado franc\u00eas no mesmo dia.<\/p>\n<p>O elenco principal re\u00fane Ana\u00efs Demoustier, Pio Marma\u00ef, Gilles Lellouche e Vimala Pons, todos ligados a uma produ\u00e7\u00e3o que aposta numa reconstitui\u00e7\u00e3o de \u00e9poca. Salvadori assina o 11.\u00ba filme da sua filmografia, o primeiro a explorar esse registo hist\u00f3rico de forma t\u00e3o marcada.<\/p>\n<p>A escolha de abrir Cannes com uma obra nacional refor\u00e7a o desenho da edi\u00e7\u00e3o, sem produ\u00e7\u00e3o internacional de grande rodagem. N\u00e3o havendo, desde 2019, estreia de uma produ\u00e7\u00e3o americana no arranque, o festival volta a privilegiar o cinema franc\u00eas na sess\u00e3o de abertura.<\/p>\n<p>O realizador descreveu Cannes como um espa\u00e7o de celebra\u00e7\u00e3o da realiza\u00e7\u00e3o, da ousadia e da liberdade criativa. O filme surge como express\u00e3o dessa vis\u00e3o, segundo o pr\u00f3prio, que valoriza a descoberta e o apoio aos cineastas em cada edi\u00e7\u00e3o.<\/p>\n<p>La V\u00e9nus \u00c9lectrique aborda uma f\u00e1bula sobre impostura e manipula\u00e7\u00e3o. Conta a hist\u00f3ria de um pintor vi\u00favo que se apaixona pelo fantasma da sua mulher, numa narrativa que reimagina os anos loucos inspirada em com\u00e9dias cl\u00e1ssicas de Hollywood.<\/p>\n<p>A produ\u00e7\u00e3o cita influ\u00eancias de mestres como Lubitsch, Wilder e Edwards, com Salvadori a afirmar o desejo de quebrar moldes mantendo o humor e a sofistica\u00e7\u00e3o de cada cena. O filme promete um olhar fresco sobre uma \u00e9poca que costuma inspirar o cinema moderno.<\/p>\n","protected":false},"excerpt":{"rendered":"<ul>\n<li>La V\u00e9nus \u00c9lectrique abre o Festival de Cannes a 12 de maio, uma com\u00e9dia burlesca passada na Paris do in\u00edcio do s\u00e9culo XX.<\/li>\n<li>O filme \u00e9 de Pierre Salvadori, 11.\u00ba da sua filmografia e o primeiro em que faz uma reconstitui\u00e7\u00e3o de \u00e9poca.<\/li>\n<li>Protagonizam Ana\u00efs Demoustier, Pio Marma\u00ef, Gilles Lellouche e Vimala Pons, com estreia prevista no mercado franc\u00eas no mesmo dia.<\/li>\n<li>A escolha mant\u00e9m a tend\u00eancia de abrir Cannes com produ\u00e7\u00e3o francesa, sem presen\u00e7a internacional norte\u2011americana no arranque.<\/li>\n<li>A hist\u00f3ria acompanha um pintor vi\u00favo que se apaixona pelo fantasma da esposa; Salvadori cita inspira\u00e7\u00e3o em Lubitsch, Wilder e Edwards.<\/li>\n<\/ul>\n","protected":false},"author":2,"featured_media":429470,"comment_status":"closed","ping_status":"closed","sticky":false,"template":"","format":"standard","meta":{"footnotes":""},"categories":[12,7368],"tags":[70,112,1637,145,5242,1856],"class_list":["post-429468","post","type-post","status-publish","format-standard","has-post-thumbnail","hentry","category-entretenimento","category-series-e-filmes","tag-arte","tag-cinema","tag-comedia","tag-cultura","tag-filmes","tag-franca"],"yoast_head":"<!-- This site is optimized with the Yoast SEO plugin v27.2 - https:\/\/yoast.com\/product\/yoast-seo-wordpress\/ -->\n<title>La V\u00e9nus \u00c9lectrique abre a 79.\u00aa edi\u00e7\u00e3o do Festival de Cannes - Portal Tela Portugal<\/title>\n<meta name=\"robots\" content=\"index, follow, max-snippet:-1, max-image-preview:large, max-video-preview:-1\" \/>\n<meta property=\"og:locale\" content=\"pt_PT\" \/>\n<meta property=\"og:type\" content=\"article\" \/>\n<meta property=\"og:title\" content=\"La V\u00e9nus \u00c9lectrique abre a 79.\u00aa edi\u00e7\u00e3o do Festival de Cannes - Portal Tela Portugal\" \/>\n<meta property=\"og:description\" content=\"La V\u00e9nus \u00c9lectrique abre o Festival de Cannes a 12 de maio, uma com\u00e9dia burlesca passada na Paris do in\u00edcio do s\u00e9culo XX. O filme \u00e9 de Pierre Salvadori, 11.\u00ba da sua filmografia e o primeiro em que faz uma reconstitui\u00e7\u00e3o de \u00e9poca. Protagonizam Ana\u00efs Demoustier, Pio Marma\u00ef, Gilles Lellouche e Vimala Pons, com estreia prevista no mercado franc\u00eas no mesmo dia. A escolha mant\u00e9m a tend\u00eancia de abrir Cannes com produ\u00e7\u00e3o francesa, sem presen\u00e7a internacional norte\u2011americana no arranque. A hist\u00f3ria acompanha um pintor vi\u00favo que se apaixona pelo fantasma da esposa; Salvadori cita inspira\u00e7\u00e3o em Lubitsch, Wilder e Edwards.\" \/>\n<meta property=\"og:url\" content=\"https:\/\/portaltela.pt\/noticias\/2026\/04\/01\/la-venus-electrique-abre-a-79-a-edicao-do-festival-de-cannes\/\" \/>\n<meta property=\"og:site_name\" content=\"Portal Tela Portugal\" \/>\n<meta property=\"article:published_time\" content=\"2026-04-01T16:47:28+00:00\" \/>\n<meta name=\"author\" content=\"Telinha\" \/>\n<meta name=\"twitter:card\" content=\"summary_large_image\" \/>\n<meta name=\"twitter:label1\" content=\"Escrito por\" \/>\n\t<meta name=\"twitter:data1\" content=\"Telinha\" \/>\n\t<meta name=\"twitter:label2\" content=\"Tempo estimado de leitura\" \/>\n\t<meta name=\"twitter:data2\" content=\"1 minuto\" \/>\n<script type=\"application\/ld+json\" class=\"yoast-schema-graph\">{\"@context\":\"https:\/\/schema.org\",\"@graph\":[{\"@type\":\"Article\",\"@id\":\"https:\/\/portaltela.pt\/noticias\/2026\/04\/01\/la-venus-electrique-abre-a-79-a-edicao-do-festival-de-cannes\/#article\",\"isPartOf\":{\"@id\":\"https:\/\/portaltela.pt\/noticias\/2026\/04\/01\/la-venus-electrique-abre-a-79-a-edicao-do-festival-de-cannes\/\"},\"author\":{\"name\":\"Telinha\",\"@id\":\"https:\/\/portaltela.pt\/#\/schema\/person\/c4278d4a6028830caff9ee44b42d32ed\"},\"headline\":\"La V\u00e9nus \u00c9lectrique abre a 79.\u00aa edi\u00e7\u00e3o do Festival de Cannes\",\"datePublished\":\"2026-04-01T16:47:28+00:00\",\"mainEntityOfPage\":{\"@id\":\"https:\/\/portaltela.pt\/noticias\/2026\/04\/01\/la-venus-electrique-abre-a-79-a-edicao-do-festival-de-cannes\/\"},\"wordCount\":302,\"image\":{\"@id\":\"https:\/\/portaltela.pt\/noticias\/2026\/04\/01\/la-venus-electrique-abre-a-79-a-edicao-do-festival-de-cannes\/#primaryimage\"},\"thumbnailUrl\":\"https:\/\/portaltela.pt\/s.01k8rhncp4jt1\/2026\/04\/2078612.jpg\",\"keywords\":[\"arte\",\"cinema\",\"com\u00e9dia\",\"cultura\",\"filmes\",\"Fran\u00e7a\"],\"articleSection\":[\"Entretenimento\",\"S\u00e9ries e filmes\"],\"inLanguage\":\"pt-PT\"},{\"@type\":\"WebPage\",\"@id\":\"https:\/\/portaltela.pt\/noticias\/2026\/04\/01\/la-venus-electrique-abre-a-79-a-edicao-do-festival-de-cannes\/\",\"url\":\"https:\/\/portaltela.pt\/noticias\/2026\/04\/01\/la-venus-electrique-abre-a-79-a-edicao-do-festival-de-cannes\/\",\"name\":\"La V\u00e9nus \u00c9lectrique abre a 79.\u00aa edi\u00e7\u00e3o do Festival de Cannes - Portal Tela Portugal\",\"isPartOf\":{\"@id\":\"https:\/\/portaltela.pt\/#website\"},\"primaryImageOfPage\":{\"@id\":\"https:\/\/portaltela.pt\/noticias\/2026\/04\/01\/la-venus-electrique-abre-a-79-a-edicao-do-festival-de-cannes\/#primaryimage\"},\"image\":{\"@id\":\"https:\/\/portaltela.pt\/noticias\/2026\/04\/01\/la-venus-electrique-abre-a-79-a-edicao-do-festival-de-cannes\/#primaryimage\"},\"thumbnailUrl\":\"https:\/\/portaltela.pt\/s.01k8rhncp4jt1\/2026\/04\/2078612.jpg\",\"datePublished\":\"2026-04-01T16:47:28+00:00\",\"author\":{\"@id\":\"https:\/\/portaltela.pt\/#\/schema\/person\/c4278d4a6028830caff9ee44b42d32ed\"},\"breadcrumb\":{\"@id\":\"https:\/\/portaltela.pt\/noticias\/2026\/04\/01\/la-venus-electrique-abre-a-79-a-edicao-do-festival-de-cannes\/#breadcrumb\"},\"inLanguage\":\"pt-PT\",\"potentialAction\":[{\"@type\":\"ReadAction\",\"target\":[\"https:\/\/portaltela.pt\/noticias\/2026\/04\/01\/la-venus-electrique-abre-a-79-a-edicao-do-festival-de-cannes\/\"]}]},{\"@type\":\"ImageObject\",\"inLanguage\":\"pt-PT\",\"@id\":\"https:\/\/portaltela.pt\/noticias\/2026\/04\/01\/la-venus-electrique-abre-a-79-a-edicao-do-festival-de-cannes\/#primaryimage\",\"url\":\"https:\/\/portaltela.pt\/s.01k8rhncp4jt1\/2026\/04\/2078612.jpg\",\"contentUrl\":\"https:\/\/portaltela.pt\/s.01k8rhncp4jt1\/2026\/04\/2078612.jpg\",\"width\":796,\"height\":448,\"caption\":\"Uma com\u00e9dia burlesca passada na Paris do in\u00edcio do s\u00e9culo XX vai abrir o Festival de Cannes\"},{\"@type\":\"BreadcrumbList\",\"@id\":\"https:\/\/portaltela.pt\/noticias\/2026\/04\/01\/la-venus-electrique-abre-a-79-a-edicao-do-festival-de-cannes\/#breadcrumb\",\"itemListElement\":[{\"@type\":\"ListItem\",\"position\":1,\"name\":\"In\u00edcio\",\"item\":\"https:\/\/portaltela.pt\/\"},{\"@type\":\"ListItem\",\"position\":2,\"name\":\"La V\u00e9nus \u00c9lectrique abre a 79.\u00aa edi\u00e7\u00e3o do Festival de Cannes\"}]},{\"@type\":\"WebSite\",\"@id\":\"https:\/\/portaltela.pt\/#website\",\"url\":\"https:\/\/portaltela.pt\/\",\"name\":\"Portal Tela Portugal\",\"description\":\"\",\"potentialAction\":[{\"@type\":\"SearchAction\",\"target\":{\"@type\":\"EntryPoint\",\"urlTemplate\":\"https:\/\/portaltela.pt\/?s={search_term_string}\"},\"query-input\":{\"@type\":\"PropertyValueSpecification\",\"valueRequired\":true,\"valueName\":\"search_term_string\"}}],\"inLanguage\":\"pt-PT\"},{\"@type\":\"Person\",\"@id\":\"https:\/\/portaltela.pt\/#\/schema\/person\/c4278d4a6028830caff9ee44b42d32ed\",\"name\":\"Telinha\",\"image\":{\"@type\":\"ImageObject\",\"inLanguage\":\"pt-PT\",\"@id\":\"https:\/\/portaltela.pt\/s.01k8rhncp4jt1\/2025\/11\/talking-bot-125x125.png\",\"url\":\"https:\/\/portaltela.pt\/s.01k8rhncp4jt1\/2025\/11\/talking-bot-125x125.png\",\"contentUrl\":\"https:\/\/portaltela.pt\/s.01k8rhncp4jt1\/2025\/11\/talking-bot-125x125.png\",\"caption\":\"Telinha\"},\"sameAs\":[\"https:\/\/portaltela.pt\/\"],\"url\":\"https:\/\/portaltela.pt\/por\/367410592786\/\"}]}<\/script>\n<!-- \/ Yoast SEO plugin. -->","yoast_head_json":{"title":"La V\u00e9nus \u00c9lectrique abre a 79.\u00aa edi\u00e7\u00e3o do Festival de Cannes - Portal Tela Portugal","robots":{"index":"index","follow":"follow","max-snippet":"max-snippet:-1","max-image-preview":"max-image-preview:large","max-video-preview":"max-video-preview:-1"},"og_locale":"pt_PT","og_type":"article","og_title":"La V\u00e9nus \u00c9lectrique abre a 79.\u00aa edi\u00e7\u00e3o do Festival de Cannes - Portal Tela Portugal","og_description":"La V\u00e9nus \u00c9lectrique abre o Festival de Cannes a 12 de maio, uma com\u00e9dia burlesca passada na Paris do in\u00edcio do s\u00e9culo XX. O filme \u00e9 de Pierre Salvadori, 11.\u00ba da sua filmografia e o primeiro em que faz uma reconstitui\u00e7\u00e3o de \u00e9poca. Protagonizam Ana\u00efs Demoustier, Pio Marma\u00ef, Gilles Lellouche e Vimala Pons, com estreia prevista no mercado franc\u00eas no mesmo dia. A escolha mant\u00e9m a tend\u00eancia de abrir Cannes com produ\u00e7\u00e3o francesa, sem presen\u00e7a internacional norte\u2011americana no arranque. A hist\u00f3ria acompanha um pintor vi\u00favo que se apaixona pelo fantasma da esposa; Salvadori cita inspira\u00e7\u00e3o em Lubitsch, Wilder e Edwards.","og_url":"https:\/\/portaltela.pt\/noticias\/2026\/04\/01\/la-venus-electrique-abre-a-79-a-edicao-do-festival-de-cannes\/","og_site_name":"Portal Tela Portugal","article_published_time":"2026-04-01T16:47:28+00:00","author":"Telinha","twitter_card":"summary_large_image","twitter_misc":{"Escrito por":"Telinha","Tempo estimado de leitura":"1 minuto"},"schema":{"@context":"https:\/\/schema.org","@graph":[{"@type":"Article","@id":"https:\/\/portaltela.pt\/noticias\/2026\/04\/01\/la-venus-electrique-abre-a-79-a-edicao-do-festival-de-cannes\/#article","isPartOf":{"@id":"https:\/\/portaltela.pt\/noticias\/2026\/04\/01\/la-venus-electrique-abre-a-79-a-edicao-do-festival-de-cannes\/"},"author":{"name":"Telinha","@id":"https:\/\/portaltela.pt\/#\/schema\/person\/c4278d4a6028830caff9ee44b42d32ed"},"headline":"La V\u00e9nus \u00c9lectrique abre a 79.\u00aa edi\u00e7\u00e3o do Festival de Cannes","datePublished":"2026-04-01T16:47:28+00:00","mainEntityOfPage":{"@id":"https:\/\/portaltela.pt\/noticias\/2026\/04\/01\/la-venus-electrique-abre-a-79-a-edicao-do-festival-de-cannes\/"},"wordCount":302,"image":{"@id":"https:\/\/portaltela.pt\/noticias\/2026\/04\/01\/la-venus-electrique-abre-a-79-a-edicao-do-festival-de-cannes\/#primaryimage"},"thumbnailUrl":"https:\/\/portaltela.pt\/s.01k8rhncp4jt1\/2026\/04\/2078612.jpg","keywords":["arte","cinema","com\u00e9dia","cultura","filmes","Fran\u00e7a"],"articleSection":["Entretenimento","S\u00e9ries e filmes"],"inLanguage":"pt-PT"},{"@type":"WebPage","@id":"https:\/\/portaltela.pt\/noticias\/2026\/04\/01\/la-venus-electrique-abre-a-79-a-edicao-do-festival-de-cannes\/","url":"https:\/\/portaltela.pt\/noticias\/2026\/04\/01\/la-venus-electrique-abre-a-79-a-edicao-do-festival-de-cannes\/","name":"La V\u00e9nus \u00c9lectrique abre a 79.\u00aa edi\u00e7\u00e3o do Festival de Cannes - Portal Tela Portugal","isPartOf":{"@id":"https:\/\/portaltela.pt\/#website"},"primaryImageOfPage":{"@id":"https:\/\/portaltela.pt\/noticias\/2026\/04\/01\/la-venus-electrique-abre-a-79-a-edicao-do-festival-de-cannes\/#primaryimage"},"image":{"@id":"https:\/\/portaltela.pt\/noticias\/2026\/04\/01\/la-venus-electrique-abre-a-79-a-edicao-do-festival-de-cannes\/#primaryimage"},"thumbnailUrl":"https:\/\/portaltela.pt\/s.01k8rhncp4jt1\/2026\/04\/2078612.jpg","datePublished":"2026-04-01T16:47:28+00:00","author":{"@id":"https:\/\/portaltela.pt\/#\/schema\/person\/c4278d4a6028830caff9ee44b42d32ed"},"breadcrumb":{"@id":"https:\/\/portaltela.pt\/noticias\/2026\/04\/01\/la-venus-electrique-abre-a-79-a-edicao-do-festival-de-cannes\/#breadcrumb"},"inLanguage":"pt-PT","potentialAction":[{"@type":"ReadAction","target":["https:\/\/portaltela.pt\/noticias\/2026\/04\/01\/la-venus-electrique-abre-a-79-a-edicao-do-festival-de-cannes\/"]}]},{"@type":"ImageObject","inLanguage":"pt-PT","@id":"https:\/\/portaltela.pt\/noticias\/2026\/04\/01\/la-venus-electrique-abre-a-79-a-edicao-do-festival-de-cannes\/#primaryimage","url":"https:\/\/portaltela.pt\/s.01k8rhncp4jt1\/2026\/04\/2078612.jpg","contentUrl":"https:\/\/portaltela.pt\/s.01k8rhncp4jt1\/2026\/04\/2078612.jpg","width":796,"height":448,"caption":"Uma com\u00e9dia burlesca passada na Paris do in\u00edcio do s\u00e9culo XX vai abrir o Festival de Cannes"},{"@type":"BreadcrumbList","@id":"https:\/\/portaltela.pt\/noticias\/2026\/04\/01\/la-venus-electrique-abre-a-79-a-edicao-do-festival-de-cannes\/#breadcrumb","itemListElement":[{"@type":"ListItem","position":1,"name":"In\u00edcio","item":"https:\/\/portaltela.pt\/"},{"@type":"ListItem","position":2,"name":"La V\u00e9nus \u00c9lectrique abre a 79.\u00aa edi\u00e7\u00e3o do Festival de Cannes"}]},{"@type":"WebSite","@id":"https:\/\/portaltela.pt\/#website","url":"https:\/\/portaltela.pt\/","name":"Portal Tela Portugal","description":"","potentialAction":[{"@type":"SearchAction","target":{"@type":"EntryPoint","urlTemplate":"https:\/\/portaltela.pt\/?s={search_term_string}"},"query-input":{"@type":"PropertyValueSpecification","valueRequired":true,"valueName":"search_term_string"}}],"inLanguage":"pt-PT"},{"@type":"Person","@id":"https:\/\/portaltela.pt\/#\/schema\/person\/c4278d4a6028830caff9ee44b42d32ed","name":"Telinha","image":{"@type":"ImageObject","inLanguage":"pt-PT","@id":"https:\/\/portaltela.pt\/s.01k8rhncp4jt1\/2025\/11\/talking-bot-125x125.png","url":"https:\/\/portaltela.pt\/s.01k8rhncp4jt1\/2025\/11\/talking-bot-125x125.png","contentUrl":"https:\/\/portaltela.pt\/s.01k8rhncp4jt1\/2025\/11\/talking-bot-125x125.png","caption":"Telinha"},"sameAs":["https:\/\/portaltela.pt\/"],"url":"https:\/\/portaltela.pt\/por\/367410592786\/"}]}},"_links":{"self":[{"href":"https:\/\/portaltela.pt\/api\/wp\/v2\/posts\/429468","targetHints":{"allow":["GET"]}}],"collection":[{"href":"https:\/\/portaltela.pt\/api\/wp\/v2\/posts"}],"about":[{"href":"https:\/\/portaltela.pt\/api\/wp\/v2\/types\/post"}],"author":[{"embeddable":true,"href":"https:\/\/portaltela.pt\/api\/wp\/v2\/users\/2"}],"replies":[{"embeddable":true,"href":"https:\/\/portaltela.pt\/api\/wp\/v2\/comments?post=429468"}],"version-history":[{"count":0,"href":"https:\/\/portaltela.pt\/api\/wp\/v2\/posts\/429468\/revisions"}],"wp:featuredmedia":[{"embeddable":true,"href":"https:\/\/portaltela.pt\/api\/wp\/v2\/media\/429470"}],"wp:attachment":[{"href":"https:\/\/portaltela.pt\/api\/wp\/v2\/media?parent=429468"}],"wp:term":[{"taxonomy":"category","embeddable":true,"href":"https:\/\/portaltela.pt\/api\/wp\/v2\/categories?post=429468"},{"taxonomy":"post_tag","embeddable":true,"href":"https:\/\/portaltela.pt\/api\/wp\/v2\/tags?post=429468"}],"curies":[{"name":"wp","href":"https:\/\/api.w.org\/{rel}","templated":true}]}}