{"id":429465,"date":"2026-04-01T13:47:25","date_gmt":"2026-04-01T16:47:25","guid":{"rendered":"https:\/\/portaltela.pt\/noticias\/2026\/04\/01\/israel-aprova-pena-de-morte-e-caminha-para-o-que-parece-uma-regressao\/"},"modified":"2026-04-01T13:47:25","modified_gmt":"2026-04-01T16:47:25","slug":"israel-aprova-pena-de-morte-e-caminha-para-o-que-parece-uma-regressao","status":"publish","type":"post","link":"https:\/\/portaltela.pt\/noticias\/politica\/2026\/04\/01\/israel-aprova-pena-de-morte-e-caminha-para-o-que-parece-uma-regressao\/","title":{"rendered":"Israel aprova pena de morte e caminha para o que parece uma regress\u00e3o"},"content":{"rendered":"<p>O Parlamento de Israel, o Knesset, aprovou na segunda-feira a aplica\u00e7\u00e3o da pena de morte para casu\u00edsticas de \u00f3dio com objetivo de danificar o Estado de Israel. A medida, que ainda pode ser contestada no Supremo, \u00e9 vista como uma mudan\u00e7a significativa na legisla\u00e7\u00e3o penal do pa\u00eds.<\/p>\n<p>A lei, apoiada pelas lideran\u00e7as do governo, permite condenar indiv\u00edduos que cometam homic\u00eddio por \u00f3dio dirigido ao Estado. A aprova\u00e7\u00e3o provocou cr\u00edticas internacionais, com organiza\u00e7\u00f5es e outros pa\u00edses a descreverem a medida como discriminat\u00f3ria em rela\u00e7\u00e3o \u00e0 popula\u00e7\u00e3o palestiniana.<\/p>\n<p>Apenas ap\u00f3s a vota\u00e7\u00e3o, surge o debate sobre o alcance da norma e a sua compatibilidade com o direito internacional. Especialistas advertem para consequ\u00eancias institucionais, incluindo uma poss\u00edvel tens\u00e3o entre o Executivo e o sistema judici\u00e1rio.<\/p>\n<h3>Rea\u00e7\u00f5es internacionais<\/h3>\n<p>Organiza\u00e7\u00f5es das Na\u00e7\u00f5es Unidas e do Conselho Europeu classificaram a decis\u00e3o como uma regress\u00e3o. Observadores destacam que a lei pode ampliar desigualdades no tratamento dos suspeitos e aumentar tens\u00f5es regionais.<\/p>\n<h3>Perspetiva interna e debate jur\u00eddico<\/h3>\n<p>Analistas apontam para o risco de a norma enfrentar inconstitucionalidade ou contesta\u00e7\u00e3o no Supremo de Israel. O Governo, liderado por Benjamin Netanyahu, afirma que a lei refor\u00e7a a seguran\u00e7a do pa\u00eds, enquanto membros da oposi\u00e7\u00e3o questionam a equidade jur\u00eddica.<\/p>\n","protected":false},"excerpt":{"rendered":"<ul>\n<li>O Knesset aprovou a aplica\u00e7\u00e3o da pena de morte para quem mate por \u00f3dio com o objetivo de danificar o Estado de Israel.<\/li>\n<li>A lei \u00e9 alvo de cr\u00edticas da comunidade internacional, incluindo a Organiza\u00e7\u00e3o das Na\u00e7\u00f5es Unidas e o Conselho Europeu, que a classificam como regress\u00e3o e viola\u00e7\u00e3o do direito internacional.<\/li>\n<li>A norma ainda pode ser contestada no Supremo Tribunal de Israel.<\/li>\n<li>A aprova\u00e7\u00e3o sinaliza uma ruptura com valores considerados progressistas e pode intensificar o confronto entre o governo de Benjamin Netanyahu e o poder judici\u00e1rio.<\/li>\n<li>Em imagens associadas ao momento, o l\u00edder Itamar Ben-Gvir foi visto a celebrar a aprova\u00e7\u00e3o com uma garrafa de champanhe.<\/li>\n<\/ul>\n","protected":false},"author":2,"featured_media":429466,"comment_status":"closed","ping_status":"closed","sticky":false,"template":"","format":"standard","meta":{"footnotes":""},"categories":[6912,5],"tags":[147,3696,3034,2633,1345,3708],"class_list":["post-429465","post","type-post","status-publish","format-standard","has-post-thumbnail","hentry","category-internacionais","category-politica","tag-crime","tag-crime-de-odio","tag-direito-internacional","tag-direitos-humanos","tag-homicidio","tag-israel"],"yoast_head":"<!-- This site is optimized with the Yoast SEO plugin v27.2 - https:\/\/yoast.com\/product\/yoast-seo-wordpress\/ -->\n<title>Israel aprova pena de morte e caminha para o que parece uma regress\u00e3o - Portal Tela Portugal<\/title>\n<meta name=\"robots\" content=\"index, follow, max-snippet:-1, max-image-preview:large, max-video-preview:-1\" \/>\n<meta property=\"og:locale\" content=\"pt_PT\" \/>\n<meta property=\"og:type\" content=\"article\" \/>\n<meta property=\"og:title\" content=\"Israel aprova pena de morte e caminha para o que parece uma regress\u00e3o - Portal Tela Portugal\" \/>\n<meta property=\"og:description\" content=\"O Knesset aprovou a aplica\u00e7\u00e3o da pena de morte para quem mate por \u00f3dio com o objetivo de danificar o Estado de Israel. A lei \u00e9 alvo de cr\u00edticas da comunidade internacional, incluindo a Organiza\u00e7\u00e3o das Na\u00e7\u00f5es Unidas e o Conselho Europeu, que a classificam como regress\u00e3o e viola\u00e7\u00e3o do direito internacional. A norma ainda pode ser contestada no Supremo Tribunal de Israel. A aprova\u00e7\u00e3o sinaliza uma ruptura com valores considerados progressistas e pode intensificar o confronto entre o governo de Benjamin Netanyahu e o poder judici\u00e1rio. Em imagens associadas ao momento, o l\u00edder Itamar Ben-Gvir foi visto a celebrar a aprova\u00e7\u00e3o com uma garrafa de champanhe.\" \/>\n<meta property=\"og:url\" content=\"https:\/\/portaltela.pt\/noticias\/2026\/04\/01\/israel-aprova-pena-de-morte-e-caminha-para-o-que-parece-uma-regressao\/\" \/>\n<meta property=\"og:site_name\" content=\"Portal Tela Portugal\" \/>\n<meta property=\"article:published_time\" content=\"2026-04-01T16:47:25+00:00\" \/>\n<meta name=\"author\" content=\"Telinha\" \/>\n<meta name=\"twitter:card\" content=\"summary_large_image\" \/>\n<meta name=\"twitter:label1\" content=\"Escrito por\" \/>\n\t<meta name=\"twitter:data1\" content=\"Telinha\" \/>\n\t<meta name=\"twitter:label2\" content=\"Tempo estimado de leitura\" \/>\n\t<meta name=\"twitter:data2\" content=\"1 minuto\" \/>\n<script type=\"application\/ld+json\" class=\"yoast-schema-graph\">{\"@context\":\"https:\/\/schema.org\",\"@graph\":[{\"@type\":\"Article\",\"@id\":\"https:\/\/portaltela.pt\/noticias\/2026\/04\/01\/israel-aprova-pena-de-morte-e-caminha-para-o-que-parece-uma-regressao\/#article\",\"isPartOf\":{\"@id\":\"https:\/\/portaltela.pt\/noticias\/2026\/04\/01\/israel-aprova-pena-de-morte-e-caminha-para-o-que-parece-uma-regressao\/\"},\"author\":{\"name\":\"Telinha\",\"@id\":\"https:\/\/portaltela.pt\/#\/schema\/person\/c4278d4a6028830caff9ee44b42d32ed\"},\"headline\":\"Israel aprova pena de morte e caminha para o que parece uma regress\u00e3o\",\"datePublished\":\"2026-04-01T16:47:25+00:00\",\"mainEntityOfPage\":{\"@id\":\"https:\/\/portaltela.pt\/noticias\/2026\/04\/01\/israel-aprova-pena-de-morte-e-caminha-para-o-que-parece-uma-regressao\/\"},\"wordCount\":244,\"image\":{\"@id\":\"https:\/\/portaltela.pt\/noticias\/2026\/04\/01\/israel-aprova-pena-de-morte-e-caminha-para-o-que-parece-uma-regressao\/#primaryimage\"},\"thumbnailUrl\":\"https:\/\/portaltela.pt\/s.01k8rhncp4jt1\/2026\/04\/2078519.jpg\",\"keywords\":[\"crime\",\"crime de \u00f3dio\",\"direito internacional\",\"direitos humanos\",\"homic\u00eddio\",\"Israel\"],\"articleSection\":[\"Internacionais\",\"Pol\u00edtica\"],\"inLanguage\":\"pt-PT\"},{\"@type\":\"WebPage\",\"@id\":\"https:\/\/portaltela.pt\/noticias\/2026\/04\/01\/israel-aprova-pena-de-morte-e-caminha-para-o-que-parece-uma-regressao\/\",\"url\":\"https:\/\/portaltela.pt\/noticias\/2026\/04\/01\/israel-aprova-pena-de-morte-e-caminha-para-o-que-parece-uma-regressao\/\",\"name\":\"Israel aprova pena de morte e caminha para o que parece uma regress\u00e3o - Portal Tela Portugal\",\"isPartOf\":{\"@id\":\"https:\/\/portaltela.pt\/#website\"},\"primaryImageOfPage\":{\"@id\":\"https:\/\/portaltela.pt\/noticias\/2026\/04\/01\/israel-aprova-pena-de-morte-e-caminha-para-o-que-parece-uma-regressao\/#primaryimage\"},\"image\":{\"@id\":\"https:\/\/portaltela.pt\/noticias\/2026\/04\/01\/israel-aprova-pena-de-morte-e-caminha-para-o-que-parece-uma-regressao\/#primaryimage\"},\"thumbnailUrl\":\"https:\/\/portaltela.pt\/s.01k8rhncp4jt1\/2026\/04\/2078519.jpg\",\"datePublished\":\"2026-04-01T16:47:25+00:00\",\"author\":{\"@id\":\"https:\/\/portaltela.pt\/#\/schema\/person\/c4278d4a6028830caff9ee44b42d32ed\"},\"breadcrumb\":{\"@id\":\"https:\/\/portaltela.pt\/noticias\/2026\/04\/01\/israel-aprova-pena-de-morte-e-caminha-para-o-que-parece-uma-regressao\/#breadcrumb\"},\"inLanguage\":\"pt-PT\",\"potentialAction\":[{\"@type\":\"ReadAction\",\"target\":[\"https:\/\/portaltela.pt\/noticias\/2026\/04\/01\/israel-aprova-pena-de-morte-e-caminha-para-o-que-parece-uma-regressao\/\"]}]},{\"@type\":\"ImageObject\",\"inLanguage\":\"pt-PT\",\"@id\":\"https:\/\/portaltela.pt\/noticias\/2026\/04\/01\/israel-aprova-pena-de-morte-e-caminha-para-o-que-parece-uma-regressao\/#primaryimage\",\"url\":\"https:\/\/portaltela.pt\/s.01k8rhncp4jt1\/2026\/04\/2078519.jpg\",\"contentUrl\":\"https:\/\/portaltela.pt\/s.01k8rhncp4jt1\/2026\/04\/2078519.jpg\",\"width\":796,\"height\":448,\"caption\":\"Ben-Gvir celebra aprova\u00e7\u00e3o da pena de morte com uma garrafa de champanhe\"},{\"@type\":\"BreadcrumbList\",\"@id\":\"https:\/\/portaltela.pt\/noticias\/2026\/04\/01\/israel-aprova-pena-de-morte-e-caminha-para-o-que-parece-uma-regressao\/#breadcrumb\",\"itemListElement\":[{\"@type\":\"ListItem\",\"position\":1,\"name\":\"In\u00edcio\",\"item\":\"https:\/\/portaltela.pt\/\"},{\"@type\":\"ListItem\",\"position\":2,\"name\":\"Israel aprova pena de morte e caminha para o que parece uma regress\u00e3o\"}]},{\"@type\":\"WebSite\",\"@id\":\"https:\/\/portaltela.pt\/#website\",\"url\":\"https:\/\/portaltela.pt\/\",\"name\":\"Portal Tela Portugal\",\"description\":\"\",\"potentialAction\":[{\"@type\":\"SearchAction\",\"target\":{\"@type\":\"EntryPoint\",\"urlTemplate\":\"https:\/\/portaltela.pt\/?s={search_term_string}\"},\"query-input\":{\"@type\":\"PropertyValueSpecification\",\"valueRequired\":true,\"valueName\":\"search_term_string\"}}],\"inLanguage\":\"pt-PT\"},{\"@type\":\"Person\",\"@id\":\"https:\/\/portaltela.pt\/#\/schema\/person\/c4278d4a6028830caff9ee44b42d32ed\",\"name\":\"Telinha\",\"image\":{\"@type\":\"ImageObject\",\"inLanguage\":\"pt-PT\",\"@id\":\"https:\/\/portaltela.pt\/s.01k8rhncp4jt1\/2025\/11\/talking-bot-125x125.png\",\"url\":\"https:\/\/portaltela.pt\/s.01k8rhncp4jt1\/2025\/11\/talking-bot-125x125.png\",\"contentUrl\":\"https:\/\/portaltela.pt\/s.01k8rhncp4jt1\/2025\/11\/talking-bot-125x125.png\",\"caption\":\"Telinha\"},\"sameAs\":[\"https:\/\/portaltela.pt\/\"],\"url\":\"https:\/\/portaltela.pt\/por\/367410592786\/\"}]}<\/script>\n<!-- \/ Yoast SEO plugin. -->","yoast_head_json":{"title":"Israel aprova pena de morte e caminha para o que parece uma regress\u00e3o - Portal Tela Portugal","robots":{"index":"index","follow":"follow","max-snippet":"max-snippet:-1","max-image-preview":"max-image-preview:large","max-video-preview":"max-video-preview:-1"},"og_locale":"pt_PT","og_type":"article","og_title":"Israel aprova pena de morte e caminha para o que parece uma regress\u00e3o - Portal Tela Portugal","og_description":"O Knesset aprovou a aplica\u00e7\u00e3o da pena de morte para quem mate por \u00f3dio com o objetivo de danificar o Estado de Israel. A lei \u00e9 alvo de cr\u00edticas da comunidade internacional, incluindo a Organiza\u00e7\u00e3o das Na\u00e7\u00f5es Unidas e o Conselho Europeu, que a classificam como regress\u00e3o e viola\u00e7\u00e3o do direito internacional. A norma ainda pode ser contestada no Supremo Tribunal de Israel. A aprova\u00e7\u00e3o sinaliza uma ruptura com valores considerados progressistas e pode intensificar o confronto entre o governo de Benjamin Netanyahu e o poder judici\u00e1rio. Em imagens associadas ao momento, o l\u00edder Itamar Ben-Gvir foi visto a celebrar a aprova\u00e7\u00e3o com uma garrafa de champanhe.","og_url":"https:\/\/portaltela.pt\/noticias\/2026\/04\/01\/israel-aprova-pena-de-morte-e-caminha-para-o-que-parece-uma-regressao\/","og_site_name":"Portal Tela Portugal","article_published_time":"2026-04-01T16:47:25+00:00","author":"Telinha","twitter_card":"summary_large_image","twitter_misc":{"Escrito por":"Telinha","Tempo estimado de leitura":"1 minuto"},"schema":{"@context":"https:\/\/schema.org","@graph":[{"@type":"Article","@id":"https:\/\/portaltela.pt\/noticias\/2026\/04\/01\/israel-aprova-pena-de-morte-e-caminha-para-o-que-parece-uma-regressao\/#article","isPartOf":{"@id":"https:\/\/portaltela.pt\/noticias\/2026\/04\/01\/israel-aprova-pena-de-morte-e-caminha-para-o-que-parece-uma-regressao\/"},"author":{"name":"Telinha","@id":"https:\/\/portaltela.pt\/#\/schema\/person\/c4278d4a6028830caff9ee44b42d32ed"},"headline":"Israel aprova pena de morte e caminha para o que parece uma regress\u00e3o","datePublished":"2026-04-01T16:47:25+00:00","mainEntityOfPage":{"@id":"https:\/\/portaltela.pt\/noticias\/2026\/04\/01\/israel-aprova-pena-de-morte-e-caminha-para-o-que-parece-uma-regressao\/"},"wordCount":244,"image":{"@id":"https:\/\/portaltela.pt\/noticias\/2026\/04\/01\/israel-aprova-pena-de-morte-e-caminha-para-o-que-parece-uma-regressao\/#primaryimage"},"thumbnailUrl":"https:\/\/portaltela.pt\/s.01k8rhncp4jt1\/2026\/04\/2078519.jpg","keywords":["crime","crime de \u00f3dio","direito internacional","direitos humanos","homic\u00eddio","Israel"],"articleSection":["Internacionais","Pol\u00edtica"],"inLanguage":"pt-PT"},{"@type":"WebPage","@id":"https:\/\/portaltela.pt\/noticias\/2026\/04\/01\/israel-aprova-pena-de-morte-e-caminha-para-o-que-parece-uma-regressao\/","url":"https:\/\/portaltela.pt\/noticias\/2026\/04\/01\/israel-aprova-pena-de-morte-e-caminha-para-o-que-parece-uma-regressao\/","name":"Israel aprova pena de morte e caminha para o que parece uma regress\u00e3o - Portal Tela Portugal","isPartOf":{"@id":"https:\/\/portaltela.pt\/#website"},"primaryImageOfPage":{"@id":"https:\/\/portaltela.pt\/noticias\/2026\/04\/01\/israel-aprova-pena-de-morte-e-caminha-para-o-que-parece-uma-regressao\/#primaryimage"},"image":{"@id":"https:\/\/portaltela.pt\/noticias\/2026\/04\/01\/israel-aprova-pena-de-morte-e-caminha-para-o-que-parece-uma-regressao\/#primaryimage"},"thumbnailUrl":"https:\/\/portaltela.pt\/s.01k8rhncp4jt1\/2026\/04\/2078519.jpg","datePublished":"2026-04-01T16:47:25+00:00","author":{"@id":"https:\/\/portaltela.pt\/#\/schema\/person\/c4278d4a6028830caff9ee44b42d32ed"},"breadcrumb":{"@id":"https:\/\/portaltela.pt\/noticias\/2026\/04\/01\/israel-aprova-pena-de-morte-e-caminha-para-o-que-parece-uma-regressao\/#breadcrumb"},"inLanguage":"pt-PT","potentialAction":[{"@type":"ReadAction","target":["https:\/\/portaltela.pt\/noticias\/2026\/04\/01\/israel-aprova-pena-de-morte-e-caminha-para-o-que-parece-uma-regressao\/"]}]},{"@type":"ImageObject","inLanguage":"pt-PT","@id":"https:\/\/portaltela.pt\/noticias\/2026\/04\/01\/israel-aprova-pena-de-morte-e-caminha-para-o-que-parece-uma-regressao\/#primaryimage","url":"https:\/\/portaltela.pt\/s.01k8rhncp4jt1\/2026\/04\/2078519.jpg","contentUrl":"https:\/\/portaltela.pt\/s.01k8rhncp4jt1\/2026\/04\/2078519.jpg","width":796,"height":448,"caption":"Ben-Gvir celebra aprova\u00e7\u00e3o da pena de morte com uma garrafa de champanhe"},{"@type":"BreadcrumbList","@id":"https:\/\/portaltela.pt\/noticias\/2026\/04\/01\/israel-aprova-pena-de-morte-e-caminha-para-o-que-parece-uma-regressao\/#breadcrumb","itemListElement":[{"@type":"ListItem","position":1,"name":"In\u00edcio","item":"https:\/\/portaltela.pt\/"},{"@type":"ListItem","position":2,"name":"Israel aprova pena de morte e caminha para o que parece uma regress\u00e3o"}]},{"@type":"WebSite","@id":"https:\/\/portaltela.pt\/#website","url":"https:\/\/portaltela.pt\/","name":"Portal Tela Portugal","description":"","potentialAction":[{"@type":"SearchAction","target":{"@type":"EntryPoint","urlTemplate":"https:\/\/portaltela.pt\/?s={search_term_string}"},"query-input":{"@type":"PropertyValueSpecification","valueRequired":true,"valueName":"search_term_string"}}],"inLanguage":"pt-PT"},{"@type":"Person","@id":"https:\/\/portaltela.pt\/#\/schema\/person\/c4278d4a6028830caff9ee44b42d32ed","name":"Telinha","image":{"@type":"ImageObject","inLanguage":"pt-PT","@id":"https:\/\/portaltela.pt\/s.01k8rhncp4jt1\/2025\/11\/talking-bot-125x125.png","url":"https:\/\/portaltela.pt\/s.01k8rhncp4jt1\/2025\/11\/talking-bot-125x125.png","contentUrl":"https:\/\/portaltela.pt\/s.01k8rhncp4jt1\/2025\/11\/talking-bot-125x125.png","caption":"Telinha"},"sameAs":["https:\/\/portaltela.pt\/"],"url":"https:\/\/portaltela.pt\/por\/367410592786\/"}]}},"_links":{"self":[{"href":"https:\/\/portaltela.pt\/api\/wp\/v2\/posts\/429465","targetHints":{"allow":["GET"]}}],"collection":[{"href":"https:\/\/portaltela.pt\/api\/wp\/v2\/posts"}],"about":[{"href":"https:\/\/portaltela.pt\/api\/wp\/v2\/types\/post"}],"author":[{"embeddable":true,"href":"https:\/\/portaltela.pt\/api\/wp\/v2\/users\/2"}],"replies":[{"embeddable":true,"href":"https:\/\/portaltela.pt\/api\/wp\/v2\/comments?post=429465"}],"version-history":[{"count":0,"href":"https:\/\/portaltela.pt\/api\/wp\/v2\/posts\/429465\/revisions"}],"wp:featuredmedia":[{"embeddable":true,"href":"https:\/\/portaltela.pt\/api\/wp\/v2\/media\/429466"}],"wp:attachment":[{"href":"https:\/\/portaltela.pt\/api\/wp\/v2\/media?parent=429465"}],"wp:term":[{"taxonomy":"category","embeddable":true,"href":"https:\/\/portaltela.pt\/api\/wp\/v2\/categories?post=429465"},{"taxonomy":"post_tag","embeddable":true,"href":"https:\/\/portaltela.pt\/api\/wp\/v2\/tags?post=429465"}],"curies":[{"name":"wp","href":"https:\/\/api.w.org\/{rel}","templated":true}]}}