{"id":429458,"date":"2026-04-01T13:32:30","date_gmt":"2026-04-01T16:32:30","guid":{"rendered":"https:\/\/portaltela.pt\/noticias\/2026\/04\/01\/donnarumma-revela-que-chorou-apos-o-jogo-de-ontem-a-noite\/"},"modified":"2026-04-01T13:32:30","modified_gmt":"2026-04-01T16:32:30","slug":"donnarumma-revela-que-chorou-apos-o-jogo-de-ontem-a-noite","status":"publish","type":"post","link":"https:\/\/portaltela.pt\/desporto\/futebol\/2026\/04\/01\/donnarumma-revela-que-chorou-apos-o-jogo-de-ontem-a-noite\/","title":{"rendered":"Donnarumma revela que chorou ap\u00f3s o jogo de ontem \u00e0 noite"},"content":{"rendered":"<p>Depois de mais um desfecho negativo na fase decisiva, o guarda-redes Gianluigi Donnarumma foi uma das figuras da derrota da It\u00e1lia no playoff de acesso ao Mundial. O italiano chorou no final do encontro perante a B\u00f3snia e voltou a este epis\u00f3dio para justificar o momento emocional. A equipa atravessa uma fase de contesta\u00e7\u00e3o ap\u00f3s a elimina\u00e7\u00e3o nos pen\u00e1ltis.<\/p>\n<p>Donnarumma reconhece que a desilus\u00e3o \u00e9 profunda e que as palavras nada valem neste momento. O jogador afirma que \u00e9 preciso coragem para virar a p\u00e1gina, refor\u00e7ando a necessidade de for\u00e7a, paix\u00e3o e convic\u00e7\u00e3o para seguir em frente com a equipa. A sua interven\u00e7\u00e3o surge numa altura de reflex\u00e3o para a sele\u00e7\u00e3o italiana.<\/p>\n<h3>Desfecho da Eliminat\u00f3ria<\/h3>\n<p>O epis\u00f3dio ocorre depois do desfecho da decis\u00e3o de desempate com a B\u00f3snia e Herzegovina, em que o empate levou aos pen\u00e1ltis. O guarda-redes \u00e9 apontado como um dos elementos centrais da jornada, sem poder evitar a derrota da equipa ao fim de uma qualifica\u00e7\u00e3o que n\u00e3o entrou no caminho tra\u00e7ado pela It\u00e1lia. A federa\u00e7\u00e3o dever\u00e1 analisar o balan\u00e7o da competi\u00e7\u00e3o nas pr\u00f3ximas semanas.<\/p>\n","protected":false},"excerpt":{"rendered":"<ul>\n<li>O guarda-redes Gianluigi Donnarumma \u00e9 uma das caras do insucesso da It\u00e1lia na final do playoff de acesso ao Mundial.<\/li>\n<li>A It\u00e1lia perdeu diante da B\u00f3snia e Herzegovina no desempate por pen\u00e1lti.<\/li>\n<li>Donnarumma admitiu ter chorado na noite seguinte ao jogo.<\/li>\n<li>afirmou que, ap\u00f3s a desilus\u00e3o, \u00e9 preciso encontrar a coragem para virar a p\u00e1gina.<\/li>\n<li>pediu for\u00e7a, paix\u00e3o e convic\u00e7\u00e3o para seguir em frente.<\/li>\n<\/ul>\n","protected":false},"author":2,"featured_media":429460,"comment_status":"closed","ping_status":"closed","sticky":false,"template":"","format":"standard","meta":{"footnotes":""},"categories":[21,24],"tags":[5185,32,3338,1857,3509,2057],"class_list":["post-429458","post","type-post","status-publish","format-standard","has-post-thumbnail","hentry","category-desporto","category-futebol","tag-eliminacao","tag-futebol","tag-futebol-internacional","tag-italia","tag-penaltis","tag-selecao-nacional"],"yoast_head":"<!-- This site is optimized with the Yoast SEO plugin v27.2 - https:\/\/yoast.com\/product\/yoast-seo-wordpress\/ -->\n<title>Donnarumma revela que chorou ap\u00f3s o jogo de ontem \u00e0 noite - Portal Tela Portugal<\/title>\n<meta name=\"robots\" content=\"index, follow, max-snippet:-1, max-image-preview:large, max-video-preview:-1\" \/>\n<meta property=\"og:locale\" content=\"pt_PT\" \/>\n<meta property=\"og:type\" content=\"article\" \/>\n<meta property=\"og:title\" content=\"Donnarumma revela que chorou ap\u00f3s o jogo de ontem \u00e0 noite - Portal Tela Portugal\" \/>\n<meta property=\"og:description\" content=\"O guarda-redes Gianluigi Donnarumma \u00e9 uma das caras do insucesso da It\u00e1lia na final do playoff de acesso ao Mundial. A It\u00e1lia perdeu diante da B\u00f3snia e Herzegovina no desempate por pen\u00e1lti. Donnarumma admitiu ter chorado na noite seguinte ao jogo. afirmou que, ap\u00f3s a desilus\u00e3o, \u00e9 preciso encontrar a coragem para virar a p\u00e1gina. pediu for\u00e7a, paix\u00e3o e convic\u00e7\u00e3o para seguir em frente.\" \/>\n<meta property=\"og:url\" content=\"https:\/\/portaltela.pt\/noticias\/2026\/04\/01\/donnarumma-revela-que-chorou-apos-o-jogo-de-ontem-a-noite\/\" \/>\n<meta property=\"og:site_name\" content=\"Portal Tela Portugal\" \/>\n<meta property=\"article:published_time\" content=\"2026-04-01T16:32:30+00:00\" \/>\n<meta name=\"author\" content=\"Telinha\" \/>\n<meta name=\"twitter:card\" content=\"summary_large_image\" \/>\n<meta name=\"twitter:label1\" content=\"Escrito por\" \/>\n\t<meta name=\"twitter:data1\" content=\"Telinha\" \/>\n\t<meta name=\"twitter:label2\" content=\"Tempo estimado de leitura\" \/>\n\t<meta name=\"twitter:data2\" content=\"1 minuto\" \/>\n<script type=\"application\/ld+json\" class=\"yoast-schema-graph\">{\"@context\":\"https:\/\/schema.org\",\"@graph\":[{\"@type\":\"Article\",\"@id\":\"https:\/\/portaltela.pt\/noticias\/2026\/04\/01\/donnarumma-revela-que-chorou-apos-o-jogo-de-ontem-a-noite\/#article\",\"isPartOf\":{\"@id\":\"https:\/\/portaltela.pt\/noticias\/2026\/04\/01\/donnarumma-revela-que-chorou-apos-o-jogo-de-ontem-a-noite\/\"},\"author\":{\"name\":\"Telinha\",\"@id\":\"https:\/\/portaltela.pt\/#\/schema\/person\/c4278d4a6028830caff9ee44b42d32ed\"},\"headline\":\"Donnarumma revela que chorou ap\u00f3s o jogo de ontem \u00e0 noite\",\"datePublished\":\"2026-04-01T16:32:30+00:00\",\"mainEntityOfPage\":{\"@id\":\"https:\/\/portaltela.pt\/noticias\/2026\/04\/01\/donnarumma-revela-que-chorou-apos-o-jogo-de-ontem-a-noite\/\"},\"wordCount\":216,\"image\":{\"@id\":\"https:\/\/portaltela.pt\/noticias\/2026\/04\/01\/donnarumma-revela-que-chorou-apos-o-jogo-de-ontem-a-noite\/#primaryimage\"},\"thumbnailUrl\":\"https:\/\/portaltela.pt\/s.01k8rhncp4jt1\/2026\/04\/img_920x518uu2026-04-01-17-15-24-2430521.jpg\",\"keywords\":[\"elimina\u00e7\u00e3o\",\"futebol\",\"futebol internacional\",\"It\u00e1lia\",\"pen\u00e1ltis\",\"Sele\u00e7\u00e3o Nacional\"],\"articleSection\":[\"Desporto\",\"Futebol\"],\"inLanguage\":\"pt-PT\"},{\"@type\":\"WebPage\",\"@id\":\"https:\/\/portaltela.pt\/noticias\/2026\/04\/01\/donnarumma-revela-que-chorou-apos-o-jogo-de-ontem-a-noite\/\",\"url\":\"https:\/\/portaltela.pt\/noticias\/2026\/04\/01\/donnarumma-revela-que-chorou-apos-o-jogo-de-ontem-a-noite\/\",\"name\":\"Donnarumma revela que chorou ap\u00f3s o jogo de ontem \u00e0 noite - Portal Tela Portugal\",\"isPartOf\":{\"@id\":\"https:\/\/portaltela.pt\/#website\"},\"primaryImageOfPage\":{\"@id\":\"https:\/\/portaltela.pt\/noticias\/2026\/04\/01\/donnarumma-revela-que-chorou-apos-o-jogo-de-ontem-a-noite\/#primaryimage\"},\"image\":{\"@id\":\"https:\/\/portaltela.pt\/noticias\/2026\/04\/01\/donnarumma-revela-que-chorou-apos-o-jogo-de-ontem-a-noite\/#primaryimage\"},\"thumbnailUrl\":\"https:\/\/portaltela.pt\/s.01k8rhncp4jt1\/2026\/04\/img_920x518uu2026-04-01-17-15-24-2430521.jpg\",\"datePublished\":\"2026-04-01T16:32:30+00:00\",\"author\":{\"@id\":\"https:\/\/portaltela.pt\/#\/schema\/person\/c4278d4a6028830caff9ee44b42d32ed\"},\"breadcrumb\":{\"@id\":\"https:\/\/portaltela.pt\/noticias\/2026\/04\/01\/donnarumma-revela-que-chorou-apos-o-jogo-de-ontem-a-noite\/#breadcrumb\"},\"inLanguage\":\"pt-PT\",\"potentialAction\":[{\"@type\":\"ReadAction\",\"target\":[\"https:\/\/portaltela.pt\/noticias\/2026\/04\/01\/donnarumma-revela-que-chorou-apos-o-jogo-de-ontem-a-noite\/\"]}]},{\"@type\":\"ImageObject\",\"inLanguage\":\"pt-PT\",\"@id\":\"https:\/\/portaltela.pt\/noticias\/2026\/04\/01\/donnarumma-revela-que-chorou-apos-o-jogo-de-ontem-a-noite\/#primaryimage\",\"url\":\"https:\/\/portaltela.pt\/s.01k8rhncp4jt1\/2026\/04\/img_920x518uu2026-04-01-17-15-24-2430521.jpg\",\"contentUrl\":\"https:\/\/portaltela.pt\/s.01k8rhncp4jt1\/2026\/04\/img_920x518uu2026-04-01-17-15-24-2430521.jpg\",\"width\":796,\"height\":448,\"caption\":\"Donnarumma \u00e9 o dono da baliza da squadra azzurra\"},{\"@type\":\"BreadcrumbList\",\"@id\":\"https:\/\/portaltela.pt\/noticias\/2026\/04\/01\/donnarumma-revela-que-chorou-apos-o-jogo-de-ontem-a-noite\/#breadcrumb\",\"itemListElement\":[{\"@type\":\"ListItem\",\"position\":1,\"name\":\"In\u00edcio\",\"item\":\"https:\/\/portaltela.pt\/\"},{\"@type\":\"ListItem\",\"position\":2,\"name\":\"Donnarumma revela que chorou ap\u00f3s o jogo de ontem \u00e0 noite\"}]},{\"@type\":\"WebSite\",\"@id\":\"https:\/\/portaltela.pt\/#website\",\"url\":\"https:\/\/portaltela.pt\/\",\"name\":\"Portal Tela Portugal\",\"description\":\"\",\"potentialAction\":[{\"@type\":\"SearchAction\",\"target\":{\"@type\":\"EntryPoint\",\"urlTemplate\":\"https:\/\/portaltela.pt\/?s={search_term_string}\"},\"query-input\":{\"@type\":\"PropertyValueSpecification\",\"valueRequired\":true,\"valueName\":\"search_term_string\"}}],\"inLanguage\":\"pt-PT\"},{\"@type\":\"Person\",\"@id\":\"https:\/\/portaltela.pt\/#\/schema\/person\/c4278d4a6028830caff9ee44b42d32ed\",\"name\":\"Telinha\",\"image\":{\"@type\":\"ImageObject\",\"inLanguage\":\"pt-PT\",\"@id\":\"https:\/\/portaltela.pt\/s.01k8rhncp4jt1\/2025\/11\/talking-bot-125x125.png\",\"url\":\"https:\/\/portaltela.pt\/s.01k8rhncp4jt1\/2025\/11\/talking-bot-125x125.png\",\"contentUrl\":\"https:\/\/portaltela.pt\/s.01k8rhncp4jt1\/2025\/11\/talking-bot-125x125.png\",\"caption\":\"Telinha\"},\"sameAs\":[\"https:\/\/portaltela.pt\/\"],\"url\":\"https:\/\/portaltela.pt\/por\/367410592786\/\"}]}<\/script>\n<!-- \/ Yoast SEO plugin. -->","yoast_head_json":{"title":"Donnarumma revela que chorou ap\u00f3s o jogo de ontem \u00e0 noite - Portal Tela Portugal","robots":{"index":"index","follow":"follow","max-snippet":"max-snippet:-1","max-image-preview":"max-image-preview:large","max-video-preview":"max-video-preview:-1"},"og_locale":"pt_PT","og_type":"article","og_title":"Donnarumma revela que chorou ap\u00f3s o jogo de ontem \u00e0 noite - Portal Tela Portugal","og_description":"O guarda-redes Gianluigi Donnarumma \u00e9 uma das caras do insucesso da It\u00e1lia na final do playoff de acesso ao Mundial. A It\u00e1lia perdeu diante da B\u00f3snia e Herzegovina no desempate por pen\u00e1lti. Donnarumma admitiu ter chorado na noite seguinte ao jogo. afirmou que, ap\u00f3s a desilus\u00e3o, \u00e9 preciso encontrar a coragem para virar a p\u00e1gina. pediu for\u00e7a, paix\u00e3o e convic\u00e7\u00e3o para seguir em frente.","og_url":"https:\/\/portaltela.pt\/noticias\/2026\/04\/01\/donnarumma-revela-que-chorou-apos-o-jogo-de-ontem-a-noite\/","og_site_name":"Portal Tela Portugal","article_published_time":"2026-04-01T16:32:30+00:00","author":"Telinha","twitter_card":"summary_large_image","twitter_misc":{"Escrito por":"Telinha","Tempo estimado de leitura":"1 minuto"},"schema":{"@context":"https:\/\/schema.org","@graph":[{"@type":"Article","@id":"https:\/\/portaltela.pt\/noticias\/2026\/04\/01\/donnarumma-revela-que-chorou-apos-o-jogo-de-ontem-a-noite\/#article","isPartOf":{"@id":"https:\/\/portaltela.pt\/noticias\/2026\/04\/01\/donnarumma-revela-que-chorou-apos-o-jogo-de-ontem-a-noite\/"},"author":{"name":"Telinha","@id":"https:\/\/portaltela.pt\/#\/schema\/person\/c4278d4a6028830caff9ee44b42d32ed"},"headline":"Donnarumma revela que chorou ap\u00f3s o jogo de ontem \u00e0 noite","datePublished":"2026-04-01T16:32:30+00:00","mainEntityOfPage":{"@id":"https:\/\/portaltela.pt\/noticias\/2026\/04\/01\/donnarumma-revela-que-chorou-apos-o-jogo-de-ontem-a-noite\/"},"wordCount":216,"image":{"@id":"https:\/\/portaltela.pt\/noticias\/2026\/04\/01\/donnarumma-revela-que-chorou-apos-o-jogo-de-ontem-a-noite\/#primaryimage"},"thumbnailUrl":"https:\/\/portaltela.pt\/s.01k8rhncp4jt1\/2026\/04\/img_920x518uu2026-04-01-17-15-24-2430521.jpg","keywords":["elimina\u00e7\u00e3o","futebol","futebol internacional","It\u00e1lia","pen\u00e1ltis","Sele\u00e7\u00e3o Nacional"],"articleSection":["Desporto","Futebol"],"inLanguage":"pt-PT"},{"@type":"WebPage","@id":"https:\/\/portaltela.pt\/noticias\/2026\/04\/01\/donnarumma-revela-que-chorou-apos-o-jogo-de-ontem-a-noite\/","url":"https:\/\/portaltela.pt\/noticias\/2026\/04\/01\/donnarumma-revela-que-chorou-apos-o-jogo-de-ontem-a-noite\/","name":"Donnarumma revela que chorou ap\u00f3s o jogo de ontem \u00e0 noite - Portal Tela Portugal","isPartOf":{"@id":"https:\/\/portaltela.pt\/#website"},"primaryImageOfPage":{"@id":"https:\/\/portaltela.pt\/noticias\/2026\/04\/01\/donnarumma-revela-que-chorou-apos-o-jogo-de-ontem-a-noite\/#primaryimage"},"image":{"@id":"https:\/\/portaltela.pt\/noticias\/2026\/04\/01\/donnarumma-revela-que-chorou-apos-o-jogo-de-ontem-a-noite\/#primaryimage"},"thumbnailUrl":"https:\/\/portaltela.pt\/s.01k8rhncp4jt1\/2026\/04\/img_920x518uu2026-04-01-17-15-24-2430521.jpg","datePublished":"2026-04-01T16:32:30+00:00","author":{"@id":"https:\/\/portaltela.pt\/#\/schema\/person\/c4278d4a6028830caff9ee44b42d32ed"},"breadcrumb":{"@id":"https:\/\/portaltela.pt\/noticias\/2026\/04\/01\/donnarumma-revela-que-chorou-apos-o-jogo-de-ontem-a-noite\/#breadcrumb"},"inLanguage":"pt-PT","potentialAction":[{"@type":"ReadAction","target":["https:\/\/portaltela.pt\/noticias\/2026\/04\/01\/donnarumma-revela-que-chorou-apos-o-jogo-de-ontem-a-noite\/"]}]},{"@type":"ImageObject","inLanguage":"pt-PT","@id":"https:\/\/portaltela.pt\/noticias\/2026\/04\/01\/donnarumma-revela-que-chorou-apos-o-jogo-de-ontem-a-noite\/#primaryimage","url":"https:\/\/portaltela.pt\/s.01k8rhncp4jt1\/2026\/04\/img_920x518uu2026-04-01-17-15-24-2430521.jpg","contentUrl":"https:\/\/portaltela.pt\/s.01k8rhncp4jt1\/2026\/04\/img_920x518uu2026-04-01-17-15-24-2430521.jpg","width":796,"height":448,"caption":"Donnarumma \u00e9 o dono da baliza da squadra azzurra"},{"@type":"BreadcrumbList","@id":"https:\/\/portaltela.pt\/noticias\/2026\/04\/01\/donnarumma-revela-que-chorou-apos-o-jogo-de-ontem-a-noite\/#breadcrumb","itemListElement":[{"@type":"ListItem","position":1,"name":"In\u00edcio","item":"https:\/\/portaltela.pt\/"},{"@type":"ListItem","position":2,"name":"Donnarumma revela que chorou ap\u00f3s o jogo de ontem \u00e0 noite"}]},{"@type":"WebSite","@id":"https:\/\/portaltela.pt\/#website","url":"https:\/\/portaltela.pt\/","name":"Portal Tela Portugal","description":"","potentialAction":[{"@type":"SearchAction","target":{"@type":"EntryPoint","urlTemplate":"https:\/\/portaltela.pt\/?s={search_term_string}"},"query-input":{"@type":"PropertyValueSpecification","valueRequired":true,"valueName":"search_term_string"}}],"inLanguage":"pt-PT"},{"@type":"Person","@id":"https:\/\/portaltela.pt\/#\/schema\/person\/c4278d4a6028830caff9ee44b42d32ed","name":"Telinha","image":{"@type":"ImageObject","inLanguage":"pt-PT","@id":"https:\/\/portaltela.pt\/s.01k8rhncp4jt1\/2025\/11\/talking-bot-125x125.png","url":"https:\/\/portaltela.pt\/s.01k8rhncp4jt1\/2025\/11\/talking-bot-125x125.png","contentUrl":"https:\/\/portaltela.pt\/s.01k8rhncp4jt1\/2025\/11\/talking-bot-125x125.png","caption":"Telinha"},"sameAs":["https:\/\/portaltela.pt\/"],"url":"https:\/\/portaltela.pt\/por\/367410592786\/"}]}},"_links":{"self":[{"href":"https:\/\/portaltela.pt\/api\/wp\/v2\/posts\/429458","targetHints":{"allow":["GET"]}}],"collection":[{"href":"https:\/\/portaltela.pt\/api\/wp\/v2\/posts"}],"about":[{"href":"https:\/\/portaltela.pt\/api\/wp\/v2\/types\/post"}],"author":[{"embeddable":true,"href":"https:\/\/portaltela.pt\/api\/wp\/v2\/users\/2"}],"replies":[{"embeddable":true,"href":"https:\/\/portaltela.pt\/api\/wp\/v2\/comments?post=429458"}],"version-history":[{"count":0,"href":"https:\/\/portaltela.pt\/api\/wp\/v2\/posts\/429458\/revisions"}],"wp:featuredmedia":[{"embeddable":true,"href":"https:\/\/portaltela.pt\/api\/wp\/v2\/media\/429460"}],"wp:attachment":[{"href":"https:\/\/portaltela.pt\/api\/wp\/v2\/media?parent=429458"}],"wp:term":[{"taxonomy":"category","embeddable":true,"href":"https:\/\/portaltela.pt\/api\/wp\/v2\/categories?post=429458"},{"taxonomy":"post_tag","embeddable":true,"href":"https:\/\/portaltela.pt\/api\/wp\/v2\/tags?post=429458"}],"curies":[{"name":"wp","href":"https:\/\/api.w.org\/{rel}","templated":true}]}}