{"id":429455,"date":"2026-04-01T13:32:29","date_gmt":"2026-04-01T16:32:29","guid":{"rendered":"https:\/\/portaltela.pt\/noticias\/2026\/04\/01\/varandas-diz-que-um-clube-tem-estado-miseravel-nos-ultimos-5-meses\/"},"modified":"2026-04-01T13:32:29","modified_gmt":"2026-04-01T16:32:29","slug":"varandas-diz-que-um-clube-tem-estado-miseravel-nos-ultimos-5-meses","status":"publish","type":"post","link":"https:\/\/portaltela.pt\/desporto\/futebol\/2026\/04\/01\/varandas-diz-que-um-clube-tem-estado-miseravel-nos-ultimos-5-meses\/","title":{"rendered":"Varandas diz que um clube tem estado miser\u00e1vel nos \u00faltimos 5 meses"},"content":{"rendered":"<p>Frederico Varandas esteve reunido com a Ministra da Cultura, Juventude e Desporto e falou aos jornalistas na sequ\u00eancia da audi\u00eancia. O presidente do Sporting afirmou que n\u00e3o h\u00e1 inimizade com o FC Porto ou outros clubes, mas criticou o modo de agir de um emblema. A reuni\u00e3o teve como objetivo abordar o panorama desportivo.<\/p>\n<p>O dirigente referiu v\u00e1rios epis\u00f3dios desde novembro que, na sua leitura, mancham o desporto e o seu registo \u00e9tico. Entre os casos mencionados, destacou situa\u00e7\u00f5es no futebol, no andebol, roubo de toalhas, furtos de objetos no balne\u00e1rio e interven\u00e7\u00f5es em est\u00e1dios que geraram pol\u00e9mica. Deste modo, apontou uma atitude que considera desportiva inadequada.<\/p>\n<p>Varandas afirmou que o Sporting n\u00e3o pretende confrontos com grandes clubes, mas insistiu num comportamento compat\u00edvel com a \u00e9tica das competi\u00e7\u00f5es. Refere que a dire\u00e7\u00e3o do clube tem o objetivo de batalhar por valores e pela integridade, sem apoiar pr\u00e1ticas que prejudiquem a integridade de jogos e eventos.<\/p>\n<p>O l\u00edder leonino indicou que, apesar de desejar boa rela\u00e7\u00e3o com entidades ligadas ao desporto, tem de reagir quando surgem situa\u00e7\u00f5es graves. Afirmou que, se ningu\u00e9m denuncia, cabe ao presidente do Sporting faz\u00ea-lo, destacando a import\u00e2ncia de falar com as estruturas nacionais para resolver os problemas.<\/p>\n<p>No tom das declara\u00e7\u00f5es, o presidente elencou casos concretos envolvendo personalidades do futebol e do andebol, pedindo esclarecimentos sobre procedimentos anteriores. Questionou a atua\u00e7\u00e3o de dirigentes de clubes e da comunica\u00e7\u00e3o social na caracteriza\u00e7\u00e3o dos epis\u00f3dios e das responsabilidades.<\/p>\n<p>Varandas refletiu tamb\u00e9m sobre a atua\u00e7\u00e3o de \u00e1rbitros e comiss\u00e1rios, sugerindo que houve lapsos de conduta. Disse ter ficado surpreendido com declara\u00e7\u00f5es p\u00fablicas que, segundo ele, n\u00e3o correspondem aos factos apresentados. Apontou a necessidade de apurar responsabilidades com neutralidade.<\/p>\n<p>O l\u00edder do Sporting mencionou ainda a rela\u00e7\u00e3o entre performance desportiva e \u00e9tica, citando o treinador Farioli como exemplo de discurso sobre valores. Disse concordar com a ideia de que a\u00e7\u00f5es contam mais do que palavras na avalia\u00e7\u00e3o \u00e9tica de uma equipa.<\/p>\n<p>Ao falar sobre o uso de tecnologias como o VAR, Varandas disse reconhecer o seu contributo quando funciona, desde que esteja ativo nos locais adequados. Acrescentou que a coopera\u00e7\u00e3o entre clubes e autoridades \u00e9 essencial para a melhoria do futebol.<\/p>\n<p>Por fim, Questionou sobre o futuro de contrata\u00e7\u00f5es, recusando-se a comentar rumores ou opera\u00e7\u00f5es espec\u00edficas para o ver\u00e3o. Reafirmou o compromisso em defender os valores do Sporting e a educa\u00e7\u00e3o c\u00edvica dos adeptos, sem abrir espa\u00e7o a controv\u00e9rsias desportivas.<\/p>\n","protected":false},"excerpt":{"rendered":"<ul>\n<li>Frederico Varandas, ap\u00f3s a audi\u00eancia com a Ministra da Cultura, Juventude e Desporto, disse que o Sporting n\u00e3o tem quez\u00edlia com o FC Porto, mas criticou o \u201cmodus operandi\u201d de um clube nos \u00faltimos cinco meses.<\/li>\n<li>Afirmou que, desde novembro, ocorreram v\u00e1rios epis\u00f3dios que mancham a imagem do desporto, como casos envolvendo o \u00e1rbitro F\u00e1bio Ver\u00edssimo, o desaparecimento de bolas, o roubo de toalhas e a coloca\u00e7\u00e3o de colunas no Drag\u00e3o.<\/li>\n<li>Garantiu que o problema n\u00e3o \u00e9 com os grandes, por\u00e9m acusa um clube de manter uma atitude desportiva \u201cmiser\u00e1vel\u201d e afirmou que houve sil\u00eancio total de federa\u00e7\u00e3o e liga sobre os acontecimentos.<\/li>\n<li>Disse ter entregado uma folha de perguntas ao presidente do FC Porto e pediu \u00e0 Ministra para ajudar a falar com os presidentes de federa\u00e7\u00f5es, com o objetivo de esclarecer os factos.<\/li>\n<li>Comentou sobre o VAR, mostrou-se confiante de que funciona, negou querer falar de transfer\u00eancias de momento e n\u00e3o confirmou novidades sobre o assunto Gy\u00f6keres 2.0.<\/li>\n<\/ul>\n","protected":false},"author":2,"featured_media":429459,"comment_status":"closed","ping_status":"closed","sticky":false,"template":"","format":"standard","meta":{"footnotes":""},"categories":[21,24],"tags":[180,6920,233,32,1652,1700],"class_list":["post-429455","post","type-post","status-publish","format-standard","has-post-thumbnail","hentry","category-desporto","category-futebol","tag-andebol","tag-arbitros","tag-etica-desportiva","tag-futebol","tag-sporting","tag-videoarbitragem"],"yoast_head":"<!-- This site is optimized with the Yoast SEO plugin v27.2 - https:\/\/yoast.com\/product\/yoast-seo-wordpress\/ -->\n<title>Varandas diz que um clube tem estado miser\u00e1vel nos \u00faltimos 5 meses - Portal Tela Portugal<\/title>\n<meta name=\"robots\" content=\"index, follow, max-snippet:-1, max-image-preview:large, max-video-preview:-1\" \/>\n<meta property=\"og:locale\" content=\"pt_PT\" \/>\n<meta property=\"og:type\" content=\"article\" \/>\n<meta property=\"og:title\" content=\"Varandas diz que um clube tem estado miser\u00e1vel nos \u00faltimos 5 meses - Portal Tela Portugal\" \/>\n<meta property=\"og:description\" content=\"Frederico Varandas, ap\u00f3s a audi\u00eancia com a Ministra da Cultura, Juventude e Desporto, disse que o Sporting n\u00e3o tem quez\u00edlia com o FC Porto, mas criticou o \u201cmodus operandi\u201d de um clube nos \u00faltimos cinco meses. Afirmou que, desde novembro, ocorreram v\u00e1rios epis\u00f3dios que mancham a imagem do desporto, como casos envolvendo o \u00e1rbitro F\u00e1bio Ver\u00edssimo, o desaparecimento de bolas, o roubo de toalhas e a coloca\u00e7\u00e3o de colunas no Drag\u00e3o. Garantiu que o problema n\u00e3o \u00e9 com os grandes, por\u00e9m acusa um clube de manter uma atitude desportiva \u201cmiser\u00e1vel\u201d e afirmou que houve sil\u00eancio total de federa\u00e7\u00e3o e liga sobre os acontecimentos. Disse ter entregado uma folha de perguntas ao presidente do FC Porto e pediu \u00e0 Ministra para ajudar a falar com os presidentes de federa\u00e7\u00f5es, com o objetivo de esclarecer os factos. Comentou sobre o VAR, mostrou-se confiante de que funciona, negou querer falar de transfer\u00eancias de momento e n\u00e3o confirmou novidades sobre o assunto Gy\u00f6keres 2.0.\" \/>\n<meta property=\"og:url\" content=\"https:\/\/portaltela.pt\/noticias\/2026\/04\/01\/varandas-diz-que-um-clube-tem-estado-miseravel-nos-ultimos-5-meses\/\" \/>\n<meta property=\"og:site_name\" content=\"Portal Tela Portugal\" \/>\n<meta property=\"article:published_time\" content=\"2026-04-01T16:32:29+00:00\" \/>\n<meta name=\"author\" content=\"Telinha\" \/>\n<meta name=\"twitter:card\" content=\"summary_large_image\" \/>\n<meta name=\"twitter:label1\" content=\"Escrito por\" \/>\n\t<meta name=\"twitter:data1\" content=\"Telinha\" \/>\n\t<meta name=\"twitter:label2\" content=\"Tempo estimado de leitura\" \/>\n\t<meta name=\"twitter:data2\" content=\"2 minutos\" \/>\n<script type=\"application\/ld+json\" class=\"yoast-schema-graph\">{\"@context\":\"https:\/\/schema.org\",\"@graph\":[{\"@type\":\"Article\",\"@id\":\"https:\/\/portaltela.pt\/noticias\/2026\/04\/01\/varandas-diz-que-um-clube-tem-estado-miseravel-nos-ultimos-5-meses\/#article\",\"isPartOf\":{\"@id\":\"https:\/\/portaltela.pt\/noticias\/2026\/04\/01\/varandas-diz-que-um-clube-tem-estado-miseravel-nos-ultimos-5-meses\/\"},\"author\":{\"name\":\"Telinha\",\"@id\":\"https:\/\/portaltela.pt\/#\/schema\/person\/c4278d4a6028830caff9ee44b42d32ed\"},\"headline\":\"Varandas diz que um clube tem estado miser\u00e1vel nos \u00faltimos 5 meses\",\"datePublished\":\"2026-04-01T16:32:29+00:00\",\"mainEntityOfPage\":{\"@id\":\"https:\/\/portaltela.pt\/noticias\/2026\/04\/01\/varandas-diz-que-um-clube-tem-estado-miseravel-nos-ultimos-5-meses\/\"},\"wordCount\":457,\"image\":{\"@id\":\"https:\/\/portaltela.pt\/noticias\/2026\/04\/01\/varandas-diz-que-um-clube-tem-estado-miseravel-nos-ultimos-5-meses\/#primaryimage\"},\"thumbnailUrl\":\"https:\/\/portaltela.pt\/s.01k8rhncp4jt1\/2026\/04\/img_920x518uu2026-04-01-17-20-45-2430523.jpg\",\"keywords\":[\"andebol\",\"\u00e1rbitros\",\"\u00c9tica Desportiva\",\"futebol\",\"Sporting\",\"Videoarbitragem\"],\"articleSection\":[\"Desporto\",\"Futebol\"],\"inLanguage\":\"pt-PT\"},{\"@type\":\"WebPage\",\"@id\":\"https:\/\/portaltela.pt\/noticias\/2026\/04\/01\/varandas-diz-que-um-clube-tem-estado-miseravel-nos-ultimos-5-meses\/\",\"url\":\"https:\/\/portaltela.pt\/noticias\/2026\/04\/01\/varandas-diz-que-um-clube-tem-estado-miseravel-nos-ultimos-5-meses\/\",\"name\":\"Varandas diz que um clube tem estado miser\u00e1vel nos \u00faltimos 5 meses - Portal Tela Portugal\",\"isPartOf\":{\"@id\":\"https:\/\/portaltela.pt\/#website\"},\"primaryImageOfPage\":{\"@id\":\"https:\/\/portaltela.pt\/noticias\/2026\/04\/01\/varandas-diz-que-um-clube-tem-estado-miseravel-nos-ultimos-5-meses\/#primaryimage\"},\"image\":{\"@id\":\"https:\/\/portaltela.pt\/noticias\/2026\/04\/01\/varandas-diz-que-um-clube-tem-estado-miseravel-nos-ultimos-5-meses\/#primaryimage\"},\"thumbnailUrl\":\"https:\/\/portaltela.pt\/s.01k8rhncp4jt1\/2026\/04\/img_920x518uu2026-04-01-17-20-45-2430523.jpg\",\"datePublished\":\"2026-04-01T16:32:29+00:00\",\"author\":{\"@id\":\"https:\/\/portaltela.pt\/#\/schema\/person\/c4278d4a6028830caff9ee44b42d32ed\"},\"breadcrumb\":{\"@id\":\"https:\/\/portaltela.pt\/noticias\/2026\/04\/01\/varandas-diz-que-um-clube-tem-estado-miseravel-nos-ultimos-5-meses\/#breadcrumb\"},\"inLanguage\":\"pt-PT\",\"potentialAction\":[{\"@type\":\"ReadAction\",\"target\":[\"https:\/\/portaltela.pt\/noticias\/2026\/04\/01\/varandas-diz-que-um-clube-tem-estado-miseravel-nos-ultimos-5-meses\/\"]}]},{\"@type\":\"ImageObject\",\"inLanguage\":\"pt-PT\",\"@id\":\"https:\/\/portaltela.pt\/noticias\/2026\/04\/01\/varandas-diz-que-um-clube-tem-estado-miseravel-nos-ultimos-5-meses\/#primaryimage\",\"url\":\"https:\/\/portaltela.pt\/s.01k8rhncp4jt1\/2026\/04\/img_920x518uu2026-04-01-17-20-45-2430523.jpg\",\"contentUrl\":\"https:\/\/portaltela.pt\/s.01k8rhncp4jt1\/2026\/04\/img_920x518uu2026-04-01-17-20-45-2430523.jpg\",\"width\":796,\"height\":448,\"caption\":\"Frederico Varandas\"},{\"@type\":\"BreadcrumbList\",\"@id\":\"https:\/\/portaltela.pt\/noticias\/2026\/04\/01\/varandas-diz-que-um-clube-tem-estado-miseravel-nos-ultimos-5-meses\/#breadcrumb\",\"itemListElement\":[{\"@type\":\"ListItem\",\"position\":1,\"name\":\"In\u00edcio\",\"item\":\"https:\/\/portaltela.pt\/\"},{\"@type\":\"ListItem\",\"position\":2,\"name\":\"Varandas diz que um clube tem estado miser\u00e1vel nos \u00faltimos 5 meses\"}]},{\"@type\":\"WebSite\",\"@id\":\"https:\/\/portaltela.pt\/#website\",\"url\":\"https:\/\/portaltela.pt\/\",\"name\":\"Portal Tela Portugal\",\"description\":\"\",\"potentialAction\":[{\"@type\":\"SearchAction\",\"target\":{\"@type\":\"EntryPoint\",\"urlTemplate\":\"https:\/\/portaltela.pt\/?s={search_term_string}\"},\"query-input\":{\"@type\":\"PropertyValueSpecification\",\"valueRequired\":true,\"valueName\":\"search_term_string\"}}],\"inLanguage\":\"pt-PT\"},{\"@type\":\"Person\",\"@id\":\"https:\/\/portaltela.pt\/#\/schema\/person\/c4278d4a6028830caff9ee44b42d32ed\",\"name\":\"Telinha\",\"image\":{\"@type\":\"ImageObject\",\"inLanguage\":\"pt-PT\",\"@id\":\"https:\/\/portaltela.pt\/s.01k8rhncp4jt1\/2025\/11\/talking-bot-125x125.png\",\"url\":\"https:\/\/portaltela.pt\/s.01k8rhncp4jt1\/2025\/11\/talking-bot-125x125.png\",\"contentUrl\":\"https:\/\/portaltela.pt\/s.01k8rhncp4jt1\/2025\/11\/talking-bot-125x125.png\",\"caption\":\"Telinha\"},\"sameAs\":[\"https:\/\/portaltela.pt\/\"],\"url\":\"https:\/\/portaltela.pt\/por\/367410592786\/\"}]}<\/script>\n<!-- \/ Yoast SEO plugin. -->","yoast_head_json":{"title":"Varandas diz que um clube tem estado miser\u00e1vel nos \u00faltimos 5 meses - Portal Tela Portugal","robots":{"index":"index","follow":"follow","max-snippet":"max-snippet:-1","max-image-preview":"max-image-preview:large","max-video-preview":"max-video-preview:-1"},"og_locale":"pt_PT","og_type":"article","og_title":"Varandas diz que um clube tem estado miser\u00e1vel nos \u00faltimos 5 meses - Portal Tela Portugal","og_description":"Frederico Varandas, ap\u00f3s a audi\u00eancia com a Ministra da Cultura, Juventude e Desporto, disse que o Sporting n\u00e3o tem quez\u00edlia com o FC Porto, mas criticou o \u201cmodus operandi\u201d de um clube nos \u00faltimos cinco meses. Afirmou que, desde novembro, ocorreram v\u00e1rios epis\u00f3dios que mancham a imagem do desporto, como casos envolvendo o \u00e1rbitro F\u00e1bio Ver\u00edssimo, o desaparecimento de bolas, o roubo de toalhas e a coloca\u00e7\u00e3o de colunas no Drag\u00e3o. Garantiu que o problema n\u00e3o \u00e9 com os grandes, por\u00e9m acusa um clube de manter uma atitude desportiva \u201cmiser\u00e1vel\u201d e afirmou que houve sil\u00eancio total de federa\u00e7\u00e3o e liga sobre os acontecimentos. Disse ter entregado uma folha de perguntas ao presidente do FC Porto e pediu \u00e0 Ministra para ajudar a falar com os presidentes de federa\u00e7\u00f5es, com o objetivo de esclarecer os factos. Comentou sobre o VAR, mostrou-se confiante de que funciona, negou querer falar de transfer\u00eancias de momento e n\u00e3o confirmou novidades sobre o assunto Gy\u00f6keres 2.0.","og_url":"https:\/\/portaltela.pt\/noticias\/2026\/04\/01\/varandas-diz-que-um-clube-tem-estado-miseravel-nos-ultimos-5-meses\/","og_site_name":"Portal Tela Portugal","article_published_time":"2026-04-01T16:32:29+00:00","author":"Telinha","twitter_card":"summary_large_image","twitter_misc":{"Escrito por":"Telinha","Tempo estimado de leitura":"2 minutos"},"schema":{"@context":"https:\/\/schema.org","@graph":[{"@type":"Article","@id":"https:\/\/portaltela.pt\/noticias\/2026\/04\/01\/varandas-diz-que-um-clube-tem-estado-miseravel-nos-ultimos-5-meses\/#article","isPartOf":{"@id":"https:\/\/portaltela.pt\/noticias\/2026\/04\/01\/varandas-diz-que-um-clube-tem-estado-miseravel-nos-ultimos-5-meses\/"},"author":{"name":"Telinha","@id":"https:\/\/portaltela.pt\/#\/schema\/person\/c4278d4a6028830caff9ee44b42d32ed"},"headline":"Varandas diz que um clube tem estado miser\u00e1vel nos \u00faltimos 5 meses","datePublished":"2026-04-01T16:32:29+00:00","mainEntityOfPage":{"@id":"https:\/\/portaltela.pt\/noticias\/2026\/04\/01\/varandas-diz-que-um-clube-tem-estado-miseravel-nos-ultimos-5-meses\/"},"wordCount":457,"image":{"@id":"https:\/\/portaltela.pt\/noticias\/2026\/04\/01\/varandas-diz-que-um-clube-tem-estado-miseravel-nos-ultimos-5-meses\/#primaryimage"},"thumbnailUrl":"https:\/\/portaltela.pt\/s.01k8rhncp4jt1\/2026\/04\/img_920x518uu2026-04-01-17-20-45-2430523.jpg","keywords":["andebol","\u00e1rbitros","\u00c9tica Desportiva","futebol","Sporting","Videoarbitragem"],"articleSection":["Desporto","Futebol"],"inLanguage":"pt-PT"},{"@type":"WebPage","@id":"https:\/\/portaltela.pt\/noticias\/2026\/04\/01\/varandas-diz-que-um-clube-tem-estado-miseravel-nos-ultimos-5-meses\/","url":"https:\/\/portaltela.pt\/noticias\/2026\/04\/01\/varandas-diz-que-um-clube-tem-estado-miseravel-nos-ultimos-5-meses\/","name":"Varandas diz que um clube tem estado miser\u00e1vel nos \u00faltimos 5 meses - Portal Tela Portugal","isPartOf":{"@id":"https:\/\/portaltela.pt\/#website"},"primaryImageOfPage":{"@id":"https:\/\/portaltela.pt\/noticias\/2026\/04\/01\/varandas-diz-que-um-clube-tem-estado-miseravel-nos-ultimos-5-meses\/#primaryimage"},"image":{"@id":"https:\/\/portaltela.pt\/noticias\/2026\/04\/01\/varandas-diz-que-um-clube-tem-estado-miseravel-nos-ultimos-5-meses\/#primaryimage"},"thumbnailUrl":"https:\/\/portaltela.pt\/s.01k8rhncp4jt1\/2026\/04\/img_920x518uu2026-04-01-17-20-45-2430523.jpg","datePublished":"2026-04-01T16:32:29+00:00","author":{"@id":"https:\/\/portaltela.pt\/#\/schema\/person\/c4278d4a6028830caff9ee44b42d32ed"},"breadcrumb":{"@id":"https:\/\/portaltela.pt\/noticias\/2026\/04\/01\/varandas-diz-que-um-clube-tem-estado-miseravel-nos-ultimos-5-meses\/#breadcrumb"},"inLanguage":"pt-PT","potentialAction":[{"@type":"ReadAction","target":["https:\/\/portaltela.pt\/noticias\/2026\/04\/01\/varandas-diz-que-um-clube-tem-estado-miseravel-nos-ultimos-5-meses\/"]}]},{"@type":"ImageObject","inLanguage":"pt-PT","@id":"https:\/\/portaltela.pt\/noticias\/2026\/04\/01\/varandas-diz-que-um-clube-tem-estado-miseravel-nos-ultimos-5-meses\/#primaryimage","url":"https:\/\/portaltela.pt\/s.01k8rhncp4jt1\/2026\/04\/img_920x518uu2026-04-01-17-20-45-2430523.jpg","contentUrl":"https:\/\/portaltela.pt\/s.01k8rhncp4jt1\/2026\/04\/img_920x518uu2026-04-01-17-20-45-2430523.jpg","width":796,"height":448,"caption":"Frederico Varandas"},{"@type":"BreadcrumbList","@id":"https:\/\/portaltela.pt\/noticias\/2026\/04\/01\/varandas-diz-que-um-clube-tem-estado-miseravel-nos-ultimos-5-meses\/#breadcrumb","itemListElement":[{"@type":"ListItem","position":1,"name":"In\u00edcio","item":"https:\/\/portaltela.pt\/"},{"@type":"ListItem","position":2,"name":"Varandas diz que um clube tem estado miser\u00e1vel nos \u00faltimos 5 meses"}]},{"@type":"WebSite","@id":"https:\/\/portaltela.pt\/#website","url":"https:\/\/portaltela.pt\/","name":"Portal Tela Portugal","description":"","potentialAction":[{"@type":"SearchAction","target":{"@type":"EntryPoint","urlTemplate":"https:\/\/portaltela.pt\/?s={search_term_string}"},"query-input":{"@type":"PropertyValueSpecification","valueRequired":true,"valueName":"search_term_string"}}],"inLanguage":"pt-PT"},{"@type":"Person","@id":"https:\/\/portaltela.pt\/#\/schema\/person\/c4278d4a6028830caff9ee44b42d32ed","name":"Telinha","image":{"@type":"ImageObject","inLanguage":"pt-PT","@id":"https:\/\/portaltela.pt\/s.01k8rhncp4jt1\/2025\/11\/talking-bot-125x125.png","url":"https:\/\/portaltela.pt\/s.01k8rhncp4jt1\/2025\/11\/talking-bot-125x125.png","contentUrl":"https:\/\/portaltela.pt\/s.01k8rhncp4jt1\/2025\/11\/talking-bot-125x125.png","caption":"Telinha"},"sameAs":["https:\/\/portaltela.pt\/"],"url":"https:\/\/portaltela.pt\/por\/367410592786\/"}]}},"_links":{"self":[{"href":"https:\/\/portaltela.pt\/api\/wp\/v2\/posts\/429455","targetHints":{"allow":["GET"]}}],"collection":[{"href":"https:\/\/portaltela.pt\/api\/wp\/v2\/posts"}],"about":[{"href":"https:\/\/portaltela.pt\/api\/wp\/v2\/types\/post"}],"author":[{"embeddable":true,"href":"https:\/\/portaltela.pt\/api\/wp\/v2\/users\/2"}],"replies":[{"embeddable":true,"href":"https:\/\/portaltela.pt\/api\/wp\/v2\/comments?post=429455"}],"version-history":[{"count":0,"href":"https:\/\/portaltela.pt\/api\/wp\/v2\/posts\/429455\/revisions"}],"wp:featuredmedia":[{"embeddable":true,"href":"https:\/\/portaltela.pt\/api\/wp\/v2\/media\/429459"}],"wp:attachment":[{"href":"https:\/\/portaltela.pt\/api\/wp\/v2\/media?parent=429455"}],"wp:term":[{"taxonomy":"category","embeddable":true,"href":"https:\/\/portaltela.pt\/api\/wp\/v2\/categories?post=429455"},{"taxonomy":"post_tag","embeddable":true,"href":"https:\/\/portaltela.pt\/api\/wp\/v2\/tags?post=429455"}],"curies":[{"name":"wp","href":"https:\/\/api.w.org\/{rel}","templated":true}]}}