{"id":429454,"date":"2026-04-01T13:32:28","date_gmt":"2026-04-01T16:32:28","guid":{"rendered":"https:\/\/portaltela.pt\/noticias\/2026\/04\/01\/parlamento-europeu-considera-alarmante-a-quota-de-casas-para-turismo-em-portugal\/"},"modified":"2026-04-01T13:32:28","modified_gmt":"2026-04-01T16:32:28","slug":"parlamento-europeu-considera-alarmante-a-quota-de-casas-para-turismo-em-portugal","status":"publish","type":"post","link":"https:\/\/portaltela.pt\/sociedade\/2026\/04\/01\/parlamento-europeu-considera-alarmante-a-quota-de-casas-para-turismo-em-portugal\/","title":{"rendered":"Parlamento Europeu considera alarmante a quota de casas para turismo em Portugal"},"content":{"rendered":"<p>O Parlamento Europeu, atrav\u00e9s da comiss\u00e3o da habita\u00e7\u00e3o, considera alarmante a percentagem de casas em Portugal utilizadas para alojamento local em v\u00e1rias zonas, com Lisboa a ser o caso mais cr\u00edtico. Os eurodeputados defendem uma nova legisla\u00e7\u00e3o europeia que regule o alojamento local e promova o equil\u00edbrio entre turismo e habita\u00e7\u00e3o acess\u00edvel. A avalia\u00e7\u00e3o surge numa visita de tr\u00eas dias a Lisboa.<\/p>\n<p>A comiss\u00e3o reconhece uma crise habitacional severa em Portugal, agravada por fatores estruturais. Sustentam que o mercado imobili\u00e1rio atrai capital, o turismo reduz o peso da habita\u00e7\u00e3o residencial e a oferta de habita\u00e7\u00e3o p\u00fablica \u00e9 baixa, contribuindo para o afastamento de fam\u00edlias. Alertam para fen\u00f3menos que exigem mais medidas e investimento.<\/p>\n<p>Em Lisboa, informa\u00e7\u00f5es do Registo Nacional de Alojamento Local apontam 19.317 alojamentos, 6% do parque habitacional municipal. Na freguesia de Santa Maria Maior, registam-se 3.198 alojamentos, cerca de 41% das casas locais existentes. No Algarve, mais de 11% das casas destinam-se a alojamento local, com Albufeira a chegar perto de 23%.<\/p>\n<h3>Contexto europeu<\/h3>\n<p>Nesta semana, o Parlamento Europeu aprovou recomenda\u00e7\u00f5es para enfrentar a crise habitacional na UE, com foco em um equil\u00edbrio entre turismo e acessibilidade. Defende-se que a futura legisla\u00e7\u00e3o da UE sobre alojamento local estabele\u00e7a objetivos comuns para todos os estados-membros.<\/p>\n<h3>Perspetiva de Portugal<\/h3>\n<p>Questionada sobre a alinhamento entre medidas nacionais e as recomenda\u00e7\u00f5es europeias, Irene Tinagli, presidente da comiss\u00e3o de habita\u00e7\u00e3o, afirmou que a regula\u00e7\u00e3o do alojamento local em Portugal \u00e9 controversa e exigir\u00e1 debate adicional. As autoridades nacionais v\u00e3o precisar de mais tempo para definir medidas.<\/p>\n","protected":false},"excerpt":{"rendered":"<ul>\n<li>Os eurodeputados da comiss\u00e3o de habita\u00e7\u00e3o do Parlamento Europeu dizem que a percentagem de casas usadas para alojamento local em Portugal \u00e9 alarmante, contribuindo para a crise habitacional.<\/li>\n<li>Defendem uma nova legisla\u00e7\u00e3o europeia para regular o alojamento local e alcan\u00e7ar um equil\u00edbrio entre turismo e habita\u00e7\u00e3o acess\u00edvel.<\/li>\n<li>Em Lisboa, h\u00e1 19.317 alojamentos locais registados, 6% do parque habitacional; em Santa Maria Maior, s\u00e3o 3.198 (mais de 41% das casas da freguesia).<\/li>\n<li>Em Portugal, existem 119.468 alojamentos locais registados (2% do total de habita\u00e7\u00f5es familiares); no Algarve, j\u00e1 correspondem a mais de 11% das casas, com Albufeira pr\u00f3ximo de 23%.<\/li>\n<li>Embora reconhe\u00e7am o esfor\u00e7o do Governo, os eurodeputados sustentam que a crise \u00e9 estrutural e exigir\u00e1 mais medidas e investimentos nos pr\u00f3ximos anos.<\/li>\n<\/ul>\n","protected":false},"author":2,"featured_media":429457,"comment_status":"closed","ping_status":"closed","sticky":false,"template":"","format":"standard","meta":{"footnotes":""},"categories":[1,6871],"tags":[491,150,3520,1014,169,2055],"class_list":["post-429454","post","type-post","status-publish","format-standard","has-post-thumbnail","hentry","category-noticias","category-sociedade","tag-alojamento-local","tag-habitacao","tag-habitacao-acessivel","tag-portugal","tag-turismo","tag-uniao-europeia"],"yoast_head":"<!-- This site is optimized with the Yoast SEO plugin v27.2 - https:\/\/yoast.com\/product\/yoast-seo-wordpress\/ -->\n<title>Parlamento Europeu considera alarmante a quota de casas para turismo em Portugal - Portal Tela Portugal<\/title>\n<meta name=\"robots\" content=\"index, follow, max-snippet:-1, max-image-preview:large, max-video-preview:-1\" \/>\n<meta property=\"og:locale\" content=\"pt_PT\" \/>\n<meta property=\"og:type\" content=\"article\" \/>\n<meta property=\"og:title\" content=\"Parlamento Europeu considera alarmante a quota de casas para turismo em Portugal - Portal Tela Portugal\" \/>\n<meta property=\"og:description\" content=\"Os eurodeputados da comiss\u00e3o de habita\u00e7\u00e3o do Parlamento Europeu dizem que a percentagem de casas usadas para alojamento local em Portugal \u00e9 alarmante, contribuindo para a crise habitacional. Defendem uma nova legisla\u00e7\u00e3o europeia para regular o alojamento local e alcan\u00e7ar um equil\u00edbrio entre turismo e habita\u00e7\u00e3o acess\u00edvel. Em Lisboa, h\u00e1 19.317 alojamentos locais registados, 6% do parque habitacional; em Santa Maria Maior, s\u00e3o 3.198 (mais de 41% das casas da freguesia). Em Portugal, existem 119.468 alojamentos locais registados (2% do total de habita\u00e7\u00f5es familiares); no Algarve, j\u00e1 correspondem a mais de 11% das casas, com Albufeira pr\u00f3ximo de 23%. Embora reconhe\u00e7am o esfor\u00e7o do Governo, os eurodeputados sustentam que a crise \u00e9 estrutural e exigir\u00e1 mais medidas e investimentos nos pr\u00f3ximos anos.\" \/>\n<meta property=\"og:url\" content=\"https:\/\/portaltela.pt\/noticias\/2026\/04\/01\/parlamento-europeu-considera-alarmante-a-quota-de-casas-para-turismo-em-portugal\/\" \/>\n<meta property=\"og:site_name\" content=\"Portal Tela Portugal\" \/>\n<meta property=\"article:published_time\" content=\"2026-04-01T16:32:28+00:00\" \/>\n<meta name=\"author\" content=\"Telinha\" \/>\n<meta name=\"twitter:card\" content=\"summary_large_image\" \/>\n<meta name=\"twitter:label1\" content=\"Escrito por\" \/>\n\t<meta name=\"twitter:data1\" content=\"Telinha\" \/>\n\t<meta name=\"twitter:label2\" content=\"Tempo estimado de leitura\" \/>\n\t<meta name=\"twitter:data2\" content=\"1 minuto\" \/>\n<script type=\"application\/ld+json\" class=\"yoast-schema-graph\">{\"@context\":\"https:\/\/schema.org\",\"@graph\":[{\"@type\":\"Article\",\"@id\":\"https:\/\/portaltela.pt\/noticias\/2026\/04\/01\/parlamento-europeu-considera-alarmante-a-quota-de-casas-para-turismo-em-portugal\/#article\",\"isPartOf\":{\"@id\":\"https:\/\/portaltela.pt\/noticias\/2026\/04\/01\/parlamento-europeu-considera-alarmante-a-quota-de-casas-para-turismo-em-portugal\/\"},\"author\":{\"name\":\"Telinha\",\"@id\":\"https:\/\/portaltela.pt\/#\/schema\/person\/c4278d4a6028830caff9ee44b42d32ed\"},\"headline\":\"Parlamento Europeu considera alarmante a quota de casas para turismo em Portugal\",\"datePublished\":\"2026-04-01T16:32:28+00:00\",\"mainEntityOfPage\":{\"@id\":\"https:\/\/portaltela.pt\/noticias\/2026\/04\/01\/parlamento-europeu-considera-alarmante-a-quota-de-casas-para-turismo-em-portugal\/\"},\"wordCount\":285,\"image\":{\"@id\":\"https:\/\/portaltela.pt\/noticias\/2026\/04\/01\/parlamento-europeu-considera-alarmante-a-quota-de-casas-para-turismo-em-portugal\/#primaryimage\"},\"thumbnailUrl\":\"https:\/\/portaltela.pt\/s.01k8rhncp4jt1\/2026\/04\/2078611.jpg\",\"keywords\":[\"alojamento local\",\"habita\u00e7\u00e3o\",\"habita\u00e7\u00e3o acess\u00edvel\",\"Portugal\",\"turismo\",\"Uni\u00e3o Europeia\"],\"articleSection\":[\"Not\u00edcias\",\"Sociedade\"],\"inLanguage\":\"pt-PT\"},{\"@type\":\"WebPage\",\"@id\":\"https:\/\/portaltela.pt\/noticias\/2026\/04\/01\/parlamento-europeu-considera-alarmante-a-quota-de-casas-para-turismo-em-portugal\/\",\"url\":\"https:\/\/portaltela.pt\/noticias\/2026\/04\/01\/parlamento-europeu-considera-alarmante-a-quota-de-casas-para-turismo-em-portugal\/\",\"name\":\"Parlamento Europeu considera alarmante a quota de casas para turismo em Portugal - Portal Tela Portugal\",\"isPartOf\":{\"@id\":\"https:\/\/portaltela.pt\/#website\"},\"primaryImageOfPage\":{\"@id\":\"https:\/\/portaltela.pt\/noticias\/2026\/04\/01\/parlamento-europeu-considera-alarmante-a-quota-de-casas-para-turismo-em-portugal\/#primaryimage\"},\"image\":{\"@id\":\"https:\/\/portaltela.pt\/noticias\/2026\/04\/01\/parlamento-europeu-considera-alarmante-a-quota-de-casas-para-turismo-em-portugal\/#primaryimage\"},\"thumbnailUrl\":\"https:\/\/portaltela.pt\/s.01k8rhncp4jt1\/2026\/04\/2078611.jpg\",\"datePublished\":\"2026-04-01T16:32:28+00:00\",\"author\":{\"@id\":\"https:\/\/portaltela.pt\/#\/schema\/person\/c4278d4a6028830caff9ee44b42d32ed\"},\"breadcrumb\":{\"@id\":\"https:\/\/portaltela.pt\/noticias\/2026\/04\/01\/parlamento-europeu-considera-alarmante-a-quota-de-casas-para-turismo-em-portugal\/#breadcrumb\"},\"inLanguage\":\"pt-PT\",\"potentialAction\":[{\"@type\":\"ReadAction\",\"target\":[\"https:\/\/portaltela.pt\/noticias\/2026\/04\/01\/parlamento-europeu-considera-alarmante-a-quota-de-casas-para-turismo-em-portugal\/\"]}]},{\"@type\":\"ImageObject\",\"inLanguage\":\"pt-PT\",\"@id\":\"https:\/\/portaltela.pt\/noticias\/2026\/04\/01\/parlamento-europeu-considera-alarmante-a-quota-de-casas-para-turismo-em-portugal\/#primaryimage\",\"url\":\"https:\/\/portaltela.pt\/s.01k8rhncp4jt1\/2026\/04\/2078611.jpg\",\"contentUrl\":\"https:\/\/portaltela.pt\/s.01k8rhncp4jt1\/2026\/04\/2078611.jpg\",\"width\":796,\"height\":448,\"caption\":\"Crise da habita\u00e7\u00e3o em Portugal \u00e9 uma das mais \\\"severas\\\" da Uni\u00e3o Europeia, conclu\u00edram eurodeputados que visitaram Lisboa por tr\u00eas dias\"},{\"@type\":\"BreadcrumbList\",\"@id\":\"https:\/\/portaltela.pt\/noticias\/2026\/04\/01\/parlamento-europeu-considera-alarmante-a-quota-de-casas-para-turismo-em-portugal\/#breadcrumb\",\"itemListElement\":[{\"@type\":\"ListItem\",\"position\":1,\"name\":\"In\u00edcio\",\"item\":\"https:\/\/portaltela.pt\/\"},{\"@type\":\"ListItem\",\"position\":2,\"name\":\"Parlamento Europeu considera alarmante a quota de casas para turismo em Portugal\"}]},{\"@type\":\"WebSite\",\"@id\":\"https:\/\/portaltela.pt\/#website\",\"url\":\"https:\/\/portaltela.pt\/\",\"name\":\"Portal Tela Portugal\",\"description\":\"\",\"potentialAction\":[{\"@type\":\"SearchAction\",\"target\":{\"@type\":\"EntryPoint\",\"urlTemplate\":\"https:\/\/portaltela.pt\/?s={search_term_string}\"},\"query-input\":{\"@type\":\"PropertyValueSpecification\",\"valueRequired\":true,\"valueName\":\"search_term_string\"}}],\"inLanguage\":\"pt-PT\"},{\"@type\":\"Person\",\"@id\":\"https:\/\/portaltela.pt\/#\/schema\/person\/c4278d4a6028830caff9ee44b42d32ed\",\"name\":\"Telinha\",\"image\":{\"@type\":\"ImageObject\",\"inLanguage\":\"pt-PT\",\"@id\":\"https:\/\/portaltela.pt\/s.01k8rhncp4jt1\/2025\/11\/talking-bot-125x125.png\",\"url\":\"https:\/\/portaltela.pt\/s.01k8rhncp4jt1\/2025\/11\/talking-bot-125x125.png\",\"contentUrl\":\"https:\/\/portaltela.pt\/s.01k8rhncp4jt1\/2025\/11\/talking-bot-125x125.png\",\"caption\":\"Telinha\"},\"sameAs\":[\"https:\/\/portaltela.pt\/\"],\"url\":\"https:\/\/portaltela.pt\/por\/367410592786\/\"}]}<\/script>\n<!-- \/ Yoast SEO plugin. -->","yoast_head_json":{"title":"Parlamento Europeu considera alarmante a quota de casas para turismo em Portugal - Portal Tela Portugal","robots":{"index":"index","follow":"follow","max-snippet":"max-snippet:-1","max-image-preview":"max-image-preview:large","max-video-preview":"max-video-preview:-1"},"og_locale":"pt_PT","og_type":"article","og_title":"Parlamento Europeu considera alarmante a quota de casas para turismo em Portugal - Portal Tela Portugal","og_description":"Os eurodeputados da comiss\u00e3o de habita\u00e7\u00e3o do Parlamento Europeu dizem que a percentagem de casas usadas para alojamento local em Portugal \u00e9 alarmante, contribuindo para a crise habitacional. Defendem uma nova legisla\u00e7\u00e3o europeia para regular o alojamento local e alcan\u00e7ar um equil\u00edbrio entre turismo e habita\u00e7\u00e3o acess\u00edvel. Em Lisboa, h\u00e1 19.317 alojamentos locais registados, 6% do parque habitacional; em Santa Maria Maior, s\u00e3o 3.198 (mais de 41% das casas da freguesia). Em Portugal, existem 119.468 alojamentos locais registados (2% do total de habita\u00e7\u00f5es familiares); no Algarve, j\u00e1 correspondem a mais de 11% das casas, com Albufeira pr\u00f3ximo de 23%. Embora reconhe\u00e7am o esfor\u00e7o do Governo, os eurodeputados sustentam que a crise \u00e9 estrutural e exigir\u00e1 mais medidas e investimentos nos pr\u00f3ximos anos.","og_url":"https:\/\/portaltela.pt\/noticias\/2026\/04\/01\/parlamento-europeu-considera-alarmante-a-quota-de-casas-para-turismo-em-portugal\/","og_site_name":"Portal Tela Portugal","article_published_time":"2026-04-01T16:32:28+00:00","author":"Telinha","twitter_card":"summary_large_image","twitter_misc":{"Escrito por":"Telinha","Tempo estimado de leitura":"1 minuto"},"schema":{"@context":"https:\/\/schema.org","@graph":[{"@type":"Article","@id":"https:\/\/portaltela.pt\/noticias\/2026\/04\/01\/parlamento-europeu-considera-alarmante-a-quota-de-casas-para-turismo-em-portugal\/#article","isPartOf":{"@id":"https:\/\/portaltela.pt\/noticias\/2026\/04\/01\/parlamento-europeu-considera-alarmante-a-quota-de-casas-para-turismo-em-portugal\/"},"author":{"name":"Telinha","@id":"https:\/\/portaltela.pt\/#\/schema\/person\/c4278d4a6028830caff9ee44b42d32ed"},"headline":"Parlamento Europeu considera alarmante a quota de casas para turismo em Portugal","datePublished":"2026-04-01T16:32:28+00:00","mainEntityOfPage":{"@id":"https:\/\/portaltela.pt\/noticias\/2026\/04\/01\/parlamento-europeu-considera-alarmante-a-quota-de-casas-para-turismo-em-portugal\/"},"wordCount":285,"image":{"@id":"https:\/\/portaltela.pt\/noticias\/2026\/04\/01\/parlamento-europeu-considera-alarmante-a-quota-de-casas-para-turismo-em-portugal\/#primaryimage"},"thumbnailUrl":"https:\/\/portaltela.pt\/s.01k8rhncp4jt1\/2026\/04\/2078611.jpg","keywords":["alojamento local","habita\u00e7\u00e3o","habita\u00e7\u00e3o acess\u00edvel","Portugal","turismo","Uni\u00e3o Europeia"],"articleSection":["Not\u00edcias","Sociedade"],"inLanguage":"pt-PT"},{"@type":"WebPage","@id":"https:\/\/portaltela.pt\/noticias\/2026\/04\/01\/parlamento-europeu-considera-alarmante-a-quota-de-casas-para-turismo-em-portugal\/","url":"https:\/\/portaltela.pt\/noticias\/2026\/04\/01\/parlamento-europeu-considera-alarmante-a-quota-de-casas-para-turismo-em-portugal\/","name":"Parlamento Europeu considera alarmante a quota de casas para turismo em Portugal - Portal Tela Portugal","isPartOf":{"@id":"https:\/\/portaltela.pt\/#website"},"primaryImageOfPage":{"@id":"https:\/\/portaltela.pt\/noticias\/2026\/04\/01\/parlamento-europeu-considera-alarmante-a-quota-de-casas-para-turismo-em-portugal\/#primaryimage"},"image":{"@id":"https:\/\/portaltela.pt\/noticias\/2026\/04\/01\/parlamento-europeu-considera-alarmante-a-quota-de-casas-para-turismo-em-portugal\/#primaryimage"},"thumbnailUrl":"https:\/\/portaltela.pt\/s.01k8rhncp4jt1\/2026\/04\/2078611.jpg","datePublished":"2026-04-01T16:32:28+00:00","author":{"@id":"https:\/\/portaltela.pt\/#\/schema\/person\/c4278d4a6028830caff9ee44b42d32ed"},"breadcrumb":{"@id":"https:\/\/portaltela.pt\/noticias\/2026\/04\/01\/parlamento-europeu-considera-alarmante-a-quota-de-casas-para-turismo-em-portugal\/#breadcrumb"},"inLanguage":"pt-PT","potentialAction":[{"@type":"ReadAction","target":["https:\/\/portaltela.pt\/noticias\/2026\/04\/01\/parlamento-europeu-considera-alarmante-a-quota-de-casas-para-turismo-em-portugal\/"]}]},{"@type":"ImageObject","inLanguage":"pt-PT","@id":"https:\/\/portaltela.pt\/noticias\/2026\/04\/01\/parlamento-europeu-considera-alarmante-a-quota-de-casas-para-turismo-em-portugal\/#primaryimage","url":"https:\/\/portaltela.pt\/s.01k8rhncp4jt1\/2026\/04\/2078611.jpg","contentUrl":"https:\/\/portaltela.pt\/s.01k8rhncp4jt1\/2026\/04\/2078611.jpg","width":796,"height":448,"caption":"Crise da habita\u00e7\u00e3o em Portugal \u00e9 uma das mais \"severas\" da Uni\u00e3o Europeia, conclu\u00edram eurodeputados que visitaram Lisboa por tr\u00eas dias"},{"@type":"BreadcrumbList","@id":"https:\/\/portaltela.pt\/noticias\/2026\/04\/01\/parlamento-europeu-considera-alarmante-a-quota-de-casas-para-turismo-em-portugal\/#breadcrumb","itemListElement":[{"@type":"ListItem","position":1,"name":"In\u00edcio","item":"https:\/\/portaltela.pt\/"},{"@type":"ListItem","position":2,"name":"Parlamento Europeu considera alarmante a quota de casas para turismo em Portugal"}]},{"@type":"WebSite","@id":"https:\/\/portaltela.pt\/#website","url":"https:\/\/portaltela.pt\/","name":"Portal Tela Portugal","description":"","potentialAction":[{"@type":"SearchAction","target":{"@type":"EntryPoint","urlTemplate":"https:\/\/portaltela.pt\/?s={search_term_string}"},"query-input":{"@type":"PropertyValueSpecification","valueRequired":true,"valueName":"search_term_string"}}],"inLanguage":"pt-PT"},{"@type":"Person","@id":"https:\/\/portaltela.pt\/#\/schema\/person\/c4278d4a6028830caff9ee44b42d32ed","name":"Telinha","image":{"@type":"ImageObject","inLanguage":"pt-PT","@id":"https:\/\/portaltela.pt\/s.01k8rhncp4jt1\/2025\/11\/talking-bot-125x125.png","url":"https:\/\/portaltela.pt\/s.01k8rhncp4jt1\/2025\/11\/talking-bot-125x125.png","contentUrl":"https:\/\/portaltela.pt\/s.01k8rhncp4jt1\/2025\/11\/talking-bot-125x125.png","caption":"Telinha"},"sameAs":["https:\/\/portaltela.pt\/"],"url":"https:\/\/portaltela.pt\/por\/367410592786\/"}]}},"_links":{"self":[{"href":"https:\/\/portaltela.pt\/api\/wp\/v2\/posts\/429454","targetHints":{"allow":["GET"]}}],"collection":[{"href":"https:\/\/portaltela.pt\/api\/wp\/v2\/posts"}],"about":[{"href":"https:\/\/portaltela.pt\/api\/wp\/v2\/types\/post"}],"author":[{"embeddable":true,"href":"https:\/\/portaltela.pt\/api\/wp\/v2\/users\/2"}],"replies":[{"embeddable":true,"href":"https:\/\/portaltela.pt\/api\/wp\/v2\/comments?post=429454"}],"version-history":[{"count":0,"href":"https:\/\/portaltela.pt\/api\/wp\/v2\/posts\/429454\/revisions"}],"wp:featuredmedia":[{"embeddable":true,"href":"https:\/\/portaltela.pt\/api\/wp\/v2\/media\/429457"}],"wp:attachment":[{"href":"https:\/\/portaltela.pt\/api\/wp\/v2\/media?parent=429454"}],"wp:term":[{"taxonomy":"category","embeddable":true,"href":"https:\/\/portaltela.pt\/api\/wp\/v2\/categories?post=429454"},{"taxonomy":"post_tag","embeddable":true,"href":"https:\/\/portaltela.pt\/api\/wp\/v2\/tags?post=429454"}],"curies":[{"name":"wp","href":"https:\/\/api.w.org\/{rel}","templated":true}]}}