{"id":429449,"date":"2026-04-01T13:32:26","date_gmt":"2026-04-01T16:32:26","guid":{"rendered":"https:\/\/portaltela.pt\/noticias\/2026\/04\/01\/grupo-pro-iraniano-suspeito-de-tentativa-de-ataque-ao-bank-of-america-em-paris\/"},"modified":"2026-04-01T13:32:26","modified_gmt":"2026-04-01T16:32:26","slug":"grupo-pro-iraniano-suspeito-de-tentativa-de-ataque-ao-bank-of-america-em-paris","status":"publish","type":"post","link":"https:\/\/portaltela.pt\/seguranca\/2026\/04\/01\/grupo-pro-iraniano-suspeito-de-tentativa-de-ataque-ao-bank-of-america-em-paris\/","title":{"rendered":"Grupo pr\u00f3-iraniano suspeito de tentativa de ataque ao Bank of America em Paris"},"content":{"rendered":"<p>O grupo pr\u00f3-iraniano HAYI \u00e9 apontado como poss\u00edvel autor da tentativa de ataque contra o Bank of America, em Paris, realizada no s\u00e1bado. A investiga\u00e7\u00e3o ainda n\u00e3o confirmou a liga\u00e7\u00e3o, segundo o procurador antiterrorismo franc\u00eas.<\/p>\n<p>O gabinete do procurador indicou que um v\u00eddeo publicado a 23 de mar\u00e7o visava comunidades judaicas na Fran\u00e7a e na Europa, mencionando a sede do Bank of America na capital, no 8.\u00ba arrondissement. A liga\u00e7\u00e3o com o grupo est\u00e1 a ser estudada.<\/p>\n<p>O HAYI (Harakat Ashab al-Yamin al-Islamiyya) tem estado associado a ataques anteriores contra alvos norte-americanos, israelitas e judaicos na Europa. Fontes de seguran\u00e7a indicam que o grupo pode recrutar criminosos para ataques sob a influ\u00eancia de modelos iranianos.<\/p>\n<p>Suspeitos e plano<\/p>\n<p>Quatro suspeitos foram formalmente constitu\u00eddos arguidos: tr\u00eas menores e um adulto. Uma quinta pessoa foi libertada por falta de provas. A investiga\u00e7\u00e3o aponta que o adulto recrutou os menores entre as noites de 26 e 27 de mar\u00e7o, com pagamentos entre 500 e 1000 euros.<\/p>\n<p>Os jovens teriam sido pagos para plantar, acionar e filmar o ataque. O dispositivo utilizado na tentativa consistia num bid\u00e3o de gasolina de cinco litros com carga pirot\u00e9cnica potente, segundo per\u00edcia acionada. Os investigadores descrevem o explosivo como o mais potente j\u00e1 identificado em Fran\u00e7a neste g\u00e9nero.<\/p>\n<p>Perce\u00e7\u00e3o global<\/p>\n<p>Os suspeitos negam a inten\u00e7\u00e3o terrorista, incluindo os menores que admitiram saber que o alvo n\u00e3o era uma habita\u00e7\u00e3o. A procuradoria trabalha com autoridades da B\u00e9lgica, da Alemanha e dos Pa\u00edses Baixos na monitoriza\u00e7\u00e3o de ataques ligados ao HAYI ocorridos em mar\u00e7o pela Europa.<\/p>\n<p>Resposta diplom\u00e1tica<\/p>\n<p>A Embaixada do Ir\u00e3o em Fran\u00e7a n\u00e3o respondeu de imediato a pedidos de coment\u00e1rio. O governo franc\u00eas tem explorado a poss\u00edvel liga\u00e7\u00e3o com Teer\u00e3o, sem confirma\u00e7\u00e3o oficial \u00e0 data. A investiga\u00e7\u00e3o mant\u00e9m o foco no planeamento e nos respons\u00e1veis pelo ataque.<\/p>\n","protected":false},"excerpt":{"rendered":"<ul>\n<li>O grupo pr\u00f3-iraniano Harakat Ashab al-Yamin al-Islamiyya (HAYI) \u00e9 apontado como poss\u00edvel respons\u00e1vel pela tentativa de ataque ao Bank of America em Paris, ocorrida no s\u00e1bado.<\/li>\n<li>O procurador antiterrorismo franc\u00eas afirmou que a liga\u00e7\u00e3o entre o grupo e o ataque ainda n\u00e3o foi formalmente estabelecida.<\/li>\n<li>Quatro suspeitos foram constitu\u00eddos arguidos; tr\u00eas s\u00e3o menores, recrutados entre as noites de 26 e 27 de mar\u00e7o mediante pagamento entre 500 e 1000 euros, para \u201cplantarem\u201d o dispositivo, acionarem-no e filmarem a a\u00e7\u00e3o.<\/li>\n<li>O equipamento utilizado na tentativa de 28 de mar\u00e7o consistia num bid\u00e3o de cinco litros de gasolina fixado a uma grande carga pirot\u00e9cnica, considerado o dispositivo pirot\u00e9cnico mais potente j\u00e1 identificado em Fran\u00e7a.<\/li>\n<li>A procuradoria nacional antiterrorismo est\u00e1 a trabalhar com autoridades da B\u00e9lgica, da Alemanha e dos Pa\u00edses Baixos na investiga\u00e7\u00e3o de ataques ocorridos em mar\u00e7o ligados ao HAYI; a quinta pessoa envolvida foi libertada por falta de provas.<\/li>\n<\/ul>\n","protected":false},"author":2,"featured_media":429453,"comment_status":"closed","ping_status":"closed","sticky":false,"template":"","format":"standard","meta":{"footnotes":""},"categories":[1,6779],"tags":[3143,2487,1856,81,3327,4989],"class_list":["post-429449","post","type-post","status-publish","format-standard","has-post-thumbnail","hentry","category-noticias","category-seguranca","tag-ataques-internacionais","tag-europa","tag-franca","tag-internacionais","tag-iran","tag-terrorismo"],"yoast_head":"<!-- This site is optimized with the Yoast SEO plugin v27.2 - https:\/\/yoast.com\/product\/yoast-seo-wordpress\/ -->\n<title>Grupo pr\u00f3-iraniano suspeito de tentativa de ataque ao Bank of America em Paris - Portal Tela Portugal<\/title>\n<meta name=\"robots\" content=\"index, follow, max-snippet:-1, max-image-preview:large, max-video-preview:-1\" \/>\n<meta property=\"og:locale\" content=\"pt_PT\" \/>\n<meta property=\"og:type\" content=\"article\" \/>\n<meta property=\"og:title\" content=\"Grupo pr\u00f3-iraniano suspeito de tentativa de ataque ao Bank of America em Paris - Portal Tela Portugal\" \/>\n<meta property=\"og:description\" content=\"O grupo pr\u00f3-iraniano Harakat Ashab al-Yamin al-Islamiyya (HAYI) \u00e9 apontado como poss\u00edvel respons\u00e1vel pela tentativa de ataque ao Bank of America em Paris, ocorrida no s\u00e1bado. O procurador antiterrorismo franc\u00eas afirmou que a liga\u00e7\u00e3o entre o grupo e o ataque ainda n\u00e3o foi formalmente estabelecida. Quatro suspeitos foram constitu\u00eddos arguidos; tr\u00eas s\u00e3o menores, recrutados entre as noites de 26 e 27 de mar\u00e7o mediante pagamento entre 500 e 1000 euros, para \u201cplantarem\u201d o dispositivo, acionarem-no e filmarem a a\u00e7\u00e3o. O equipamento utilizado na tentativa de 28 de mar\u00e7o consistia num bid\u00e3o de cinco litros de gasolina fixado a uma grande carga pirot\u00e9cnica, considerado o dispositivo pirot\u00e9cnico mais potente j\u00e1 identificado em Fran\u00e7a. A procuradoria nacional antiterrorismo est\u00e1 a trabalhar com autoridades da B\u00e9lgica, da Alemanha e dos Pa\u00edses Baixos na investiga\u00e7\u00e3o de ataques ocorridos em mar\u00e7o ligados ao HAYI; a quinta pessoa envolvida foi libertada por falta de provas.\" \/>\n<meta property=\"og:url\" content=\"https:\/\/portaltela.pt\/noticias\/2026\/04\/01\/grupo-pro-iraniano-suspeito-de-tentativa-de-ataque-ao-bank-of-america-em-paris\/\" \/>\n<meta property=\"og:site_name\" content=\"Portal Tela Portugal\" \/>\n<meta property=\"article:published_time\" content=\"2026-04-01T16:32:26+00:00\" \/>\n<meta name=\"author\" content=\"Telinha\" \/>\n<meta name=\"twitter:card\" content=\"summary_large_image\" \/>\n<meta name=\"twitter:label1\" content=\"Escrito por\" \/>\n\t<meta name=\"twitter:data1\" content=\"Telinha\" \/>\n\t<meta name=\"twitter:label2\" content=\"Tempo estimado de leitura\" \/>\n\t<meta name=\"twitter:data2\" content=\"2 minutos\" \/>\n<script type=\"application\/ld+json\" class=\"yoast-schema-graph\">{\"@context\":\"https:\/\/schema.org\",\"@graph\":[{\"@type\":\"Article\",\"@id\":\"https:\/\/portaltela.pt\/noticias\/2026\/04\/01\/grupo-pro-iraniano-suspeito-de-tentativa-de-ataque-ao-bank-of-america-em-paris\/#article\",\"isPartOf\":{\"@id\":\"https:\/\/portaltela.pt\/noticias\/2026\/04\/01\/grupo-pro-iraniano-suspeito-de-tentativa-de-ataque-ao-bank-of-america-em-paris\/\"},\"author\":{\"name\":\"Telinha\",\"@id\":\"https:\/\/portaltela.pt\/#\/schema\/person\/c4278d4a6028830caff9ee44b42d32ed\"},\"headline\":\"Grupo pr\u00f3-iraniano suspeito de tentativa de ataque ao Bank of America em Paris\",\"datePublished\":\"2026-04-01T16:32:26+00:00\",\"mainEntityOfPage\":{\"@id\":\"https:\/\/portaltela.pt\/noticias\/2026\/04\/01\/grupo-pro-iraniano-suspeito-de-tentativa-de-ataque-ao-bank-of-america-em-paris\/\"},\"wordCount\":348,\"image\":{\"@id\":\"https:\/\/portaltela.pt\/noticias\/2026\/04\/01\/grupo-pro-iraniano-suspeito-de-tentativa-de-ataque-ao-bank-of-america-em-paris\/#primaryimage\"},\"thumbnailUrl\":\"https:\/\/portaltela.pt\/s.01k8rhncp4jt1\/2026\/04\/2078621.jpg\",\"keywords\":[\"ataques internacionais\",\"Europa\",\"Fran\u00e7a\",\"internacionais\",\"\u00cdr\u00e1n\",\"terrorismo\"],\"articleSection\":[\"Not\u00edcias\",\"Seguran\u00e7a\"],\"inLanguage\":\"pt-PT\"},{\"@type\":\"WebPage\",\"@id\":\"https:\/\/portaltela.pt\/noticias\/2026\/04\/01\/grupo-pro-iraniano-suspeito-de-tentativa-de-ataque-ao-bank-of-america-em-paris\/\",\"url\":\"https:\/\/portaltela.pt\/noticias\/2026\/04\/01\/grupo-pro-iraniano-suspeito-de-tentativa-de-ataque-ao-bank-of-america-em-paris\/\",\"name\":\"Grupo pr\u00f3-iraniano suspeito de tentativa de ataque ao Bank of America em Paris - Portal Tela Portugal\",\"isPartOf\":{\"@id\":\"https:\/\/portaltela.pt\/#website\"},\"primaryImageOfPage\":{\"@id\":\"https:\/\/portaltela.pt\/noticias\/2026\/04\/01\/grupo-pro-iraniano-suspeito-de-tentativa-de-ataque-ao-bank-of-america-em-paris\/#primaryimage\"},\"image\":{\"@id\":\"https:\/\/portaltela.pt\/noticias\/2026\/04\/01\/grupo-pro-iraniano-suspeito-de-tentativa-de-ataque-ao-bank-of-america-em-paris\/#primaryimage\"},\"thumbnailUrl\":\"https:\/\/portaltela.pt\/s.01k8rhncp4jt1\/2026\/04\/2078621.jpg\",\"datePublished\":\"2026-04-01T16:32:26+00:00\",\"author\":{\"@id\":\"https:\/\/portaltela.pt\/#\/schema\/person\/c4278d4a6028830caff9ee44b42d32ed\"},\"breadcrumb\":{\"@id\":\"https:\/\/portaltela.pt\/noticias\/2026\/04\/01\/grupo-pro-iraniano-suspeito-de-tentativa-de-ataque-ao-bank-of-america-em-paris\/#breadcrumb\"},\"inLanguage\":\"pt-PT\",\"potentialAction\":[{\"@type\":\"ReadAction\",\"target\":[\"https:\/\/portaltela.pt\/noticias\/2026\/04\/01\/grupo-pro-iraniano-suspeito-de-tentativa-de-ataque-ao-bank-of-america-em-paris\/\"]}]},{\"@type\":\"ImageObject\",\"inLanguage\":\"pt-PT\",\"@id\":\"https:\/\/portaltela.pt\/noticias\/2026\/04\/01\/grupo-pro-iraniano-suspeito-de-tentativa-de-ataque-ao-bank-of-america-em-paris\/#primaryimage\",\"url\":\"https:\/\/portaltela.pt\/s.01k8rhncp4jt1\/2026\/04\/2078621.jpg\",\"contentUrl\":\"https:\/\/portaltela.pt\/s.01k8rhncp4jt1\/2026\/04\/2078621.jpg\",\"width\":796,\"height\":448,\"caption\":\"O dispositivo utilizado na tentativa de ataque seria altamente potente, segundo a pol\u00edcia francesa\"},{\"@type\":\"BreadcrumbList\",\"@id\":\"https:\/\/portaltela.pt\/noticias\/2026\/04\/01\/grupo-pro-iraniano-suspeito-de-tentativa-de-ataque-ao-bank-of-america-em-paris\/#breadcrumb\",\"itemListElement\":[{\"@type\":\"ListItem\",\"position\":1,\"name\":\"In\u00edcio\",\"item\":\"https:\/\/portaltela.pt\/\"},{\"@type\":\"ListItem\",\"position\":2,\"name\":\"Grupo pr\u00f3-iraniano suspeito de tentativa de ataque ao Bank of America em Paris\"}]},{\"@type\":\"WebSite\",\"@id\":\"https:\/\/portaltela.pt\/#website\",\"url\":\"https:\/\/portaltela.pt\/\",\"name\":\"Portal Tela Portugal\",\"description\":\"\",\"potentialAction\":[{\"@type\":\"SearchAction\",\"target\":{\"@type\":\"EntryPoint\",\"urlTemplate\":\"https:\/\/portaltela.pt\/?s={search_term_string}\"},\"query-input\":{\"@type\":\"PropertyValueSpecification\",\"valueRequired\":true,\"valueName\":\"search_term_string\"}}],\"inLanguage\":\"pt-PT\"},{\"@type\":\"Person\",\"@id\":\"https:\/\/portaltela.pt\/#\/schema\/person\/c4278d4a6028830caff9ee44b42d32ed\",\"name\":\"Telinha\",\"image\":{\"@type\":\"ImageObject\",\"inLanguage\":\"pt-PT\",\"@id\":\"https:\/\/portaltela.pt\/s.01k8rhncp4jt1\/2025\/11\/talking-bot-125x125.png\",\"url\":\"https:\/\/portaltela.pt\/s.01k8rhncp4jt1\/2025\/11\/talking-bot-125x125.png\",\"contentUrl\":\"https:\/\/portaltela.pt\/s.01k8rhncp4jt1\/2025\/11\/talking-bot-125x125.png\",\"caption\":\"Telinha\"},\"sameAs\":[\"https:\/\/portaltela.pt\/\"],\"url\":\"https:\/\/portaltela.pt\/por\/367410592786\/\"}]}<\/script>\n<!-- \/ Yoast SEO plugin. -->","yoast_head_json":{"title":"Grupo pr\u00f3-iraniano suspeito de tentativa de ataque ao Bank of America em Paris - Portal Tela Portugal","robots":{"index":"index","follow":"follow","max-snippet":"max-snippet:-1","max-image-preview":"max-image-preview:large","max-video-preview":"max-video-preview:-1"},"og_locale":"pt_PT","og_type":"article","og_title":"Grupo pr\u00f3-iraniano suspeito de tentativa de ataque ao Bank of America em Paris - Portal Tela Portugal","og_description":"O grupo pr\u00f3-iraniano Harakat Ashab al-Yamin al-Islamiyya (HAYI) \u00e9 apontado como poss\u00edvel respons\u00e1vel pela tentativa de ataque ao Bank of America em Paris, ocorrida no s\u00e1bado. O procurador antiterrorismo franc\u00eas afirmou que a liga\u00e7\u00e3o entre o grupo e o ataque ainda n\u00e3o foi formalmente estabelecida. Quatro suspeitos foram constitu\u00eddos arguidos; tr\u00eas s\u00e3o menores, recrutados entre as noites de 26 e 27 de mar\u00e7o mediante pagamento entre 500 e 1000 euros, para \u201cplantarem\u201d o dispositivo, acionarem-no e filmarem a a\u00e7\u00e3o. O equipamento utilizado na tentativa de 28 de mar\u00e7o consistia num bid\u00e3o de cinco litros de gasolina fixado a uma grande carga pirot\u00e9cnica, considerado o dispositivo pirot\u00e9cnico mais potente j\u00e1 identificado em Fran\u00e7a. A procuradoria nacional antiterrorismo est\u00e1 a trabalhar com autoridades da B\u00e9lgica, da Alemanha e dos Pa\u00edses Baixos na investiga\u00e7\u00e3o de ataques ocorridos em mar\u00e7o ligados ao HAYI; a quinta pessoa envolvida foi libertada por falta de provas.","og_url":"https:\/\/portaltela.pt\/noticias\/2026\/04\/01\/grupo-pro-iraniano-suspeito-de-tentativa-de-ataque-ao-bank-of-america-em-paris\/","og_site_name":"Portal Tela Portugal","article_published_time":"2026-04-01T16:32:26+00:00","author":"Telinha","twitter_card":"summary_large_image","twitter_misc":{"Escrito por":"Telinha","Tempo estimado de leitura":"2 minutos"},"schema":{"@context":"https:\/\/schema.org","@graph":[{"@type":"Article","@id":"https:\/\/portaltela.pt\/noticias\/2026\/04\/01\/grupo-pro-iraniano-suspeito-de-tentativa-de-ataque-ao-bank-of-america-em-paris\/#article","isPartOf":{"@id":"https:\/\/portaltela.pt\/noticias\/2026\/04\/01\/grupo-pro-iraniano-suspeito-de-tentativa-de-ataque-ao-bank-of-america-em-paris\/"},"author":{"name":"Telinha","@id":"https:\/\/portaltela.pt\/#\/schema\/person\/c4278d4a6028830caff9ee44b42d32ed"},"headline":"Grupo pr\u00f3-iraniano suspeito de tentativa de ataque ao Bank of America em Paris","datePublished":"2026-04-01T16:32:26+00:00","mainEntityOfPage":{"@id":"https:\/\/portaltela.pt\/noticias\/2026\/04\/01\/grupo-pro-iraniano-suspeito-de-tentativa-de-ataque-ao-bank-of-america-em-paris\/"},"wordCount":348,"image":{"@id":"https:\/\/portaltela.pt\/noticias\/2026\/04\/01\/grupo-pro-iraniano-suspeito-de-tentativa-de-ataque-ao-bank-of-america-em-paris\/#primaryimage"},"thumbnailUrl":"https:\/\/portaltela.pt\/s.01k8rhncp4jt1\/2026\/04\/2078621.jpg","keywords":["ataques internacionais","Europa","Fran\u00e7a","internacionais","\u00cdr\u00e1n","terrorismo"],"articleSection":["Not\u00edcias","Seguran\u00e7a"],"inLanguage":"pt-PT"},{"@type":"WebPage","@id":"https:\/\/portaltela.pt\/noticias\/2026\/04\/01\/grupo-pro-iraniano-suspeito-de-tentativa-de-ataque-ao-bank-of-america-em-paris\/","url":"https:\/\/portaltela.pt\/noticias\/2026\/04\/01\/grupo-pro-iraniano-suspeito-de-tentativa-de-ataque-ao-bank-of-america-em-paris\/","name":"Grupo pr\u00f3-iraniano suspeito de tentativa de ataque ao Bank of America em Paris - Portal Tela Portugal","isPartOf":{"@id":"https:\/\/portaltela.pt\/#website"},"primaryImageOfPage":{"@id":"https:\/\/portaltela.pt\/noticias\/2026\/04\/01\/grupo-pro-iraniano-suspeito-de-tentativa-de-ataque-ao-bank-of-america-em-paris\/#primaryimage"},"image":{"@id":"https:\/\/portaltela.pt\/noticias\/2026\/04\/01\/grupo-pro-iraniano-suspeito-de-tentativa-de-ataque-ao-bank-of-america-em-paris\/#primaryimage"},"thumbnailUrl":"https:\/\/portaltela.pt\/s.01k8rhncp4jt1\/2026\/04\/2078621.jpg","datePublished":"2026-04-01T16:32:26+00:00","author":{"@id":"https:\/\/portaltela.pt\/#\/schema\/person\/c4278d4a6028830caff9ee44b42d32ed"},"breadcrumb":{"@id":"https:\/\/portaltela.pt\/noticias\/2026\/04\/01\/grupo-pro-iraniano-suspeito-de-tentativa-de-ataque-ao-bank-of-america-em-paris\/#breadcrumb"},"inLanguage":"pt-PT","potentialAction":[{"@type":"ReadAction","target":["https:\/\/portaltela.pt\/noticias\/2026\/04\/01\/grupo-pro-iraniano-suspeito-de-tentativa-de-ataque-ao-bank-of-america-em-paris\/"]}]},{"@type":"ImageObject","inLanguage":"pt-PT","@id":"https:\/\/portaltela.pt\/noticias\/2026\/04\/01\/grupo-pro-iraniano-suspeito-de-tentativa-de-ataque-ao-bank-of-america-em-paris\/#primaryimage","url":"https:\/\/portaltela.pt\/s.01k8rhncp4jt1\/2026\/04\/2078621.jpg","contentUrl":"https:\/\/portaltela.pt\/s.01k8rhncp4jt1\/2026\/04\/2078621.jpg","width":796,"height":448,"caption":"O dispositivo utilizado na tentativa de ataque seria altamente potente, segundo a pol\u00edcia francesa"},{"@type":"BreadcrumbList","@id":"https:\/\/portaltela.pt\/noticias\/2026\/04\/01\/grupo-pro-iraniano-suspeito-de-tentativa-de-ataque-ao-bank-of-america-em-paris\/#breadcrumb","itemListElement":[{"@type":"ListItem","position":1,"name":"In\u00edcio","item":"https:\/\/portaltela.pt\/"},{"@type":"ListItem","position":2,"name":"Grupo pr\u00f3-iraniano suspeito de tentativa de ataque ao Bank of America em Paris"}]},{"@type":"WebSite","@id":"https:\/\/portaltela.pt\/#website","url":"https:\/\/portaltela.pt\/","name":"Portal Tela Portugal","description":"","potentialAction":[{"@type":"SearchAction","target":{"@type":"EntryPoint","urlTemplate":"https:\/\/portaltela.pt\/?s={search_term_string}"},"query-input":{"@type":"PropertyValueSpecification","valueRequired":true,"valueName":"search_term_string"}}],"inLanguage":"pt-PT"},{"@type":"Person","@id":"https:\/\/portaltela.pt\/#\/schema\/person\/c4278d4a6028830caff9ee44b42d32ed","name":"Telinha","image":{"@type":"ImageObject","inLanguage":"pt-PT","@id":"https:\/\/portaltela.pt\/s.01k8rhncp4jt1\/2025\/11\/talking-bot-125x125.png","url":"https:\/\/portaltela.pt\/s.01k8rhncp4jt1\/2025\/11\/talking-bot-125x125.png","contentUrl":"https:\/\/portaltela.pt\/s.01k8rhncp4jt1\/2025\/11\/talking-bot-125x125.png","caption":"Telinha"},"sameAs":["https:\/\/portaltela.pt\/"],"url":"https:\/\/portaltela.pt\/por\/367410592786\/"}]}},"_links":{"self":[{"href":"https:\/\/portaltela.pt\/api\/wp\/v2\/posts\/429449","targetHints":{"allow":["GET"]}}],"collection":[{"href":"https:\/\/portaltela.pt\/api\/wp\/v2\/posts"}],"about":[{"href":"https:\/\/portaltela.pt\/api\/wp\/v2\/types\/post"}],"author":[{"embeddable":true,"href":"https:\/\/portaltela.pt\/api\/wp\/v2\/users\/2"}],"replies":[{"embeddable":true,"href":"https:\/\/portaltela.pt\/api\/wp\/v2\/comments?post=429449"}],"version-history":[{"count":0,"href":"https:\/\/portaltela.pt\/api\/wp\/v2\/posts\/429449\/revisions"}],"wp:featuredmedia":[{"embeddable":true,"href":"https:\/\/portaltela.pt\/api\/wp\/v2\/media\/429453"}],"wp:attachment":[{"href":"https:\/\/portaltela.pt\/api\/wp\/v2\/media?parent=429449"}],"wp:term":[{"taxonomy":"category","embeddable":true,"href":"https:\/\/portaltela.pt\/api\/wp\/v2\/categories?post=429449"},{"taxonomy":"post_tag","embeddable":true,"href":"https:\/\/portaltela.pt\/api\/wp\/v2\/tags?post=429449"}],"curies":[{"name":"wp","href":"https:\/\/api.w.org\/{rel}","templated":true}]}}