{"id":429448,"date":"2026-04-01T13:32:25","date_gmt":"2026-04-01T16:32:25","guid":{"rendered":"https:\/\/portaltela.pt\/noticias\/2026\/04\/01\/turismo-cabo-verdiano-assegura-que-cabo-verde-e-destino-seguro\/"},"modified":"2026-04-01T13:32:25","modified_gmt":"2026-04-01T16:32:25","slug":"turismo-cabo-verdiano-assegura-que-cabo-verde-e-destino-seguro","status":"publish","type":"post","link":"https:\/\/portaltela.pt\/noticias\/internacional\/2026\/04\/01\/turismo-cabo-verdiano-assegura-que-cabo-verde-e-destino-seguro\/","title":{"rendered":"Turismo cabo-verdiano assegura que Cabo Verde \u00e9 destino seguro"},"content":{"rendered":"<p>O Governo de Cabo Verde reiterou que o arquip\u00e9lago n\u00e3o regista surtos de doen\u00e7as gastrointestinais, ap\u00f3s relatos em a imprensa brit\u00e2nica sobre a morte de um turista associado a infec\u00e7\u00f5es intestinais. O comunicado oficial foi partilhado pela Lusa.<\/p>\n<p>O Minist\u00e9rio do Turismo afirma que n\u00e3o h\u00e1 evid\u00eancia de surtos nas ilhas do Sal e da Boa Vista, com os casos a manterem-se dentro do esperado para esta \u00e9poca. Descreve a vigil\u00e2ncia epidemiol\u00f3gica como activa e ligada \u00e0s autoridades de sa\u00fade e aos operadores tur\u00edsticos.<\/p>\n<p>As autoridades destacam que os dados dispon\u00edveis n\u00e3o revelam altera\u00e7\u00f5es anormais na situa\u00e7\u00e3o epidemiol\u00f3gica global. O turismo cabo-verdiano \u00e9 apresentado como seguro, com um apelo ao rigor editorial na comunica\u00e7\u00e3o de casos.<\/p>\n<h3>Narrativas que induzem medo<\/h3>\n<p>O Minist\u00e9rio do Turismo indica que n\u00e3o foram verificadas altera\u00e7\u00f5es que justifiquem campanhas de alarmismo. A nota sublinha que os factos mostram Cabo Verde como destino seguro, recomendando-se e mantendo-se entre os mais procurados do Atl\u00e2ntico.<\/p>\n<p>A nota critica t\u00edtulos sensacionalistas que descontextualizam casos isolados, prejudicando a reputa\u00e7\u00e3o do pa\u00eds. Reitera o apoio a operadores tur\u00edsticos internacionais e nacionais, com ac\u00e7\u00f5es de forma\u00e7\u00e3o em normas HACCP a mais de 300 operadores locais.<\/p>\n<p>O minist\u00e9rio acrescenta que as sete baixas de turistas brit\u00e2nicos ocorreram ao longo de tr\u00eas anos, num s\u00f3 foco de contamina\u00e7\u00e3o j\u00e1 intervencionado. Aponta para refor\u00e7o de forma\u00e7\u00e3o em higiene alimentar e seguran\u00e7a para operadores locais.<\/p>\n<h3>Situa\u00e7\u00e3o recente e contexto<\/h3>\n<p>A imprensa brit\u00e2nica reportou a morte de um turista brit\u00e2nico na ilha do Sal, elevando para sete o total de casos desde 2023. Em fevereiro, fam\u00edlias de turistas brit\u00e2nicos acionaram processos contra operadores de viagens ap\u00f3s contamina\u00e7\u00f5es associadas a neg\u00f3cios tur\u00edsticos.<\/p>\n<p>O ministro da Sa\u00fade, na altura, comentou inexistir evid\u00eancia de surto ativo de shigelose em Cabo Verde. Em mar\u00e7o, o INSP reportou detec\u00e7\u00e3o de Shigella em \u00e1gua de rega de produtos para hot\u00e9is, nas ilhas do Sal e da Boa Vista.<\/p>\n<p>A institui\u00e7\u00e3o indicou que a Shigella Sonnei foi identificada nas amostras, levantando a hip\u00f3tese de introdu\u00e7\u00e3o da bact\u00e9ria no pa\u00eds. O ECDC havia emitido um aviso para viajantes por um risco moderado de gastroenterites na regi\u00e3o.<\/p>\n","protected":false},"excerpt":{"rendered":"<ul>\n<li>O Governo de Cabo Verde afirma que n\u00e3o existem surtos de doen\u00e7as gastrointestinais, mantendo vigil\u00e2ncia epidemiol\u00f3gica activa.<\/li>\n<li>Reitera que n\u00e3o h\u00e1 evid\u00eancia de surtos nas ilhas do Sal e Boa Vista; os casos s\u00e3o espor\u00e1dicos e dentro do esperado para esta altura.<\/li>\n<li>O pa\u00eds repudiou o alarmismo gerado por not\u00edcias internacionais que associam o destino a riscos de sa\u00fade p\u00fablica.<\/li>\n<li>Entidades indicam que sete turistas brit\u00e2nicos morreram nos \u00faltimos tr\u00eas anos, num \u00fanico foco de contamina\u00e7\u00e3o j\u00e1 identificado e intervenido, com a\u00e7\u00f5es de forma\u00e7\u00e3o HACCP a mais de trezentos operadores locais.<\/li>\n<li>Autoridades ressaltam que Cabo Verde \u00e9 um destino seguro e apelam \u00e0 responsabilidade editorial, evitando narrativas que distor\u00e7am a realidade e prejudiquem o turismo.<\/li>\n<\/ul>\n","protected":false},"author":2,"featured_media":429451,"comment_status":"closed","ping_status":"closed","sticky":false,"template":"","format":"standard","meta":{"footnotes":""},"categories":[4,1],"tags":[4851,1014,271,2867,169,6037],"class_list":["post-429448","post","type-post","status-publish","format-standard","has-post-thumbnail","hentry","category-internacional","category-noticias","tag-higiene","tag-portugal","tag-saude-publica","tag-seguranca-alimentar","tag-turismo","tag-viagens-internacionais"],"yoast_head":"<!-- This site is optimized with the Yoast SEO plugin v27.2 - https:\/\/yoast.com\/product\/yoast-seo-wordpress\/ -->\n<title>Turismo cabo-verdiano assegura que Cabo Verde \u00e9 destino seguro - Portal Tela Portugal<\/title>\n<meta name=\"robots\" content=\"index, follow, max-snippet:-1, max-image-preview:large, max-video-preview:-1\" \/>\n<meta property=\"og:locale\" content=\"pt_PT\" \/>\n<meta property=\"og:type\" content=\"article\" \/>\n<meta property=\"og:title\" content=\"Turismo cabo-verdiano assegura que Cabo Verde \u00e9 destino seguro - Portal Tela Portugal\" \/>\n<meta property=\"og:description\" content=\"O Governo de Cabo Verde afirma que n\u00e3o existem surtos de doen\u00e7as gastrointestinais, mantendo vigil\u00e2ncia epidemiol\u00f3gica activa. Reitera que n\u00e3o h\u00e1 evid\u00eancia de surtos nas ilhas do Sal e Boa Vista; os casos s\u00e3o espor\u00e1dicos e dentro do esperado para esta altura. O pa\u00eds repudiou o alarmismo gerado por not\u00edcias internacionais que associam o destino a riscos de sa\u00fade p\u00fablica. Entidades indicam que sete turistas brit\u00e2nicos morreram nos \u00faltimos tr\u00eas anos, num \u00fanico foco de contamina\u00e7\u00e3o j\u00e1 identificado e intervenido, com a\u00e7\u00f5es de forma\u00e7\u00e3o HACCP a mais de trezentos operadores locais. Autoridades ressaltam que Cabo Verde \u00e9 um destino seguro e apelam \u00e0 responsabilidade editorial, evitando narrativas que distor\u00e7am a realidade e prejudiquem o turismo.\" \/>\n<meta property=\"og:url\" content=\"https:\/\/portaltela.pt\/noticias\/2026\/04\/01\/turismo-cabo-verdiano-assegura-que-cabo-verde-e-destino-seguro\/\" \/>\n<meta property=\"og:site_name\" content=\"Portal Tela Portugal\" \/>\n<meta property=\"article:published_time\" content=\"2026-04-01T16:32:25+00:00\" \/>\n<meta name=\"author\" content=\"Telinha\" \/>\n<meta name=\"twitter:card\" content=\"summary_large_image\" \/>\n<meta name=\"twitter:label1\" content=\"Escrito por\" \/>\n\t<meta name=\"twitter:data1\" content=\"Telinha\" \/>\n\t<meta name=\"twitter:label2\" content=\"Tempo estimado de leitura\" \/>\n\t<meta name=\"twitter:data2\" content=\"2 minutos\" \/>\n<script type=\"application\/ld+json\" class=\"yoast-schema-graph\">{\"@context\":\"https:\/\/schema.org\",\"@graph\":[{\"@type\":\"Article\",\"@id\":\"https:\/\/portaltela.pt\/noticias\/2026\/04\/01\/turismo-cabo-verdiano-assegura-que-cabo-verde-e-destino-seguro\/#article\",\"isPartOf\":{\"@id\":\"https:\/\/portaltela.pt\/noticias\/2026\/04\/01\/turismo-cabo-verdiano-assegura-que-cabo-verde-e-destino-seguro\/\"},\"author\":{\"name\":\"Telinha\",\"@id\":\"https:\/\/portaltela.pt\/#\/schema\/person\/c4278d4a6028830caff9ee44b42d32ed\"},\"headline\":\"Turismo cabo-verdiano assegura que Cabo Verde \u00e9 destino seguro\",\"datePublished\":\"2026-04-01T16:32:25+00:00\",\"mainEntityOfPage\":{\"@id\":\"https:\/\/portaltela.pt\/noticias\/2026\/04\/01\/turismo-cabo-verdiano-assegura-que-cabo-verde-e-destino-seguro\/\"},\"wordCount\":411,\"image\":{\"@id\":\"https:\/\/portaltela.pt\/noticias\/2026\/04\/01\/turismo-cabo-verdiano-assegura-que-cabo-verde-e-destino-seguro\/#primaryimage\"},\"thumbnailUrl\":\"https:\/\/portaltela.pt\/s.01k8rhncp4jt1\/2026\/04\/2078622.jpg\",\"keywords\":[\"higiene\",\"Portugal\",\"sa\u00fade p\u00fablica\",\"Seguran\u00e7a Alimentar\",\"turismo\",\"viagens internacionais\"],\"articleSection\":[\"Internacional\",\"Not\u00edcias\"],\"inLanguage\":\"pt-PT\"},{\"@type\":\"WebPage\",\"@id\":\"https:\/\/portaltela.pt\/noticias\/2026\/04\/01\/turismo-cabo-verdiano-assegura-que-cabo-verde-e-destino-seguro\/\",\"url\":\"https:\/\/portaltela.pt\/noticias\/2026\/04\/01\/turismo-cabo-verdiano-assegura-que-cabo-verde-e-destino-seguro\/\",\"name\":\"Turismo cabo-verdiano assegura que Cabo Verde \u00e9 destino seguro - Portal Tela Portugal\",\"isPartOf\":{\"@id\":\"https:\/\/portaltela.pt\/#website\"},\"primaryImageOfPage\":{\"@id\":\"https:\/\/portaltela.pt\/noticias\/2026\/04\/01\/turismo-cabo-verdiano-assegura-que-cabo-verde-e-destino-seguro\/#primaryimage\"},\"image\":{\"@id\":\"https:\/\/portaltela.pt\/noticias\/2026\/04\/01\/turismo-cabo-verdiano-assegura-que-cabo-verde-e-destino-seguro\/#primaryimage\"},\"thumbnailUrl\":\"https:\/\/portaltela.pt\/s.01k8rhncp4jt1\/2026\/04\/2078622.jpg\",\"datePublished\":\"2026-04-01T16:32:25+00:00\",\"author\":{\"@id\":\"https:\/\/portaltela.pt\/#\/schema\/person\/c4278d4a6028830caff9ee44b42d32ed\"},\"breadcrumb\":{\"@id\":\"https:\/\/portaltela.pt\/noticias\/2026\/04\/01\/turismo-cabo-verdiano-assegura-que-cabo-verde-e-destino-seguro\/#breadcrumb\"},\"inLanguage\":\"pt-PT\",\"potentialAction\":[{\"@type\":\"ReadAction\",\"target\":[\"https:\/\/portaltela.pt\/noticias\/2026\/04\/01\/turismo-cabo-verdiano-assegura-que-cabo-verde-e-destino-seguro\/\"]}]},{\"@type\":\"ImageObject\",\"inLanguage\":\"pt-PT\",\"@id\":\"https:\/\/portaltela.pt\/noticias\/2026\/04\/01\/turismo-cabo-verdiano-assegura-que-cabo-verde-e-destino-seguro\/#primaryimage\",\"url\":\"https:\/\/portaltela.pt\/s.01k8rhncp4jt1\/2026\/04\/2078622.jpg\",\"contentUrl\":\"https:\/\/portaltela.pt\/s.01k8rhncp4jt1\/2026\/04\/2078622.jpg\",\"width\":796,\"height\":448,\"caption\":\"Em tr\u00eas anos, registaram-se sete mortes de turistas brit\u00e2nicos na ilha do Sal\"},{\"@type\":\"BreadcrumbList\",\"@id\":\"https:\/\/portaltela.pt\/noticias\/2026\/04\/01\/turismo-cabo-verdiano-assegura-que-cabo-verde-e-destino-seguro\/#breadcrumb\",\"itemListElement\":[{\"@type\":\"ListItem\",\"position\":1,\"name\":\"In\u00edcio\",\"item\":\"https:\/\/portaltela.pt\/\"},{\"@type\":\"ListItem\",\"position\":2,\"name\":\"Turismo cabo-verdiano assegura que Cabo Verde \u00e9 destino seguro\"}]},{\"@type\":\"WebSite\",\"@id\":\"https:\/\/portaltela.pt\/#website\",\"url\":\"https:\/\/portaltela.pt\/\",\"name\":\"Portal Tela Portugal\",\"description\":\"\",\"potentialAction\":[{\"@type\":\"SearchAction\",\"target\":{\"@type\":\"EntryPoint\",\"urlTemplate\":\"https:\/\/portaltela.pt\/?s={search_term_string}\"},\"query-input\":{\"@type\":\"PropertyValueSpecification\",\"valueRequired\":true,\"valueName\":\"search_term_string\"}}],\"inLanguage\":\"pt-PT\"},{\"@type\":\"Person\",\"@id\":\"https:\/\/portaltela.pt\/#\/schema\/person\/c4278d4a6028830caff9ee44b42d32ed\",\"name\":\"Telinha\",\"image\":{\"@type\":\"ImageObject\",\"inLanguage\":\"pt-PT\",\"@id\":\"https:\/\/portaltela.pt\/s.01k8rhncp4jt1\/2025\/11\/talking-bot-125x125.png\",\"url\":\"https:\/\/portaltela.pt\/s.01k8rhncp4jt1\/2025\/11\/talking-bot-125x125.png\",\"contentUrl\":\"https:\/\/portaltela.pt\/s.01k8rhncp4jt1\/2025\/11\/talking-bot-125x125.png\",\"caption\":\"Telinha\"},\"sameAs\":[\"https:\/\/portaltela.pt\/\"],\"url\":\"https:\/\/portaltela.pt\/por\/367410592786\/\"}]}<\/script>\n<!-- \/ Yoast SEO plugin. -->","yoast_head_json":{"title":"Turismo cabo-verdiano assegura que Cabo Verde \u00e9 destino seguro - Portal Tela Portugal","robots":{"index":"index","follow":"follow","max-snippet":"max-snippet:-1","max-image-preview":"max-image-preview:large","max-video-preview":"max-video-preview:-1"},"og_locale":"pt_PT","og_type":"article","og_title":"Turismo cabo-verdiano assegura que Cabo Verde \u00e9 destino seguro - Portal Tela Portugal","og_description":"O Governo de Cabo Verde afirma que n\u00e3o existem surtos de doen\u00e7as gastrointestinais, mantendo vigil\u00e2ncia epidemiol\u00f3gica activa. Reitera que n\u00e3o h\u00e1 evid\u00eancia de surtos nas ilhas do Sal e Boa Vista; os casos s\u00e3o espor\u00e1dicos e dentro do esperado para esta altura. O pa\u00eds repudiou o alarmismo gerado por not\u00edcias internacionais que associam o destino a riscos de sa\u00fade p\u00fablica. Entidades indicam que sete turistas brit\u00e2nicos morreram nos \u00faltimos tr\u00eas anos, num \u00fanico foco de contamina\u00e7\u00e3o j\u00e1 identificado e intervenido, com a\u00e7\u00f5es de forma\u00e7\u00e3o HACCP a mais de trezentos operadores locais. Autoridades ressaltam que Cabo Verde \u00e9 um destino seguro e apelam \u00e0 responsabilidade editorial, evitando narrativas que distor\u00e7am a realidade e prejudiquem o turismo.","og_url":"https:\/\/portaltela.pt\/noticias\/2026\/04\/01\/turismo-cabo-verdiano-assegura-que-cabo-verde-e-destino-seguro\/","og_site_name":"Portal Tela Portugal","article_published_time":"2026-04-01T16:32:25+00:00","author":"Telinha","twitter_card":"summary_large_image","twitter_misc":{"Escrito por":"Telinha","Tempo estimado de leitura":"2 minutos"},"schema":{"@context":"https:\/\/schema.org","@graph":[{"@type":"Article","@id":"https:\/\/portaltela.pt\/noticias\/2026\/04\/01\/turismo-cabo-verdiano-assegura-que-cabo-verde-e-destino-seguro\/#article","isPartOf":{"@id":"https:\/\/portaltela.pt\/noticias\/2026\/04\/01\/turismo-cabo-verdiano-assegura-que-cabo-verde-e-destino-seguro\/"},"author":{"name":"Telinha","@id":"https:\/\/portaltela.pt\/#\/schema\/person\/c4278d4a6028830caff9ee44b42d32ed"},"headline":"Turismo cabo-verdiano assegura que Cabo Verde \u00e9 destino seguro","datePublished":"2026-04-01T16:32:25+00:00","mainEntityOfPage":{"@id":"https:\/\/portaltela.pt\/noticias\/2026\/04\/01\/turismo-cabo-verdiano-assegura-que-cabo-verde-e-destino-seguro\/"},"wordCount":411,"image":{"@id":"https:\/\/portaltela.pt\/noticias\/2026\/04\/01\/turismo-cabo-verdiano-assegura-que-cabo-verde-e-destino-seguro\/#primaryimage"},"thumbnailUrl":"https:\/\/portaltela.pt\/s.01k8rhncp4jt1\/2026\/04\/2078622.jpg","keywords":["higiene","Portugal","sa\u00fade p\u00fablica","Seguran\u00e7a Alimentar","turismo","viagens internacionais"],"articleSection":["Internacional","Not\u00edcias"],"inLanguage":"pt-PT"},{"@type":"WebPage","@id":"https:\/\/portaltela.pt\/noticias\/2026\/04\/01\/turismo-cabo-verdiano-assegura-que-cabo-verde-e-destino-seguro\/","url":"https:\/\/portaltela.pt\/noticias\/2026\/04\/01\/turismo-cabo-verdiano-assegura-que-cabo-verde-e-destino-seguro\/","name":"Turismo cabo-verdiano assegura que Cabo Verde \u00e9 destino seguro - Portal Tela Portugal","isPartOf":{"@id":"https:\/\/portaltela.pt\/#website"},"primaryImageOfPage":{"@id":"https:\/\/portaltela.pt\/noticias\/2026\/04\/01\/turismo-cabo-verdiano-assegura-que-cabo-verde-e-destino-seguro\/#primaryimage"},"image":{"@id":"https:\/\/portaltela.pt\/noticias\/2026\/04\/01\/turismo-cabo-verdiano-assegura-que-cabo-verde-e-destino-seguro\/#primaryimage"},"thumbnailUrl":"https:\/\/portaltela.pt\/s.01k8rhncp4jt1\/2026\/04\/2078622.jpg","datePublished":"2026-04-01T16:32:25+00:00","author":{"@id":"https:\/\/portaltela.pt\/#\/schema\/person\/c4278d4a6028830caff9ee44b42d32ed"},"breadcrumb":{"@id":"https:\/\/portaltela.pt\/noticias\/2026\/04\/01\/turismo-cabo-verdiano-assegura-que-cabo-verde-e-destino-seguro\/#breadcrumb"},"inLanguage":"pt-PT","potentialAction":[{"@type":"ReadAction","target":["https:\/\/portaltela.pt\/noticias\/2026\/04\/01\/turismo-cabo-verdiano-assegura-que-cabo-verde-e-destino-seguro\/"]}]},{"@type":"ImageObject","inLanguage":"pt-PT","@id":"https:\/\/portaltela.pt\/noticias\/2026\/04\/01\/turismo-cabo-verdiano-assegura-que-cabo-verde-e-destino-seguro\/#primaryimage","url":"https:\/\/portaltela.pt\/s.01k8rhncp4jt1\/2026\/04\/2078622.jpg","contentUrl":"https:\/\/portaltela.pt\/s.01k8rhncp4jt1\/2026\/04\/2078622.jpg","width":796,"height":448,"caption":"Em tr\u00eas anos, registaram-se sete mortes de turistas brit\u00e2nicos na ilha do Sal"},{"@type":"BreadcrumbList","@id":"https:\/\/portaltela.pt\/noticias\/2026\/04\/01\/turismo-cabo-verdiano-assegura-que-cabo-verde-e-destino-seguro\/#breadcrumb","itemListElement":[{"@type":"ListItem","position":1,"name":"In\u00edcio","item":"https:\/\/portaltela.pt\/"},{"@type":"ListItem","position":2,"name":"Turismo cabo-verdiano assegura que Cabo Verde \u00e9 destino seguro"}]},{"@type":"WebSite","@id":"https:\/\/portaltela.pt\/#website","url":"https:\/\/portaltela.pt\/","name":"Portal Tela Portugal","description":"","potentialAction":[{"@type":"SearchAction","target":{"@type":"EntryPoint","urlTemplate":"https:\/\/portaltela.pt\/?s={search_term_string}"},"query-input":{"@type":"PropertyValueSpecification","valueRequired":true,"valueName":"search_term_string"}}],"inLanguage":"pt-PT"},{"@type":"Person","@id":"https:\/\/portaltela.pt\/#\/schema\/person\/c4278d4a6028830caff9ee44b42d32ed","name":"Telinha","image":{"@type":"ImageObject","inLanguage":"pt-PT","@id":"https:\/\/portaltela.pt\/s.01k8rhncp4jt1\/2025\/11\/talking-bot-125x125.png","url":"https:\/\/portaltela.pt\/s.01k8rhncp4jt1\/2025\/11\/talking-bot-125x125.png","contentUrl":"https:\/\/portaltela.pt\/s.01k8rhncp4jt1\/2025\/11\/talking-bot-125x125.png","caption":"Telinha"},"sameAs":["https:\/\/portaltela.pt\/"],"url":"https:\/\/portaltela.pt\/por\/367410592786\/"}]}},"_links":{"self":[{"href":"https:\/\/portaltela.pt\/api\/wp\/v2\/posts\/429448","targetHints":{"allow":["GET"]}}],"collection":[{"href":"https:\/\/portaltela.pt\/api\/wp\/v2\/posts"}],"about":[{"href":"https:\/\/portaltela.pt\/api\/wp\/v2\/types\/post"}],"author":[{"embeddable":true,"href":"https:\/\/portaltela.pt\/api\/wp\/v2\/users\/2"}],"replies":[{"embeddable":true,"href":"https:\/\/portaltela.pt\/api\/wp\/v2\/comments?post=429448"}],"version-history":[{"count":0,"href":"https:\/\/portaltela.pt\/api\/wp\/v2\/posts\/429448\/revisions"}],"wp:featuredmedia":[{"embeddable":true,"href":"https:\/\/portaltela.pt\/api\/wp\/v2\/media\/429451"}],"wp:attachment":[{"href":"https:\/\/portaltela.pt\/api\/wp\/v2\/media?parent=429448"}],"wp:term":[{"taxonomy":"category","embeddable":true,"href":"https:\/\/portaltela.pt\/api\/wp\/v2\/categories?post=429448"},{"taxonomy":"post_tag","embeddable":true,"href":"https:\/\/portaltela.pt\/api\/wp\/v2\/tags?post=429448"}],"curies":[{"name":"wp","href":"https:\/\/api.w.org\/{rel}","templated":true}]}}