{"id":429412,"date":"2026-04-01T12:49:00","date_gmt":"2026-04-01T15:49:00","guid":{"rendered":"https:\/\/portaltela.pt\/noticias\/2026\/04\/01\/ministro-rebate-criticas-a-saramago-diz-que-opcao-tambem-e-militante-do-pcp\/"},"modified":"2026-04-01T12:49:00","modified_gmt":"2026-04-01T15:49:00","slug":"ministro-rebate-criticas-a-saramago-diz-que-opcao-tambem-e-militante-do-pcp","status":"publish","type":"post","link":"https:\/\/portaltela.pt\/noticias\/politica\/2026\/04\/01\/ministro-rebate-criticas-a-saramago-diz-que-opcao-tambem-e-militante-do-pcp\/","title":{"rendered":"Ministro rebate cr\u00edticas a Saramago, diz que op\u00e7\u00e3o tamb\u00e9m \u00e9 militante do PCP"},"content":{"rendered":"<p>O ministro reagiu a cr\u00edticas surgidas sobre a figura de Saramago, responsabilizando a alternativa de tamb\u00e9m ser militante do PCP. A declara\u00e7\u00e3o foi apresentada numa resposta institucional publicada pela ag\u00eancia Lusa.<\/p>\n<p>Segundo o ministro, a controv\u00e9rsia envolve perce\u00e7\u00f5es sobre lealdades pol\u00edticas e a rela\u00e7\u00e3o entre o influente hist\u00f3rico de Saramago e o partido em causa. A posi\u00e7\u00e3o visa clarificar ambiguidades que t\u00eam vindo a circular entre for\u00e7as pol\u00edticas e opinadores.<\/p>\n<p>At\u00e9 ao momento, n\u00e3o foram divulgados novos elementos da agenda governamental associados a este debate nem indica\u00e7\u00f5es sobre consequ\u00eancias administrativas ou pol\u00edticas diretas. A comunica\u00e7\u00e3o manteve o foco na explica\u00e7\u00e3o da posi\u00e7\u00e3o da alternativa.<\/p>\n<p>A not\u00edcia foi veiculada pela Lusa, que acompanhou os desenvolvimentos do caso, sem indicar altera\u00e7\u00f5es a pol\u00edticas p\u00fablicas ou impactos institucionais imediatos. O assunto continua a merecer aten\u00e7\u00f5es entre diferentes correntes do panorama pol\u00edtico.<\/p>\n","protected":false},"excerpt":{"rendered":"<ul>\n<li>O ministro respondeu a cr\u00edticas relacionadas com Saramago.<\/li>\n<li>Afirmou que a alternativa tamb\u00e9m \u00e9 militante do Partido Comunista Portugu\u00eas (PCP).<\/li>\n<\/ul>\n","protected":false},"author":2,"featured_media":429416,"comment_status":"closed","ping_status":"closed","sticky":false,"template":"","format":"standard","meta":{"footnotes":""},"categories":[1,5],"tags":[5534,34,5563,1732,2459,2832],"class_list":["post-429412","post","type-post","status-publish","format-standard","has-post-thumbnail","hentry","category-noticias","category-politica","tag-comunicacao-publica","tag-governo","tag-informacao-publica","tag-partidos","tag-pcp","tag-politica"],"yoast_head":"<!-- This site is optimized with the Yoast SEO plugin v27.2 - https:\/\/yoast.com\/product\/yoast-seo-wordpress\/ -->\n<title>Ministro rebate cr\u00edticas a Saramago, diz que op\u00e7\u00e3o tamb\u00e9m \u00e9 militante do PCP - Portal Tela Portugal<\/title>\n<meta name=\"robots\" content=\"index, follow, max-snippet:-1, max-image-preview:large, max-video-preview:-1\" \/>\n<meta property=\"og:locale\" content=\"pt_PT\" \/>\n<meta property=\"og:type\" content=\"article\" \/>\n<meta property=\"og:title\" content=\"Ministro rebate cr\u00edticas a Saramago, diz que op\u00e7\u00e3o tamb\u00e9m \u00e9 militante do PCP - Portal Tela Portugal\" \/>\n<meta property=\"og:description\" content=\"O ministro respondeu a cr\u00edticas relacionadas com Saramago. Afirmou que a alternativa tamb\u00e9m \u00e9 militante do Partido Comunista Portugu\u00eas (PCP).\" \/>\n<meta property=\"og:url\" content=\"https:\/\/portaltela.pt\/noticias\/2026\/04\/01\/ministro-rebate-criticas-a-saramago-diz-que-opcao-tambem-e-militante-do-pcp\/\" \/>\n<meta property=\"og:site_name\" content=\"Portal Tela Portugal\" \/>\n<meta property=\"article:published_time\" content=\"2026-04-01T15:49:00+00:00\" \/>\n<meta name=\"author\" content=\"Telinha\" \/>\n<meta name=\"twitter:card\" content=\"summary_large_image\" \/>\n<meta name=\"twitter:label1\" content=\"Escrito por\" \/>\n\t<meta name=\"twitter:data1\" content=\"Telinha\" \/>\n\t<meta name=\"twitter:label2\" content=\"Tempo estimado de leitura\" \/>\n\t<meta name=\"twitter:data2\" content=\"1 minuto\" \/>\n<script type=\"application\/ld+json\" class=\"yoast-schema-graph\">{\"@context\":\"https:\/\/schema.org\",\"@graph\":[{\"@type\":\"Article\",\"@id\":\"https:\/\/portaltela.pt\/noticias\/2026\/04\/01\/ministro-rebate-criticas-a-saramago-diz-que-opcao-tambem-e-militante-do-pcp\/#article\",\"isPartOf\":{\"@id\":\"https:\/\/portaltela.pt\/noticias\/2026\/04\/01\/ministro-rebate-criticas-a-saramago-diz-que-opcao-tambem-e-militante-do-pcp\/\"},\"author\":{\"name\":\"Telinha\",\"@id\":\"https:\/\/portaltela.pt\/#\/schema\/person\/c4278d4a6028830caff9ee44b42d32ed\"},\"headline\":\"Ministro rebate cr\u00edticas a Saramago, diz que op\u00e7\u00e3o tamb\u00e9m \u00e9 militante do PCP\",\"datePublished\":\"2026-04-01T15:49:00+00:00\",\"mainEntityOfPage\":{\"@id\":\"https:\/\/portaltela.pt\/noticias\/2026\/04\/01\/ministro-rebate-criticas-a-saramago-diz-que-opcao-tambem-e-militante-do-pcp\/\"},\"wordCount\":179,\"image\":{\"@id\":\"https:\/\/portaltela.pt\/noticias\/2026\/04\/01\/ministro-rebate-criticas-a-saramago-diz-que-opcao-tambem-e-militante-do-pcp\/#primaryimage\"},\"thumbnailUrl\":\"https:\/\/portaltela.pt\/s.01k8rhncp4jt1\/2026\/04\/CACHE_780X1200_ANALOG_WATERMARKED_46863381_4304696_01042026031840.jpg\",\"keywords\":[\"comunica\u00e7\u00e3o p\u00fablica\",\"governo\",\"informa\u00e7\u00e3o p\u00fablica\",\"partidos\",\"PCP\",\"pol\u00edtica\"],\"articleSection\":[\"Not\u00edcias\",\"Pol\u00edtica\"],\"inLanguage\":\"pt-PT\"},{\"@type\":\"WebPage\",\"@id\":\"https:\/\/portaltela.pt\/noticias\/2026\/04\/01\/ministro-rebate-criticas-a-saramago-diz-que-opcao-tambem-e-militante-do-pcp\/\",\"url\":\"https:\/\/portaltela.pt\/noticias\/2026\/04\/01\/ministro-rebate-criticas-a-saramago-diz-que-opcao-tambem-e-militante-do-pcp\/\",\"name\":\"Ministro rebate cr\u00edticas a Saramago, diz que op\u00e7\u00e3o tamb\u00e9m \u00e9 militante do PCP - Portal Tela Portugal\",\"isPartOf\":{\"@id\":\"https:\/\/portaltela.pt\/#website\"},\"primaryImageOfPage\":{\"@id\":\"https:\/\/portaltela.pt\/noticias\/2026\/04\/01\/ministro-rebate-criticas-a-saramago-diz-que-opcao-tambem-e-militante-do-pcp\/#primaryimage\"},\"image\":{\"@id\":\"https:\/\/portaltela.pt\/noticias\/2026\/04\/01\/ministro-rebate-criticas-a-saramago-diz-que-opcao-tambem-e-militante-do-pcp\/#primaryimage\"},\"thumbnailUrl\":\"https:\/\/portaltela.pt\/s.01k8rhncp4jt1\/2026\/04\/CACHE_780X1200_ANALOG_WATERMARKED_46863381_4304696_01042026031840.jpg\",\"datePublished\":\"2026-04-01T15:49:00+00:00\",\"author\":{\"@id\":\"https:\/\/portaltela.pt\/#\/schema\/person\/c4278d4a6028830caff9ee44b42d32ed\"},\"breadcrumb\":{\"@id\":\"https:\/\/portaltela.pt\/noticias\/2026\/04\/01\/ministro-rebate-criticas-a-saramago-diz-que-opcao-tambem-e-militante-do-pcp\/#breadcrumb\"},\"inLanguage\":\"pt-PT\",\"potentialAction\":[{\"@type\":\"ReadAction\",\"target\":[\"https:\/\/portaltela.pt\/noticias\/2026\/04\/01\/ministro-rebate-criticas-a-saramago-diz-que-opcao-tambem-e-militante-do-pcp\/\"]}]},{\"@type\":\"ImageObject\",\"inLanguage\":\"pt-PT\",\"@id\":\"https:\/\/portaltela.pt\/noticias\/2026\/04\/01\/ministro-rebate-criticas-a-saramago-diz-que-opcao-tambem-e-militante-do-pcp\/#primaryimage\",\"url\":\"https:\/\/portaltela.pt\/s.01k8rhncp4jt1\/2026\/04\/CACHE_780X1200_ANALOG_WATERMARKED_46863381_4304696_01042026031840.jpg\",\"contentUrl\":\"https:\/\/portaltela.pt\/s.01k8rhncp4jt1\/2026\/04\/CACHE_780X1200_ANALOG_WATERMARKED_46863381_4304696_01042026031840.jpg\",\"width\":796,\"height\":448,\"caption\":\"Ministro responde a cr\u00edticas sobre Saramago dizendo que alternativa \u201ctamb\u00e9m \u00e9 militante do PCP\u201d\"},{\"@type\":\"BreadcrumbList\",\"@id\":\"https:\/\/portaltela.pt\/noticias\/2026\/04\/01\/ministro-rebate-criticas-a-saramago-diz-que-opcao-tambem-e-militante-do-pcp\/#breadcrumb\",\"itemListElement\":[{\"@type\":\"ListItem\",\"position\":1,\"name\":\"In\u00edcio\",\"item\":\"https:\/\/portaltela.pt\/\"},{\"@type\":\"ListItem\",\"position\":2,\"name\":\"Ministro rebate cr\u00edticas a Saramago, diz que op\u00e7\u00e3o tamb\u00e9m \u00e9 militante do PCP\"}]},{\"@type\":\"WebSite\",\"@id\":\"https:\/\/portaltela.pt\/#website\",\"url\":\"https:\/\/portaltela.pt\/\",\"name\":\"Portal Tela Portugal\",\"description\":\"\",\"potentialAction\":[{\"@type\":\"SearchAction\",\"target\":{\"@type\":\"EntryPoint\",\"urlTemplate\":\"https:\/\/portaltela.pt\/?s={search_term_string}\"},\"query-input\":{\"@type\":\"PropertyValueSpecification\",\"valueRequired\":true,\"valueName\":\"search_term_string\"}}],\"inLanguage\":\"pt-PT\"},{\"@type\":\"Person\",\"@id\":\"https:\/\/portaltela.pt\/#\/schema\/person\/c4278d4a6028830caff9ee44b42d32ed\",\"name\":\"Telinha\",\"image\":{\"@type\":\"ImageObject\",\"inLanguage\":\"pt-PT\",\"@id\":\"https:\/\/portaltela.pt\/s.01k8rhncp4jt1\/2025\/11\/talking-bot-125x125.png\",\"url\":\"https:\/\/portaltela.pt\/s.01k8rhncp4jt1\/2025\/11\/talking-bot-125x125.png\",\"contentUrl\":\"https:\/\/portaltela.pt\/s.01k8rhncp4jt1\/2025\/11\/talking-bot-125x125.png\",\"caption\":\"Telinha\"},\"sameAs\":[\"https:\/\/portaltela.pt\/\"],\"url\":\"https:\/\/portaltela.pt\/por\/367410592786\/\"}]}<\/script>\n<!-- \/ Yoast SEO plugin. -->","yoast_head_json":{"title":"Ministro rebate cr\u00edticas a Saramago, diz que op\u00e7\u00e3o tamb\u00e9m \u00e9 militante do PCP - Portal Tela Portugal","robots":{"index":"index","follow":"follow","max-snippet":"max-snippet:-1","max-image-preview":"max-image-preview:large","max-video-preview":"max-video-preview:-1"},"og_locale":"pt_PT","og_type":"article","og_title":"Ministro rebate cr\u00edticas a Saramago, diz que op\u00e7\u00e3o tamb\u00e9m \u00e9 militante do PCP - Portal Tela Portugal","og_description":"O ministro respondeu a cr\u00edticas relacionadas com Saramago. Afirmou que a alternativa tamb\u00e9m \u00e9 militante do Partido Comunista Portugu\u00eas (PCP).","og_url":"https:\/\/portaltela.pt\/noticias\/2026\/04\/01\/ministro-rebate-criticas-a-saramago-diz-que-opcao-tambem-e-militante-do-pcp\/","og_site_name":"Portal Tela Portugal","article_published_time":"2026-04-01T15:49:00+00:00","author":"Telinha","twitter_card":"summary_large_image","twitter_misc":{"Escrito por":"Telinha","Tempo estimado de leitura":"1 minuto"},"schema":{"@context":"https:\/\/schema.org","@graph":[{"@type":"Article","@id":"https:\/\/portaltela.pt\/noticias\/2026\/04\/01\/ministro-rebate-criticas-a-saramago-diz-que-opcao-tambem-e-militante-do-pcp\/#article","isPartOf":{"@id":"https:\/\/portaltela.pt\/noticias\/2026\/04\/01\/ministro-rebate-criticas-a-saramago-diz-que-opcao-tambem-e-militante-do-pcp\/"},"author":{"name":"Telinha","@id":"https:\/\/portaltela.pt\/#\/schema\/person\/c4278d4a6028830caff9ee44b42d32ed"},"headline":"Ministro rebate cr\u00edticas a Saramago, diz que op\u00e7\u00e3o tamb\u00e9m \u00e9 militante do PCP","datePublished":"2026-04-01T15:49:00+00:00","mainEntityOfPage":{"@id":"https:\/\/portaltela.pt\/noticias\/2026\/04\/01\/ministro-rebate-criticas-a-saramago-diz-que-opcao-tambem-e-militante-do-pcp\/"},"wordCount":179,"image":{"@id":"https:\/\/portaltela.pt\/noticias\/2026\/04\/01\/ministro-rebate-criticas-a-saramago-diz-que-opcao-tambem-e-militante-do-pcp\/#primaryimage"},"thumbnailUrl":"https:\/\/portaltela.pt\/s.01k8rhncp4jt1\/2026\/04\/CACHE_780X1200_ANALOG_WATERMARKED_46863381_4304696_01042026031840.jpg","keywords":["comunica\u00e7\u00e3o p\u00fablica","governo","informa\u00e7\u00e3o p\u00fablica","partidos","PCP","pol\u00edtica"],"articleSection":["Not\u00edcias","Pol\u00edtica"],"inLanguage":"pt-PT"},{"@type":"WebPage","@id":"https:\/\/portaltela.pt\/noticias\/2026\/04\/01\/ministro-rebate-criticas-a-saramago-diz-que-opcao-tambem-e-militante-do-pcp\/","url":"https:\/\/portaltela.pt\/noticias\/2026\/04\/01\/ministro-rebate-criticas-a-saramago-diz-que-opcao-tambem-e-militante-do-pcp\/","name":"Ministro rebate cr\u00edticas a Saramago, diz que op\u00e7\u00e3o tamb\u00e9m \u00e9 militante do PCP - Portal Tela Portugal","isPartOf":{"@id":"https:\/\/portaltela.pt\/#website"},"primaryImageOfPage":{"@id":"https:\/\/portaltela.pt\/noticias\/2026\/04\/01\/ministro-rebate-criticas-a-saramago-diz-que-opcao-tambem-e-militante-do-pcp\/#primaryimage"},"image":{"@id":"https:\/\/portaltela.pt\/noticias\/2026\/04\/01\/ministro-rebate-criticas-a-saramago-diz-que-opcao-tambem-e-militante-do-pcp\/#primaryimage"},"thumbnailUrl":"https:\/\/portaltela.pt\/s.01k8rhncp4jt1\/2026\/04\/CACHE_780X1200_ANALOG_WATERMARKED_46863381_4304696_01042026031840.jpg","datePublished":"2026-04-01T15:49:00+00:00","author":{"@id":"https:\/\/portaltela.pt\/#\/schema\/person\/c4278d4a6028830caff9ee44b42d32ed"},"breadcrumb":{"@id":"https:\/\/portaltela.pt\/noticias\/2026\/04\/01\/ministro-rebate-criticas-a-saramago-diz-que-opcao-tambem-e-militante-do-pcp\/#breadcrumb"},"inLanguage":"pt-PT","potentialAction":[{"@type":"ReadAction","target":["https:\/\/portaltela.pt\/noticias\/2026\/04\/01\/ministro-rebate-criticas-a-saramago-diz-que-opcao-tambem-e-militante-do-pcp\/"]}]},{"@type":"ImageObject","inLanguage":"pt-PT","@id":"https:\/\/portaltela.pt\/noticias\/2026\/04\/01\/ministro-rebate-criticas-a-saramago-diz-que-opcao-tambem-e-militante-do-pcp\/#primaryimage","url":"https:\/\/portaltela.pt\/s.01k8rhncp4jt1\/2026\/04\/CACHE_780X1200_ANALOG_WATERMARKED_46863381_4304696_01042026031840.jpg","contentUrl":"https:\/\/portaltela.pt\/s.01k8rhncp4jt1\/2026\/04\/CACHE_780X1200_ANALOG_WATERMARKED_46863381_4304696_01042026031840.jpg","width":796,"height":448,"caption":"Ministro responde a cr\u00edticas sobre Saramago dizendo que alternativa \u201ctamb\u00e9m \u00e9 militante do PCP\u201d"},{"@type":"BreadcrumbList","@id":"https:\/\/portaltela.pt\/noticias\/2026\/04\/01\/ministro-rebate-criticas-a-saramago-diz-que-opcao-tambem-e-militante-do-pcp\/#breadcrumb","itemListElement":[{"@type":"ListItem","position":1,"name":"In\u00edcio","item":"https:\/\/portaltela.pt\/"},{"@type":"ListItem","position":2,"name":"Ministro rebate cr\u00edticas a Saramago, diz que op\u00e7\u00e3o tamb\u00e9m \u00e9 militante do PCP"}]},{"@type":"WebSite","@id":"https:\/\/portaltela.pt\/#website","url":"https:\/\/portaltela.pt\/","name":"Portal Tela Portugal","description":"","potentialAction":[{"@type":"SearchAction","target":{"@type":"EntryPoint","urlTemplate":"https:\/\/portaltela.pt\/?s={search_term_string}"},"query-input":{"@type":"PropertyValueSpecification","valueRequired":true,"valueName":"search_term_string"}}],"inLanguage":"pt-PT"},{"@type":"Person","@id":"https:\/\/portaltela.pt\/#\/schema\/person\/c4278d4a6028830caff9ee44b42d32ed","name":"Telinha","image":{"@type":"ImageObject","inLanguage":"pt-PT","@id":"https:\/\/portaltela.pt\/s.01k8rhncp4jt1\/2025\/11\/talking-bot-125x125.png","url":"https:\/\/portaltela.pt\/s.01k8rhncp4jt1\/2025\/11\/talking-bot-125x125.png","contentUrl":"https:\/\/portaltela.pt\/s.01k8rhncp4jt1\/2025\/11\/talking-bot-125x125.png","caption":"Telinha"},"sameAs":["https:\/\/portaltela.pt\/"],"url":"https:\/\/portaltela.pt\/por\/367410592786\/"}]}},"_links":{"self":[{"href":"https:\/\/portaltela.pt\/api\/wp\/v2\/posts\/429412","targetHints":{"allow":["GET"]}}],"collection":[{"href":"https:\/\/portaltela.pt\/api\/wp\/v2\/posts"}],"about":[{"href":"https:\/\/portaltela.pt\/api\/wp\/v2\/types\/post"}],"author":[{"embeddable":true,"href":"https:\/\/portaltela.pt\/api\/wp\/v2\/users\/2"}],"replies":[{"embeddable":true,"href":"https:\/\/portaltela.pt\/api\/wp\/v2\/comments?post=429412"}],"version-history":[{"count":0,"href":"https:\/\/portaltela.pt\/api\/wp\/v2\/posts\/429412\/revisions"}],"wp:featuredmedia":[{"embeddable":true,"href":"https:\/\/portaltela.pt\/api\/wp\/v2\/media\/429416"}],"wp:attachment":[{"href":"https:\/\/portaltela.pt\/api\/wp\/v2\/media?parent=429412"}],"wp:term":[{"taxonomy":"category","embeddable":true,"href":"https:\/\/portaltela.pt\/api\/wp\/v2\/categories?post=429412"},{"taxonomy":"post_tag","embeddable":true,"href":"https:\/\/portaltela.pt\/api\/wp\/v2\/tags?post=429412"}],"curies":[{"name":"wp","href":"https:\/\/api.w.org\/{rel}","templated":true}]}}